{"id":14362,"date":"2019-04-23T15:33:10","date_gmt":"2019-04-23T13:33:10","guid":{"rendered":"https:\/\/www.sabine-seyffert.de\/blog\/?p=14362"},"modified":"2019-04-23T15:33:10","modified_gmt":"2019-04-23T13:33:10","slug":"rezept-idee-fuer-den-kindergeburtstag-ein-schmetterling-als-geburtstagskuchen-herzlichen-glueckwunsch","status":"publish","type":"post","link":"https:\/\/www.sabine-seyffert.de\/blog\/rezept-idee-fuer-den-kindergeburtstag-ein-schmetterling-als-geburtstagskuchen-herzlichen-glueckwunsch\/","title":{"rendered":"Rezept Idee f\u00fcr den Kindergeburtstag: Ein Schmetterling als Geburtstagskuchen \u2013 herzlichen Gl\u00fcckwunsch"},"content":{"rendered":"<p style=\"text-align: justify;\"><img loading=\"lazy\" decoding=\"async\" src=\"https:\/\/vg06.met.vgwort.de\/na\/4dc90336e0574bb18d644415009b32a6\" alt=\"\" width=\"1\" height=\"1\" \/>Geburtstag zu haben geh\u00f6rt zu den sch\u00f6nsten Ereignissen im Jahr. Schlie\u00dflich wird an diesem Tag nicht nur mit der Familie sondern auch mit den besten Freunden fr\u00f6hlich gefeiert. Dazu gibt es allerhand kleine \u00dcberraschungen und Geschenke. Nat\u00fcrlich darf auch ein leckerer Geburtstagskuchen an diesem Tag nicht fehlen. Wie w\u00e4re es zur Abwechslung einmal mit einem \u201ezuckers\u00fc\u00dfen\u201c Schmetterling, der f\u00fcr gute Laune sorgt?<\/p>\n<p>\u00a0<a href=\"https:\/\/www.sabine-seyffert.de\/blog\/wp-content\/uploads\/2019\/04\/Kuchen-Schmetterlin-Sabine-Seyffert.de-1.jpg\"><img loading=\"lazy\" decoding=\"async\" class=\"size-full wp-image-14368 aligncenter\" src=\"https:\/\/www.sabine-seyffert.de\/blog\/wp-content\/uploads\/2019\/04\/Kuchen-Schmetterlin-Sabine-Seyffert.de-1.jpg\" alt=\"\" width=\"800\" height=\"600\" srcset=\"https:\/\/www.sabine-seyffert.de\/blog\/wp-content\/uploads\/2019\/04\/Kuchen-Schmetterlin-Sabine-Seyffert.de-1.jpg 800w, https:\/\/www.sabine-seyffert.de\/blog\/wp-content\/uploads\/2019\/04\/Kuchen-Schmetterlin-Sabine-Seyffert.de-1-300x225.jpg 300w, https:\/\/www.sabine-seyffert.de\/blog\/wp-content\/uploads\/2019\/04\/Kuchen-Schmetterlin-Sabine-Seyffert.de-1-768x576.jpg 768w\" sizes=\"auto, (max-width: 800px) 100vw, 800px\" \/><\/a><strong>Das wird gebraucht:<\/strong><br \/>\nRunde Springform 20 cm Durchmesser, etwas Paniermehl, 125 g Margarine, 100 g Zucker, 2 Eier, 1 Zitrone, 250 g Puderzucker, \u00bd P\u00e4ckchen Backpulver, 200 g Mehl, 1 Papierform f\u00fcr ein Mini Muffin sowie Fett f\u00fcr die Form und Schokokugeln, Schokolinsen &amp; Co. zum Verzieren<\/p>\n<p style=\"text-align: center;\"><a href=\"https:\/\/www.sabine-seyffert.de\/blog\/wp-content\/uploads\/2019\/04\/Kuchen-Schmetterlin-Sabine-Seyffert.de-7.jpg\"><img loading=\"lazy\" decoding=\"async\" class=\"alignnone size-full wp-image-14374\" src=\"https:\/\/www.sabine-seyffert.de\/blog\/wp-content\/uploads\/2019\/04\/Kuchen-Schmetterlin-Sabine-Seyffert.de-7.jpg\" alt=\"\" width=\"800\" height=\"600\" srcset=\"https:\/\/www.sabine-seyffert.de\/blog\/wp-content\/uploads\/2019\/04\/Kuchen-Schmetterlin-Sabine-Seyffert.de-7.jpg 800w, https:\/\/www.sabine-seyffert.de\/blog\/wp-content\/uploads\/2019\/04\/Kuchen-Schmetterlin-Sabine-Seyffert.de-7-300x225.jpg 300w, https:\/\/www.sabine-seyffert.de\/blog\/wp-content\/uploads\/2019\/04\/Kuchen-Schmetterlin-Sabine-Seyffert.de-7-768x576.jpg 768w\" sizes=\"auto, (max-width: 800px) 100vw, 800px\" \/><\/a><\/p>\n<p style=\"text-align: justify;\"><strong>So wird\u2019s gemacht:<\/strong><br \/>\nZuerst fettet man die Kuchenform ein. Am besten sch\u00fcttet man noch etwas Paniermehl in die gefettete Form und verteilt dieses an den R\u00e4ndern. Dann gibt man die Margarine mit 100 g Zucker in eine R\u00fchrsch\u00fcssel und mixt dieses gr\u00fcndlich durch.<\/p>\n<p style=\"text-align: center;\"><a href=\"https:\/\/www.sabine-seyffert.de\/blog\/wp-content\/uploads\/2019\/04\/Kuchen-Schmetterlin-Sabine-Seyffert.de-.jpg\"><img loading=\"lazy\" decoding=\"async\" class=\"alignnone size-full wp-image-14366\" src=\"https:\/\/www.sabine-seyffert.de\/blog\/wp-content\/uploads\/2019\/04\/Kuchen-Schmetterlin-Sabine-Seyffert.de-.jpg\" alt=\"\" width=\"600\" height=\"800\" srcset=\"https:\/\/www.sabine-seyffert.de\/blog\/wp-content\/uploads\/2019\/04\/Kuchen-Schmetterlin-Sabine-Seyffert.de-.jpg 600w, https:\/\/www.sabine-seyffert.de\/blog\/wp-content\/uploads\/2019\/04\/Kuchen-Schmetterlin-Sabine-Seyffert.de--225x300.jpg 225w\" sizes=\"auto, (max-width: 600px) 100vw, 600px\" \/><\/a><\/p>\n<p style=\"text-align: justify;\">Anschlie\u00dfend r\u00fchrt man die Eier mit zu dem Fett und schl\u00e4gt diese mit dem Mixer so lange durch, bis der Teig schaumig ist und kleine Blasen wirft. Die Zitrone halbiert man mit einem Messer und presst eine der beiden H\u00e4lften aus. Den Saft sch\u00fcttet man mit in die R\u00fchrsch\u00fcssel und gibst au\u00dferdem das Backpulver samt Mehl dazu. Den Teig mixt man nochmals durch, bis sich alle Zutaten gleichm\u00e4\u00dfig vermengt haben.<\/p>\n<p style=\"text-align: center;\"><a href=\"https:\/\/www.sabine-seyffert.de\/blog\/wp-content\/uploads\/2019\/04\/Kuchen-Schmetterlin-Sabine-Seyffert.de-6.jpg\"><img loading=\"lazy\" decoding=\"async\" class=\"alignnone size-full wp-image-14373\" src=\"https:\/\/www.sabine-seyffert.de\/blog\/wp-content\/uploads\/2019\/04\/Kuchen-Schmetterlin-Sabine-Seyffert.de-6.jpg\" alt=\"\" width=\"800\" height=\"600\" srcset=\"https:\/\/www.sabine-seyffert.de\/blog\/wp-content\/uploads\/2019\/04\/Kuchen-Schmetterlin-Sabine-Seyffert.de-6.jpg 800w, https:\/\/www.sabine-seyffert.de\/blog\/wp-content\/uploads\/2019\/04\/Kuchen-Schmetterlin-Sabine-Seyffert.de-6-300x225.jpg 300w, https:\/\/www.sabine-seyffert.de\/blog\/wp-content\/uploads\/2019\/04\/Kuchen-Schmetterlin-Sabine-Seyffert.de-6-768x576.jpg 768w\" sizes=\"auto, (max-width: 800px) 100vw, 800px\" \/><\/a><\/p>\n<p style=\"text-align: justify;\"><strong>Ein kleiner Tipp:<\/strong> Sollte der Kuchenteig zu fest sein, gebt einfach noch ein paar Essl\u00f6ffel Milch oder Sprudelwasser hinzu!<\/p>\n<p style=\"text-align: center;\"><a href=\"https:\/\/www.sabine-seyffert.de\/blog\/wp-content\/uploads\/2019\/04\/Kuchen-Schmetterlin-Sabine-Seyffert.de-5.jpg\"><img loading=\"lazy\" decoding=\"async\" class=\"alignnone size-full wp-image-14372\" src=\"https:\/\/www.sabine-seyffert.de\/blog\/wp-content\/uploads\/2019\/04\/Kuchen-Schmetterlin-Sabine-Seyffert.de-5.jpg\" alt=\"\" width=\"800\" height=\"600\" srcset=\"https:\/\/www.sabine-seyffert.de\/blog\/wp-content\/uploads\/2019\/04\/Kuchen-Schmetterlin-Sabine-Seyffert.de-5.jpg 800w, https:\/\/www.sabine-seyffert.de\/blog\/wp-content\/uploads\/2019\/04\/Kuchen-Schmetterlin-Sabine-Seyffert.de-5-300x225.jpg 300w, https:\/\/www.sabine-seyffert.de\/blog\/wp-content\/uploads\/2019\/04\/Kuchen-Schmetterlin-Sabine-Seyffert.de-5-768x576.jpg 768w\" sizes=\"auto, (max-width: 800px) 100vw, 800px\" \/><\/a><\/p>\n<p style=\"text-align: justify;\">Jetzt f\u00fcllt man 1-2 Teel\u00f6ffel des Kuchenteiges in die Muffinform aus Papier und den restlichen Teig in die vorbereitete Springform. Im Backofen wird der Kuchen nun bei 160\u00b0 C f\u00fcr ca. 35 Minuten gebacken.<\/p>\n<p style=\"text-align: center;\"><a href=\"https:\/\/www.sabine-seyffert.de\/blog\/wp-content\/uploads\/2019\/04\/Kuchen-Schmetterlin-Sabine-Seyffert.de-0.jpg\"><img loading=\"lazy\" decoding=\"async\" class=\"alignnone size-full wp-image-14367\" src=\"https:\/\/www.sabine-seyffert.de\/blog\/wp-content\/uploads\/2019\/04\/Kuchen-Schmetterlin-Sabine-Seyffert.de-0.jpg\" alt=\"\" width=\"600\" height=\"800\" srcset=\"https:\/\/www.sabine-seyffert.de\/blog\/wp-content\/uploads\/2019\/04\/Kuchen-Schmetterlin-Sabine-Seyffert.de-0.jpg 600w, https:\/\/www.sabine-seyffert.de\/blog\/wp-content\/uploads\/2019\/04\/Kuchen-Schmetterlin-Sabine-Seyffert.de-0-225x300.jpg 225w\" sizes=\"auto, (max-width: 600px) 100vw, 600px\" \/><\/a><\/p>\n<p style=\"text-align: justify;\"><strong>Wichtig:<\/strong> Der fertig gebackene Kuchen muss erst ganz ausk\u00fchlen, bevor man diesen in einen Schmetterling verwandeln kann!<\/p>\n<p style=\"text-align: center;\"><a href=\"https:\/\/www.sabine-seyffert.de\/blog\/wp-content\/uploads\/2019\/04\/Kuchen-Schmetterlin-Sabine-Seyffert.de-3.jpg\"><img loading=\"lazy\" decoding=\"async\" class=\"alignnone size-full wp-image-14370\" src=\"https:\/\/www.sabine-seyffert.de\/blog\/wp-content\/uploads\/2019\/04\/Kuchen-Schmetterlin-Sabine-Seyffert.de-3.jpg\" alt=\"\" width=\"800\" height=\"600\" srcset=\"https:\/\/www.sabine-seyffert.de\/blog\/wp-content\/uploads\/2019\/04\/Kuchen-Schmetterlin-Sabine-Seyffert.de-3.jpg 800w, https:\/\/www.sabine-seyffert.de\/blog\/wp-content\/uploads\/2019\/04\/Kuchen-Schmetterlin-Sabine-Seyffert.de-3-300x225.jpg 300w, https:\/\/www.sabine-seyffert.de\/blog\/wp-content\/uploads\/2019\/04\/Kuchen-Schmetterlin-Sabine-Seyffert.de-3-768x576.jpg 768w\" sizes=\"auto, (max-width: 800px) 100vw, 800px\" \/><\/a><\/p>\n<p style=\"text-align: justify;\">Dazu nimmt man den erkalteten Kuchen vorsichtig aus der Form. Dann teilt man diesen genau in der Mitte mit einem scharfen Messer F\u00fcr den Guss gibt man das P\u00e4ckchen Puderzucker in einen tiefen Teller und presse die zweite Zitronenh\u00e4lfte aus. Den Saft gibt man nach und nach zum Puderzucker geben und r\u00fchrt diesen zu einem glatten Guss. Dann verteilt man ihn auf dem Kuchen. Hierbei auch die R\u00e4nder nicht vergessen. Dann kann man den Kuchen noch mit Schokolinsen o.\u00e4. verzieren. Einen Teel\u00f6ffel vom Guss kann man noch auf dem kleinen Muffin verteilen. Fertig ist dein Schmetterlings-Geburstagskuchen!<\/p>\n<p>=&gt; Wie man aus diesem Kuchen einen Geburtstagsgutschein basteln kann, zeige ich in <a href=\"https:\/\/www.sabine-seyffert.de\/blog\/?p=10436\" target=\"_blank\" rel=\"noopener\">dieser Bastelanleitung<\/a> \ud83d\ude42<\/p>\n<p style=\"text-align: center;\"><a href=\"https:\/\/www.sabine-seyffert.de\/blog\/wp-content\/uploads\/2019\/04\/Kuchen-Schmetterlin-Sabine-Seyffert.de-2.jpg\"><img loading=\"lazy\" decoding=\"async\" class=\"alignnone size-full wp-image-14369\" src=\"https:\/\/www.sabine-seyffert.de\/blog\/wp-content\/uploads\/2019\/04\/Kuchen-Schmetterlin-Sabine-Seyffert.de-2.jpg\" alt=\"\" width=\"800\" height=\"600\" srcset=\"https:\/\/www.sabine-seyffert.de\/blog\/wp-content\/uploads\/2019\/04\/Kuchen-Schmetterlin-Sabine-Seyffert.de-2.jpg 800w, https:\/\/www.sabine-seyffert.de\/blog\/wp-content\/uploads\/2019\/04\/Kuchen-Schmetterlin-Sabine-Seyffert.de-2-300x225.jpg 300w, https:\/\/www.sabine-seyffert.de\/blog\/wp-content\/uploads\/2019\/04\/Kuchen-Schmetterlin-Sabine-Seyffert.de-2-768x576.jpg 768w\" sizes=\"auto, (max-width: 800px) 100vw, 800px\" \/><\/a><\/p>\n<p style=\"text-align: justify;\">Weitere Ideen zum Thema Kindergeburtstag findet ihr <a href=\"https:\/\/www.sabine-seyffert.de\/blog\/?cat=21\" target=\"_blank\" rel=\"noopener\">hier<\/a>, andere s\u00fc\u00dfe Rezepte gibt es in <a href=\"https:\/\/www.sabine-seyffert.de\/blog\/?cat=31\" target=\"_blank\" rel=\"noopener\">diesem Ordner<\/a>, mehr Gr\u00fcn dort und andere kreative Sachen auch <a href=\"http:\/\/www.lunaju.de\/2019\/04\/kiddikram-april-2019.html\" target=\"_blank\" rel=\"noopener nofollow\">da<\/a>.<\/p>\n<p style=\"text-align: center;\"><a href=\"https:\/\/www.sabine-seyffert.de\/blog\/wp-content\/uploads\/2019\/04\/Kuchen-Schmetterlin-Sabine-Seyffert.de-4.jpg\"><img loading=\"lazy\" decoding=\"async\" class=\"alignnone size-full wp-image-14371\" src=\"https:\/\/www.sabine-seyffert.de\/blog\/wp-content\/uploads\/2019\/04\/Kuchen-Schmetterlin-Sabine-Seyffert.de-4.jpg\" alt=\"\" width=\"800\" height=\"600\" srcset=\"https:\/\/www.sabine-seyffert.de\/blog\/wp-content\/uploads\/2019\/04\/Kuchen-Schmetterlin-Sabine-Seyffert.de-4.jpg 800w, https:\/\/www.sabine-seyffert.de\/blog\/wp-content\/uploads\/2019\/04\/Kuchen-Schmetterlin-Sabine-Seyffert.de-4-300x225.jpg 300w, https:\/\/www.sabine-seyffert.de\/blog\/wp-content\/uploads\/2019\/04\/Kuchen-Schmetterlin-Sabine-Seyffert.de-4-768x576.jpg 768w\" sizes=\"auto, (max-width: 800px) 100vw, 800px\" \/><\/a><\/p>\n<p style=\"text-align: justify;\"><a href=\"https:\/\/www.sabine-seyffert.de\/blog\/?page_id=32#urheberrecht\">urheberrechtlich gesch\u00fctzt<\/a>, \u00a9 Sabine Seyffert<\/p>\n","protected":false},"excerpt":{"rendered":"<p>Geburtstag zu haben geh\u00f6rt zu den sch\u00f6nsten Ereignissen im Jahr. Schlie\u00dflich wird an diesem Tag nicht nur mit der Familie sondern auch mit den besten Freunden fr\u00f6hlich gefeiert. Dazu gibt es allerhand kleine \u00dcberraschungen und Geschenke. Nat\u00fcrlich darf auch ein leckerer Geburtstagskuchen an diesem Tag nicht fehlen. Wie w\u00e4re es zur Abwechslung einmal mit einem&#8230; <a href=\"https:\/\/www.sabine-seyffert.de\/blog\/rezept-idee-fuer-den-kindergeburtstag-ein-schmetterling-als-geburtstagskuchen-herzlichen-glueckwunsch\/\" class=\"more-link\">Read more: Rezept Idee f\u00fcr den Kindergeburtstag: Ein Schmetterling als Geburtstagskuchen \u2013 herzlichen Gl\u00fcckwunsch<\/a><\/p>\n","protected":false},"author":2,"featured_media":0,"comment_status":"open","ping_status":"open","sticky":false,"template":"","format":"standard","meta":{"_metis_text_type":"","_metis_text_length":2733,"_post_count":0,"footnotes":""},"categories":[43,21,31,24],"tags":[],"class_list":["post-14362","post","type-post","status-publish","format-standard","hentry","category-geschenke-aus-der-kueche","category-kinderfeste-partys","category-rezepte-suse-kuchen-co","category-sommer"],"_links":{"self":[{"href":"https:\/\/www.sabine-seyffert.de\/blog\/wp-json\/wp\/v2\/posts\/14362","targetHints":{"allow":["GET"]}}],"collection":[{"href":"https:\/\/www.sabine-seyffert.de\/blog\/wp-json\/wp\/v2\/posts"}],"about":[{"href":"https:\/\/www.sabine-seyffert.de\/blog\/wp-json\/wp\/v2\/types\/post"}],"author":[{"embeddable":true,"href":"https:\/\/www.sabine-seyffert.de\/blog\/wp-json\/wp\/v2\/users\/2"}],"replies":[{"embeddable":true,"href":"https:\/\/www.sabine-seyffert.de\/blog\/wp-json\/wp\/v2\/comments?post=14362"}],"version-history":[{"count":3,"href":"https:\/\/www.sabine-seyffert.de\/blog\/wp-json\/wp\/v2\/posts\/14362\/revisions"}],"predecessor-version":[{"id":14377,"href":"https:\/\/www.sabine-seyffert.de\/blog\/wp-json\/wp\/v2\/posts\/14362\/revisions\/14377"}],"wp:attachment":[{"href":"https:\/\/www.sabine-seyffert.de\/blog\/wp-json\/wp\/v2\/media?parent=14362"}],"wp:term":[{"taxonomy":"category","embeddable":true,"href":"https:\/\/www.sabine-seyffert.de\/blog\/wp-json\/wp\/v2\/categories?post=14362"},{"taxonomy":"post_tag","embeddable":true,"href":"https:\/\/www.sabine-seyffert.de\/blog\/wp-json\/wp\/v2\/tags?post=14362"}],"curies":[{"name":"wp","href":"https:\/\/api.w.org\/{rel}","templated":true}]}}