{"id":14343,"date":"2019-04-20T08:45:05","date_gmt":"2019-04-20T06:45:05","guid":{"rendered":"https:\/\/www.sabine-seyffert.de\/blog\/?p=14343"},"modified":"2023-02-16T16:20:40","modified_gmt":"2023-02-16T14:20:40","slug":"diy-bastelidee-fuer-ostern-ostereier-als-osterhasen-2-ganz-natuerlich-idee-fuer-das-osterfruehstueck","status":"publish","type":"post","link":"https:\/\/www.sabine-seyffert.de\/blog\/diy-bastelidee-fuer-ostern-ostereier-als-osterhasen-2-ganz-natuerlich-idee-fuer-das-osterfruehstueck\/","title":{"rendered":"DIY Bastelidee f\u00fcr Ostern: Ostereier als Osterhasen #2 ganz nat\u00fcrlich \u2013 Idee f\u00fcr das Osterfr\u00fchst\u00fcck"},"content":{"rendered":"<p style=\"text-align: justify;\"><img loading=\"lazy\" decoding=\"async\" src=\"https:\/\/vg06.met.vgwort.de\/na\/7a24513a56794030ab50637bafdbe8ba\" alt=\"\" width=\"1\" height=\"1\" \/>Da sich der Gro\u00dfteil unserer Familie inzwischen vegan ern\u00e4hrt, gibt es bei uns eher selten Eier. Aber zu Ostern d\u00fcrfen diese nat\u00fcrlich nicht fehlen. Daher habe ich f\u00fcr die Ostertage ein kleines Paket mit Bio Eiern gekauft und diese f\u00fcr das Familienfr\u00fchst\u00fcck am Ostersonntag vorbereitet. Auch dieses Jahr habe ich auf das F\u00e4rben verzichtet, weil ich es lieber nat\u00fcrlich mag und die gekochten Eier in eine fr\u00f6hliche Hasenbande verwandelt.<\/p>\n<p style=\"text-align: center;\"><a href=\"https:\/\/www.sabine-seyffert.de\/blog\/wp-content\/uploads\/2019\/04\/Osterei-Osterhase-Ei-braun-mit-Ohr-8.jpg\"><img loading=\"lazy\" decoding=\"async\" class=\"alignnone size-full wp-image-14344\" src=\"https:\/\/www.sabine-seyffert.de\/blog\/wp-content\/uploads\/2019\/04\/Osterei-Osterhase-Ei-braun-mit-Ohr-8.jpg\" alt=\"\" width=\"800\" height=\"600\" srcset=\"https:\/\/www.sabine-seyffert.de\/blog\/wp-content\/uploads\/2019\/04\/Osterei-Osterhase-Ei-braun-mit-Ohr-8.jpg 800w, https:\/\/www.sabine-seyffert.de\/blog\/wp-content\/uploads\/2019\/04\/Osterei-Osterhase-Ei-braun-mit-Ohr-8-300x225.jpg 300w, https:\/\/www.sabine-seyffert.de\/blog\/wp-content\/uploads\/2019\/04\/Osterei-Osterhase-Ei-braun-mit-Ohr-8-768x576.jpg 768w\" sizes=\"auto, (max-width: 800px) 100vw, 800px\" \/><\/a><\/p>\n<p style=\"text-align: justify;\"><strong>Das wird gebraucht:<\/strong><br \/>\nHart gekochte Bio Eier, eine Bastelschere, festes Kraftpapier, eine Bastelschere, ganz d\u00fcnne Zweige (bsp. Birkenreisig), eine Hei\u00dfklebepistole samt Klebepatrone, einen wei\u00dfen Lackstift \/ Gelstift<\/p>\n<p style=\"text-align: center;\">\u00a0<a href=\"https:\/\/www.sabine-seyffert.de\/blog\/wp-content\/uploads\/2019\/04\/Osterei-Osterhase-Ei-braun-mit-Ohr-1.jpg\"><img loading=\"lazy\" decoding=\"async\" class=\"alignnone size-full wp-image-14346\" src=\"https:\/\/www.sabine-seyffert.de\/blog\/wp-content\/uploads\/2019\/04\/Osterei-Osterhase-Ei-braun-mit-Ohr-1.jpg\" alt=\"\" width=\"800\" height=\"600\" srcset=\"https:\/\/www.sabine-seyffert.de\/blog\/wp-content\/uploads\/2019\/04\/Osterei-Osterhase-Ei-braun-mit-Ohr-1.jpg 800w, https:\/\/www.sabine-seyffert.de\/blog\/wp-content\/uploads\/2019\/04\/Osterei-Osterhase-Ei-braun-mit-Ohr-1-300x225.jpg 300w, https:\/\/www.sabine-seyffert.de\/blog\/wp-content\/uploads\/2019\/04\/Osterei-Osterhase-Ei-braun-mit-Ohr-1-768x576.jpg 768w\" sizes=\"auto, (max-width: 800px) 100vw, 800px\" \/><\/a><\/p>\n<p style=\"text-align: justify;\"><strong>So wird\u2019s gemacht:<\/strong><br \/>\nDie gekochten und ganz ausgek\u00fchlten Eier wollte ich gerne wieder zu Osterhasen verkleiden, \u00e4hnlich wie bei <a href=\"https:\/\/www.sabine-seyffert.de\/blog\/?p=12197\" target=\"_blank\" rel=\"noopener\">dieser Osteridee aus dem letzten Jahr<\/a>. Allerdings wieder mit braunen Eiern, die wir bislang oftmals einfach mit wei\u00dfen Lackstiften und verschiedenen Mustern verziert haben (Idee und Anleitung dazu findet ihr <a href=\"https:\/\/www.sabine-seyffert.de\/blog\/?p=10190\" target=\"_blank\" rel=\"noopener\">hier<\/a> und auch in <a href=\"https:\/\/www.sabine-seyffert.de\/blog\/?p=7032\" target=\"_blank\" rel=\"noopener\">diesem Artikel<\/a>).<\/p>\n<p style=\"text-align: center;\"><a href=\"https:\/\/www.sabine-seyffert.de\/blog\/wp-content\/uploads\/2019\/04\/Osterei-Osterhase-Ei-braun-mit-Ohr-2.jpg\"><img loading=\"lazy\" decoding=\"async\" class=\"alignnone size-full wp-image-14345\" src=\"https:\/\/www.sabine-seyffert.de\/blog\/wp-content\/uploads\/2019\/04\/Osterei-Osterhase-Ei-braun-mit-Ohr-2.jpg\" alt=\"\" width=\"800\" height=\"600\" srcset=\"https:\/\/www.sabine-seyffert.de\/blog\/wp-content\/uploads\/2019\/04\/Osterei-Osterhase-Ei-braun-mit-Ohr-2.jpg 800w, https:\/\/www.sabine-seyffert.de\/blog\/wp-content\/uploads\/2019\/04\/Osterei-Osterhase-Ei-braun-mit-Ohr-2-300x225.jpg 300w, https:\/\/www.sabine-seyffert.de\/blog\/wp-content\/uploads\/2019\/04\/Osterei-Osterhase-Ei-braun-mit-Ohr-2-768x576.jpg 768w\" sizes=\"auto, (max-width: 800px) 100vw, 800px\" \/><\/a><\/p>\n<p style=\"text-align: justify;\">Daf\u00fcr schneidet man aus festem Kraftpapier f\u00fcr jeden Osterhasen zwei lange Ohren. Diese habe ich p\u00e4rchenweise mit wei\u00dfem Muster versehen. Das klappt super mit einem d\u00fcnnen Gelstift. Mit diesem kann man dem Osterhasen auch ein freundliches Hasengesicht aufmalen.<\/p>\n<p style=\"text-align: center;\"><a href=\"https:\/\/www.sabine-seyffert.de\/blog\/wp-content\/uploads\/2019\/04\/Osterei-Osterhase-Ei-braun-mit-Ohr-3.jpg\"><img loading=\"lazy\" decoding=\"async\" class=\"alignnone size-full wp-image-14347\" src=\"https:\/\/www.sabine-seyffert.de\/blog\/wp-content\/uploads\/2019\/04\/Osterei-Osterhase-Ei-braun-mit-Ohr-3.jpg\" alt=\"\" width=\"800\" height=\"600\" srcset=\"https:\/\/www.sabine-seyffert.de\/blog\/wp-content\/uploads\/2019\/04\/Osterei-Osterhase-Ei-braun-mit-Ohr-3.jpg 800w, https:\/\/www.sabine-seyffert.de\/blog\/wp-content\/uploads\/2019\/04\/Osterei-Osterhase-Ei-braun-mit-Ohr-3-300x225.jpg 300w, https:\/\/www.sabine-seyffert.de\/blog\/wp-content\/uploads\/2019\/04\/Osterei-Osterhase-Ei-braun-mit-Ohr-3-768x576.jpg 768w\" sizes=\"auto, (max-width: 800px) 100vw, 800px\" \/><\/a><\/p>\n<p style=\"text-align: justify;\">Die Schnurrbarthaare habe ich aus ganz d\u00fcnnem Birkenreisig gestaltet. Das findet man um diese Zeit unter jedem Birkenbaum am Boden liegend. Mit der Schere schneidet man diese in etwa 3 cm langen St\u00fccke und klebt immer 3-4 dieser d\u00fcnnen Zweige mit einem Tropfen Hei\u00dfkleber dem Hasen ins Gesicht.<\/p>\n<p style=\"text-align: center;\"><a href=\"https:\/\/www.sabine-seyffert.de\/blog\/wp-content\/uploads\/2019\/04\/Osterei-Osterhase-Ei-braun-mit-Ohr-6.jpg\"><img loading=\"lazy\" decoding=\"async\" class=\"alignnone size-full wp-image-14349\" src=\"https:\/\/www.sabine-seyffert.de\/blog\/wp-content\/uploads\/2019\/04\/Osterei-Osterhase-Ei-braun-mit-Ohr-6.jpg\" alt=\"\" width=\"800\" height=\"600\" srcset=\"https:\/\/www.sabine-seyffert.de\/blog\/wp-content\/uploads\/2019\/04\/Osterei-Osterhase-Ei-braun-mit-Ohr-6.jpg 800w, https:\/\/www.sabine-seyffert.de\/blog\/wp-content\/uploads\/2019\/04\/Osterei-Osterhase-Ei-braun-mit-Ohr-6-300x225.jpg 300w, https:\/\/www.sabine-seyffert.de\/blog\/wp-content\/uploads\/2019\/04\/Osterei-Osterhase-Ei-braun-mit-Ohr-6-768x576.jpg 768w\" sizes=\"auto, (max-width: 800px) 100vw, 800px\" \/><\/a><\/p>\n<p style=\"text-align: justify;\">Auch die Hasenohren habe ich mit etwas Hei\u00dfkleber fixiert, damit diese im Osternest nicht abfallen.<\/p>\n<p style=\"text-align: center;\"><a href=\"https:\/\/www.sabine-seyffert.de\/blog\/wp-content\/uploads\/2019\/04\/Osterei-Osterhase-Ei-braun-mit-Ohr-9-1.jpg\"><img loading=\"lazy\" decoding=\"async\" class=\"alignnone size-full wp-image-14350\" src=\"https:\/\/www.sabine-seyffert.de\/blog\/wp-content\/uploads\/2019\/04\/Osterei-Osterhase-Ei-braun-mit-Ohr-9-1.jpg\" alt=\"\" width=\"800\" height=\"600\" srcset=\"https:\/\/www.sabine-seyffert.de\/blog\/wp-content\/uploads\/2019\/04\/Osterei-Osterhase-Ei-braun-mit-Ohr-9-1.jpg 800w, https:\/\/www.sabine-seyffert.de\/blog\/wp-content\/uploads\/2019\/04\/Osterei-Osterhase-Ei-braun-mit-Ohr-9-1-300x225.jpg 300w, https:\/\/www.sabine-seyffert.de\/blog\/wp-content\/uploads\/2019\/04\/Osterei-Osterhase-Ei-braun-mit-Ohr-9-1-768x576.jpg 768w\" sizes=\"auto, (max-width: 800px) 100vw, 800px\" \/><\/a><\/p>\n<p style=\"text-align: justify;\"><strong>Ein kleiner Tipp:<\/strong><br \/>\nWem diese s\u00fc\u00dfen Osterhasen zum Essen zu schade sind, kann diese nat\u00fcrlich auch aus ausgeblasenen Eiern basteln und diese mit kleiner Schlaufe versehen, so dass man sie als Anh\u00e4nger f\u00fcr den Osterstrauch nutzen kann!<\/p>\n<p style=\"text-align: center;\">Ich w\u00fcnsche euch allen fr\u00f6hliche Ostern und melde mich dann nach den Feiertagen wieder!<\/p>\n<p style=\"text-align: center;\"><a href=\"https:\/\/www.sabine-seyffert.de\/blog\/wp-content\/uploads\/2019\/04\/Osterei-Osterhase-Ei-braun-mit-Ohr-0.jpg\"><img loading=\"lazy\" decoding=\"async\" class=\"alignnone size-full wp-image-14351\" src=\"https:\/\/www.sabine-seyffert.de\/blog\/wp-content\/uploads\/2019\/04\/Osterei-Osterhase-Ei-braun-mit-Ohr-0.jpg\" alt=\"\" width=\"600\" height=\"800\" srcset=\"https:\/\/www.sabine-seyffert.de\/blog\/wp-content\/uploads\/2019\/04\/Osterei-Osterhase-Ei-braun-mit-Ohr-0.jpg 600w, https:\/\/www.sabine-seyffert.de\/blog\/wp-content\/uploads\/2019\/04\/Osterei-Osterhase-Ei-braun-mit-Ohr-0-225x300.jpg 225w\" sizes=\"auto, (max-width: 600px) 100vw, 600px\" \/><\/a><\/p>\n<p style=\"text-align: justify;\">Alle Ideen rund um die Osterzeit gibt es in <a href=\"https:\/\/www.sabine-seyffert.de\/blog\/?cat=23\" target=\"_blank\" rel=\"noopener\">diesem Fr\u00fchlingsordner<\/a>, kreativen Geschenkverpackungen findet ihr in <a href=\"https:\/\/www.sabine-seyffert.de\/blog\/?cat=49\" target=\"_blank\" rel=\"noopener\">dieser Kategorie<\/a>, klitzekleine Geschenkideen in <a href=\"https:\/\/www.sabine-seyffert.de\/blog\/?cat=36\" target=\"_blank\" rel=\"noopener\">dieser Rubrik<\/a> sowie andere kreative Sachen da.<\/p>\n<p style=\"text-align: justify;\"><a href=\"https:\/\/www.sabine-seyffert.de\/blog\/?page_id=32#urheberrecht\">urheberrechtlich gesch\u00fctzt<\/a>, \u00a9 Sabine Seyffert<\/p>\n","protected":false},"excerpt":{"rendered":"<p>Da sich der Gro\u00dfteil unserer Familie inzwischen vegan ern\u00e4hrt, gibt es bei uns eher selten Eier. Aber zu Ostern d\u00fcrfen diese nat\u00fcrlich nicht fehlen. Daher habe ich f\u00fcr die Ostertage ein kleines Paket mit Bio Eiern gekauft und diese f\u00fcr das Familienfr\u00fchst\u00fcck am Ostersonntag vorbereitet. Auch dieses Jahr habe ich auf das F\u00e4rben verzichtet, weil&#8230; <a href=\"https:\/\/www.sabine-seyffert.de\/blog\/diy-bastelidee-fuer-ostern-ostereier-als-osterhasen-2-ganz-natuerlich-idee-fuer-das-osterfruehstueck\/\" class=\"more-link\">Read more: DIY Bastelidee f\u00fcr Ostern: Ostereier als Osterhasen #2 ganz nat\u00fcrlich \u2013 Idee f\u00fcr das Osterfr\u00fchst\u00fcck<\/a><\/p>\n","protected":false},"author":2,"featured_media":0,"comment_status":"open","ping_status":"open","sticky":false,"template":"","format":"standard","meta":{"_metis_text_type":"","_metis_text_length":2254,"_post_count":0,"footnotes":""},"categories":[32,57],"tags":[],"class_list":["post-14343","post","type-post","status-publish","format-standard","hentry","category-kreatives-fur-kleine-kinderhande","category-ostern"],"_links":{"self":[{"href":"https:\/\/www.sabine-seyffert.de\/blog\/wp-json\/wp\/v2\/posts\/14343","targetHints":{"allow":["GET"]}}],"collection":[{"href":"https:\/\/www.sabine-seyffert.de\/blog\/wp-json\/wp\/v2\/posts"}],"about":[{"href":"https:\/\/www.sabine-seyffert.de\/blog\/wp-json\/wp\/v2\/types\/post"}],"author":[{"embeddable":true,"href":"https:\/\/www.sabine-seyffert.de\/blog\/wp-json\/wp\/v2\/users\/2"}],"replies":[{"embeddable":true,"href":"https:\/\/www.sabine-seyffert.de\/blog\/wp-json\/wp\/v2\/comments?post=14343"}],"version-history":[{"count":6,"href":"https:\/\/www.sabine-seyffert.de\/blog\/wp-json\/wp\/v2\/posts\/14343\/revisions"}],"predecessor-version":[{"id":25406,"href":"https:\/\/www.sabine-seyffert.de\/blog\/wp-json\/wp\/v2\/posts\/14343\/revisions\/25406"}],"wp:attachment":[{"href":"https:\/\/www.sabine-seyffert.de\/blog\/wp-json\/wp\/v2\/media?parent=14343"}],"wp:term":[{"taxonomy":"category","embeddable":true,"href":"https:\/\/www.sabine-seyffert.de\/blog\/wp-json\/wp\/v2\/categories?post=14343"},{"taxonomy":"post_tag","embeddable":true,"href":"https:\/\/www.sabine-seyffert.de\/blog\/wp-json\/wp\/v2\/tags?post=14343"}],"curies":[{"name":"wp","href":"https:\/\/api.w.org\/{rel}","templated":true}]}}