{"id":14321,"date":"2019-04-14T10:03:17","date_gmt":"2019-04-14T08:03:17","guid":{"rendered":"https:\/\/www.sabine-seyffert.de\/blog\/?p=14321"},"modified":"2023-02-16T16:20:58","modified_gmt":"2023-02-16T14:20:58","slug":"diy-last-minute-idee-fuer-ostern-osternest-mal-ganz-anders-ein-faultier-als-osterkoerbchen-basteln","status":"publish","type":"post","link":"https:\/\/www.sabine-seyffert.de\/blog\/diy-last-minute-idee-fuer-ostern-osternest-mal-ganz-anders-ein-faultier-als-osterkoerbchen-basteln\/","title":{"rendered":"DIY Last Minute Idee f\u00fcr Ostern: Osternest mal ganz anders \u2013 ein Faultier als Osterk\u00f6rbchen basteln"},"content":{"rendered":"<p style=\"text-align: justify;\"><img loading=\"lazy\" decoding=\"async\" src=\"https:\/\/vg06.met.vgwort.de\/na\/b84802a95c8d4a7d9928498344171ac9\" alt=\"\" width=\"1\" height=\"1\" \/>Von einer anderen Bastelidee hatte ich noch einen Schwung der handlichen Anzuchtt\u00f6pfe \u00fcbrig. Ich pers\u00f6nlich mag ja schon die Farbe dieser kleinen Blument\u00f6pfe so gerne. G\u00fcnstig sind sie auch und dazu noch stabil \u2013 also perfekt f\u00fcr ein selbst gemachtes Osterk\u00f6rbchen. Da ich f\u00fcr eine Veranstaltung gerade kleine Faultiere angefertigt hatte, kam mir die Idee statt eines Osterhasen einfach ein s\u00fc\u00dfes Faultier zu basteln. Ich bin sehr gespannt, wie euch die Idee gef\u00e4llt!<\/p>\n<p style=\"text-align: center;\"><a href=\"https:\/\/www.sabine-seyffert.de\/blog\/wp-content\/uploads\/2019\/04\/Faultier-Osternest-Sabine-Seyffert.de-1.jpg\"><img loading=\"lazy\" decoding=\"async\" class=\"alignnone size-full wp-image-14322\" src=\"https:\/\/www.sabine-seyffert.de\/blog\/wp-content\/uploads\/2019\/04\/Faultier-Osternest-Sabine-Seyffert.de-1.jpg\" alt=\"\" width=\"600\" height=\"800\" srcset=\"https:\/\/www.sabine-seyffert.de\/blog\/wp-content\/uploads\/2019\/04\/Faultier-Osternest-Sabine-Seyffert.de-1.jpg 600w, https:\/\/www.sabine-seyffert.de\/blog\/wp-content\/uploads\/2019\/04\/Faultier-Osternest-Sabine-Seyffert.de-1-225x300.jpg 225w\" sizes=\"auto, (max-width: 600px) 100vw, 600px\" \/><\/a><\/p>\n<p style=\"text-align: justify;\"><strong>Das wird gebraucht:<\/strong><br \/>\nAnzuchtt\u00f6pfchen, Pinsel, Acryllack aus Wasserbasis in beige und braun T\u00f6nen, eine Schere, 2 braune Kn\u00f6pfe, eine Hei\u00dfklebepistole samt Klebepatrone, Bastelkleber, etwas Kraftpapier, Ostergras und ein paar S\u00fc\u00dfigkeiten oder kleine \u00dcberraschungen f\u00fcr das Osternest<\/p>\n<p style=\"text-align: center;\"><a href=\"https:\/\/www.sabine-seyffert.de\/blog\/wp-content\/uploads\/2019\/04\/Faultier-Osternest-Sabine-Seyffert.de-11.jpg\"><img loading=\"lazy\" decoding=\"async\" class=\"alignnone size-full wp-image-14323\" src=\"https:\/\/www.sabine-seyffert.de\/blog\/wp-content\/uploads\/2019\/04\/Faultier-Osternest-Sabine-Seyffert.de-11.jpg\" alt=\"\" width=\"800\" height=\"600\" srcset=\"https:\/\/www.sabine-seyffert.de\/blog\/wp-content\/uploads\/2019\/04\/Faultier-Osternest-Sabine-Seyffert.de-11.jpg 800w, https:\/\/www.sabine-seyffert.de\/blog\/wp-content\/uploads\/2019\/04\/Faultier-Osternest-Sabine-Seyffert.de-11-300x225.jpg 300w, https:\/\/www.sabine-seyffert.de\/blog\/wp-content\/uploads\/2019\/04\/Faultier-Osternest-Sabine-Seyffert.de-11-768x576.jpg 768w\" sizes=\"auto, (max-width: 800px) 100vw, 800px\" \/><\/a><\/p>\n<p style=\"text-align: justify;\"><strong>So wird\u2019s gemacht:<\/strong><br \/>\nF\u00fcr diese Bastelidee ben\u00f6tigt man nicht wirklich viel. Und blitzschnell ist dieses Doityourself ebenfalls umgesetzt. Also perfekt f\u00fcr alle, die ungern basteln oder auf den letzten Dr\u00fccker noch auf der Suche nach einem Ostergeschenk sind.<\/p>\n<p style=\"text-align: center;\"><a href=\"https:\/\/www.sabine-seyffert.de\/blog\/wp-content\/uploads\/2019\/04\/Faultier-Osternest-Sabine-Seyffert.de-10.jpg\"><img loading=\"lazy\" decoding=\"async\" class=\"alignnone size-full wp-image-14324\" src=\"https:\/\/www.sabine-seyffert.de\/blog\/wp-content\/uploads\/2019\/04\/Faultier-Osternest-Sabine-Seyffert.de-10.jpg\" alt=\"\" width=\"800\" height=\"600\" srcset=\"https:\/\/www.sabine-seyffert.de\/blog\/wp-content\/uploads\/2019\/04\/Faultier-Osternest-Sabine-Seyffert.de-10.jpg 800w, https:\/\/www.sabine-seyffert.de\/blog\/wp-content\/uploads\/2019\/04\/Faultier-Osternest-Sabine-Seyffert.de-10-300x225.jpg 300w, https:\/\/www.sabine-seyffert.de\/blog\/wp-content\/uploads\/2019\/04\/Faultier-Osternest-Sabine-Seyffert.de-10-768x576.jpg 768w\" sizes=\"auto, (max-width: 800px) 100vw, 800px\" \/><\/a><\/p>\n<p style=\"text-align: justify;\">Mit dem Pinsel malt man zuerst die hellen Streifen im Faultiergesicht. Mit der braunen Farbe die Nase und den l\u00e4chelnden Mund. F\u00fcr die Augen habe ich kleine Kn\u00f6pfe verwendet.<\/p>\n<p style=\"text-align: center;\"><a href=\"https:\/\/www.sabine-seyffert.de\/blog\/wp-content\/uploads\/2019\/04\/Faultier-Osternest-Sabine-Seyffert.de-9.jpg\"><img loading=\"lazy\" decoding=\"async\" class=\"alignnone size-full wp-image-14325\" src=\"https:\/\/www.sabine-seyffert.de\/blog\/wp-content\/uploads\/2019\/04\/Faultier-Osternest-Sabine-Seyffert.de-9.jpg\" alt=\"\" width=\"800\" height=\"600\" srcset=\"https:\/\/www.sabine-seyffert.de\/blog\/wp-content\/uploads\/2019\/04\/Faultier-Osternest-Sabine-Seyffert.de-9.jpg 800w, https:\/\/www.sabine-seyffert.de\/blog\/wp-content\/uploads\/2019\/04\/Faultier-Osternest-Sabine-Seyffert.de-9-300x225.jpg 300w, https:\/\/www.sabine-seyffert.de\/blog\/wp-content\/uploads\/2019\/04\/Faultier-Osternest-Sabine-Seyffert.de-9-768x576.jpg 768w\" sizes=\"auto, (max-width: 800px) 100vw, 800px\" \/><\/a><\/p>\n<p style=\"text-align: justify;\">Diese kann man am besten mit einem Tropfen Hei\u00dfkleber auf die hell gemalten Streifen kleben, sobald die Farbe ganz getrocknet ist.<\/p>\n<p style=\"text-align: center;\"><a href=\"https:\/\/www.sabine-seyffert.de\/blog\/wp-content\/uploads\/2019\/04\/Faultier-Osternest-Sabine-Seyffert.de-5.jpg\"><img loading=\"lazy\" decoding=\"async\" class=\"alignnone size-full wp-image-14326\" src=\"https:\/\/www.sabine-seyffert.de\/blog\/wp-content\/uploads\/2019\/04\/Faultier-Osternest-Sabine-Seyffert.de-5.jpg\" alt=\"\" width=\"600\" height=\"800\" srcset=\"https:\/\/www.sabine-seyffert.de\/blog\/wp-content\/uploads\/2019\/04\/Faultier-Osternest-Sabine-Seyffert.de-5.jpg 600w, https:\/\/www.sabine-seyffert.de\/blog\/wp-content\/uploads\/2019\/04\/Faultier-Osternest-Sabine-Seyffert.de-5-225x300.jpg 225w\" sizes=\"auto, (max-width: 600px) 100vw, 600px\" \/><\/a><\/p>\n<p style=\"text-align: justify;\">F\u00fcr den Griff habe ich aus festem Kraftpapier einen l\u00e4ngeren, etwa 2-3 cm breiten Streifen geschnitten. Die Enden steckt man in das T\u00f6pfchen und kann das Kraftpapier dann Innen mit etwas Kleber befestigen.<\/p>\n<p style=\"text-align: center;\"><a href=\"https:\/\/www.sabine-seyffert.de\/blog\/wp-content\/uploads\/2019\/04\/Faultier-Osternest-Sabine-Seyffert.de-4.jpg\"><img loading=\"lazy\" decoding=\"async\" class=\"alignnone size-full wp-image-14327\" src=\"https:\/\/www.sabine-seyffert.de\/blog\/wp-content\/uploads\/2019\/04\/Faultier-Osternest-Sabine-Seyffert.de-4.jpg\" alt=\"\" width=\"600\" height=\"800\" srcset=\"https:\/\/www.sabine-seyffert.de\/blog\/wp-content\/uploads\/2019\/04\/Faultier-Osternest-Sabine-Seyffert.de-4.jpg 600w, https:\/\/www.sabine-seyffert.de\/blog\/wp-content\/uploads\/2019\/04\/Faultier-Osternest-Sabine-Seyffert.de-4-225x300.jpg 225w\" sizes=\"auto, (max-width: 600px) 100vw, 600px\" \/><\/a><\/p>\n<p style=\"text-align: justify;\">Alternativ geht es auch mit einem Tacker oder als edlere Variante \u2013 mit zwei kleinen Metall\u00f6sen.<\/p>\n<p style=\"text-align: center;\"><a href=\"https:\/\/www.sabine-seyffert.de\/blog\/wp-content\/uploads\/2019\/04\/Faultier-Osternest-Sabine-Seyffert.de-3.jpg\"><img loading=\"lazy\" decoding=\"async\" class=\"alignnone size-full wp-image-14328\" src=\"https:\/\/www.sabine-seyffert.de\/blog\/wp-content\/uploads\/2019\/04\/Faultier-Osternest-Sabine-Seyffert.de-3.jpg\" alt=\"\" width=\"600\" height=\"800\" srcset=\"https:\/\/www.sabine-seyffert.de\/blog\/wp-content\/uploads\/2019\/04\/Faultier-Osternest-Sabine-Seyffert.de-3.jpg 600w, https:\/\/www.sabine-seyffert.de\/blog\/wp-content\/uploads\/2019\/04\/Faultier-Osternest-Sabine-Seyffert.de-3-225x300.jpg 225w\" sizes=\"auto, (max-width: 600px) 100vw, 600px\" \/><\/a><\/p>\n<p style=\"text-align: justify;\">Nun noch etwas Ostergras ins Faultierk\u00f6rbchen f\u00fcllen und kleine \u00dcberraschungen oder bunte Ostereier hineinlegen \ud83d\ude42<\/p>\n<p style=\"text-align: center;\"><a href=\"https:\/\/www.sabine-seyffert.de\/blog\/wp-content\/uploads\/2019\/04\/Faultier-Osternest-Sabine-Seyffert.de-2.jpg\"><img loading=\"lazy\" decoding=\"async\" class=\"alignnone size-full wp-image-14329\" src=\"https:\/\/www.sabine-seyffert.de\/blog\/wp-content\/uploads\/2019\/04\/Faultier-Osternest-Sabine-Seyffert.de-2.jpg\" alt=\"\" width=\"600\" height=\"800\" srcset=\"https:\/\/www.sabine-seyffert.de\/blog\/wp-content\/uploads\/2019\/04\/Faultier-Osternest-Sabine-Seyffert.de-2.jpg 600w, https:\/\/www.sabine-seyffert.de\/blog\/wp-content\/uploads\/2019\/04\/Faultier-Osternest-Sabine-Seyffert.de-2-225x300.jpg 225w\" sizes=\"auto, (max-width: 600px) 100vw, 600px\" \/><\/a><\/p>\n<p style=\"text-align: justify;\">Weitere Bastelanleitungen f\u00fcr selbst gemachte Geschenkideen findet ihr \u00fcbrigens in <a href=\"https:\/\/www.sabine-seyffert.de\/blog\/?cat=36\" target=\"_blank\" rel=\"noopener\">dieser Blog Kategorie<\/a>, selbst gemachte Geschenkverpackungen zu verschiedenen Anl\u00e4ssen gibt es in <a href=\"https:\/\/www.sabine-seyffert.de\/blog\/?cat=49\" target=\"_blank\" rel=\"noopener\">diesem Ordner<\/a>, alle Ideen rund um die Osterzeit <a href=\"https:\/\/www.sabine-seyffert.de\/blog\/?cat=23\" target=\"_blank\" rel=\"noopener\">hier<\/a> und andere kreative Sachen gibt es <a href=\"http:\/\/www.lunaju.de\/2019\/04\/kiddikram-april-2019.html\" target=\"_blank\" rel=\"noopener nofollow\">da<\/a> und auch an <a href=\"https:\/\/www.naturkinder.com\/gruenzeug-we-love-green-stuff-84\/\" target=\"_blank\" rel=\"noopener nofollow\">dieser<\/a> Stelle.<\/p>\n<p style=\"text-align: justify;\"><a href=\"https:\/\/www.sabine-seyffert.de\/blog\/?page_id=32#urheberrecht\">urheberrechtlich gesch\u00fctzt<\/a>, \u00a9 Sabine Seyffert<\/p>\n","protected":false},"excerpt":{"rendered":"<p>Von einer anderen Bastelidee hatte ich noch einen Schwung der handlichen Anzuchtt\u00f6pfe \u00fcbrig. Ich pers\u00f6nlich mag ja schon die Farbe dieser kleinen Blument\u00f6pfe so gerne. G\u00fcnstig sind sie auch und dazu noch stabil \u2013 also perfekt f\u00fcr ein selbst gemachtes Osterk\u00f6rbchen. Da ich f\u00fcr eine Veranstaltung gerade kleine Faultiere angefertigt hatte, kam mir die Idee&#8230; <a href=\"https:\/\/www.sabine-seyffert.de\/blog\/diy-last-minute-idee-fuer-ostern-osternest-mal-ganz-anders-ein-faultier-als-osterkoerbchen-basteln\/\" class=\"more-link\">Read more: DIY Last Minute Idee f\u00fcr Ostern: Osternest mal ganz anders \u2013 ein Faultier als Osterk\u00f6rbchen basteln<\/a><\/p>\n","protected":false},"author":2,"featured_media":0,"comment_status":"open","ping_status":"open","sticky":false,"template":"","format":"standard","meta":{"_metis_text_type":"","_metis_text_length":2072,"_post_count":0,"footnotes":""},"categories":[36,49,57],"tags":[],"class_list":["post-14321","post","type-post","status-publish","format-standard","hentry","category-klitzekleine-geschenkideen","category-verpackungsideen","category-ostern"],"_links":{"self":[{"href":"https:\/\/www.sabine-seyffert.de\/blog\/wp-json\/wp\/v2\/posts\/14321","targetHints":{"allow":["GET"]}}],"collection":[{"href":"https:\/\/www.sabine-seyffert.de\/blog\/wp-json\/wp\/v2\/posts"}],"about":[{"href":"https:\/\/www.sabine-seyffert.de\/blog\/wp-json\/wp\/v2\/types\/post"}],"author":[{"embeddable":true,"href":"https:\/\/www.sabine-seyffert.de\/blog\/wp-json\/wp\/v2\/users\/2"}],"replies":[{"embeddable":true,"href":"https:\/\/www.sabine-seyffert.de\/blog\/wp-json\/wp\/v2\/comments?post=14321"}],"version-history":[{"count":6,"href":"https:\/\/www.sabine-seyffert.de\/blog\/wp-json\/wp\/v2\/posts\/14321\/revisions"}],"predecessor-version":[{"id":25408,"href":"https:\/\/www.sabine-seyffert.de\/blog\/wp-json\/wp\/v2\/posts\/14321\/revisions\/25408"}],"wp:attachment":[{"href":"https:\/\/www.sabine-seyffert.de\/blog\/wp-json\/wp\/v2\/media?parent=14321"}],"wp:term":[{"taxonomy":"category","embeddable":true,"href":"https:\/\/www.sabine-seyffert.de\/blog\/wp-json\/wp\/v2\/categories?post=14321"},{"taxonomy":"post_tag","embeddable":true,"href":"https:\/\/www.sabine-seyffert.de\/blog\/wp-json\/wp\/v2\/tags?post=14321"}],"curies":[{"name":"wp","href":"https:\/\/api.w.org\/{rel}","templated":true}]}}