{"id":14301,"date":"2019-04-10T06:37:56","date_gmt":"2019-04-10T04:37:56","guid":{"rendered":"https:\/\/www.sabine-seyffert.de\/blog\/?p=14301"},"modified":"2023-02-16T16:21:17","modified_gmt":"2023-02-16T14:21:17","slug":"diy-fuer-ostern-selbst-gebastelte-ostertueten-kleiner-osterhase-mit-bastelanleitung","status":"publish","type":"post","link":"https:\/\/www.sabine-seyffert.de\/blog\/diy-fuer-ostern-selbst-gebastelte-ostertueten-kleiner-osterhase-mit-bastelanleitung\/","title":{"rendered":"DIY f\u00fcr Ostern: Selbst gebastelte Ostert\u00fcten \u201eKleiner Osterhase\u201c mit Bastelanleitung"},"content":{"rendered":"<p style=\"text-align: justify;\"><img loading=\"lazy\" decoding=\"async\" src=\"https:\/\/vg01.met.vgwort.de\/na\/e5fe4410bcb54fd1a2a9afd0ccf2d971\" alt=\"\" width=\"1\" height=\"1\" \/>In den letzten Jahren habe ich euch in der Osterzeit schon verschiedene Ideen f\u00fcr das Osternest gezeigt. Besser gesagt selbst gemachte Osterbeutel zum Bef\u00fcllen, die man als kleine Mitbringsel oder Oster\u00fcberraschung nutzen kann. Verschiedene Design Beispiel findet ihr in <a href=\"https:\/\/www.sabine-seyffert.de\/blog\/?p=12169\" target=\"_blank\" rel=\"noopener\">dieser Bastelanleitung<\/a>, <a href=\"https:\/\/www.sabine-seyffert.de\/blog\/?p=10125\" target=\"_blank\" rel=\"noopener\">dort<\/a> oder auch <a href=\"https:\/\/www.sabine-seyffert.de\/blog\/?p=6995\" target=\"_blank\" rel=\"noopener\">da<\/a>.<br \/>\nDieses Mal habe ich mich von den <a href=\"https:\/\/www.sabine-seyffert.de\/blog\/?p=12155\" target=\"_blank\" rel=\"noopener\">selbst gemachten Osterkarten<\/a> inspirieren lassen. Die gemusterten Hasen mit Gl\u00f6ckchen haben mir einfach zu gut gefallen. Daher habe ich bei dieser Bastelidee die kleinen Osterhasen als Bastelvorlage f\u00fcr die Geschenkt\u00fcten genutzt.<\/p>\n<p style=\"text-align: center;\"><a href=\"https:\/\/www.sabine-seyffert.de\/blog\/wp-content\/uploads\/2019\/04\/Ostert\u00fcte-Hase-blau-wei\u00df-12.jpg\"><img loading=\"lazy\" decoding=\"async\" class=\"alignnone size-full wp-image-14302\" src=\"https:\/\/www.sabine-seyffert.de\/blog\/wp-content\/uploads\/2019\/04\/Ostert\u00fcte-Hase-blau-wei\u00df-12.jpg\" alt=\"\" width=\"600\" height=\"800\" srcset=\"https:\/\/www.sabine-seyffert.de\/blog\/wp-content\/uploads\/2019\/04\/Ostert\u00fcte-Hase-blau-wei\u00df-12.jpg 600w, https:\/\/www.sabine-seyffert.de\/blog\/wp-content\/uploads\/2019\/04\/Ostert\u00fcte-Hase-blau-wei\u00df-12-225x300.jpg 225w\" sizes=\"auto, (max-width: 600px) 100vw, 600px\" \/><\/a><\/p>\n<p style=\"text-align: justify;\"><strong>Das wird gebraucht:<\/strong><br \/>\nGro\u00dfe wei\u00dfe Papiert\u00fcten bzw. Bodenbeutel, gemustertes Tonpapier, Bleistift, Bastelschere, Kleber, Restst\u00fcck graues Packpapier, bunte Holzkn\u00f6pfe, Hei\u00dfkleber samt Klebepatrone, B\u00fcrolocher, Geschenkband, Buchstabenstempel mit Stempelkissen oder einen Drucker, d\u00fcnnes Geschenkband, kleine Metallgl\u00f6ckchen<\/p>\n<p style=\"text-align: center;\"><a href=\"https:\/\/www.sabine-seyffert.de\/blog\/wp-content\/uploads\/2019\/04\/Ostert\u00fcte-Hase-blau-wei\u00df-10.jpg\"><img loading=\"lazy\" decoding=\"async\" class=\"alignnone size-full wp-image-14303\" src=\"https:\/\/www.sabine-seyffert.de\/blog\/wp-content\/uploads\/2019\/04\/Ostert\u00fcte-Hase-blau-wei\u00df-10.jpg\" alt=\"\" width=\"800\" height=\"600\" srcset=\"https:\/\/www.sabine-seyffert.de\/blog\/wp-content\/uploads\/2019\/04\/Ostert\u00fcte-Hase-blau-wei\u00df-10.jpg 800w, https:\/\/www.sabine-seyffert.de\/blog\/wp-content\/uploads\/2019\/04\/Ostert\u00fcte-Hase-blau-wei\u00df-10-300x225.jpg 300w, https:\/\/www.sabine-seyffert.de\/blog\/wp-content\/uploads\/2019\/04\/Ostert\u00fcte-Hase-blau-wei\u00df-10-768x576.jpg 768w\" sizes=\"auto, (max-width: 800px) 100vw, 800px\" \/><\/a><\/p>\n<p style=\"text-align: justify;\"><strong>So wird\u2019s gemacht:<\/strong><br \/>\nZuerst zeichnet ihr mit einer Bastelschablone kleine Hasen auf die Papierr\u00fcckseite. Diese schneidet man aus. Dann zieht man ein kleines Gl\u00f6ckchen auf d\u00fcnnes Geschenkband und bindet dieses um den Hals des Hasen. Den fertigen Hasen klebt man nun mittig am unteren Rand auf die Geschenkt\u00fcte.<\/p>\n<p style=\"text-align: center;\"><a href=\"https:\/\/www.sabine-seyffert.de\/blog\/wp-content\/uploads\/2019\/04\/Ostert\u00fcte-Hase-blau-wei\u00df-9.jpg\"><img loading=\"lazy\" decoding=\"async\" class=\"alignnone size-full wp-image-14304\" src=\"https:\/\/www.sabine-seyffert.de\/blog\/wp-content\/uploads\/2019\/04\/Ostert\u00fcte-Hase-blau-wei\u00df-9.jpg\" alt=\"\" width=\"800\" height=\"600\" srcset=\"https:\/\/www.sabine-seyffert.de\/blog\/wp-content\/uploads\/2019\/04\/Ostert\u00fcte-Hase-blau-wei\u00df-9.jpg 800w, https:\/\/www.sabine-seyffert.de\/blog\/wp-content\/uploads\/2019\/04\/Ostert\u00fcte-Hase-blau-wei\u00df-9-300x225.jpg 300w, https:\/\/www.sabine-seyffert.de\/blog\/wp-content\/uploads\/2019\/04\/Ostert\u00fcte-Hase-blau-wei\u00df-9-768x576.jpg 768w\" sizes=\"auto, (max-width: 800px) 100vw, 800px\" \/><\/a><\/p>\n<p style=\"text-align: justify;\">Aus grauem Packpapier habe ich einen Streifen Wiese mit langen Grashalmen geschnitten und aufgeklebt. Au\u00dferdem einen langen Blumenstiel mit Blatt und Bl\u00fcte. Die Bl\u00fcte habe ich der Einfachheithalber mit dem Motivlocher ausgestanzt, man kann diese aber ebenso gut per Hand ausschneiden.<\/p>\n<p style=\"text-align: center;\"><a href=\"https:\/\/www.sabine-seyffert.de\/blog\/wp-content\/uploads\/2019\/04\/Ostert\u00fcte-Hase-blau-wei\u00df-8.jpg\"><img loading=\"lazy\" decoding=\"async\" class=\"alignnone size-full wp-image-14305\" src=\"https:\/\/www.sabine-seyffert.de\/blog\/wp-content\/uploads\/2019\/04\/Ostert\u00fcte-Hase-blau-wei\u00df-8.jpg\" alt=\"\" width=\"800\" height=\"600\" srcset=\"https:\/\/www.sabine-seyffert.de\/blog\/wp-content\/uploads\/2019\/04\/Ostert\u00fcte-Hase-blau-wei\u00df-8.jpg 800w, https:\/\/www.sabine-seyffert.de\/blog\/wp-content\/uploads\/2019\/04\/Ostert\u00fcte-Hase-blau-wei\u00df-8-300x225.jpg 300w, https:\/\/www.sabine-seyffert.de\/blog\/wp-content\/uploads\/2019\/04\/Ostert\u00fcte-Hase-blau-wei\u00df-8-768x576.jpg 768w\" sizes=\"auto, (max-width: 800px) 100vw, 800px\" \/><\/a><\/p>\n<p style=\"text-align: justify;\">Diese klebt man neben den Hasen. Die Blumenmitte habe ich mit einem sch\u00f6nen Holzknopf verziert, den man am besten mit Hei\u00dfkleber befestigt.<\/p>\n<p style=\"text-align: center;\"><a href=\"https:\/\/www.sabine-seyffert.de\/blog\/wp-content\/uploads\/2019\/04\/Ostert\u00fcte-Hase-blau-wei\u00df-7.jpg\"><img loading=\"lazy\" decoding=\"async\" class=\"alignnone size-full wp-image-14306\" src=\"https:\/\/www.sabine-seyffert.de\/blog\/wp-content\/uploads\/2019\/04\/Ostert\u00fcte-Hase-blau-wei\u00df-7.jpg\" alt=\"\" width=\"800\" height=\"600\" srcset=\"https:\/\/www.sabine-seyffert.de\/blog\/wp-content\/uploads\/2019\/04\/Ostert\u00fcte-Hase-blau-wei\u00df-7.jpg 800w, https:\/\/www.sabine-seyffert.de\/blog\/wp-content\/uploads\/2019\/04\/Ostert\u00fcte-Hase-blau-wei\u00df-7-300x225.jpg 300w, https:\/\/www.sabine-seyffert.de\/blog\/wp-content\/uploads\/2019\/04\/Ostert\u00fcte-Hase-blau-wei\u00df-7-768x576.jpg 768w\" sizes=\"auto, (max-width: 800px) 100vw, 800px\" \/><\/a><\/p>\n<p style=\"text-align: justify;\">Mit dem Computer habe ich mir kleine Osterbotschaften ausgedruckt, als Wimpel zugeschnitten und aufgeklebt.<\/p>\n<p style=\"text-align: center;\"><a href=\"https:\/\/www.sabine-seyffert.de\/blog\/wp-content\/uploads\/2019\/04\/Ostert\u00fcte-Hase-blau-wei\u00df-5.jpg\"><img loading=\"lazy\" decoding=\"async\" class=\"alignnone size-full wp-image-14307\" src=\"https:\/\/www.sabine-seyffert.de\/blog\/wp-content\/uploads\/2019\/04\/Ostert\u00fcte-Hase-blau-wei\u00df-5.jpg\" alt=\"\" width=\"800\" height=\"600\" srcset=\"https:\/\/www.sabine-seyffert.de\/blog\/wp-content\/uploads\/2019\/04\/Ostert\u00fcte-Hase-blau-wei\u00df-5.jpg 800w, https:\/\/www.sabine-seyffert.de\/blog\/wp-content\/uploads\/2019\/04\/Ostert\u00fcte-Hase-blau-wei\u00df-5-300x225.jpg 300w, https:\/\/www.sabine-seyffert.de\/blog\/wp-content\/uploads\/2019\/04\/Ostert\u00fcte-Hase-blau-wei\u00df-5-768x576.jpg 768w\" sizes=\"auto, (max-width: 800px) 100vw, 800px\" \/><\/a><\/p>\n<p style=\"text-align: justify;\">Jetzt wird der offene T\u00fctenrand oben 2x gefaltet und dann mit einem normalen Locher gelocht. Anschlie\u00dfend kann man die T\u00fcten bef\u00fcllen, den Rand wieder zusammenklappen und ein sch\u00f6nes Geschenkband durchziehen. Dies versieht man auf der Vorderseite mit einer Schleife und fertig ist das Ostergeschenk \ud83d\ude42<\/p>\n<p style=\"text-align: center;\"><a href=\"https:\/\/www.sabine-seyffert.de\/blog\/wp-content\/uploads\/2019\/04\/Ostert\u00fcte-Hase-blau-wei\u00df-4.jpg\"><img loading=\"lazy\" decoding=\"async\" class=\"alignnone size-full wp-image-14308\" src=\"https:\/\/www.sabine-seyffert.de\/blog\/wp-content\/uploads\/2019\/04\/Ostert\u00fcte-Hase-blau-wei\u00df-4.jpg\" alt=\"\" width=\"800\" height=\"600\" srcset=\"https:\/\/www.sabine-seyffert.de\/blog\/wp-content\/uploads\/2019\/04\/Ostert\u00fcte-Hase-blau-wei\u00df-4.jpg 800w, https:\/\/www.sabine-seyffert.de\/blog\/wp-content\/uploads\/2019\/04\/Ostert\u00fcte-Hase-blau-wei\u00df-4-300x225.jpg 300w, https:\/\/www.sabine-seyffert.de\/blog\/wp-content\/uploads\/2019\/04\/Ostert\u00fcte-Hase-blau-wei\u00df-4-768x576.jpg 768w\" sizes=\"auto, (max-width: 800px) 100vw, 800px\" \/><\/a><\/p>\n<p style=\"text-align: justify;\">Alle Ideen rund um die Osterzeit gibt es in <a href=\"https:\/\/www.sabine-seyffert.de\/blog\/?cat=23\" target=\"_blank\" rel=\"noopener\">diesem Fr\u00fchlingsordner<\/a>, kreativen Ideen &amp; DIY zu Geschenkverpackungen f\u00fcr unterschiedliche Anl\u00e4sse findet ihr in <a href=\"https:\/\/www.sabine-seyffert.de\/blog\/?cat=49\" target=\"_blank\" rel=\"noopener\">dieser Kategorie<\/a>, klitzekleine Geschenkideen in <a href=\"https:\/\/www.sabine-seyffert.de\/blog\/?cat=36\" target=\"_blank\" rel=\"noopener\">dieser Rubrik<\/a>, alle Upcycling Bastelideen an <a href=\"https:\/\/www.sabine-seyffert.de\/blog\/?cat=47\" target=\"_blank\" rel=\"noopener\">dieser Stelle<\/a>, sowie andere kreative Sachen <a href=\"http:\/\/www.lunaju.de\/2019\/04\/kiddikram-april-2019.html\" target=\"_blank\" rel=\"noopener nofollow\">da<\/a>.<\/p>\n<p style=\"text-align: center;\"><a href=\"https:\/\/www.sabine-seyffert.de\/blog\/wp-content\/uploads\/2019\/04\/Ostert\u00fcte-Hase-blau-wei\u00df-1.jpg\"><img loading=\"lazy\" decoding=\"async\" class=\"alignnone size-full wp-image-14309\" src=\"https:\/\/www.sabine-seyffert.de\/blog\/wp-content\/uploads\/2019\/04\/Ostert\u00fcte-Hase-blau-wei\u00df-1.jpg\" alt=\"\" width=\"800\" height=\"600\" srcset=\"https:\/\/www.sabine-seyffert.de\/blog\/wp-content\/uploads\/2019\/04\/Ostert\u00fcte-Hase-blau-wei\u00df-1.jpg 800w, https:\/\/www.sabine-seyffert.de\/blog\/wp-content\/uploads\/2019\/04\/Ostert\u00fcte-Hase-blau-wei\u00df-1-300x225.jpg 300w, https:\/\/www.sabine-seyffert.de\/blog\/wp-content\/uploads\/2019\/04\/Ostert\u00fcte-Hase-blau-wei\u00df-1-768x576.jpg 768w\" sizes=\"auto, (max-width: 800px) 100vw, 800px\" \/><\/a><\/p>\n<p style=\"text-align: justify;\"><a href=\"https:\/\/www.sabine-seyffert.de\/blog\/?page_id=32#urheberrecht\">urheberrechtlich gesch\u00fctzt<\/a>, \u00a9 Sabine Seyffert<\/p>\n","protected":false},"excerpt":{"rendered":"<p>In den letzten Jahren habe ich euch in der Osterzeit schon verschiedene Ideen f\u00fcr das Osternest gezeigt. Besser gesagt selbst gemachte Osterbeutel zum Bef\u00fcllen, die man als kleine Mitbringsel oder Oster\u00fcberraschung nutzen kann. Verschiedene Design Beispiel findet ihr in dieser Bastelanleitung, dort oder auch da. Dieses Mal habe ich mich von den selbst gemachten Osterkarten&#8230; <a href=\"https:\/\/www.sabine-seyffert.de\/blog\/diy-fuer-ostern-selbst-gebastelte-ostertueten-kleiner-osterhase-mit-bastelanleitung\/\" class=\"more-link\">Read more: DIY f\u00fcr Ostern: Selbst gebastelte Ostert\u00fcten \u201eKleiner Osterhase\u201c mit Bastelanleitung<\/a><\/p>\n","protected":false},"author":2,"featured_media":0,"comment_status":"open","ping_status":"open","sticky":false,"template":"","format":"standard","meta":{"_metis_text_type":"","_metis_text_length":2386,"_post_count":0,"footnotes":""},"categories":[49,57,47],"tags":[],"class_list":["post-14301","post","type-post","status-publish","format-standard","hentry","category-verpackungsideen","category-ostern","category-upcyceltes"],"_links":{"self":[{"href":"https:\/\/www.sabine-seyffert.de\/blog\/wp-json\/wp\/v2\/posts\/14301","targetHints":{"allow":["GET"]}}],"collection":[{"href":"https:\/\/www.sabine-seyffert.de\/blog\/wp-json\/wp\/v2\/posts"}],"about":[{"href":"https:\/\/www.sabine-seyffert.de\/blog\/wp-json\/wp\/v2\/types\/post"}],"author":[{"embeddable":true,"href":"https:\/\/www.sabine-seyffert.de\/blog\/wp-json\/wp\/v2\/users\/2"}],"replies":[{"embeddable":true,"href":"https:\/\/www.sabine-seyffert.de\/blog\/wp-json\/wp\/v2\/comments?post=14301"}],"version-history":[{"count":3,"href":"https:\/\/www.sabine-seyffert.de\/blog\/wp-json\/wp\/v2\/posts\/14301\/revisions"}],"predecessor-version":[{"id":25410,"href":"https:\/\/www.sabine-seyffert.de\/blog\/wp-json\/wp\/v2\/posts\/14301\/revisions\/25410"}],"wp:attachment":[{"href":"https:\/\/www.sabine-seyffert.de\/blog\/wp-json\/wp\/v2\/media?parent=14301"}],"wp:term":[{"taxonomy":"category","embeddable":true,"href":"https:\/\/www.sabine-seyffert.de\/blog\/wp-json\/wp\/v2\/categories?post=14301"},{"taxonomy":"post_tag","embeddable":true,"href":"https:\/\/www.sabine-seyffert.de\/blog\/wp-json\/wp\/v2\/tags?post=14301"}],"curies":[{"name":"wp","href":"https:\/\/api.w.org\/{rel}","templated":true}]}}