{"id":14286,"date":"2019-04-08T06:34:46","date_gmt":"2019-04-08T04:34:46","guid":{"rendered":"https:\/\/www.sabine-seyffert.de\/blog\/?p=14286"},"modified":"2023-02-16T16:21:25","modified_gmt":"2023-02-16T14:21:25","slug":"diy-selbst-gemachte-osterpost-froehliche-ostergruesse-per-post-verschicken-bastelidee-fuer-osterkarten","status":"publish","type":"post","link":"https:\/\/www.sabine-seyffert.de\/blog\/diy-selbst-gemachte-osterpost-froehliche-ostergruesse-per-post-verschicken-bastelidee-fuer-osterkarten\/","title":{"rendered":"DIY selbst gemachte Osterpost: Fr\u00f6hliche Ostergr\u00fc\u00dfe per Post verschicken \u2013 Bastelidee f\u00fcr Osterkarten"},"content":{"rendered":"<p style=\"text-align: justify;\"><img loading=\"lazy\" decoding=\"async\" src=\"https:\/\/vg01.met.vgwort.de\/na\/5d1c16ad83034ec5afddcc2acafd3d94\" alt=\"\" width=\"1\" height=\"1\" \/>Fr\u00f6hliche Osterpost darf nat\u00fcrlich auch in diesem Jahr nicht fehlen. Nach den Osterhasen im Gras aus <a href=\"https:\/\/www.sabine-seyffert.de\/blog\/?p=12155\" target=\"_blank\" rel=\"noopener\">dieser Bastelidee<\/a>, geht es diesmal recht schlicht aber daf\u00fcr recht edel zu. Meine Karten sind aus Kraftpapier und wurden lediglich in der Farbe wei\u00df festlich verziert. Selbst das geht recht fix.<\/p>\n<p style=\"text-align: center;\"><a href=\"https:\/\/www.sabine-seyffert.de\/blog\/wp-content\/uploads\/2019\/04\/Osterpost-Kranz-Hase-wei\u00df-3.jpg\"><img loading=\"lazy\" decoding=\"async\" class=\"alignnone size-full wp-image-14287\" src=\"https:\/\/www.sabine-seyffert.de\/blog\/wp-content\/uploads\/2019\/04\/Osterpost-Kranz-Hase-wei\u00df-3.jpg\" alt=\"\" width=\"800\" height=\"600\" srcset=\"https:\/\/www.sabine-seyffert.de\/blog\/wp-content\/uploads\/2019\/04\/Osterpost-Kranz-Hase-wei\u00df-3.jpg 800w, https:\/\/www.sabine-seyffert.de\/blog\/wp-content\/uploads\/2019\/04\/Osterpost-Kranz-Hase-wei\u00df-3-300x225.jpg 300w, https:\/\/www.sabine-seyffert.de\/blog\/wp-content\/uploads\/2019\/04\/Osterpost-Kranz-Hase-wei\u00df-3-768x576.jpg 768w\" sizes=\"auto, (max-width: 800px) 100vw, 800px\" \/><\/a><\/p>\n<p style=\"text-align: justify;\"><strong>Das wird gebraucht:<\/strong><br \/>\nBlankopostkarten oder Klappkarten aus festem Kraftpapier mit passendem Briefumschlag, einen Bleistift, wei\u00dfes Tonpapier, eine Bastelschere, einen wei\u00dfen Gelstift, wei\u00dfes Geschenkband, etwas Bastelkleber, einen Mini Motivlocher Bl\u00fcte sowie optional Halbperlen zum Aufkleben<\/p>\n<p style=\"text-align: center;\"><a href=\"https:\/\/www.sabine-seyffert.de\/blog\/wp-content\/uploads\/2019\/04\/Osterpost-Kranz-Hase-wei\u00df-1.jpg\"><img loading=\"lazy\" decoding=\"async\" class=\"alignnone size-full wp-image-14288\" src=\"https:\/\/www.sabine-seyffert.de\/blog\/wp-content\/uploads\/2019\/04\/Osterpost-Kranz-Hase-wei\u00df-1.jpg\" alt=\"\" width=\"800\" height=\"600\" srcset=\"https:\/\/www.sabine-seyffert.de\/blog\/wp-content\/uploads\/2019\/04\/Osterpost-Kranz-Hase-wei\u00df-1.jpg 800w, https:\/\/www.sabine-seyffert.de\/blog\/wp-content\/uploads\/2019\/04\/Osterpost-Kranz-Hase-wei\u00df-1-300x225.jpg 300w, https:\/\/www.sabine-seyffert.de\/blog\/wp-content\/uploads\/2019\/04\/Osterpost-Kranz-Hase-wei\u00df-1-768x576.jpg 768w\" sizes=\"auto, (max-width: 800px) 100vw, 800px\" \/><\/a><\/p>\n<p style=\"text-align: justify;\"><strong>So wird\u2019s gemacht:<\/strong><br \/>\nZuerst habe ich die Doppelkarte mittig geknickt und mir dann auf die Vorderseite mit Hilfe einer kleinen Dessertschale (Glas o.\u00e4.) einen d\u00fcnnen Kreis mit Bleistift gezeichnet. Schlie\u00dflich soll der Osterkranz sch\u00f6n rund werden.<br \/>\nDann habe ich den Rand mit einem Gelschreiber und kleinen Bl\u00fctenbl\u00e4ttern verziert. Dazu malt man einfach rechts und links der Bleistiftlinie kleine, ovale Bl\u00e4tter.<\/p>\n<p style=\"text-align: center;\"><a href=\"https:\/\/www.sabine-seyffert.de\/blog\/wp-content\/uploads\/2019\/04\/Osterpost-Kranz-Hase-wei\u00df-2.jpg\"><img loading=\"lazy\" decoding=\"async\" class=\"alignnone size-full wp-image-14289\" src=\"https:\/\/www.sabine-seyffert.de\/blog\/wp-content\/uploads\/2019\/04\/Osterpost-Kranz-Hase-wei\u00df-2.jpg\" alt=\"\" width=\"800\" height=\"600\" srcset=\"https:\/\/www.sabine-seyffert.de\/blog\/wp-content\/uploads\/2019\/04\/Osterpost-Kranz-Hase-wei\u00df-2.jpg 800w, https:\/\/www.sabine-seyffert.de\/blog\/wp-content\/uploads\/2019\/04\/Osterpost-Kranz-Hase-wei\u00df-2-300x225.jpg 300w, https:\/\/www.sabine-seyffert.de\/blog\/wp-content\/uploads\/2019\/04\/Osterpost-Kranz-Hase-wei\u00df-2-768x576.jpg 768w\" sizes=\"auto, (max-width: 800px) 100vw, 800px\" \/><\/a><\/p>\n<p style=\"text-align: justify;\">Auf wei\u00dfes Tonzeichenpapier habe ich mir einen kleinen Osterhasen gezeichnet, der von der Gr\u00f6\u00dfe her in den Kranz hinein passt. Den schneidet man aus und klebt ihn mittig auf.<\/p>\n<p style=\"text-align: center;\"><a href=\"https:\/\/www.sabine-seyffert.de\/blog\/wp-content\/uploads\/2019\/04\/Osterpost-Kranz-Hase-wei\u00df-6.jpg\"><img loading=\"lazy\" decoding=\"async\" class=\"alignnone size-full wp-image-14290\" src=\"https:\/\/www.sabine-seyffert.de\/blog\/wp-content\/uploads\/2019\/04\/Osterpost-Kranz-Hase-wei\u00df-6.jpg\" alt=\"\" width=\"800\" height=\"600\" srcset=\"https:\/\/www.sabine-seyffert.de\/blog\/wp-content\/uploads\/2019\/04\/Osterpost-Kranz-Hase-wei\u00df-6.jpg 800w, https:\/\/www.sabine-seyffert.de\/blog\/wp-content\/uploads\/2019\/04\/Osterpost-Kranz-Hase-wei\u00df-6-300x225.jpg 300w, https:\/\/www.sabine-seyffert.de\/blog\/wp-content\/uploads\/2019\/04\/Osterpost-Kranz-Hase-wei\u00df-6-768x576.jpg 768w\" sizes=\"auto, (max-width: 800px) 100vw, 800px\" \/><\/a><\/p>\n<p style=\"text-align: justify;\">Damit der Osterhase nicht so allein ist, habe ich mir aus dem wei\u00dfen Papier noch einen Schwung an Mini Bl\u00fcten gestanzt (die lassen sich alternativ auch zeichnen, wenn ihr keinen kleinen Motivstanzer zur Hand habt!).<\/p>\n<p style=\"text-align: center;\"><a href=\"https:\/\/www.sabine-seyffert.de\/blog\/wp-content\/uploads\/2019\/04\/Osterpost-Kranz-Hase-wei\u00df-5.jpg\"><img loading=\"lazy\" decoding=\"async\" class=\"alignnone size-full wp-image-14291\" src=\"https:\/\/www.sabine-seyffert.de\/blog\/wp-content\/uploads\/2019\/04\/Osterpost-Kranz-Hase-wei\u00df-5.jpg\" alt=\"\" width=\"800\" height=\"600\" srcset=\"https:\/\/www.sabine-seyffert.de\/blog\/wp-content\/uploads\/2019\/04\/Osterpost-Kranz-Hase-wei\u00df-5.jpg 800w, https:\/\/www.sabine-seyffert.de\/blog\/wp-content\/uploads\/2019\/04\/Osterpost-Kranz-Hase-wei\u00df-5-300x225.jpg 300w, https:\/\/www.sabine-seyffert.de\/blog\/wp-content\/uploads\/2019\/04\/Osterpost-Kranz-Hase-wei\u00df-5-768x576.jpg 768w\" sizes=\"auto, (max-width: 800px) 100vw, 800px\" \/><\/a><\/p>\n<p style=\"text-align: justify;\">Die klebt man, ebenfalls gleichm\u00e4\u00dfig verteilt, innerhalb des gemalten Kranzes auf. Jede der kleinen Bl\u00fcten habe ich noch mit einer klitzekleinen, selbstklebenden Halbperle versehen. Allerdings ist dies bei der Gr\u00f6\u00dfe unfassbar m\u00fchsam!<\/p>\n<p style=\"text-align: center;\"><a href=\"https:\/\/www.sabine-seyffert.de\/blog\/wp-content\/uploads\/2019\/04\/Osterpost-Kranz-Hase-wei\u00df-4.jpg\"><img loading=\"lazy\" decoding=\"async\" class=\"alignnone size-full wp-image-14292\" src=\"https:\/\/www.sabine-seyffert.de\/blog\/wp-content\/uploads\/2019\/04\/Osterpost-Kranz-Hase-wei\u00df-4.jpg\" alt=\"\" width=\"800\" height=\"600\" srcset=\"https:\/\/www.sabine-seyffert.de\/blog\/wp-content\/uploads\/2019\/04\/Osterpost-Kranz-Hase-wei\u00df-4.jpg 800w, https:\/\/www.sabine-seyffert.de\/blog\/wp-content\/uploads\/2019\/04\/Osterpost-Kranz-Hase-wei\u00df-4-300x225.jpg 300w, https:\/\/www.sabine-seyffert.de\/blog\/wp-content\/uploads\/2019\/04\/Osterpost-Kranz-Hase-wei\u00df-4-768x576.jpg 768w\" sizes=\"auto, (max-width: 800px) 100vw, 800px\" \/><\/a><\/p>\n<p style=\"text-align: justify;\">Ganz zum Schluss habe ich aus schmalem, wei\u00dfem Satinband eine kleine Schleife gebunden und mit etwas Kleber an die obere Kranzmitte geklebt.<\/p>\n<p style=\"text-align: center;\"><a href=\"https:\/\/www.sabine-seyffert.de\/blog\/wp-content\/uploads\/2019\/04\/Osterpost-Kranz-Hase-wei\u00df-7.jpg\"><img loading=\"lazy\" decoding=\"async\" class=\"alignnone size-full wp-image-14293\" src=\"https:\/\/www.sabine-seyffert.de\/blog\/wp-content\/uploads\/2019\/04\/Osterpost-Kranz-Hase-wei\u00df-7.jpg\" alt=\"\" width=\"800\" height=\"600\" srcset=\"https:\/\/www.sabine-seyffert.de\/blog\/wp-content\/uploads\/2019\/04\/Osterpost-Kranz-Hase-wei\u00df-7.jpg 800w, https:\/\/www.sabine-seyffert.de\/blog\/wp-content\/uploads\/2019\/04\/Osterpost-Kranz-Hase-wei\u00df-7-300x225.jpg 300w, https:\/\/www.sabine-seyffert.de\/blog\/wp-content\/uploads\/2019\/04\/Osterpost-Kranz-Hase-wei\u00df-7-768x576.jpg 768w\" sizes=\"auto, (max-width: 800px) 100vw, 800px\" \/><\/a><\/p>\n<p style=\"text-align: justify;\">Alle Ideen rund um die Osterzeit gibt es in <a href=\"https:\/\/www.sabine-seyffert.de\/blog\/?cat=23\" target=\"_blank\" rel=\"noopener\">diesem Fr\u00fchlingsordner<\/a>, selbst gemachte Postkarten findet ihr in <a href=\"https:\/\/www.sabine-seyffert.de\/blog\/?cat=51\" target=\"_blank\" rel=\"noopener\">dieser Kategorie<\/a>, klitzekleine Geschenkideen in <a href=\"https:\/\/www.sabine-seyffert.de\/blog\/?cat=36\" target=\"_blank\" rel=\"noopener\">dieser Rubrik<\/a>, alle Upcycling Bastelideen an <a href=\"https:\/\/www.sabine-seyffert.de\/blog\/?cat=47\" target=\"_blank\" rel=\"noopener\">dieser Stelle<\/a>, sowie andere kreative Sachen da.<\/p>\n<p style=\"text-align: justify;\"><a href=\"https:\/\/www.sabine-seyffert.de\/blog\/?page_id=32#urheberrecht\">urheberrechtlich gesch\u00fctzt<\/a>, \u00a9 Sabine Seyffert<\/p>\n","protected":false},"excerpt":{"rendered":"<p>Fr\u00f6hliche Osterpost darf nat\u00fcrlich auch in diesem Jahr nicht fehlen. Nach den Osterhasen im Gras aus dieser Bastelidee, geht es diesmal recht schlicht aber daf\u00fcr recht edel zu. Meine Karten sind aus Kraftpapier und wurden lediglich in der Farbe wei\u00df festlich verziert. Selbst das geht recht fix. Das wird gebraucht: Blankopostkarten oder Klappkarten aus festem&#8230; <a href=\"https:\/\/www.sabine-seyffert.de\/blog\/diy-selbst-gemachte-osterpost-froehliche-ostergruesse-per-post-verschicken-bastelidee-fuer-osterkarten\/\" class=\"more-link\">Read more: DIY selbst gemachte Osterpost: Fr\u00f6hliche Ostergr\u00fc\u00dfe per Post verschicken \u2013 Bastelidee f\u00fcr Osterkarten<\/a><\/p>\n","protected":false},"author":2,"featured_media":0,"comment_status":"open","ping_status":"open","sticky":false,"template":"","format":"standard","meta":{"_metis_text_type":"","_metis_text_length":2060,"_post_count":0,"footnotes":""},"categories":[57,51],"tags":[],"class_list":["post-14286","post","type-post","status-publish","format-standard","hentry","category-ostern","category-postkarten-grusskarten"],"_links":{"self":[{"href":"https:\/\/www.sabine-seyffert.de\/blog\/wp-json\/wp\/v2\/posts\/14286","targetHints":{"allow":["GET"]}}],"collection":[{"href":"https:\/\/www.sabine-seyffert.de\/blog\/wp-json\/wp\/v2\/posts"}],"about":[{"href":"https:\/\/www.sabine-seyffert.de\/blog\/wp-json\/wp\/v2\/types\/post"}],"author":[{"embeddable":true,"href":"https:\/\/www.sabine-seyffert.de\/blog\/wp-json\/wp\/v2\/users\/2"}],"replies":[{"embeddable":true,"href":"https:\/\/www.sabine-seyffert.de\/blog\/wp-json\/wp\/v2\/comments?post=14286"}],"version-history":[{"count":6,"href":"https:\/\/www.sabine-seyffert.de\/blog\/wp-json\/wp\/v2\/posts\/14286\/revisions"}],"predecessor-version":[{"id":25411,"href":"https:\/\/www.sabine-seyffert.de\/blog\/wp-json\/wp\/v2\/posts\/14286\/revisions\/25411"}],"wp:attachment":[{"href":"https:\/\/www.sabine-seyffert.de\/blog\/wp-json\/wp\/v2\/media?parent=14286"}],"wp:term":[{"taxonomy":"category","embeddable":true,"href":"https:\/\/www.sabine-seyffert.de\/blog\/wp-json\/wp\/v2\/categories?post=14286"},{"taxonomy":"post_tag","embeddable":true,"href":"https:\/\/www.sabine-seyffert.de\/blog\/wp-json\/wp\/v2\/tags?post=14286"}],"curies":[{"name":"wp","href":"https:\/\/api.w.org\/{rel}","templated":true}]}}