{"id":1421,"date":"2013-04-28T08:37:31","date_gmt":"2013-04-28T06:37:31","guid":{"rendered":"http:\/\/www.sabine-seyffert.de\/blog\/?p=1421"},"modified":"2017-03-06T17:57:23","modified_gmt":"2017-03-06T15:57:23","slug":"was-suses-am-sonntag","status":"publish","type":"post","link":"https:\/\/www.sabine-seyffert.de\/blog\/was-suses-am-sonntag\/","title":{"rendered":"Was S\u00fc\u00dfes am Sonntag&#8230;"},"content":{"rendered":"<p style=\"text-align: justify;\"><img loading=\"lazy\" decoding=\"async\" src=\"https:\/\/ssl-vg03.met.vgwort.de\/na\/c5d1a9f15400421c865e19cddd7eeba3\" alt=\"\" width=\"1\" height=\"1\" \/><br \/>\n<strong>K\u00f6stliche Zimt-Zucker-H\u00f6rnchen\u2026<\/strong><\/p>\n<p style=\"text-align: justify;\">Nachdem ich vor einigen Wochen von unserem Sonntagsfr\u00fchst\u00fcck berichtet habe, gab es neulich zur Freude aller Kinder s\u00fc\u00dfe Zimt-Zucker-H\u00f6rnchen. Die schmecken nicht nur zum Fr\u00fchst\u00fcck, sondern auch Zwischendurch, auf einem Ausflug oder zum Sonntagskaffeeklatsch! Nat\u00fcrlich wieder mal selbst ausgedacht und mit ganz viel Liebe gebacken. Zimt und Zucker ist bei allen in der Familie hei\u00df begehrt und die meisten von uns k\u00f6nnen davon nicht genug kriegen. Ausgenommen meine liebe Schwester. Sie hat eine absolute Abneigung gegen Zimt \u2013 meinetwegen, das behauptet sie zumindest. Bei uns als Kind gab es mittags schon mal Milchreis. Und meine Schwester mochte diesen nicht essen und stochtere mit dem L\u00f6ffel darin herum. Mein Tipp dazu lautete: \u201eStreu reichlich Zimt dr\u00fcber, dann schmeckt es richtig lecker!\u201c So lautet meine Devise \u00fcbrigens bis heute. Zimt kommt bei mir in (fast) alles und davon reichlich. Meine Schwester hatte sich meines Tipps angenommen und ihren Milchreis mit \u00fcppigem Zimt bedeckt. Nur mit dem Resultat, dass sie ihn so noch ungenie\u00dfbarer fand und angeblich aber alles aufessen musste\u2026<br \/>\nDoch zur\u00fcck zu den Fr\u00fchst\u00fccksh\u00f6rnchen und allen, die Zimt so gerne m\u00f6gen wie wir. All diejenigen, denen es geht wie meiner Schwester k\u00f6nnen an dieser Stelle aufh\u00f6ren zu lesen&#8230;<\/p>\n<p style=\"text-align: center;\"><a href=\"http:\/\/www.sabine-seyffert.de\/blog\/wp-content\/uploads\/2013\/04\/Zimth\u00f6rnchen-1.jpg\"><img loading=\"lazy\" decoding=\"async\" class=\"alignnone size-full wp-image-1422\" src=\"http:\/\/www.sabine-seyffert.de\/blog\/wp-content\/uploads\/2013\/04\/Zimth\u00f6rnchen-1.jpg\" alt=\"Zimth\u00f6rnchen 1\" width=\"800\" height=\"626\" srcset=\"https:\/\/www.sabine-seyffert.de\/blog\/wp-content\/uploads\/2013\/04\/Zimth\u00f6rnchen-1.jpg 800w, https:\/\/www.sabine-seyffert.de\/blog\/wp-content\/uploads\/2013\/04\/Zimth\u00f6rnchen-1-300x234.jpg 300w\" sizes=\"auto, (max-width: 800px) 100vw, 800px\" \/><\/a><\/p>\n<p style=\"text-align: justify;\"><strong>Das wird gebraucht:<\/strong><br \/>\n600 gr Mehl, 150 gr Zucker, 1 P\u00e4ckchen Vanillezucker, 1 kleiner Becher Naturjoghurt, 1 Ei, ca. 250 ml Vollmilch, 100 gr Butter, \u00bd W\u00fcrfel frische Hefe sowie 1 P\u00e4ckchen Backpulver<\/p>\n<p style=\"text-align: justify;\"><strong>F\u00fcr die F\u00fcllung:<\/strong><br \/>\n100 gr Butter (zimmerwarm, damit sie sich gut verstreichen l\u00e4sst), 1 Teel\u00f6ffel Zimt, 2-3 Essl\u00f6ffel gemahlene Mandeln, 100 gr. Brauner Zucker<\/p>\n<p style=\"text-align: center;\"><a href=\"http:\/\/www.sabine-seyffert.de\/blog\/wp-content\/uploads\/2013\/04\/Zimth\u00f6rnchen-2.jpg\"><img loading=\"lazy\" decoding=\"async\" class=\"alignnone size-full wp-image-1423\" src=\"http:\/\/www.sabine-seyffert.de\/blog\/wp-content\/uploads\/2013\/04\/Zimth\u00f6rnchen-2.jpg\" alt=\"Zimth\u00f6rnchen 2\" width=\"800\" height=\"600\" srcset=\"https:\/\/www.sabine-seyffert.de\/blog\/wp-content\/uploads\/2013\/04\/Zimth\u00f6rnchen-2.jpg 800w, https:\/\/www.sabine-seyffert.de\/blog\/wp-content\/uploads\/2013\/04\/Zimth\u00f6rnchen-2-300x225.jpg 300w\" sizes=\"auto, (max-width: 800px) 100vw, 800px\" \/><\/a><\/p>\n<p style=\"text-align: justify;\">Den Hefeteig bereitet man zu, wie <a href=\"http:\/\/www.sabine-seyffert.de\/blog\/?p=444\" target=\"_blank\">hier<\/a> bei dem Rezept f\u00fcr &#8220;S\u00fc\u00dfen H\u00f6rnchen&#8221; ausf\u00fchrlich beschrieben. Nachdem dieser genug gegangen ist, teilt man ihn in drei Teile und rollt jeden Teil zu einer langen Wurst. Diese rollt man mit Hilfe einer Nudelrolle recht d\u00fcnn aus und schneidet aus diesem Teigstreifen l\u00e4ngliche Dreiecke (siehe Foto). Die Zutaten f\u00fcr die F\u00fcllung verr\u00fchrt man mit einer Gabel zu einer gleichm\u00e4\u00dfigen, streichf\u00e4higen Masse. Jedes Dreieck bestreicht man mit Hilfe eines Messers mit der Butter-Zucker-Zimt Masse und rollt diese zu kleinen H\u00f6rnchen auf. Mit etwas Abstand auf ein eingefettetes oder mit Backpapier ausgelegtes Blech setzen. Nun ab damit in den Ofen. Die H\u00f6rnchen m\u00fcssen f\u00fcr ca. 15 Minuten bei 175 Grad backen, bis sie leicht gebr\u00e4unt sind.<\/p>\n<p style=\"text-align: center;\"><a href=\"http:\/\/www.sabine-seyffert.de\/blog\/wp-content\/uploads\/2013\/04\/Zimth\u00f6rnchen-3.jpg\"><img loading=\"lazy\" decoding=\"async\" class=\"alignnone size-full wp-image-1424\" src=\"http:\/\/www.sabine-seyffert.de\/blog\/wp-content\/uploads\/2013\/04\/Zimth\u00f6rnchen-3.jpg\" alt=\"Zimth\u00f6rnchen 3\" width=\"800\" height=\"620\" srcset=\"https:\/\/www.sabine-seyffert.de\/blog\/wp-content\/uploads\/2013\/04\/Zimth\u00f6rnchen-3.jpg 800w, https:\/\/www.sabine-seyffert.de\/blog\/wp-content\/uploads\/2013\/04\/Zimth\u00f6rnchen-3-300x232.jpg 300w\" sizes=\"auto, (max-width: 800px) 100vw, 800px\" \/><\/a><\/p>\n<p style=\"text-align: justify;\"><strong>Ein kleiner Tipp:<\/strong><br \/>\nWer mag, kann die H\u00f6rnchen vor dem Backen mit etwas Eigelb bepinseln und \/ oder ein paar gehobelte Mandeln dar\u00fcber streuen.<\/p>\n<p style=\"text-align: center;\"><a href=\"http:\/\/www.sabine-seyffert.de\/blog\/wp-content\/uploads\/2013\/04\/Zimth\u00f6rnchen-4.jpg\"><img loading=\"lazy\" decoding=\"async\" class=\"alignnone size-full wp-image-1425\" src=\"http:\/\/www.sabine-seyffert.de\/blog\/wp-content\/uploads\/2013\/04\/Zimth\u00f6rnchen-4.jpg\" alt=\"Zimth\u00f6rnchen 4\" width=\"800\" height=\"600\" srcset=\"https:\/\/www.sabine-seyffert.de\/blog\/wp-content\/uploads\/2013\/04\/Zimth\u00f6rnchen-4.jpg 800w, https:\/\/www.sabine-seyffert.de\/blog\/wp-content\/uploads\/2013\/04\/Zimth\u00f6rnchen-4-300x225.jpg 300w\" sizes=\"auto, (max-width: 800px) 100vw, 800px\" \/><\/a><\/p>\n<p>Wer das zimtige S\u00fc\u00df lieber in kleinen, mundgerechten St\u00fccken zu sich nimmt, finden<a href=\"http:\/\/www.sabine-seyffert.de\/blog\/?p=733\" target=\"_blank\"> hier<\/a> ein weiteres Rezept zu k\u00f6stlichen <a href=\"http:\/\/www.sabine-seyffert.de\/blog\/?p=733\" target=\"_blank\">Zimtschnecken<\/a> \ud83d\ude42<\/p>\n<p>Ich w\u00fcnsche allen einen ganz &#8220;s\u00fc\u00dfen&#8221; Sonntag (mit Zimt oder auch ohne!)&#8230;<\/p>\n<p><a href=\"http:\/\/www.sabine-seyffert.de\/blog\/?page_id=32#urheberrecht\">urherrechtlich gesch\u00fctzt<\/a>, \u00a9 Sabine Seyffert<\/p>\n","protected":false},"excerpt":{"rendered":"<p>K\u00f6stliche Zimt-Zucker-H\u00f6rnchen\u2026 Nachdem ich vor einigen Wochen von unserem Sonntagsfr\u00fchst\u00fcck berichtet habe, gab es neulich zur Freude aller Kinder s\u00fc\u00dfe Zimt-Zucker-H\u00f6rnchen. Die schmecken nicht nur zum Fr\u00fchst\u00fcck, sondern auch Zwischendurch, auf einem Ausflug oder zum Sonntagskaffeeklatsch! Nat\u00fcrlich wieder mal selbst ausgedacht und mit ganz viel Liebe gebacken. Zimt und Zucker ist bei allen in der&#8230; <a href=\"https:\/\/www.sabine-seyffert.de\/blog\/was-suses-am-sonntag\/\" class=\"more-link\">Read more: Was S\u00fc\u00dfes am Sonntag&#8230;<\/a><\/p>\n","protected":false},"author":2,"featured_media":0,"comment_status":"open","ping_status":"open","sticky":false,"template":"","format":"standard","meta":{"_metis_text_type":"","_metis_text_length":2864,"_post_count":0,"footnotes":""},"categories":[31],"tags":[],"class_list":["post-1421","post","type-post","status-publish","format-standard","hentry","category-rezepte-suse-kuchen-co"],"_links":{"self":[{"href":"https:\/\/www.sabine-seyffert.de\/blog\/wp-json\/wp\/v2\/posts\/1421","targetHints":{"allow":["GET"]}}],"collection":[{"href":"https:\/\/www.sabine-seyffert.de\/blog\/wp-json\/wp\/v2\/posts"}],"about":[{"href":"https:\/\/www.sabine-seyffert.de\/blog\/wp-json\/wp\/v2\/types\/post"}],"author":[{"embeddable":true,"href":"https:\/\/www.sabine-seyffert.de\/blog\/wp-json\/wp\/v2\/users\/2"}],"replies":[{"embeddable":true,"href":"https:\/\/www.sabine-seyffert.de\/blog\/wp-json\/wp\/v2\/comments?post=1421"}],"version-history":[{"count":21,"href":"https:\/\/www.sabine-seyffert.de\/blog\/wp-json\/wp\/v2\/posts\/1421\/revisions"}],"predecessor-version":[{"id":9868,"href":"https:\/\/www.sabine-seyffert.de\/blog\/wp-json\/wp\/v2\/posts\/1421\/revisions\/9868"}],"wp:attachment":[{"href":"https:\/\/www.sabine-seyffert.de\/blog\/wp-json\/wp\/v2\/media?parent=1421"}],"wp:term":[{"taxonomy":"category","embeddable":true,"href":"https:\/\/www.sabine-seyffert.de\/blog\/wp-json\/wp\/v2\/categories?post=1421"},{"taxonomy":"post_tag","embeddable":true,"href":"https:\/\/www.sabine-seyffert.de\/blog\/wp-json\/wp\/v2\/tags?post=1421"}],"curies":[{"name":"wp","href":"https:\/\/api.w.org\/{rel}","templated":true}]}}