{"id":14160,"date":"2019-03-19T06:28:32","date_gmt":"2019-03-19T04:28:32","guid":{"rendered":"https:\/\/www.sabine-seyffert.de\/blog\/?p=14160"},"modified":"2022-12-06T10:55:53","modified_gmt":"2022-12-06T08:55:53","slug":"diy-basteln-mit-kindern-wir-basteln-bunte-blumen-fruehling-upcycling-fuer-die-vase","status":"publish","type":"post","link":"https:\/\/www.sabine-seyffert.de\/blog\/diy-basteln-mit-kindern-wir-basteln-bunte-blumen-fruehling-upcycling-fuer-die-vase\/","title":{"rendered":"DIY Basteln mit Kindern: Wir basteln bunte Blumen &#8211;  Fr\u00fchling Upcycling f\u00fcr die Vase"},"content":{"rendered":"<p style=\"text-align: justify;\"><img loading=\"lazy\" decoding=\"async\" src=\"http:\/\/vg01.met.vgwort.de\/na\/834e310a8a1240759b16fce8014e6e63\" alt=\"\" width=\"1\" height=\"1\" \/>Wenn der Winter zu Ende geht und der Fr\u00fchling erwacht, freut man sich nicht nur \u00fcber die ersten warmen Sonnenstrahlen, sondern wartet meist sehns\u00fcchtig darauf, dass die ersten Blumen ihre bunten K\u00f6pfe aus der Erde strecken. Denn die bunten Farben der Bl\u00fcten tun nach dem langen Winter einfach richtig gut und sind ein sch\u00f6ner Augenfang nach dem winterlichen Wei\u00df. Wie w\u00e4re es daher mit etwas buntem Fr\u00fchling f\u00fcr die Vase. So kann man es sich Drinnen sch\u00f6n gem\u00fctlich machen und sich die sch\u00f6ne Jahreszeit ins Haus holen.<br \/>\nMaterial braucht man nicht viel, ein paar d\u00fcnne Zweige und bunte Papierreste werden mit etwas Fantasie im Nu zu einem bunten Fr\u00fchlingsstrau\u00df!<\/p>\n<p style=\"text-align: center;\"><a href=\"https:\/\/www.sabine-seyffert.de\/blog\/wp-content\/uploads\/2019\/03\/Fr\u00fchlingsstrauss-Sabine-Seyffert.de-8.jpg\"><img loading=\"lazy\" decoding=\"async\" class=\"alignnone size-full wp-image-14161\" src=\"https:\/\/www.sabine-seyffert.de\/blog\/wp-content\/uploads\/2019\/03\/Fr\u00fchlingsstrauss-Sabine-Seyffert.de-8.jpg\" alt=\"\" width=\"600\" height=\"800\" srcset=\"https:\/\/www.sabine-seyffert.de\/blog\/wp-content\/uploads\/2019\/03\/Fr\u00fchlingsstrauss-Sabine-Seyffert.de-8.jpg 600w, https:\/\/www.sabine-seyffert.de\/blog\/wp-content\/uploads\/2019\/03\/Fr\u00fchlingsstrauss-Sabine-Seyffert.de-8-225x300.jpg 225w\" sizes=\"auto, (max-width: 600px) 100vw, 600px\" \/><\/a><\/p>\n<p style=\"text-align: justify;\"><strong>Das wird gebraucht:<\/strong><br \/>\nEine Gartenschere, allerhand d\u00fcnne Zweige, bunte Papierreste (am besten aus Tonpapier), eine Bastelschere, ein Klebstift, Hei\u00dfklebepistole samt Klebepatrone und eine Vase<\/p>\n<p style=\"text-align: center;\"><a href=\"https:\/\/www.sabine-seyffert.de\/blog\/wp-content\/uploads\/2019\/03\/Fr\u00fchlingsstrauss-Sabine-Seyffert.de-4.jpg\"><img loading=\"lazy\" decoding=\"async\" class=\"alignnone size-full wp-image-14162\" src=\"https:\/\/www.sabine-seyffert.de\/blog\/wp-content\/uploads\/2019\/03\/Fr\u00fchlingsstrauss-Sabine-Seyffert.de-4.jpg\" alt=\"\" width=\"800\" height=\"600\" srcset=\"https:\/\/www.sabine-seyffert.de\/blog\/wp-content\/uploads\/2019\/03\/Fr\u00fchlingsstrauss-Sabine-Seyffert.de-4.jpg 800w, https:\/\/www.sabine-seyffert.de\/blog\/wp-content\/uploads\/2019\/03\/Fr\u00fchlingsstrauss-Sabine-Seyffert.de-4-300x225.jpg 300w, https:\/\/www.sabine-seyffert.de\/blog\/wp-content\/uploads\/2019\/03\/Fr\u00fchlingsstrauss-Sabine-Seyffert.de-4-768x576.jpg 768w\" sizes=\"auto, (max-width: 800px) 100vw, 800px\" \/><\/a><\/p>\n<p style=\"text-align: justify;\"><strong>So wird\u2019s gemacht:<\/strong><br \/>\nZuerst sammelt man auf einem kleinen Spaziergang oder dem Au\u00dfengel\u00e4nde ein paar d\u00fcnnere Zweige und l\u00e4sst diese gut trocknen. Die Zweige sollten m\u00f6glichst \u201ekahl\u201c sein, so dass man diese als Blumenstiele zum Basteln verwenden kann. Mit einer Gartenschere kann man diese auf die gew\u00fcnschte L\u00e4nge stutzen und zurechtschneiden.<\/p>\n<p style=\"text-align: center;\"><a href=\"https:\/\/www.sabine-seyffert.de\/blog\/wp-content\/uploads\/2019\/03\/Fr\u00fchlingsstrauss-Sabine-Seyffert.de-2.jpg\"><img loading=\"lazy\" decoding=\"async\" class=\"alignnone size-full wp-image-14164\" src=\"https:\/\/www.sabine-seyffert.de\/blog\/wp-content\/uploads\/2019\/03\/Fr\u00fchlingsstrauss-Sabine-Seyffert.de-2.jpg\" alt=\"\" width=\"800\" height=\"600\" srcset=\"https:\/\/www.sabine-seyffert.de\/blog\/wp-content\/uploads\/2019\/03\/Fr\u00fchlingsstrauss-Sabine-Seyffert.de-2.jpg 800w, https:\/\/www.sabine-seyffert.de\/blog\/wp-content\/uploads\/2019\/03\/Fr\u00fchlingsstrauss-Sabine-Seyffert.de-2-300x225.jpg 300w, https:\/\/www.sabine-seyffert.de\/blog\/wp-content\/uploads\/2019\/03\/Fr\u00fchlingsstrauss-Sabine-Seyffert.de-2-768x576.jpg 768w\" sizes=\"auto, (max-width: 800px) 100vw, 800px\" \/><\/a><\/p>\n<p style=\"text-align: justify;\">F\u00fcr diese Fr\u00fchlingsbastelei kann man prima kleine Papierreste nutzen. (Hier werden solche immer in einem Schuhkarton gesammelt und aufgehoben!) Jeder darf nun nach Herzenslust daraus kleine Bl\u00fcten schneiden, gestalten und bekleben. Vielleicht gibt es ja auch noch ein paar Schnipsel Seidenpapier, mit dem man kleine Kugeln rollen und auf eine Bl\u00fcte kleben kann. Je bunter die einzelnen Bl\u00fcten gebastelt sind, desto abwechslungsreicher und fr\u00f6hlicher wird der Blumenstrau\u00df.<\/p>\n<p style=\"text-align: center;\"><a href=\"https:\/\/www.sabine-seyffert.de\/blog\/wp-content\/uploads\/2019\/03\/Fr\u00fchlingsstrauss-Sabine-Seyffert.de-1.jpg\"><img loading=\"lazy\" decoding=\"async\" class=\"alignnone size-full wp-image-14165\" src=\"https:\/\/www.sabine-seyffert.de\/blog\/wp-content\/uploads\/2019\/03\/Fr\u00fchlingsstrauss-Sabine-Seyffert.de-1.jpg\" alt=\"\" width=\"800\" height=\"600\" srcset=\"https:\/\/www.sabine-seyffert.de\/blog\/wp-content\/uploads\/2019\/03\/Fr\u00fchlingsstrauss-Sabine-Seyffert.de-1.jpg 800w, https:\/\/www.sabine-seyffert.de\/blog\/wp-content\/uploads\/2019\/03\/Fr\u00fchlingsstrauss-Sabine-Seyffert.de-1-300x225.jpg 300w, https:\/\/www.sabine-seyffert.de\/blog\/wp-content\/uploads\/2019\/03\/Fr\u00fchlingsstrauss-Sabine-Seyffert.de-1-768x576.jpg 768w\" sizes=\"auto, (max-width: 800px) 100vw, 800px\" \/><\/a><\/p>\n<p style=\"text-align: justify;\">Die fertig gebastelten Bl\u00fcten klebt man ganz zum Schluss an die \u00c4ste. Diese kann man dann gemeinsam in eine sch\u00f6ne Vase stellen und hat auf diese Weise einen haltbaren, sch\u00f6nen Blumenstrau\u00df!<\/p>\n<p style=\"text-align: center;\"><a href=\"https:\/\/www.sabine-seyffert.de\/blog\/wp-content\/uploads\/2019\/03\/Fr\u00fchlingsstrauss-Sabine-Seyffert.de-5.jpg\"><img loading=\"lazy\" decoding=\"async\" class=\"alignnone size-full wp-image-14166\" src=\"https:\/\/www.sabine-seyffert.de\/blog\/wp-content\/uploads\/2019\/03\/Fr\u00fchlingsstrauss-Sabine-Seyffert.de-5.jpg\" alt=\"\" width=\"600\" height=\"800\" srcset=\"https:\/\/www.sabine-seyffert.de\/blog\/wp-content\/uploads\/2019\/03\/Fr\u00fchlingsstrauss-Sabine-Seyffert.de-5.jpg 600w, https:\/\/www.sabine-seyffert.de\/blog\/wp-content\/uploads\/2019\/03\/Fr\u00fchlingsstrauss-Sabine-Seyffert.de-5-225x300.jpg 225w\" sizes=\"auto, (max-width: 600px) 100vw, 600px\" \/><\/a><\/p>\n<p style=\"text-align: justify;\"><strong>Ein kleiner Tipp:<\/strong><br \/>\nJe mehr gebastelte Blumen zusammen kommen, desto sch\u00f6ner wird der fertige Strau\u00df!<\/p>\n<p style=\"text-align: center;\"><a href=\"https:\/\/www.sabine-seyffert.de\/blog\/wp-content\/uploads\/2019\/03\/Fr\u00fchlingsstrauss-Sabine-Seyffert.de-6.jpg\"><img loading=\"lazy\" decoding=\"async\" class=\"alignnone size-full wp-image-14167\" src=\"https:\/\/www.sabine-seyffert.de\/blog\/wp-content\/uploads\/2019\/03\/Fr\u00fchlingsstrauss-Sabine-Seyffert.de-6.jpg\" alt=\"\" width=\"600\" height=\"800\" srcset=\"https:\/\/www.sabine-seyffert.de\/blog\/wp-content\/uploads\/2019\/03\/Fr\u00fchlingsstrauss-Sabine-Seyffert.de-6.jpg 600w, https:\/\/www.sabine-seyffert.de\/blog\/wp-content\/uploads\/2019\/03\/Fr\u00fchlingsstrauss-Sabine-Seyffert.de-6-225x300.jpg 225w\" sizes=\"auto, (max-width: 600px) 100vw, 600px\" \/><\/a><\/p>\n<p style=\"text-align: center;\">Weitere Bastelideen f\u00fcr und mit Kindern findet ihr \u00fcbrigens in <a href=\"https:\/\/www.sabine-seyffert.de\/blog\/?cat=32\" target=\"_blank\" rel=\"noopener\">dieser Rubrik<\/a>, alle Upcycling Ideen in <a href=\"https:\/\/www.sabine-seyffert.de\/blog\/?cat=47\" target=\"_blank\" rel=\"noopener\">diesem Ordner<\/a>, alles zum Fr\u00fchling <a href=\"https:\/\/www.sabine-seyffert.de\/blog\/?cat=23\" target=\"_blank\" rel=\"noopener\">hier<\/a>, mehr Gr\u00fcn <a href=\"https:\/\/www.naturkinder.com\/gruenzeug-we-love-green-stuff-80\/\" target=\"_blank\" rel=\"noopener nofollow\">dort<\/a> und andere kreative Sachen <a href=\"http:\/\/www.lunaju.de\/2019\/02\/kiddikram-marz-2019.html\" target=\"_blank\" rel=\"noopener nofollow\">da<\/a> und auch an <a href=\"https:\/\/www.creadienstag.de\/2019\/03\/linkparty-372.html\" target=\"_blank\" rel=\"noopener nofollow\">dieser<\/a> Stelle.<\/p>\n<p style=\"text-align: center;\"><a href=\"https:\/\/www.sabine-seyffert.de\/blog\/wp-content\/uploads\/2019\/03\/Fr\u00fchlingsstrauss-Sabine-Seyffert.de-10.jpg\"><img loading=\"lazy\" decoding=\"async\" class=\"alignnone size-full wp-image-14168\" src=\"https:\/\/www.sabine-seyffert.de\/blog\/wp-content\/uploads\/2019\/03\/Fr\u00fchlingsstrauss-Sabine-Seyffert.de-10.jpg\" alt=\"\" width=\"600\" height=\"800\" srcset=\"https:\/\/www.sabine-seyffert.de\/blog\/wp-content\/uploads\/2019\/03\/Fr\u00fchlingsstrauss-Sabine-Seyffert.de-10.jpg 600w, https:\/\/www.sabine-seyffert.de\/blog\/wp-content\/uploads\/2019\/03\/Fr\u00fchlingsstrauss-Sabine-Seyffert.de-10-225x300.jpg 225w\" sizes=\"auto, (max-width: 600px) 100vw, 600px\" \/><\/a><\/p>\n<p style=\"text-align: center;\"><a href=\"https:\/\/www.sabine-seyffert.de\/blog\/?page_id=32#urheberrecht\">urheberrechtlich gesch\u00fctzt<\/a>, \u00a9 Sabine Seyffert<\/p>\n","protected":false},"excerpt":{"rendered":"<p>Wenn der Winter zu Ende geht und der Fr\u00fchling erwacht, freut man sich nicht nur \u00fcber die ersten warmen Sonnenstrahlen, sondern wartet meist sehns\u00fcchtig darauf, dass die ersten Blumen ihre bunten K\u00f6pfe aus der Erde strecken. Denn die bunten Farben der Bl\u00fcten tun nach dem langen Winter einfach richtig gut und sind ein sch\u00f6ner Augenfang&#8230; <a href=\"https:\/\/www.sabine-seyffert.de\/blog\/diy-basteln-mit-kindern-wir-basteln-bunte-blumen-fruehling-upcycling-fuer-die-vase\/\" class=\"more-link\">Read more: DIY Basteln mit Kindern: Wir basteln bunte Blumen &#8211;  Fr\u00fchling Upcycling f\u00fcr die Vase<\/a><\/p>\n","protected":false},"author":2,"featured_media":0,"comment_status":"open","ping_status":"open","sticky":false,"template":"","format":"standard","meta":{"_metis_text_type":"","_metis_text_length":2218,"_post_count":0,"footnotes":""},"categories":[32,23,47],"tags":[],"class_list":["post-14160","post","type-post","status-publish","format-standard","hentry","category-kreatives-fur-kleine-kinderhande","category-fruhling","category-upcyceltes"],"_links":{"self":[{"href":"https:\/\/www.sabine-seyffert.de\/blog\/wp-json\/wp\/v2\/posts\/14160","targetHints":{"allow":["GET"]}}],"collection":[{"href":"https:\/\/www.sabine-seyffert.de\/blog\/wp-json\/wp\/v2\/posts"}],"about":[{"href":"https:\/\/www.sabine-seyffert.de\/blog\/wp-json\/wp\/v2\/types\/post"}],"author":[{"embeddable":true,"href":"https:\/\/www.sabine-seyffert.de\/blog\/wp-json\/wp\/v2\/users\/2"}],"replies":[{"embeddable":true,"href":"https:\/\/www.sabine-seyffert.de\/blog\/wp-json\/wp\/v2\/comments?post=14160"}],"version-history":[{"count":5,"href":"https:\/\/www.sabine-seyffert.de\/blog\/wp-json\/wp\/v2\/posts\/14160\/revisions"}],"predecessor-version":[{"id":24695,"href":"https:\/\/www.sabine-seyffert.de\/blog\/wp-json\/wp\/v2\/posts\/14160\/revisions\/24695"}],"wp:attachment":[{"href":"https:\/\/www.sabine-seyffert.de\/blog\/wp-json\/wp\/v2\/media?parent=14160"}],"wp:term":[{"taxonomy":"category","embeddable":true,"href":"https:\/\/www.sabine-seyffert.de\/blog\/wp-json\/wp\/v2\/categories?post=14160"},{"taxonomy":"post_tag","embeddable":true,"href":"https:\/\/www.sabine-seyffert.de\/blog\/wp-json\/wp\/v2\/tags?post=14160"}],"curies":[{"name":"wp","href":"https:\/\/api.w.org\/{rel}","templated":true}]}}