{"id":14128,"date":"2019-03-14T06:48:43","date_gmt":"2019-03-14T04:48:43","guid":{"rendered":"https:\/\/www.sabine-seyffert.de\/blog\/?p=14128"},"modified":"2019-03-19T06:27:18","modified_gmt":"2019-03-19T04:27:18","slug":"diy-geschenkidee-happy-birthday-geburtstagstuete-to-go-konfetti-geburtstagskuchen-co-teil-2","status":"publish","type":"post","link":"https:\/\/www.sabine-seyffert.de\/blog\/diy-geschenkidee-happy-birthday-geburtstagstuete-to-go-konfetti-geburtstagskuchen-co-teil-2\/","title":{"rendered":"DIY Geschenkidee: Happy Birthday Geburtstagst\u00fcte to go \u2013 Konfetti, Geburtstagskuchen &#038; Co. Teil 2"},"content":{"rendered":"<p style=\"text-align: justify;\"><img loading=\"lazy\" decoding=\"async\" src=\"https:\/\/vg01.met.vgwort.de\/na\/b7b85cf047284bbb8575613d2843c61c\" alt=\"\" width=\"1\" height=\"1\" \/>Nachdem ich euch <a href=\"https:\/\/www.sabine-seyffert.de\/blog\/?p=14108\" target=\"_blank\" rel=\"noopener\">hier<\/a> die Bastelanleitung f\u00fcr die Geschenkverpackung, den festlich verzierten Papierbeutel verraten habe, gibt es heute Tipps und Ideen f\u00fcr den Inhalt. Schlie\u00dflich bietet so ein gro\u00dfer Beutel gen\u00fcgend Platz um ihn mit allerhand kleinen Geburtstags\u00fcberrschungen und Zubeh\u00f6r zu f\u00fcllen. Die aufgef\u00fchrten Kleinigkeiten sind lediglich Idee, ihr k\u00f6nnt die T\u00fcten nat\u00fcrlich auch nach ganz eigenen W\u00fcnschen und Vorlieben best\u00fccken.<\/p>\n<p style=\"text-align: center;\"><a href=\"https:\/\/www.sabine-seyffert.de\/blog\/wp-content\/uploads\/2019\/03\/Geburtstag-to-go-6.jpg\"><img loading=\"lazy\" decoding=\"async\" class=\"alignnone size-full wp-image-14130\" src=\"https:\/\/www.sabine-seyffert.de\/blog\/wp-content\/uploads\/2019\/03\/Geburtstag-to-go-6.jpg\" alt=\"\" width=\"800\" height=\"600\" srcset=\"https:\/\/www.sabine-seyffert.de\/blog\/wp-content\/uploads\/2019\/03\/Geburtstag-to-go-6.jpg 800w, https:\/\/www.sabine-seyffert.de\/blog\/wp-content\/uploads\/2019\/03\/Geburtstag-to-go-6-300x225.jpg 300w, https:\/\/www.sabine-seyffert.de\/blog\/wp-content\/uploads\/2019\/03\/Geburtstag-to-go-6-768x576.jpg 768w\" sizes=\"auto, (max-width: 800px) 100vw, 800px\" \/><\/a><\/p>\n<p style=\"text-align: justify;\"><strong>M\u00f6gliche Geschenke f\u00fcr die T\u00fcten:<\/strong><br \/>\nWunderkerzen, Luftschlangen, Luftballons, Konfetti, Kuchengirlande, Kuchentopper \/ Partyf\u00e4hnchen, ein kleiner \u201eGeburtstagskuchen\u201c als Bausatz mit passender Geburtstagskerze, ein selbst gemachtes Geburtstagswindlicht mit Teelicht, bunte Schokolinsen als Gute Laune Drops u.a.m.<\/p>\n<p style=\"text-align: center;\"><a href=\"https:\/\/www.sabine-seyffert.de\/blog\/wp-content\/uploads\/2019\/03\/Geburtstag-to-go-1.jpg\"><img loading=\"lazy\" decoding=\"async\" class=\"alignnone size-full wp-image-14131\" src=\"https:\/\/www.sabine-seyffert.de\/blog\/wp-content\/uploads\/2019\/03\/Geburtstag-to-go-1.jpg\" alt=\"\" width=\"800\" height=\"600\" srcset=\"https:\/\/www.sabine-seyffert.de\/blog\/wp-content\/uploads\/2019\/03\/Geburtstag-to-go-1.jpg 800w, https:\/\/www.sabine-seyffert.de\/blog\/wp-content\/uploads\/2019\/03\/Geburtstag-to-go-1-300x225.jpg 300w, https:\/\/www.sabine-seyffert.de\/blog\/wp-content\/uploads\/2019\/03\/Geburtstag-to-go-1-768x576.jpg 768w\" sizes=\"auto, (max-width: 800px) 100vw, 800px\" \/><\/a><\/p>\n<p style=\"text-align: justify;\"><strong>So wird\u2019s gemacht:<\/strong><br \/>\nZuerst habe ich mir eine kleine Liste angefertigt und all die Dinge aufgeschrieben, die wir an einem Geburtstag zum Feiern und Dekorieren brauchen. Im Anschluss habe ich mit das betreffende Material zusammengestellt und geschaut, wie man dieses festlich umsetzen und sch\u00f6n gestalten kann.<\/p>\n<p style=\"text-align: center;\"><a href=\"https:\/\/www.sabine-seyffert.de\/blog\/wp-content\/uploads\/2019\/03\/Ballon-Konfetti-Tapes.jpg\"><img loading=\"lazy\" decoding=\"async\" class=\"alignnone size-full wp-image-14132\" src=\"https:\/\/www.sabine-seyffert.de\/blog\/wp-content\/uploads\/2019\/03\/Ballon-Konfetti-Tapes.jpg\" alt=\"\" width=\"800\" height=\"600\" srcset=\"https:\/\/www.sabine-seyffert.de\/blog\/wp-content\/uploads\/2019\/03\/Ballon-Konfetti-Tapes.jpg 800w, https:\/\/www.sabine-seyffert.de\/blog\/wp-content\/uploads\/2019\/03\/Ballon-Konfetti-Tapes-300x225.jpg 300w, https:\/\/www.sabine-seyffert.de\/blog\/wp-content\/uploads\/2019\/03\/Ballon-Konfetti-Tapes-768x576.jpg 768w\" sizes=\"auto, (max-width: 800px) 100vw, 800px\" \/><\/a><\/p>\n<p style=\"text-align: justify;\">Aus Schaschlikst\u00e4ben, Zahnstochern, Kordel und Masking Tape lassen sich kleine Partyf\u00e4hnchen und eine Kuchengirlande basteln.<\/p>\n<p style=\"text-align: center;\"><a href=\"https:\/\/www.sabine-seyffert.de\/blog\/wp-content\/uploads\/2019\/03\/Geburtstag-to-go-5.jpg\"><img loading=\"lazy\" decoding=\"async\" class=\"alignnone size-full wp-image-14133\" src=\"https:\/\/www.sabine-seyffert.de\/blog\/wp-content\/uploads\/2019\/03\/Geburtstag-to-go-5.jpg\" alt=\"\" width=\"800\" height=\"600\" srcset=\"https:\/\/www.sabine-seyffert.de\/blog\/wp-content\/uploads\/2019\/03\/Geburtstag-to-go-5.jpg 800w, https:\/\/www.sabine-seyffert.de\/blog\/wp-content\/uploads\/2019\/03\/Geburtstag-to-go-5-300x225.jpg 300w, https:\/\/www.sabine-seyffert.de\/blog\/wp-content\/uploads\/2019\/03\/Geburtstag-to-go-5-768x576.jpg 768w\" sizes=\"auto, (max-width: 800px) 100vw, 800px\" \/><\/a><\/p>\n<p style=\"text-align: justify;\">Mit dem Motivlocher habe ich mir allerhand kleine Kreise gestanzt und das selbst gemachte Konfetti in kleine Pergamint\u00fcten verpackt und beschriftet. Alternativ kann man nat\u00fcrlich auch fertiges Konfetti verwenden.<\/p>\n<p style=\"text-align: center;\"><a href=\"https:\/\/www.sabine-seyffert.de\/blog\/wp-content\/uploads\/2019\/03\/Konfetti-DIY-1.jpg\"><img loading=\"lazy\" decoding=\"async\" class=\"alignnone size-full wp-image-14134\" src=\"https:\/\/www.sabine-seyffert.de\/blog\/wp-content\/uploads\/2019\/03\/Konfetti-DIY-1.jpg\" alt=\"\" width=\"800\" height=\"600\" srcset=\"https:\/\/www.sabine-seyffert.de\/blog\/wp-content\/uploads\/2019\/03\/Konfetti-DIY-1.jpg 800w, https:\/\/www.sabine-seyffert.de\/blog\/wp-content\/uploads\/2019\/03\/Konfetti-DIY-1-300x225.jpg 300w, https:\/\/www.sabine-seyffert.de\/blog\/wp-content\/uploads\/2019\/03\/Konfetti-DIY-1-768x576.jpg 768w\" sizes=\"auto, (max-width: 800px) 100vw, 800px\" \/><\/a><\/p>\n<p style=\"text-align: justify;\">F\u00fcr die Wunderkerzen &#8211; als Geburtstagsfeuerwerk &#8211; habe ich mir auf festen Karton mit dem Drucker kleine Banderolen mit Schriftzug gedruckt. Einfach mit dem Cutter \/ Bastelmesser in der Mitte zweifach je 1 cm einritzen und die Wunderkerzen durchschieben.<\/p>\n<p style=\"text-align: center;\"><a href=\"https:\/\/www.sabine-seyffert.de\/blog\/wp-content\/uploads\/2019\/03\/Geburtstagsfeuerwerk.jpg\"><img loading=\"lazy\" decoding=\"async\" class=\"alignnone size-full wp-image-14135\" src=\"https:\/\/www.sabine-seyffert.de\/blog\/wp-content\/uploads\/2019\/03\/Geburtstagsfeuerwerk.jpg\" alt=\"\" width=\"800\" height=\"600\" srcset=\"https:\/\/www.sabine-seyffert.de\/blog\/wp-content\/uploads\/2019\/03\/Geburtstagsfeuerwerk.jpg 800w, https:\/\/www.sabine-seyffert.de\/blog\/wp-content\/uploads\/2019\/03\/Geburtstagsfeuerwerk-300x225.jpg 300w, https:\/\/www.sabine-seyffert.de\/blog\/wp-content\/uploads\/2019\/03\/Geburtstagsfeuerwerk-768x576.jpg 768w\" sizes=\"auto, (max-width: 800px) 100vw, 800px\" \/><\/a><\/p>\n<p style=\"text-align: justify;\">Aus uni wei\u00dfen Papierbeuteln \/ Bodenbeuteln habe ich, \u00e4hnlich wie bei <a href=\"https:\/\/www.sabine-seyffert.de\/blog\/?p=11067\" target=\"_blank\" rel=\"noopener\">diesen fr\u00f6hlichen Geburtstagslichtern<\/a>, ein Windlicht als Tischdeko gebastelt. Dazu habe ich mit Masking Tape am unteren Rand einige verschieden Gro\u00dfe Kerzen gestaltet, mit Fineliner und Buntstiften Kerzenflammen darauf gemalt und mit Geburtstagsstempel bedruckt. Mit einem Gelstift habe ich noch kleine Kreise als allover Muster dazu gemalt und den Beutel in der L\u00e4nge mit der Schere gek\u00fcrzt. Mit kleinem Glas und Teelicht ausgestattet sorgt dieses f\u00fcr feierlichen Kerzenglanz am Ehrentag.<\/p>\n<p style=\"text-align: center;\"><a href=\"https:\/\/www.sabine-seyffert.de\/blog\/wp-content\/uploads\/2019\/03\/Geburtstag-to-go-8.jpg\"><img loading=\"lazy\" decoding=\"async\" class=\"alignnone size-full wp-image-14136\" src=\"https:\/\/www.sabine-seyffert.de\/blog\/wp-content\/uploads\/2019\/03\/Geburtstag-to-go-8.jpg\" alt=\"\" width=\"800\" height=\"600\" srcset=\"https:\/\/www.sabine-seyffert.de\/blog\/wp-content\/uploads\/2019\/03\/Geburtstag-to-go-8.jpg 800w, https:\/\/www.sabine-seyffert.de\/blog\/wp-content\/uploads\/2019\/03\/Geburtstag-to-go-8-300x225.jpg 300w, https:\/\/www.sabine-seyffert.de\/blog\/wp-content\/uploads\/2019\/03\/Geburtstag-to-go-8-768x576.jpg 768w\" sizes=\"auto, (max-width: 800px) 100vw, 800px\" \/><\/a><\/p>\n<p style=\"text-align: justify;\">Au\u00dferdem darf ein Geburtstagskuchen nat\u00fcrlich nicht fehlen. Dazu habe ich mehrere Kekse mit Schokoladenguss bzw. Kuvert\u00fcre gestapelt, verziert und mittig eine Kerze hineingesteckt. Der Mini Kuchen l\u00e4sst sich mit bunten Liebesperlen, Schokolinsen oder dergleichen noch verzieren.<\/p>\n<p style=\"text-align: center;\"><a href=\"https:\/\/www.sabine-seyffert.de\/blog\/wp-content\/uploads\/2019\/03\/Geburtstagskuchen-2.jpg\"><img loading=\"lazy\" decoding=\"async\" class=\"alignnone size-full wp-image-14129\" src=\"https:\/\/www.sabine-seyffert.de\/blog\/wp-content\/uploads\/2019\/03\/Geburtstagskuchen-2.jpg\" alt=\"\" width=\"600\" height=\"800\" srcset=\"https:\/\/www.sabine-seyffert.de\/blog\/wp-content\/uploads\/2019\/03\/Geburtstagskuchen-2.jpg 600w, https:\/\/www.sabine-seyffert.de\/blog\/wp-content\/uploads\/2019\/03\/Geburtstagskuchen-2-225x300.jpg 225w\" sizes=\"auto, (max-width: 600px) 100vw, 600px\" \/><\/a><\/p>\n<p style=\"text-align: justify;\">In einer teilbaren Plastikkugel aus Acryl habe ich einen Schwung an bunten Schokolinsen als Gute Laune Drops verpackt. Au\u00dferdem gibt es ein paar Luftschlangen und Luftballons zum Dekorieren mit in den Beutel.<\/p>\n<p style=\"text-align: center;\"><a href=\"https:\/\/www.sabine-seyffert.de\/blog\/wp-content\/uploads\/2019\/03\/Gute-Laune-Drops-DIY-1.jpg\"><img loading=\"lazy\" decoding=\"async\" class=\"alignnone size-full wp-image-14137\" src=\"https:\/\/www.sabine-seyffert.de\/blog\/wp-content\/uploads\/2019\/03\/Gute-Laune-Drops-DIY-1.jpg\" alt=\"\" width=\"800\" height=\"600\" srcset=\"https:\/\/www.sabine-seyffert.de\/blog\/wp-content\/uploads\/2019\/03\/Gute-Laune-Drops-DIY-1.jpg 800w, https:\/\/www.sabine-seyffert.de\/blog\/wp-content\/uploads\/2019\/03\/Gute-Laune-Drops-DIY-1-300x225.jpg 300w, https:\/\/www.sabine-seyffert.de\/blog\/wp-content\/uploads\/2019\/03\/Gute-Laune-Drops-DIY-1-768x576.jpg 768w\" sizes=\"auto, (max-width: 800px) 100vw, 800px\" \/><\/a><\/p>\n<p style=\"text-align: justify;\">Weitere Inspirationen f\u00fcr selbst gemachte Geschenkverpackungen findet ihr \u00fcbrigens in <a href=\"https:\/\/www.sabine-seyffert.de\/blog\/?cat=49\" target=\"_blank\" rel=\"noopener\">dieser Rubrik<\/a>, alles zum Thema Geschenkideen <a href=\"https:\/\/www.sabine-seyffert.de\/blog\/?cat=36\" target=\"_blank\" rel=\"noopener\">hier<\/a>, alles rund um den Geburtstag gibt es in <a href=\"https:\/\/www.sabine-seyffert.de\/blog\/?cat=21\" target=\"_blank\" rel=\"noopener\">diesem Ordner<\/a> und andere kreative Sachen <a href=\"https:\/\/www.creadienstag.de\/2019\/03\/linkparty-372.html\" target=\"_blank\" rel=\"noopener nofollow\">da<\/a>.<\/p>\n<p style=\"text-align: center;\"><a href=\"https:\/\/www.sabine-seyffert.de\/blog\/wp-content\/uploads\/2019\/03\/Geburtstag-to-go.jpg\"><img loading=\"lazy\" decoding=\"async\" class=\"alignnone size-full wp-image-14138\" src=\"https:\/\/www.sabine-seyffert.de\/blog\/wp-content\/uploads\/2019\/03\/Geburtstag-to-go.jpg\" alt=\"\" width=\"800\" height=\"600\" srcset=\"https:\/\/www.sabine-seyffert.de\/blog\/wp-content\/uploads\/2019\/03\/Geburtstag-to-go.jpg 800w, https:\/\/www.sabine-seyffert.de\/blog\/wp-content\/uploads\/2019\/03\/Geburtstag-to-go-300x225.jpg 300w, https:\/\/www.sabine-seyffert.de\/blog\/wp-content\/uploads\/2019\/03\/Geburtstag-to-go-768x576.jpg 768w\" sizes=\"auto, (max-width: 800px) 100vw, 800px\" \/><\/a><\/p>\n<p style=\"text-align: justify;\"><a href=\"https:\/\/www.sabine-seyffert.de\/blog\/?page_id=32#urheberrecht\">urheberrechtlich gesch\u00fctzt<\/a>, \u00a9 Sabine Seyffert<\/p>\n","protected":false},"excerpt":{"rendered":"<p>Nachdem ich euch hier die Bastelanleitung f\u00fcr die Geschenkverpackung, den festlich verzierten Papierbeutel verraten habe, gibt es heute Tipps und Ideen f\u00fcr den Inhalt. Schlie\u00dflich bietet so ein gro\u00dfer Beutel gen\u00fcgend Platz um ihn mit allerhand kleinen Geburtstags\u00fcberrschungen und Zubeh\u00f6r zu f\u00fcllen. Die aufgef\u00fchrten Kleinigkeiten sind lediglich Idee, ihr k\u00f6nnt die T\u00fcten nat\u00fcrlich auch nach&#8230; <a href=\"https:\/\/www.sabine-seyffert.de\/blog\/diy-geschenkidee-happy-birthday-geburtstagstuete-to-go-konfetti-geburtstagskuchen-co-teil-2\/\" class=\"more-link\">Read more: DIY Geschenkidee: Happy Birthday Geburtstagst\u00fcte to go \u2013 Konfetti, Geburtstagskuchen &#038; Co. Teil 2<\/a><\/p>\n","protected":false},"author":2,"featured_media":0,"comment_status":"open","ping_status":"open","sticky":false,"template":"","format":"standard","meta":{"_metis_text_type":"","_metis_text_length":2978,"_post_count":0,"footnotes":""},"categories":[36,49,21,51],"tags":[],"class_list":["post-14128","post","type-post","status-publish","format-standard","hentry","category-klitzekleine-geschenkideen","category-verpackungsideen","category-kinderfeste-partys","category-postkarten-grusskarten"],"_links":{"self":[{"href":"https:\/\/www.sabine-seyffert.de\/blog\/wp-json\/wp\/v2\/posts\/14128","targetHints":{"allow":["GET"]}}],"collection":[{"href":"https:\/\/www.sabine-seyffert.de\/blog\/wp-json\/wp\/v2\/posts"}],"about":[{"href":"https:\/\/www.sabine-seyffert.de\/blog\/wp-json\/wp\/v2\/types\/post"}],"author":[{"embeddable":true,"href":"https:\/\/www.sabine-seyffert.de\/blog\/wp-json\/wp\/v2\/users\/2"}],"replies":[{"embeddable":true,"href":"https:\/\/www.sabine-seyffert.de\/blog\/wp-json\/wp\/v2\/comments?post=14128"}],"version-history":[{"count":3,"href":"https:\/\/www.sabine-seyffert.de\/blog\/wp-json\/wp\/v2\/posts\/14128\/revisions"}],"predecessor-version":[{"id":14171,"href":"https:\/\/www.sabine-seyffert.de\/blog\/wp-json\/wp\/v2\/posts\/14128\/revisions\/14171"}],"wp:attachment":[{"href":"https:\/\/www.sabine-seyffert.de\/blog\/wp-json\/wp\/v2\/media?parent=14128"}],"wp:term":[{"taxonomy":"category","embeddable":true,"href":"https:\/\/www.sabine-seyffert.de\/blog\/wp-json\/wp\/v2\/categories?post=14128"},{"taxonomy":"post_tag","embeddable":true,"href":"https:\/\/www.sabine-seyffert.de\/blog\/wp-json\/wp\/v2\/tags?post=14128"}],"curies":[{"name":"wp","href":"https:\/\/api.w.org\/{rel}","templated":true}]}}