{"id":14090,"date":"2019-03-10T14:30:34","date_gmt":"2019-03-10T12:30:34","guid":{"rendered":"https:\/\/www.sabine-seyffert.de\/blog\/?p=14090"},"modified":"2022-11-13T12:52:20","modified_gmt":"2022-11-13T10:52:20","slug":"diy-upcycling-idee-basteln-mit-eierkartons-selbst-gemachter-dekokranz-mit-blueten","status":"publish","type":"post","link":"https:\/\/www.sabine-seyffert.de\/blog\/diy-upcycling-idee-basteln-mit-eierkartons-selbst-gemachter-dekokranz-mit-blueten\/","title":{"rendered":"DIY Upcycling Idee: Basteln mit Eierkartons \u2013 Selbst gemachter Dekokranz mit Bl\u00fcten"},"content":{"rendered":"<p style=\"text-align: justify;\"><img loading=\"lazy\" decoding=\"async\" src=\"http:\/\/vg01.met.vgwort.de\/na\/d363ca424a374f1c955f9e09013cc48c\" alt=\"\" width=\"1\" height=\"1\" \/>Schon lange stand ein T\u00fcrkranz upcycelt aus Eierkartons auf meiner To Do Liste. Nun habe ich mich endlich aufgerafft und einen solchen Kranz gebastelt. Das ist nicht schwer, kostet jedoch in dieser Variante etwas an Zeit und Geduld. Aber die M\u00fche lohnt sich. Jetzt ist der nat\u00fcrliche Kranz endlich fertig und kommt fast ganz ohne gekauftes Material aus. Das Ger\u00fcst bilden Kegel aus leeren Eierkartons. In meinem Fall die ungef\u00e4rbte Variante. Alternativ kann man auch farbige Eierkartons verwenden, aber das war mir zu bunt.<\/p>\n<p style=\"text-align: center;\"><a href=\"https:\/\/www.sabine-seyffert.de\/blog\/wp-content\/uploads\/2019\/03\/Eierkarton-Kranz-Upcycling-13.jpg\"><img loading=\"lazy\" decoding=\"async\" class=\"alignnone size-full wp-image-14091\" src=\"https:\/\/www.sabine-seyffert.de\/blog\/wp-content\/uploads\/2019\/03\/Eierkarton-Kranz-Upcycling-13.jpg\" alt=\"\" width=\"800\" height=\"600\" srcset=\"https:\/\/www.sabine-seyffert.de\/blog\/wp-content\/uploads\/2019\/03\/Eierkarton-Kranz-Upcycling-13.jpg 800w, https:\/\/www.sabine-seyffert.de\/blog\/wp-content\/uploads\/2019\/03\/Eierkarton-Kranz-Upcycling-13-300x225.jpg 300w, https:\/\/www.sabine-seyffert.de\/blog\/wp-content\/uploads\/2019\/03\/Eierkarton-Kranz-Upcycling-13-768x576.jpg 768w\" sizes=\"auto, (max-width: 800px) 100vw, 800px\" \/><\/a><\/p>\n<p style=\"text-align: justify;\"><strong>Das wird gebraucht:<\/strong><br \/>\nLeere Eierkartons (farblos), eine Bastelschere, Hei\u00dfkleber samt Klebepatrone, dicker Draht, d\u00fcnner Basteldraht, Packpapier in naturbraun und grau, kleine Kn\u00f6pfe, einen Motivlocher Bl\u00fcte (Durchmesser ca. 2 cm)<\/p>\n<p style=\"text-align: center;\"><a href=\"https:\/\/www.sabine-seyffert.de\/blog\/wp-content\/uploads\/2019\/03\/Eierkarton-Kranz-Upcycling-2.jpg\"><img loading=\"lazy\" decoding=\"async\" class=\"alignnone size-full wp-image-14092\" src=\"https:\/\/www.sabine-seyffert.de\/blog\/wp-content\/uploads\/2019\/03\/Eierkarton-Kranz-Upcycling-2.jpg\" alt=\"\" width=\"800\" height=\"600\" srcset=\"https:\/\/www.sabine-seyffert.de\/blog\/wp-content\/uploads\/2019\/03\/Eierkarton-Kranz-Upcycling-2.jpg 800w, https:\/\/www.sabine-seyffert.de\/blog\/wp-content\/uploads\/2019\/03\/Eierkarton-Kranz-Upcycling-2-300x225.jpg 300w, https:\/\/www.sabine-seyffert.de\/blog\/wp-content\/uploads\/2019\/03\/Eierkarton-Kranz-Upcycling-2-768x576.jpg 768w\" sizes=\"auto, (max-width: 800px) 100vw, 800px\" \/><\/a><\/p>\n<p style=\"text-align: justify;\"><strong>So wird\u2019s gemacht:<\/strong><br \/>\nZuerst zerschneidet man die Eierkartons so, wie in <a href=\"https:\/\/www.sabine-seyffert.de\/blog\/?p=11839\" target=\"_blank\" rel=\"noopener\">dieser Bastelidee<\/a> beschrieben. Die herausgetrennten Kegel schneidet man mit einer scharfen Schere in Form.<\/p>\n<p style=\"text-align: center;\"><a href=\"https:\/\/www.sabine-seyffert.de\/blog\/wp-content\/uploads\/2019\/03\/Eierkarton-Kranz-Upcycling-3.jpg\"><img loading=\"lazy\" decoding=\"async\" class=\"alignnone size-full wp-image-14093\" src=\"https:\/\/www.sabine-seyffert.de\/blog\/wp-content\/uploads\/2019\/03\/Eierkarton-Kranz-Upcycling-3.jpg\" alt=\"\" width=\"800\" height=\"600\" srcset=\"https:\/\/www.sabine-seyffert.de\/blog\/wp-content\/uploads\/2019\/03\/Eierkarton-Kranz-Upcycling-3.jpg 800w, https:\/\/www.sabine-seyffert.de\/blog\/wp-content\/uploads\/2019\/03\/Eierkarton-Kranz-Upcycling-3-300x225.jpg 300w, https:\/\/www.sabine-seyffert.de\/blog\/wp-content\/uploads\/2019\/03\/Eierkarton-Kranz-Upcycling-3-768x576.jpg 768w\" sizes=\"auto, (max-width: 800px) 100vw, 800px\" \/><\/a><\/p>\n<p style=\"text-align: justify;\">Dann kommt der aufw\u00e4ndige Teil: Aus einem St\u00fcck grauem Packpapier (findet man bsp. als Endst\u00fcck in Geschenkpapierrollen) habe ich Rechtecke geschnitten, circa 11 x 7 cm gro\u00df. Daraus schneidet man nun lange \u201eGrashalme\u201c und l\u00e4sst nur am unteren Rand ca 1,5 cm stehen.<\/p>\n<p style=\"text-align: center;\"><a href=\"https:\/\/www.sabine-seyffert.de\/blog\/wp-content\/uploads\/2019\/03\/Eierkarton-Kranz-Upcycling-1.jpg\"><img loading=\"lazy\" decoding=\"async\" class=\"alignnone size-full wp-image-14094\" src=\"https:\/\/www.sabine-seyffert.de\/blog\/wp-content\/uploads\/2019\/03\/Eierkarton-Kranz-Upcycling-1.jpg\" alt=\"\" width=\"600\" height=\"800\" srcset=\"https:\/\/www.sabine-seyffert.de\/blog\/wp-content\/uploads\/2019\/03\/Eierkarton-Kranz-Upcycling-1.jpg 600w, https:\/\/www.sabine-seyffert.de\/blog\/wp-content\/uploads\/2019\/03\/Eierkarton-Kranz-Upcycling-1-225x300.jpg 225w\" sizes=\"auto, (max-width: 600px) 100vw, 600px\" \/><\/a><\/p>\n<p style=\"text-align: justify;\">Jedes dieser Rechtecke rollt man schlie\u00dflich locker auf und klebt dieses jeweils in einen Eierkarton-Kegel hinein.<\/p>\n<p style=\"text-align: center;\"><a href=\"https:\/\/www.sabine-seyffert.de\/blog\/wp-content\/uploads\/2019\/03\/Eierkarton-Kranz-Upcycling-6.jpg\"><img loading=\"lazy\" decoding=\"async\" class=\"alignnone size-full wp-image-14095\" src=\"https:\/\/www.sabine-seyffert.de\/blog\/wp-content\/uploads\/2019\/03\/Eierkarton-Kranz-Upcycling-6.jpg\" alt=\"\" width=\"800\" height=\"600\" srcset=\"https:\/\/www.sabine-seyffert.de\/blog\/wp-content\/uploads\/2019\/03\/Eierkarton-Kranz-Upcycling-6.jpg 800w, https:\/\/www.sabine-seyffert.de\/blog\/wp-content\/uploads\/2019\/03\/Eierkarton-Kranz-Upcycling-6-300x225.jpg 300w, https:\/\/www.sabine-seyffert.de\/blog\/wp-content\/uploads\/2019\/03\/Eierkarton-Kranz-Upcycling-6-768x576.jpg 768w\" sizes=\"auto, (max-width: 800px) 100vw, 800px\" \/><\/a><\/p>\n<p style=\"text-align: justify;\">Hat man gen\u00fcgend Eierkartonkegel auf diese Weise vorbereitet nimmt man ein langes St\u00fcck festen Draht, biegt diesen zu einem Kreis und f\u00e4delt einen Kegel nach dem n\u00e4chsten auf. Auf die Enden gibt man etwas Hei\u00dfkleber und dr\u00fcckt die Kegel ineinander, so dass nach und nach ein Kreis geschlossener entsteht.<\/p>\n<p style=\"text-align: center;\"><a href=\"https:\/\/www.sabine-seyffert.de\/blog\/wp-content\/uploads\/2019\/03\/Eierkarton-Kranz-Upcycling-7.jpg\"><img loading=\"lazy\" decoding=\"async\" class=\"alignnone size-full wp-image-14096\" src=\"https:\/\/www.sabine-seyffert.de\/blog\/wp-content\/uploads\/2019\/03\/Eierkarton-Kranz-Upcycling-7.jpg\" alt=\"\" width=\"800\" height=\"600\" srcset=\"https:\/\/www.sabine-seyffert.de\/blog\/wp-content\/uploads\/2019\/03\/Eierkarton-Kranz-Upcycling-7.jpg 800w, https:\/\/www.sabine-seyffert.de\/blog\/wp-content\/uploads\/2019\/03\/Eierkarton-Kranz-Upcycling-7-300x225.jpg 300w, https:\/\/www.sabine-seyffert.de\/blog\/wp-content\/uploads\/2019\/03\/Eierkarton-Kranz-Upcycling-7-768x576.jpg 768w\" sizes=\"auto, (max-width: 800px) 100vw, 800px\" \/><\/a><\/p>\n<p style=\"text-align: justify;\">Zum Verzieren habe ich aus normalem Packpapier eine handvoll Bl\u00fcten gestanzt. Immer zwei dieser Bl\u00fcten klebt man so \u00fcbereinander, dass Innen d\u00fcnner Basteldraht verl\u00e4uft.<\/p>\n<p style=\"text-align: center;\"><a href=\"https:\/\/www.sabine-seyffert.de\/blog\/wp-content\/uploads\/2019\/03\/Eierkarton-Kranz-Upcycling-11.jpg\"><img loading=\"lazy\" decoding=\"async\" class=\"alignnone size-full wp-image-14098\" src=\"https:\/\/www.sabine-seyffert.de\/blog\/wp-content\/uploads\/2019\/03\/Eierkarton-Kranz-Upcycling-11.jpg\" alt=\"\" width=\"800\" height=\"600\" srcset=\"https:\/\/www.sabine-seyffert.de\/blog\/wp-content\/uploads\/2019\/03\/Eierkarton-Kranz-Upcycling-11.jpg 800w, https:\/\/www.sabine-seyffert.de\/blog\/wp-content\/uploads\/2019\/03\/Eierkarton-Kranz-Upcycling-11-300x225.jpg 300w, https:\/\/www.sabine-seyffert.de\/blog\/wp-content\/uploads\/2019\/03\/Eierkarton-Kranz-Upcycling-11-768x576.jpg 768w\" sizes=\"auto, (max-width: 800px) 100vw, 800px\" \/><\/a><\/p>\n<p style=\"text-align: justify;\">Auf diese Weise entsteht eine fragile Bl\u00fctengirlande. Die Bl\u00fcten habe ich in der Mitte noch mit Kn\u00f6pfen verziert, die mit einem kleinen Tropfen Hei\u00dfkleber fixiert werden.<\/p>\n<p style=\"text-align: center;\"><a href=\"https:\/\/www.sabine-seyffert.de\/blog\/wp-content\/uploads\/2019\/03\/Eierkarton-Kranz-Upcycling-12.jpg\"><img loading=\"lazy\" decoding=\"async\" class=\"alignnone size-full wp-image-14099\" src=\"https:\/\/www.sabine-seyffert.de\/blog\/wp-content\/uploads\/2019\/03\/Eierkarton-Kranz-Upcycling-12.jpg\" alt=\"\" width=\"800\" height=\"600\" srcset=\"https:\/\/www.sabine-seyffert.de\/blog\/wp-content\/uploads\/2019\/03\/Eierkarton-Kranz-Upcycling-12.jpg 800w, https:\/\/www.sabine-seyffert.de\/blog\/wp-content\/uploads\/2019\/03\/Eierkarton-Kranz-Upcycling-12-300x225.jpg 300w, https:\/\/www.sabine-seyffert.de\/blog\/wp-content\/uploads\/2019\/03\/Eierkarton-Kranz-Upcycling-12-768x576.jpg 768w\" sizes=\"auto, (max-width: 800px) 100vw, 800px\" \/><\/a><\/p>\n<p style=\"text-align: justify;\">Der Mix aus unterschiedlichem Material gef\u00e4llt mir gut und durch die Kn\u00f6pfe kommt zus\u00e4tzlich noch eine weitere Farbe ins Spiel. Wenn die Girlande lang genug ist, kann man diese locker um den Kranz binden.<\/p>\n<p style=\"text-align: center;\"><a href=\"https:\/\/www.sabine-seyffert.de\/blog\/wp-content\/uploads\/2019\/03\/Eierkarton-Kranz-Upcycling-15.jpg\"><img loading=\"lazy\" decoding=\"async\" class=\"alignnone size-full wp-image-14105\" src=\"https:\/\/www.sabine-seyffert.de\/blog\/wp-content\/uploads\/2019\/03\/Eierkarton-Kranz-Upcycling-15.jpg\" alt=\"\" width=\"800\" height=\"600\" srcset=\"https:\/\/www.sabine-seyffert.de\/blog\/wp-content\/uploads\/2019\/03\/Eierkarton-Kranz-Upcycling-15.jpg 800w, https:\/\/www.sabine-seyffert.de\/blog\/wp-content\/uploads\/2019\/03\/Eierkarton-Kranz-Upcycling-15-300x225.jpg 300w, https:\/\/www.sabine-seyffert.de\/blog\/wp-content\/uploads\/2019\/03\/Eierkarton-Kranz-Upcycling-15-768x576.jpg 768w\" sizes=\"auto, (max-width: 800px) 100vw, 800px\" \/><\/a><\/p>\n<p style=\"text-align: justify;\">Zum Schluss noch ein St\u00fcck Nylongarn hindurchziehen und daran l\u00e4sst sich der Kranz an die T\u00fcr, das Fenster oder die Wand h\u00e4ngen.<\/p>\n<p style=\"text-align: center;\"><a href=\"https:\/\/www.sabine-seyffert.de\/blog\/wp-content\/uploads\/2019\/03\/Eierkarton-Kranz-Upcycling-14.jpg\"><img loading=\"lazy\" decoding=\"async\" class=\"alignnone size-full wp-image-14101\" src=\"https:\/\/www.sabine-seyffert.de\/blog\/wp-content\/uploads\/2019\/03\/Eierkarton-Kranz-Upcycling-14.jpg\" alt=\"\" width=\"800\" height=\"600\" srcset=\"https:\/\/www.sabine-seyffert.de\/blog\/wp-content\/uploads\/2019\/03\/Eierkarton-Kranz-Upcycling-14.jpg 800w, https:\/\/www.sabine-seyffert.de\/blog\/wp-content\/uploads\/2019\/03\/Eierkarton-Kranz-Upcycling-14-300x225.jpg 300w, https:\/\/www.sabine-seyffert.de\/blog\/wp-content\/uploads\/2019\/03\/Eierkarton-Kranz-Upcycling-14-768x576.jpg 768w\" sizes=\"auto, (max-width: 800px) 100vw, 800px\" \/><\/a><\/p>\n<p style=\"text-align: justify;\">Weitere Upcycling Ideen findet ihr \u00fcbrigens in <a href=\"https:\/\/www.sabine-seyffert.de\/blog\/?cat=47\" target=\"_blank\" rel=\"noopener\">dieser Blog Kategorie<\/a>, alles zum Thema Deko gibt es in <a href=\"https:\/\/www.sabine-seyffert.de\/blog\/?cat=12\" target=\"_blank\" rel=\"noopener\">diesem Ordner<\/a>, mehr Gr\u00fcn <a href=\"https:\/\/www.naturkinder.com\/gruenzeug-we-love-green-stuff-79\/\" target=\"_blank\" rel=\"noopener nofollow\">da<\/a> und andere kreative Sachen gibt es an <a href=\"https:\/\/www.creadienstag.de\/2019\/03\/linkparty-371.html\" target=\"_blank\" rel=\"noopener nofollow\">dieser<\/a> Stelle.<\/p>\n<p style=\"text-align: center;\"><a href=\"https:\/\/www.sabine-seyffert.de\/blog\/wp-content\/uploads\/2019\/03\/Eierkarton-Kranz-Upcycling-16.jpg\"><img loading=\"lazy\" decoding=\"async\" class=\"alignnone size-full wp-image-14102\" src=\"https:\/\/www.sabine-seyffert.de\/blog\/wp-content\/uploads\/2019\/03\/Eierkarton-Kranz-Upcycling-16.jpg\" alt=\"\" width=\"800\" height=\"600\" srcset=\"https:\/\/www.sabine-seyffert.de\/blog\/wp-content\/uploads\/2019\/03\/Eierkarton-Kranz-Upcycling-16.jpg 800w, https:\/\/www.sabine-seyffert.de\/blog\/wp-content\/uploads\/2019\/03\/Eierkarton-Kranz-Upcycling-16-300x225.jpg 300w, https:\/\/www.sabine-seyffert.de\/blog\/wp-content\/uploads\/2019\/03\/Eierkarton-Kranz-Upcycling-16-768x576.jpg 768w\" sizes=\"auto, (max-width: 800px) 100vw, 800px\" \/><\/a><\/p>\n<p style=\"text-align: justify;\"><a href=\"https:\/\/www.sabine-seyffert.de\/blog\/?page_id=32#urheberrecht\">urheberrechtlich gesch\u00fctzt<\/a>, \u00a9 Sabine Seyffert<\/p>\n","protected":false},"excerpt":{"rendered":"<p>Schon lange stand ein T\u00fcrkranz upcycelt aus Eierkartons auf meiner To Do Liste. Nun habe ich mich endlich aufgerafft und einen solchen Kranz gebastelt. Das ist nicht schwer, kostet jedoch in dieser Variante etwas an Zeit und Geduld. Aber die M\u00fche lohnt sich. Jetzt ist der nat\u00fcrliche Kranz endlich fertig und kommt fast ganz ohne&#8230; <a href=\"https:\/\/www.sabine-seyffert.de\/blog\/diy-upcycling-idee-basteln-mit-eierkartons-selbst-gemachter-dekokranz-mit-blueten\/\" class=\"more-link\">Read more: DIY Upcycling Idee: Basteln mit Eierkartons \u2013 Selbst gemachter Dekokranz mit Bl\u00fcten<\/a><\/p>\n","protected":false},"author":2,"featured_media":0,"comment_status":"open","ping_status":"open","sticky":false,"template":"","format":"standard","meta":{"_metis_text_type":"","_metis_text_length":2519,"_post_count":0,"footnotes":""},"categories":[12,23,47],"tags":[],"class_list":["post-14090","post","type-post","status-publish","format-standard","hentry","category-deko-ideen","category-fruhling","category-upcyceltes"],"_links":{"self":[{"href":"https:\/\/www.sabine-seyffert.de\/blog\/wp-json\/wp\/v2\/posts\/14090","targetHints":{"allow":["GET"]}}],"collection":[{"href":"https:\/\/www.sabine-seyffert.de\/blog\/wp-json\/wp\/v2\/posts"}],"about":[{"href":"https:\/\/www.sabine-seyffert.de\/blog\/wp-json\/wp\/v2\/types\/post"}],"author":[{"embeddable":true,"href":"https:\/\/www.sabine-seyffert.de\/blog\/wp-json\/wp\/v2\/users\/2"}],"replies":[{"embeddable":true,"href":"https:\/\/www.sabine-seyffert.de\/blog\/wp-json\/wp\/v2\/comments?post=14090"}],"version-history":[{"count":9,"href":"https:\/\/www.sabine-seyffert.de\/blog\/wp-json\/wp\/v2\/posts\/14090\/revisions"}],"predecessor-version":[{"id":24425,"href":"https:\/\/www.sabine-seyffert.de\/blog\/wp-json\/wp\/v2\/posts\/14090\/revisions\/24425"}],"wp:attachment":[{"href":"https:\/\/www.sabine-seyffert.de\/blog\/wp-json\/wp\/v2\/media?parent=14090"}],"wp:term":[{"taxonomy":"category","embeddable":true,"href":"https:\/\/www.sabine-seyffert.de\/blog\/wp-json\/wp\/v2\/categories?post=14090"},{"taxonomy":"post_tag","embeddable":true,"href":"https:\/\/www.sabine-seyffert.de\/blog\/wp-json\/wp\/v2\/tags?post=14090"}],"curies":[{"name":"wp","href":"https:\/\/api.w.org\/{rel}","templated":true}]}}