{"id":14078,"date":"2019-03-07T08:30:48","date_gmt":"2019-03-07T06:30:48","guid":{"rendered":"https:\/\/www.sabine-seyffert.de\/blog\/?p=14078"},"modified":"2019-03-16T09:17:15","modified_gmt":"2019-03-16T07:17:15","slug":"diy-selbst-gemachte-fruehlingsdeko-bluehender-ast-fuer-die-vase-weissdornblueten-aus-papier-basteln","status":"publish","type":"post","link":"https:\/\/www.sabine-seyffert.de\/blog\/diy-selbst-gemachte-fruehlingsdeko-bluehender-ast-fuer-die-vase-weissdornblueten-aus-papier-basteln\/","title":{"rendered":"DIY Selbst gemachte Fr\u00fchlingsdeko: Bl\u00fchender Ast f\u00fcr die Vase \u2013 Wei\u00dfdornbl\u00fcten aus Papier basteln"},"content":{"rendered":"<p style=\"text-align: justify;\"><img loading=\"lazy\" decoding=\"async\" src=\"https:\/\/vg01.met.vgwort.de\/na\/5f068e96fd9842b5b065a934018b9648\" alt=\"\" width=\"1\" height=\"1\" \/>Wenn der Fr\u00fchling sich ganz langsam aber sicher bemerkbar macht, freue ich mich immer ganz besonders f\u00fcr die ersten zarten Bl\u00fcten, die man Drau\u00dfen im Garten oder auf Spazierg\u00e4ngen entdeckt. Ganz in der N\u00e4he w\u00e4chst allerhand Wei\u00dfdorn. Die wei\u00dfen Mini Bl\u00fcten haben es mir sehr angetan. Dazu hatte ich euch auch im letzten Jahr schon mal zwei kreative DIY Ideen gezeigt, wie die <a href=\"https:\/\/www.sabine-seyffert.de\/blog\/?p=11987\" target=\"_blank\" rel=\"noopener\">h\u00e4ngenden Windlichter<\/a> oder auch <a href=\"https:\/\/www.sabine-seyffert.de\/blog\/?p=12065\" target=\"_blank\" rel=\"noopener\">diese Geschenkverpackung<\/a>. Dieses Jahr wollte ich mir auch ein paar Fr\u00fchlingsboten ins Haus holen und habe mir kurzerhand eine Deko f\u00fcrs Wohnzimmer gebastelt.<\/p>\n<p style=\"text-align: center;\"><a href=\"https:\/\/www.sabine-seyffert.de\/blog\/wp-content\/uploads\/2019\/03\/Ast-Wei\u00dfdorn-DIY-3.jpg\"><img loading=\"lazy\" decoding=\"async\" class=\"alignnone size-full wp-image-14079\" src=\"https:\/\/www.sabine-seyffert.de\/blog\/wp-content\/uploads\/2019\/03\/Ast-Wei\u00dfdorn-DIY-3.jpg\" alt=\"\" width=\"800\" height=\"600\" srcset=\"https:\/\/www.sabine-seyffert.de\/blog\/wp-content\/uploads\/2019\/03\/Ast-Wei\u00dfdorn-DIY-3.jpg 800w, https:\/\/www.sabine-seyffert.de\/blog\/wp-content\/uploads\/2019\/03\/Ast-Wei\u00dfdorn-DIY-3-300x225.jpg 300w, https:\/\/www.sabine-seyffert.de\/blog\/wp-content\/uploads\/2019\/03\/Ast-Wei\u00dfdorn-DIY-3-768x576.jpg 768w\" sizes=\"auto, (max-width: 800px) 100vw, 800px\" \/><\/a><\/p>\n<p style=\"text-align: justify;\"><strong>Das wird gebraucht:<\/strong><br \/>\nZweig oder Ast, eine Vase \/ Flasche o.\u00e4., uni wei\u00dfes Geschenkpapier, ein Restst\u00fcck graues Packpapier, Kleber, Hei\u00dfklebepistole samt Klebepatrone, einen Motivlocher Bl\u00fcte (Durchmesser 1,5 cm sowie im Mini Format), Halbperlen zum Aufkleben, einen wei\u00dfen Lackstift oder Gelschreiber, eine Bastelschere sowie optional eine Gartenschere<\/p>\n<p style=\"text-align: center;\"><a href=\"https:\/\/www.sabine-seyffert.de\/blog\/wp-content\/uploads\/2019\/03\/Ast-Wei\u00dfdorn-DIY-7.jpg\"><img loading=\"lazy\" decoding=\"async\" class=\"alignnone size-full wp-image-14080\" src=\"https:\/\/www.sabine-seyffert.de\/blog\/wp-content\/uploads\/2019\/03\/Ast-Wei\u00dfdorn-DIY-7.jpg\" alt=\"\" width=\"800\" height=\"600\" srcset=\"https:\/\/www.sabine-seyffert.de\/blog\/wp-content\/uploads\/2019\/03\/Ast-Wei\u00dfdorn-DIY-7.jpg 800w, https:\/\/www.sabine-seyffert.de\/blog\/wp-content\/uploads\/2019\/03\/Ast-Wei\u00dfdorn-DIY-7-300x225.jpg 300w, https:\/\/www.sabine-seyffert.de\/blog\/wp-content\/uploads\/2019\/03\/Ast-Wei\u00dfdorn-DIY-7-768x576.jpg 768w\" sizes=\"auto, (max-width: 800px) 100vw, 800px\" \/><\/a><\/p>\n<p style=\"text-align: justify;\"><strong>So wird\u2019s gemacht:<\/strong><br \/>\nBevor ihr mit dem Basteln loslegt, braucht ihr einen oder auch mehrere sch\u00f6ne Zweige, die man im Winter \u00fcberall im Wald auf dem Boden findet und man somit nicht extra abzuschneiden braucht. Lasst diese \u00c4ste 1-2 Tage an der Heizung gut durchtrocknen. Das ist wichtig, damit der Kleber auch h\u00e4lt und die Bl\u00fctenpracht nicht im Nu wieder abf\u00e4llt.<\/p>\n<p style=\"text-align: center;\"><a href=\"https:\/\/www.sabine-seyffert.de\/blog\/wp-content\/uploads\/2019\/03\/Ast-Wei\u00dfdorn-DIY-4.jpg\"><img loading=\"lazy\" decoding=\"async\" class=\"alignnone size-full wp-image-14081\" src=\"https:\/\/www.sabine-seyffert.de\/blog\/wp-content\/uploads\/2019\/03\/Ast-Wei\u00dfdorn-DIY-4.jpg\" alt=\"\" width=\"800\" height=\"600\" srcset=\"https:\/\/www.sabine-seyffert.de\/blog\/wp-content\/uploads\/2019\/03\/Ast-Wei\u00dfdorn-DIY-4.jpg 800w, https:\/\/www.sabine-seyffert.de\/blog\/wp-content\/uploads\/2019\/03\/Ast-Wei\u00dfdorn-DIY-4-300x225.jpg 300w, https:\/\/www.sabine-seyffert.de\/blog\/wp-content\/uploads\/2019\/03\/Ast-Wei\u00dfdorn-DIY-4-768x576.jpg 768w\" sizes=\"auto, (max-width: 800px) 100vw, 800px\" \/><\/a><\/p>\n<p style=\"text-align: justify;\">Dann stanzt ihr mit dem Motivlocher einen ganzen Schwung wei\u00dfer Bl\u00fctenbl\u00e4tter aus etwas wei\u00dfem Geschenkpapier. Notfalls kann man auch d\u00fcnnes Tonpapier verwenden, aber das Geschenkpapier fand ich pers\u00f6nlich noch etwas filigraner.<\/p>\n<p style=\"text-align: center;\"><a href=\"https:\/\/www.sabine-seyffert.de\/blog\/wp-content\/uploads\/2019\/03\/Ast-Wei\u00dfdorn-DIY-2.jpg\"><img loading=\"lazy\" decoding=\"async\" class=\"alignnone size-full wp-image-14082\" src=\"https:\/\/www.sabine-seyffert.de\/blog\/wp-content\/uploads\/2019\/03\/Ast-Wei\u00dfdorn-DIY-2.jpg\" alt=\"\" width=\"800\" height=\"600\" srcset=\"https:\/\/www.sabine-seyffert.de\/blog\/wp-content\/uploads\/2019\/03\/Ast-Wei\u00dfdorn-DIY-2.jpg 800w, https:\/\/www.sabine-seyffert.de\/blog\/wp-content\/uploads\/2019\/03\/Ast-Wei\u00dfdorn-DIY-2-300x225.jpg 300w, https:\/\/www.sabine-seyffert.de\/blog\/wp-content\/uploads\/2019\/03\/Ast-Wei\u00dfdorn-DIY-2-768x576.jpg 768w\" sizes=\"auto, (max-width: 800px) 100vw, 800px\" \/><\/a><\/p>\n<p style=\"text-align: justify;\">Immer zwei dieser wei\u00dfen Bl\u00fcten klebt ihr \u00fcbereinander. Bei der oberen Bl\u00fcte knickt ihr die Bl\u00e4tter etwas nach oben, damit diese plastischer aussehen. Innen habe ich jede Bl\u00fcte mit einer Minibl\u00fcte aus grauem Packpapier versehen, wie man es am Ende einer Geschenkrolle oder auch als F\u00fcllmaterial oft in Paketsendungen findet.<\/p>\n<p style=\"text-align: center;\"><a href=\"https:\/\/www.sabine-seyffert.de\/blog\/wp-content\/uploads\/2019\/03\/Ast-Wei\u00dfdorn-DIY-10.jpg\"><img loading=\"lazy\" decoding=\"async\" class=\"alignnone size-full wp-image-14083\" src=\"https:\/\/www.sabine-seyffert.de\/blog\/wp-content\/uploads\/2019\/03\/Ast-Wei\u00dfdorn-DIY-10.jpg\" alt=\"\" width=\"600\" height=\"800\" srcset=\"https:\/\/www.sabine-seyffert.de\/blog\/wp-content\/uploads\/2019\/03\/Ast-Wei\u00dfdorn-DIY-10.jpg 600w, https:\/\/www.sabine-seyffert.de\/blog\/wp-content\/uploads\/2019\/03\/Ast-Wei\u00dfdorn-DIY-10-225x300.jpg 225w\" sizes=\"auto, (max-width: 600px) 100vw, 600px\" \/><\/a><\/p>\n<p style=\"text-align: justify;\">Au\u00dferdem habe ich in jede Bl\u00fcte in m\u00fchsamer Handarbeit noch eine Halbperle aufgeklebt. Wer diese nicht zur Hand hat, kann die Bl\u00fcten alternativ so anfertigen, wie die Kirschbl\u00fcten aus <a href=\"https:\/\/www.sabine-seyffert.de\/blog\/?p=10060\" target=\"_blank\" rel=\"noopener\">dieser Bastelanleitung<\/a>.<\/p>\n<p style=\"text-align: center;\"><a href=\"https:\/\/www.sabine-seyffert.de\/blog\/wp-content\/uploads\/2019\/03\/Ast-Wei\u00dfdorn-DIY-1.jpg\"><img loading=\"lazy\" decoding=\"async\" class=\"alignnone size-full wp-image-14084\" src=\"https:\/\/www.sabine-seyffert.de\/blog\/wp-content\/uploads\/2019\/03\/Ast-Wei\u00dfdorn-DIY-1.jpg\" alt=\"\" width=\"800\" height=\"600\" srcset=\"https:\/\/www.sabine-seyffert.de\/blog\/wp-content\/uploads\/2019\/03\/Ast-Wei\u00dfdorn-DIY-1.jpg 800w, https:\/\/www.sabine-seyffert.de\/blog\/wp-content\/uploads\/2019\/03\/Ast-Wei\u00dfdorn-DIY-1-300x225.jpg 300w, https:\/\/www.sabine-seyffert.de\/blog\/wp-content\/uploads\/2019\/03\/Ast-Wei\u00dfdorn-DIY-1-768x576.jpg 768w\" sizes=\"auto, (max-width: 800px) 100vw, 800px\" \/><\/a><\/p>\n<p style=\"text-align: justify;\">Jetzt kommt die Hei\u00dfklebepistole zum Einsatz. Mit dieser habe ich Bl\u00fcte f\u00fcr Bl\u00fcte an den Ast geklebt. Und ganz zum Schluss noch einen per Hand beschrifteten Wimpel mit dem Schriftzug \u201eFr\u00fchling\u201c angebracht.<\/p>\n<p style=\"text-align: center;\"><a href=\"https:\/\/www.sabine-seyffert.de\/blog\/wp-content\/uploads\/2019\/03\/Ast-Wei\u00dfdorn-DIY-11.jpg\"><img loading=\"lazy\" decoding=\"async\" class=\"alignnone size-full wp-image-14085\" src=\"https:\/\/www.sabine-seyffert.de\/blog\/wp-content\/uploads\/2019\/03\/Ast-Wei\u00dfdorn-DIY-11.jpg\" alt=\"\" width=\"600\" height=\"800\" srcset=\"https:\/\/www.sabine-seyffert.de\/blog\/wp-content\/uploads\/2019\/03\/Ast-Wei\u00dfdorn-DIY-11.jpg 600w, https:\/\/www.sabine-seyffert.de\/blog\/wp-content\/uploads\/2019\/03\/Ast-Wei\u00dfdorn-DIY-11-225x300.jpg 225w\" sizes=\"auto, (max-width: 600px) 100vw, 600px\" \/><\/a><\/p>\n<p style=\"text-align: justify;\">Dann kann der Ast in eine Flasche oder Vase wandern und schon hat man ein St\u00fcck bl\u00fchender Fr\u00fchlingspracht, die drinnen lange h\u00e4lt und kein frisches Wasser braucht \ud83d\ude09<\/p>\n<p style=\"text-align: center;\"><a href=\"https:\/\/www.sabine-seyffert.de\/blog\/wp-content\/uploads\/2019\/03\/Ast-Wei\u00dfdorn-DIY-14.jpg\"><img loading=\"lazy\" decoding=\"async\" class=\"alignnone size-full wp-image-14086\" src=\"https:\/\/www.sabine-seyffert.de\/blog\/wp-content\/uploads\/2019\/03\/Ast-Wei\u00dfdorn-DIY-14.jpg\" alt=\"\" width=\"800\" height=\"600\" srcset=\"https:\/\/www.sabine-seyffert.de\/blog\/wp-content\/uploads\/2019\/03\/Ast-Wei\u00dfdorn-DIY-14.jpg 800w, https:\/\/www.sabine-seyffert.de\/blog\/wp-content\/uploads\/2019\/03\/Ast-Wei\u00dfdorn-DIY-14-300x225.jpg 300w, https:\/\/www.sabine-seyffert.de\/blog\/wp-content\/uploads\/2019\/03\/Ast-Wei\u00dfdorn-DIY-14-768x576.jpg 768w\" sizes=\"auto, (max-width: 800px) 100vw, 800px\" \/><\/a><\/p>\n<p style=\"text-align: justify;\">Alle Ideen rund um die Osterzeit gibt es in <a href=\"https:\/\/www.sabine-seyffert.de\/blog\/?cat=23\" target=\"_blank\" rel=\"noopener\">diesem Fr\u00fchlingsordner<\/a>, kreativen Deko Ideen findet ihr in <a href=\"https:\/\/www.sabine-seyffert.de\/blog\/?cat=12\" target=\"_blank\" rel=\"noopener\">dieser Kategorie<\/a>, klitzekleine Geschenkideen in <a href=\"https:\/\/www.sabine-seyffert.de\/blog\/?cat=36\" target=\"_blank\" rel=\"noopener\">dieser Rubrik<\/a>, alle Upcycling Bastelideen an <a href=\"https:\/\/www.sabine-seyffert.de\/blog\/?cat=47\" target=\"_blank\" rel=\"noopener\">dieser Stelle<\/a>, mehr Gr\u00fcn <a href=\"https:\/\/www.naturkinder.com\/gruenzeug-we-love-green-stuff-79\/\" target=\"_blank\" rel=\"noopener nofollow\">dort<\/a> sowie andere kreative Sachen da.<\/p>\n<p style=\"text-align: justify;\"><a href=\"https:\/\/www.sabine-seyffert.de\/blog\/?page_id=32#urheberrecht\">urheberrechtlich gesch\u00fctzt<\/a>, \u00a9 Sabine Seyffert<\/p>\n","protected":false},"excerpt":{"rendered":"<p>Wenn der Fr\u00fchling sich ganz langsam aber sicher bemerkbar macht, freue ich mich immer ganz besonders f\u00fcr die ersten zarten Bl\u00fcten, die man Drau\u00dfen im Garten oder auf Spazierg\u00e4ngen entdeckt. Ganz in der N\u00e4he w\u00e4chst allerhand Wei\u00dfdorn. Die wei\u00dfen Mini Bl\u00fcten haben es mir sehr angetan. Dazu hatte ich euch auch im letzten Jahr schon&#8230; <a href=\"https:\/\/www.sabine-seyffert.de\/blog\/diy-selbst-gemachte-fruehlingsdeko-bluehender-ast-fuer-die-vase-weissdornblueten-aus-papier-basteln\/\" class=\"more-link\">Read more: DIY Selbst gemachte Fr\u00fchlingsdeko: Bl\u00fchender Ast f\u00fcr die Vase \u2013 Wei\u00dfdornbl\u00fcten aus Papier basteln<\/a><\/p>\n","protected":false},"author":2,"featured_media":0,"comment_status":"open","ping_status":"open","sticky":false,"template":"","format":"standard","meta":{"_metis_text_type":"","_metis_text_length":2717,"_post_count":0,"footnotes":""},"categories":[12,23,36,47],"tags":[],"class_list":["post-14078","post","type-post","status-publish","format-standard","hentry","category-deko-ideen","category-fruhling","category-klitzekleine-geschenkideen","category-upcyceltes"],"_links":{"self":[{"href":"https:\/\/www.sabine-seyffert.de\/blog\/wp-json\/wp\/v2\/posts\/14078","targetHints":{"allow":["GET"]}}],"collection":[{"href":"https:\/\/www.sabine-seyffert.de\/blog\/wp-json\/wp\/v2\/posts"}],"about":[{"href":"https:\/\/www.sabine-seyffert.de\/blog\/wp-json\/wp\/v2\/types\/post"}],"author":[{"embeddable":true,"href":"https:\/\/www.sabine-seyffert.de\/blog\/wp-json\/wp\/v2\/users\/2"}],"replies":[{"embeddable":true,"href":"https:\/\/www.sabine-seyffert.de\/blog\/wp-json\/wp\/v2\/comments?post=14078"}],"version-history":[{"count":4,"href":"https:\/\/www.sabine-seyffert.de\/blog\/wp-json\/wp\/v2\/posts\/14078\/revisions"}],"predecessor-version":[{"id":14144,"href":"https:\/\/www.sabine-seyffert.de\/blog\/wp-json\/wp\/v2\/posts\/14078\/revisions\/14144"}],"wp:attachment":[{"href":"https:\/\/www.sabine-seyffert.de\/blog\/wp-json\/wp\/v2\/media?parent=14078"}],"wp:term":[{"taxonomy":"category","embeddable":true,"href":"https:\/\/www.sabine-seyffert.de\/blog\/wp-json\/wp\/v2\/categories?post=14078"},{"taxonomy":"post_tag","embeddable":true,"href":"https:\/\/www.sabine-seyffert.de\/blog\/wp-json\/wp\/v2\/tags?post=14078"}],"curies":[{"name":"wp","href":"https:\/\/api.w.org\/{rel}","templated":true}]}}