{"id":1406,"date":"2013-04-27T17:14:23","date_gmt":"2013-04-27T15:14:23","guid":{"rendered":"http:\/\/www.sabine-seyffert.de\/blog\/?p=1406"},"modified":"2015-09-21T18:33:12","modified_gmt":"2015-09-21T16:33:12","slug":"der-april-macht-was-er-will","status":"publish","type":"post","link":"https:\/\/www.sabine-seyffert.de\/blog\/der-april-macht-was-er-will\/","title":{"rendered":"Der April macht was er will"},"content":{"rendered":"<p style=\"text-align: center;\"><img loading=\"lazy\" decoding=\"async\" src=\"https:\/\/ssl-vg03.met.vgwort.de\/na\/78a6ea0249c74661880f7b25b28be7bb\" alt=\"\" width=\"1\" height=\"1\" \/><a href=\"http:\/\/www.sabine-seyffert.de\/blog\/wp-content\/uploads\/2013\/04\/Fr\u00fchlingshimmel.jpg\"><img loading=\"lazy\" decoding=\"async\" class=\"alignnone size-full wp-image-1407\" src=\"http:\/\/www.sabine-seyffert.de\/blog\/wp-content\/uploads\/2013\/04\/Fr\u00fchlingshimmel.jpg\" alt=\"Fr\u00fchlingshimmel\" width=\"596\" height=\"715\" srcset=\"https:\/\/www.sabine-seyffert.de\/blog\/wp-content\/uploads\/2013\/04\/Fr\u00fchlingshimmel.jpg 596w, https:\/\/www.sabine-seyffert.de\/blog\/wp-content\/uploads\/2013\/04\/Fr\u00fchlingshimmel-250x300.jpg 250w\" sizes=\"auto, (max-width: 596px) 100vw, 596px\" \/><\/a><\/p>\n<p style=\"text-align: justify;\">Wie hei\u00dft es doch so sch\u00f6n: <em>Der April, April \u2013 der macht was er will<\/em>! Diese alte Bauernweisheit trifft in diesem Jahr wohl zu, denn gerade in den letzten Wochen war das Wetter so unterschiedlich, wie es nur sein konnte: Von Frost und eisigen Temperaturen, Tagen voller Regen, grauer Himmel bei milden Graden \u2013 aber auch strahlend blauer Himmel mit schon fast sommerlich warmen Sonnenschein. Entsprechend bunt und unterschiedlich war die Farbenvielfalt am Himmelzelt.<\/p>\n<p style=\"text-align: center;\"><a href=\"http:\/\/www.sabine-seyffert.de\/blog\/wp-content\/uploads\/2013\/04\/Fr\u00fchlingshimmel-2.jpg\"><img loading=\"lazy\" decoding=\"async\" class=\"alignnone size-full wp-image-1408\" src=\"http:\/\/www.sabine-seyffert.de\/blog\/wp-content\/uploads\/2013\/04\/Fr\u00fchlingshimmel-2.jpg\" alt=\"Fr\u00fchlingshimmel 2\" width=\"600\" height=\"800\" srcset=\"https:\/\/www.sabine-seyffert.de\/blog\/wp-content\/uploads\/2013\/04\/Fr\u00fchlingshimmel-2.jpg 600w, https:\/\/www.sabine-seyffert.de\/blog\/wp-content\/uploads\/2013\/04\/Fr\u00fchlingshimmel-2-225x300.jpg 225w\" sizes=\"auto, (max-width: 600px) 100vw, 600px\" \/><\/a><\/p>\n<p style=\"text-align: justify;\">Besonders fasziniert hat mich der so wunderbar \u201egr\u00fcne\u201c Fr\u00fchlingshimmel, den ich bei einer kleinen Auszeit im Garten in dieser Woche einfangen konnte. Ist das nicht herrlich wie viel Gr\u00fcnt\u00f6ne das kleine bisschen Fr\u00fchlingssonne da hervorlocken konnte? Ich konnte mich daran gar nicht so recht satt sehen und habe kleine Pause drau\u00dfen im Garten sehr genossen.<\/p>\n<p style=\"text-align: justify;\">Aber der Fr\u00fchling hat sich auch gleich zweimal per Post bei mir gemeldet. Und zwar aus dem Projekt Fr\u00fchlings mail art, die <a href=\"http:\/\/tabea-heinicker.blogspot.de\/\" target=\"_blank\">Tabea Heinicker<\/a> und <a href=\"http:\/\/www.muellerinart.blogspot.de\/\" target=\"_blank\">Michaela M\u00fcller<\/a> ins Leben gerufen haben.<\/p>\n<p style=\"text-align: center;\"><a href=\"http:\/\/www.sabine-seyffert.de\/blog\/wp-content\/uploads\/2013\/04\/Fr\u00fchlingskarte-Lena-1.jpg\"><img loading=\"lazy\" decoding=\"async\" class=\"alignnone size-full wp-image-1409\" src=\"http:\/\/www.sabine-seyffert.de\/blog\/wp-content\/uploads\/2013\/04\/Fr\u00fchlingskarte-Lena-1.jpg\" alt=\"Fr\u00fchlingskarte Lena 1\" width=\"793\" height=\"565\" srcset=\"https:\/\/www.sabine-seyffert.de\/blog\/wp-content\/uploads\/2013\/04\/Fr\u00fchlingskarte-Lena-1.jpg 793w, https:\/\/www.sabine-seyffert.de\/blog\/wp-content\/uploads\/2013\/04\/Fr\u00fchlingskarte-Lena-1-300x213.jpg 300w\" sizes=\"auto, (max-width: 793px) 100vw, 793px\" \/><\/a><\/p>\n<p style=\"text-align: justify;\">Der erste Umschlag, der kam so fr\u00fchlingshaft und filigran daher, dass ich mich erst gar nicht richtig getraut habe diesen zu \u00d6ffnen um den sch\u00f6nen Umschlag nicht kaputt zu machen. Der handgemalte Fr\u00fchling hat mich sehr angesprochen und so habe ich den Gru\u00df eine ganze Weile mit mir herumgetragen. Im Umschlag, den ich dann nat\u00fcrlich im Laufe des Tages und nach etlichen Fotos doch ge\u00f6ffnet habe, lag ein gestickter Fr\u00fchlingsgru\u00df von <a href=\"http:\/\/www.lenart-design.de\" target=\"_blank\">Lena Knoke<\/a>. Die Karte ist wirklich ein kleines Fr\u00fchlings-Kunstwerk!<\/p>\n<p style=\"text-align: center;\"><a href=\"http:\/\/www.sabine-seyffert.de\/blog\/wp-content\/uploads\/2013\/04\/Fr\u00fchlingskarte-Lena-2.jpg\"><img loading=\"lazy\" decoding=\"async\" class=\"alignnone size-full wp-image-1410\" src=\"http:\/\/www.sabine-seyffert.de\/blog\/wp-content\/uploads\/2013\/04\/Fr\u00fchlingskarte-Lena-2.jpg\" alt=\"Fr\u00fchlingskarte Lena 2\" width=\"747\" height=\"706\" srcset=\"https:\/\/www.sabine-seyffert.de\/blog\/wp-content\/uploads\/2013\/04\/Fr\u00fchlingskarte-Lena-2.jpg 747w, https:\/\/www.sabine-seyffert.de\/blog\/wp-content\/uploads\/2013\/04\/Fr\u00fchlingskarte-Lena-2-300x283.jpg 300w\" sizes=\"auto, (max-width: 747px) 100vw, 747px\" \/><\/a><\/p>\n<p style=\"text-align: justify;\">Und noch eine Karte mit Gedichtzeile Nummer 5 hat mich erreicht: Veilchen tr\u00e4umen schon\u2026<\/p>\n<p style=\"text-align: center;\"><a href=\"http:\/\/www.sabine-seyffert.de\/blog\/wp-content\/uploads\/2013\/04\/Fr\u00fchlingskarte-Dani-1.jpg\"><img loading=\"lazy\" decoding=\"async\" class=\"alignnone size-full wp-image-1411\" src=\"http:\/\/www.sabine-seyffert.de\/blog\/wp-content\/uploads\/2013\/04\/Fr\u00fchlingskarte-Dani-1.jpg\" alt=\"Fr\u00fchlingskarte Dani 1\" width=\"800\" height=\"600\" srcset=\"https:\/\/www.sabine-seyffert.de\/blog\/wp-content\/uploads\/2013\/04\/Fr\u00fchlingskarte-Dani-1.jpg 800w, https:\/\/www.sabine-seyffert.de\/blog\/wp-content\/uploads\/2013\/04\/Fr\u00fchlingskarte-Dani-1-300x225.jpg 300w\" sizes=\"auto, (max-width: 800px) 100vw, 800px\" \/><\/a><\/p>\n<p style=\"text-align: justify;\">Dieser Gru\u00df stammt von <a href=\"http:\/\/www.mamanos-welt.blogspot.de\/\" target=\"_blank\">Dani Seitz<\/a>, die nicht nur die fr\u00fchlingshafte Karte sondern einen lieben Gru\u00df und sogar auch eine Kopie des gleichnamigen Liedes samt Notensatz mit dazu gelegt hat, der f\u00fcr einen musikalischen Fr\u00fchling sorgt.<\/p>\n<p style=\"text-align: center;\"><a href=\"http:\/\/www.sabine-seyffert.de\/blog\/wp-content\/uploads\/2013\/04\/Fr\u00fchlingskarte-Dani-2.jpg\"><img loading=\"lazy\" decoding=\"async\" class=\"alignnone size-full wp-image-1412\" src=\"http:\/\/www.sabine-seyffert.de\/blog\/wp-content\/uploads\/2013\/04\/Fr\u00fchlingskarte-Dani-2.jpg\" alt=\"Fr\u00fchlingskarte Dani 2\" width=\"800\" height=\"600\" srcset=\"https:\/\/www.sabine-seyffert.de\/blog\/wp-content\/uploads\/2013\/04\/Fr\u00fchlingskarte-Dani-2.jpg 800w, https:\/\/www.sabine-seyffert.de\/blog\/wp-content\/uploads\/2013\/04\/Fr\u00fchlingskarte-Dani-2-300x225.jpg 300w\" sizes=\"auto, (max-width: 800px) 100vw, 800px\" \/><\/a><\/p>\n<p style=\"text-align: justify;\">Da ich inzwischen jedes Mal an die liebe <a href=\"http:\/\/www.dieraumfee.blogspot.de\/2013\/04\/in-heaven-no63-blue-hole.html\" target=\"_blank\">Raumfee Katja<\/a> denke, wenn ich den Himmel fotografiere oder diesen beobachte, gehen die Fotos auch an diesem Samstag in ihre w\u00f6chentliche Himmelsammlung.<\/p>\n<p><a href=\"http:\/\/www.sabine-seyffert.de\/blog\/?page_id=32#urheberrecht\">urherrechtlich gesch\u00fctzt<\/a>, \u00a9 Sabine Seyffert<\/p>\n","protected":false},"excerpt":{"rendered":"<p>Wie hei\u00dft es doch so sch\u00f6n: Der April, April \u2013 der macht was er will! Diese alte Bauernweisheit trifft in diesem Jahr wohl zu, denn gerade in den letzten Wochen war das Wetter so unterschiedlich, wie es nur sein konnte: Von Frost und eisigen Temperaturen, Tagen voller Regen, grauer Himmel bei milden Graden \u2013 aber&#8230; <a href=\"https:\/\/www.sabine-seyffert.de\/blog\/der-april-macht-was-er-will\/\" class=\"more-link\">Read more: Der April macht was er will<\/a><\/p>\n","protected":false},"author":2,"featured_media":0,"comment_status":"open","ping_status":"open","sticky":false,"template":"","format":"standard","meta":{"_metis_text_type":"","_metis_text_length":2066,"_post_count":0,"footnotes":""},"categories":[23],"tags":[],"class_list":["post-1406","post","type-post","status-publish","format-standard","hentry","category-fruhling"],"_links":{"self":[{"href":"https:\/\/www.sabine-seyffert.de\/blog\/wp-json\/wp\/v2\/posts\/1406","targetHints":{"allow":["GET"]}}],"collection":[{"href":"https:\/\/www.sabine-seyffert.de\/blog\/wp-json\/wp\/v2\/posts"}],"about":[{"href":"https:\/\/www.sabine-seyffert.de\/blog\/wp-json\/wp\/v2\/types\/post"}],"author":[{"embeddable":true,"href":"https:\/\/www.sabine-seyffert.de\/blog\/wp-json\/wp\/v2\/users\/2"}],"replies":[{"embeddable":true,"href":"https:\/\/www.sabine-seyffert.de\/blog\/wp-json\/wp\/v2\/comments?post=1406"}],"version-history":[{"count":10,"href":"https:\/\/www.sabine-seyffert.de\/blog\/wp-json\/wp\/v2\/posts\/1406\/revisions"}],"predecessor-version":[{"id":6129,"href":"https:\/\/www.sabine-seyffert.de\/blog\/wp-json\/wp\/v2\/posts\/1406\/revisions\/6129"}],"wp:attachment":[{"href":"https:\/\/www.sabine-seyffert.de\/blog\/wp-json\/wp\/v2\/media?parent=1406"}],"wp:term":[{"taxonomy":"category","embeddable":true,"href":"https:\/\/www.sabine-seyffert.de\/blog\/wp-json\/wp\/v2\/categories?post=1406"},{"taxonomy":"post_tag","embeddable":true,"href":"https:\/\/www.sabine-seyffert.de\/blog\/wp-json\/wp\/v2\/tags?post=1406"}],"curies":[{"name":"wp","href":"https:\/\/api.w.org\/{rel}","templated":true}]}}