{"id":14052,"date":"2019-03-02T13:05:02","date_gmt":"2019-03-02T11:05:02","guid":{"rendered":"https:\/\/www.sabine-seyffert.de\/blog\/?p=14052"},"modified":"2019-03-05T11:41:05","modified_gmt":"2019-03-05T09:41:05","slug":"diy-selbst-gemachte-geschenkverpackung-kunterbunter-geburtstagsgruss-mit-konfetti","status":"publish","type":"post","link":"https:\/\/www.sabine-seyffert.de\/blog\/diy-selbst-gemachte-geschenkverpackung-kunterbunter-geburtstagsgruss-mit-konfetti\/","title":{"rendered":"DIY Selbst gemachte Geschenkverpackung: Kunterbunter Geburtstagsgru\u00df mit Konfetti"},"content":{"rendered":"<p style=\"text-align: justify;\"><img loading=\"lazy\" decoding=\"async\" src=\"https:\/\/vg01.met.vgwort.de\/na\/ed946a710c10492b9ead292e870c4cdb\" alt=\"\" width=\"1\" height=\"1\" \/>Habt Ihr eine bestimmte Lieblingsfarbe? Ich schon. Am liebsten mag ich es kunterbunt. Denn das erzeugt bei mir automatisch gute Laune. Und diese passt zum Anlass, denn ein Geburtstag steht auf dem Plan. Und zu eben diesem waren wir eingeladen. Das Geburtstagsgeschenk lag auch schon brav bereit. Allerdings fehlte noch die passende Verpackungsidee.<\/p>\n<p style=\"text-align: center;\"><a href=\"https:\/\/www.sabine-seyffert.de\/blog\/wp-content\/uploads\/2019\/03\/Geschenk-Punkte-Girlande-5.jpg\"><img loading=\"lazy\" decoding=\"async\" class=\"alignnone size-full wp-image-14053\" src=\"https:\/\/www.sabine-seyffert.de\/blog\/wp-content\/uploads\/2019\/03\/Geschenk-Punkte-Girlande-5.jpg\" alt=\"\" width=\"800\" height=\"600\" srcset=\"https:\/\/www.sabine-seyffert.de\/blog\/wp-content\/uploads\/2019\/03\/Geschenk-Punkte-Girlande-5.jpg 800w, https:\/\/www.sabine-seyffert.de\/blog\/wp-content\/uploads\/2019\/03\/Geschenk-Punkte-Girlande-5-300x225.jpg 300w, https:\/\/www.sabine-seyffert.de\/blog\/wp-content\/uploads\/2019\/03\/Geschenk-Punkte-Girlande-5-768x576.jpg 768w\" sizes=\"auto, (max-width: 800px) 100vw, 800px\" \/><\/a><\/p>\n<p style=\"text-align: justify;\"><strong>Das wird gebraucht:<\/strong><br \/>\nPackpapier, bunte Papierreste, einen Motivstanzer \u201eKreis\u201c (Durchmesser 1 cm), N\u00e4hgarn und eine N\u00e4hmaschine, Schere, Bastelkleber, Stempelkissen und Buchstaben Stempel<\/p>\n<p style=\"text-align: center;\"><a href=\"https:\/\/www.sabine-seyffert.de\/blog\/wp-content\/uploads\/2019\/03\/Geschenk-Punkte-Girlande-3.jpg\"><img loading=\"lazy\" decoding=\"async\" class=\"alignnone size-full wp-image-14054\" src=\"https:\/\/www.sabine-seyffert.de\/blog\/wp-content\/uploads\/2019\/03\/Geschenk-Punkte-Girlande-3.jpg\" alt=\"\" width=\"800\" height=\"600\" srcset=\"https:\/\/www.sabine-seyffert.de\/blog\/wp-content\/uploads\/2019\/03\/Geschenk-Punkte-Girlande-3.jpg 800w, https:\/\/www.sabine-seyffert.de\/blog\/wp-content\/uploads\/2019\/03\/Geschenk-Punkte-Girlande-3-300x225.jpg 300w, https:\/\/www.sabine-seyffert.de\/blog\/wp-content\/uploads\/2019\/03\/Geschenk-Punkte-Girlande-3-768x576.jpg 768w\" sizes=\"auto, (max-width: 800px) 100vw, 800px\" \/><\/a><\/p>\n<p style=\"text-align: justify;\"><strong>So wird\u2019s gemacht:<\/strong><br \/>\nDas Geschenk ganz fix ist das Packpapier gewickelt. Nun aus den bunten Papierresten, die wir immer in einem Schuhkarton f\u00fcr solche Bastelideen aufbewahren, allerhand kleine Kreise bzw. Konfetti gestanzt.<\/p>\n<p style=\"text-align: center;\"><a href=\"https:\/\/www.sabine-seyffert.de\/blog\/wp-content\/uploads\/2019\/03\/Geschenk-Punkte-Girlande-2.jpg\"><img loading=\"lazy\" decoding=\"async\" class=\"alignnone size-full wp-image-14056\" src=\"https:\/\/www.sabine-seyffert.de\/blog\/wp-content\/uploads\/2019\/03\/Geschenk-Punkte-Girlande-2.jpg\" alt=\"\" width=\"800\" height=\"600\" srcset=\"https:\/\/www.sabine-seyffert.de\/blog\/wp-content\/uploads\/2019\/03\/Geschenk-Punkte-Girlande-2.jpg 800w, https:\/\/www.sabine-seyffert.de\/blog\/wp-content\/uploads\/2019\/03\/Geschenk-Punkte-Girlande-2-300x225.jpg 300w, https:\/\/www.sabine-seyffert.de\/blog\/wp-content\/uploads\/2019\/03\/Geschenk-Punkte-Girlande-2-768x576.jpg 768w\" sizes=\"auto, (max-width: 800px) 100vw, 800px\" \/><\/a><\/p>\n<p style=\"text-align: justify;\">Wenn genug bunte Minikreise beisammen sind, geht\u2019s es an die N\u00e4hmaschine. Mit einer normalen, geraden Naht n\u00e4ht man einen bunten Kreis als lange Girlande aneinander (wenn man die Kreise gr\u00f6\u00dfer stanzt, kann man f\u00fcr die Karnevalsfeier \u00fcbrigens auch eine Partydeko draus gestalten, wie in <a href=\"https:\/\/www.sabine-seyffert.de\/blog\/?p=3660\" target=\"_blank\" rel=\"noopener\">dieser Bastelanleitung<\/a> beschrieben).<\/p>\n<p style=\"text-align: center;\"><a href=\"https:\/\/www.sabine-seyffert.de\/blog\/wp-content\/uploads\/2019\/03\/Geschenk-Punkte-Girlande-1.jpg\"><img loading=\"lazy\" decoding=\"async\" class=\"alignnone size-full wp-image-14055\" src=\"https:\/\/www.sabine-seyffert.de\/blog\/wp-content\/uploads\/2019\/03\/Geschenk-Punkte-Girlande-1.jpg\" alt=\"\" width=\"800\" height=\"600\" srcset=\"https:\/\/www.sabine-seyffert.de\/blog\/wp-content\/uploads\/2019\/03\/Geschenk-Punkte-Girlande-1.jpg 800w, https:\/\/www.sabine-seyffert.de\/blog\/wp-content\/uploads\/2019\/03\/Geschenk-Punkte-Girlande-1-300x225.jpg 300w, https:\/\/www.sabine-seyffert.de\/blog\/wp-content\/uploads\/2019\/03\/Geschenk-Punkte-Girlande-1-768x576.jpg 768w\" sizes=\"auto, (max-width: 800px) 100vw, 800px\" \/><\/a><\/p>\n<p style=\"text-align: justify;\">Bis eine lange Konfettikette entsteht. Das Ende dieser Kette klebt man mit etwas Klebstoff auf die R\u00fcckseite und wickelt das bunte Allerlei nun kreuz und quer \u00fcber das in Packpapier versteckte Geschenk. Das andere Ende ebenfalls auf der R\u00fcckseite mit etwas Kleber befestigen. Zum Schluss den Namen des Geburtstagskindes mit Hilfe der Buchstabenstempel auf das Geschenk stempeln und fertig! In dem Fall gefiel mir die schwarze Stempelfarbe am besten, damit die kunterbunte Konfetti-Geschenk-Girlande besser zur Geltung kommt. Bei soviel Farbe ist gute Laune einfach garantiert!<\/p>\n<p style=\"text-align: center;\"><a href=\"https:\/\/www.sabine-seyffert.de\/blog\/wp-content\/uploads\/2019\/03\/A-9.jpg\"><img loading=\"lazy\" decoding=\"async\" class=\"alignnone size-full wp-image-14057\" src=\"https:\/\/www.sabine-seyffert.de\/blog\/wp-content\/uploads\/2019\/03\/A-9.jpg\" alt=\"\" width=\"800\" height=\"600\" srcset=\"https:\/\/www.sabine-seyffert.de\/blog\/wp-content\/uploads\/2019\/03\/A-9.jpg 800w, https:\/\/www.sabine-seyffert.de\/blog\/wp-content\/uploads\/2019\/03\/A-9-300x225.jpg 300w, https:\/\/www.sabine-seyffert.de\/blog\/wp-content\/uploads\/2019\/03\/A-9-768x576.jpg 768w\" sizes=\"auto, (max-width: 800px) 100vw, 800px\" \/><\/a><\/p>\n<p style=\"text-align: justify;\"><strong>Ein kleiner Tipp:<\/strong><br \/>\nMit dem Dymoband habe ich noch \u201eAlles Gute\u201c geschrieben und mit aufs Geschenk geklebt. So ist es Gl\u00fcckwunschkarte und Geschenk in einem \ud83d\ude42<\/p>\n<p style=\"text-align: center;\"><a href=\"https:\/\/www.sabine-seyffert.de\/blog\/wp-content\/uploads\/2019\/03\/Geschenk-Punkte-Girlande-6.jpg\"><img loading=\"lazy\" decoding=\"async\" class=\"alignnone size-full wp-image-14058\" src=\"https:\/\/www.sabine-seyffert.de\/blog\/wp-content\/uploads\/2019\/03\/Geschenk-Punkte-Girlande-6.jpg\" alt=\"\" width=\"800\" height=\"600\" srcset=\"https:\/\/www.sabine-seyffert.de\/blog\/wp-content\/uploads\/2019\/03\/Geschenk-Punkte-Girlande-6.jpg 800w, https:\/\/www.sabine-seyffert.de\/blog\/wp-content\/uploads\/2019\/03\/Geschenk-Punkte-Girlande-6-300x225.jpg 300w, https:\/\/www.sabine-seyffert.de\/blog\/wp-content\/uploads\/2019\/03\/Geschenk-Punkte-Girlande-6-768x576.jpg 768w\" sizes=\"auto, (max-width: 800px) 100vw, 800px\" \/><\/a><\/p>\n<p style=\"text-align: justify;\">Weitere Bastelanleitungen f\u00fcr selbst gemachte Geschenkverpackungen findet ihr \u00fcbrigens in <a href=\"https:\/\/www.sabine-seyffert.de\/blog\/?cat=49\" target=\"_blank\" rel=\"noopener\">diesem Ordner<\/a>, bunte Ideen zu Fasching gibt es in <a href=\"https:\/\/www.sabine-seyffert.de\/blog\/?cat=26\" target=\"_blank\" rel=\"noopener\">dieser Rubrik<\/a>, alle Ideen rund ums N\u00e4hen <a href=\"https:\/\/www.sabine-seyffert.de\/blog\/?cat=33\" target=\"_blank\" rel=\"noopener\">hier<\/a> und andere kreative Dinge <a href=\"https:\/\/www.creadienstag.de\/2019\/03\/linkparty-370.html\" target=\"_blank\" rel=\"noopener nofollow\">da<\/a>.<\/p>\n<p style=\"text-align: center;\"><a href=\"https:\/\/www.sabine-seyffert.de\/blog\/wp-content\/uploads\/2019\/03\/Geschenk-Punkte-Girlande-9.jpg\"><img loading=\"lazy\" decoding=\"async\" class=\"alignnone size-full wp-image-14059\" src=\"https:\/\/www.sabine-seyffert.de\/blog\/wp-content\/uploads\/2019\/03\/Geschenk-Punkte-Girlande-9.jpg\" alt=\"\" width=\"800\" height=\"600\" srcset=\"https:\/\/www.sabine-seyffert.de\/blog\/wp-content\/uploads\/2019\/03\/Geschenk-Punkte-Girlande-9.jpg 800w, https:\/\/www.sabine-seyffert.de\/blog\/wp-content\/uploads\/2019\/03\/Geschenk-Punkte-Girlande-9-300x225.jpg 300w, https:\/\/www.sabine-seyffert.de\/blog\/wp-content\/uploads\/2019\/03\/Geschenk-Punkte-Girlande-9-768x576.jpg 768w\" sizes=\"auto, (max-width: 800px) 100vw, 800px\" \/><\/a><\/p>\n<p style=\"text-align: justify;\"><a href=\"https:\/\/www.sabine-seyffert.de\/blog\/?page_id=32#urheberrecht\">urheberrechtlich gesch\u00fctzt<\/a>, \u00a9 Sabine Seyffert<\/p>\n","protected":false},"excerpt":{"rendered":"<p>Habt Ihr eine bestimmte Lieblingsfarbe? Ich schon. Am liebsten mag ich es kunterbunt. Denn das erzeugt bei mir automatisch gute Laune. Und diese passt zum Anlass, denn ein Geburtstag steht auf dem Plan. Und zu eben diesem waren wir eingeladen. Das Geburtstagsgeschenk lag auch schon brav bereit. Allerdings fehlte noch die passende Verpackungsidee. Das wird&#8230; <a href=\"https:\/\/www.sabine-seyffert.de\/blog\/diy-selbst-gemachte-geschenkverpackung-kunterbunter-geburtstagsgruss-mit-konfetti\/\" class=\"more-link\">Read more: DIY Selbst gemachte Geschenkverpackung: Kunterbunter Geburtstagsgru\u00df mit Konfetti<\/a><\/p>\n","protected":false},"author":2,"featured_media":0,"comment_status":"open","ping_status":"open","sticky":false,"template":"","format":"standard","meta":{"_metis_text_type":"","_metis_text_length":2076,"_post_count":0,"footnotes":""},"categories":[49,26,33],"tags":[],"class_list":["post-14052","post","type-post","status-publish","format-standard","hentry","category-verpackungsideen","category-karneval","category-kreative-naherein"],"_links":{"self":[{"href":"https:\/\/www.sabine-seyffert.de\/blog\/wp-json\/wp\/v2\/posts\/14052","targetHints":{"allow":["GET"]}}],"collection":[{"href":"https:\/\/www.sabine-seyffert.de\/blog\/wp-json\/wp\/v2\/posts"}],"about":[{"href":"https:\/\/www.sabine-seyffert.de\/blog\/wp-json\/wp\/v2\/types\/post"}],"author":[{"embeddable":true,"href":"https:\/\/www.sabine-seyffert.de\/blog\/wp-json\/wp\/v2\/users\/2"}],"replies":[{"embeddable":true,"href":"https:\/\/www.sabine-seyffert.de\/blog\/wp-json\/wp\/v2\/comments?post=14052"}],"version-history":[{"count":4,"href":"https:\/\/www.sabine-seyffert.de\/blog\/wp-json\/wp\/v2\/posts\/14052\/revisions"}],"predecessor-version":[{"id":14064,"href":"https:\/\/www.sabine-seyffert.de\/blog\/wp-json\/wp\/v2\/posts\/14052\/revisions\/14064"}],"wp:attachment":[{"href":"https:\/\/www.sabine-seyffert.de\/blog\/wp-json\/wp\/v2\/media?parent=14052"}],"wp:term":[{"taxonomy":"category","embeddable":true,"href":"https:\/\/www.sabine-seyffert.de\/blog\/wp-json\/wp\/v2\/categories?post=14052"},{"taxonomy":"post_tag","embeddable":true,"href":"https:\/\/www.sabine-seyffert.de\/blog\/wp-json\/wp\/v2\/tags?post=14052"}],"curies":[{"name":"wp","href":"https:\/\/api.w.org\/{rel}","templated":true}]}}