{"id":14015,"date":"2019-02-21T11:04:28","date_gmt":"2019-02-21T09:04:28","guid":{"rendered":"https:\/\/www.sabine-seyffert.de\/blog\/?p=14015"},"modified":"2019-02-26T07:02:25","modified_gmt":"2019-02-26T05:02:25","slug":"diy-bastelidee-fuer-kinder-bunte-konfetti-lichter-fuer-karneval-oder-den-kindergeburtstag","status":"publish","type":"post","link":"https:\/\/www.sabine-seyffert.de\/blog\/diy-bastelidee-fuer-kinder-bunte-konfetti-lichter-fuer-karneval-oder-den-kindergeburtstag\/","title":{"rendered":"DIY Bastelidee f\u00fcr Kinder: Bunte Konfetti Lichter f\u00fcr Karneval oder den Kindergeburtstag"},"content":{"rendered":"<p style=\"text-align: justify;\"><img loading=\"lazy\" decoding=\"async\" src=\"https:\/\/vg01.met.vgwort.de\/na\/c7b5099f2d3c4da8b45b7ea94a2541da\" alt=\"\" width=\"1\" height=\"1\" \/>Auch wenn ich selbst kein gro\u00dfer Karnevalsjeck bin, so wird zu festlichen Anl\u00e4ssen wie diesem immer gerne gebastelt. In der <a href=\"https:\/\/www.sabine-seyffert.de\/blog\/?cat=26\" target=\"_blank\" rel=\"noopener\">Rubrik Karneval<\/a> findet ihr bereits allerhand bunte Ideen im Blog Archiv. Dieses Mal haben wir kleine Windlichter als fr\u00f6hliche Tischdeko gebastelt. Mit denen kann man prima dekorieren und auch ein Partybuffet oder dergleichen schm\u00fccken. Das wichtigsten Material hierf\u00fcr sind leere Marmeladengl\u00e4ser. Die hat man in der Regel zur Hand. Und an der warmen Heizung trocknen die bunten Windlichter auch ganz schnell.<\/p>\n<p style=\"text-align: center;\"><a href=\"https:\/\/www.sabine-seyffert.de\/blog\/wp-content\/uploads\/2019\/02\/Konfetti-Windlicht-6.jpg\"><img loading=\"lazy\" decoding=\"async\" class=\"alignnone size-full wp-image-14016\" src=\"https:\/\/www.sabine-seyffert.de\/blog\/wp-content\/uploads\/2019\/02\/Konfetti-Windlicht-6.jpg\" alt=\"\" width=\"600\" height=\"800\" srcset=\"https:\/\/www.sabine-seyffert.de\/blog\/wp-content\/uploads\/2019\/02\/Konfetti-Windlicht-6.jpg 600w, https:\/\/www.sabine-seyffert.de\/blog\/wp-content\/uploads\/2019\/02\/Konfetti-Windlicht-6-225x300.jpg 225w\" sizes=\"auto, (max-width: 600px) 100vw, 600px\" \/><\/a><\/p>\n<p style=\"text-align: justify;\"><strong>Das wird gebraucht:<\/strong><br \/>\nLeere Marmeladengl\u00e4ser, wei\u00dfes Seidenpapier, eine Schere, eine Bastelunterlage oder abwaschbare Tischdecke, buntes Konfetti, Teelichter, Tapetenkleister<\/p>\n<p style=\"text-align: center;\"><a href=\"https:\/\/www.sabine-seyffert.de\/blog\/wp-content\/uploads\/2019\/02\/Konfetti-Windlicht-4.jpg\"><img loading=\"lazy\" decoding=\"async\" class=\"alignnone size-full wp-image-14017\" src=\"https:\/\/www.sabine-seyffert.de\/blog\/wp-content\/uploads\/2019\/02\/Konfetti-Windlicht-4.jpg\" alt=\"\" width=\"800\" height=\"600\" srcset=\"https:\/\/www.sabine-seyffert.de\/blog\/wp-content\/uploads\/2019\/02\/Konfetti-Windlicht-4.jpg 800w, https:\/\/www.sabine-seyffert.de\/blog\/wp-content\/uploads\/2019\/02\/Konfetti-Windlicht-4-300x225.jpg 300w, https:\/\/www.sabine-seyffert.de\/blog\/wp-content\/uploads\/2019\/02\/Konfetti-Windlicht-4-768x576.jpg 768w\" sizes=\"auto, (max-width: 800px) 100vw, 800px\" \/><\/a><\/p>\n<p style=\"text-align: justify;\"><strong>So wird\u2019s gemacht:<\/strong><br \/>\nZuerst r\u00fchrt man sich in einem leeren, verschlie\u00dfbaren Glas etwas Tapetenkleister mit lauwarmem Leitungswasser an. Wie genau das funktioniert, k\u00f6nnt ihr beispielsweise in <a href=\"https:\/\/www.sabine-seyffert.de\/blog\/?p=13103\" target=\"_blank\" rel=\"noopener\">dieser Bastelanleitung<\/a> nachlesen.<\/p>\n<p style=\"text-align: center;\"><a href=\"https:\/\/www.sabine-seyffert.de\/blog\/wp-content\/uploads\/2019\/02\/Konfetti-Windlicht-3.jpg\"><img loading=\"lazy\" decoding=\"async\" class=\"alignnone size-full wp-image-14018\" src=\"https:\/\/www.sabine-seyffert.de\/blog\/wp-content\/uploads\/2019\/02\/Konfetti-Windlicht-3.jpg\" alt=\"\" width=\"800\" height=\"600\" srcset=\"https:\/\/www.sabine-seyffert.de\/blog\/wp-content\/uploads\/2019\/02\/Konfetti-Windlicht-3.jpg 800w, https:\/\/www.sabine-seyffert.de\/blog\/wp-content\/uploads\/2019\/02\/Konfetti-Windlicht-3-300x225.jpg 300w, https:\/\/www.sabine-seyffert.de\/blog\/wp-content\/uploads\/2019\/02\/Konfetti-Windlicht-3-768x576.jpg 768w\" sizes=\"auto, (max-width: 800px) 100vw, 800px\" \/><\/a><\/p>\n<p style=\"text-align: justify;\">W\u00e4hrend der Kleister einen Moment zum andicken ben\u00f6tigt, deckt man den Tisch mit einer abwaschbaren Tischdecke oder wasserfesten Bastelsets ab. Da der Tapetenkleister wasserl\u00f6slich ist, l\u00e4sst er sich \u00fcbrigens problemlos auswaschen, falls etwas an die Kleidung kommt.<\/p>\n<p style=\"text-align: center;\"><a href=\"https:\/\/www.sabine-seyffert.de\/blog\/wp-content\/uploads\/2019\/02\/Konfetti-Windlicht-2.jpg\"><img loading=\"lazy\" decoding=\"async\" class=\"alignnone size-full wp-image-14019\" src=\"https:\/\/www.sabine-seyffert.de\/blog\/wp-content\/uploads\/2019\/02\/Konfetti-Windlicht-2.jpg\" alt=\"\" width=\"800\" height=\"600\" srcset=\"https:\/\/www.sabine-seyffert.de\/blog\/wp-content\/uploads\/2019\/02\/Konfetti-Windlicht-2.jpg 800w, https:\/\/www.sabine-seyffert.de\/blog\/wp-content\/uploads\/2019\/02\/Konfetti-Windlicht-2-300x225.jpg 300w, https:\/\/www.sabine-seyffert.de\/blog\/wp-content\/uploads\/2019\/02\/Konfetti-Windlicht-2-768x576.jpg 768w\" sizes=\"auto, (max-width: 800px) 100vw, 800px\" \/><\/a><\/p>\n<p style=\"text-align: justify;\">Das Seidenpapier schneidet oder rei\u00dft man in kleinere St\u00fccke. Dann streicht man das Marmeladenglas d\u00fcnn mit dem Kleister ein und legt dar\u00fcber Schicht f\u00fcr Schicht das wei\u00dfe Papier. Hierbei sollte man das Papier immer gut andr\u00fccken und auch dar\u00fcber eine d\u00fcnne Kleisterschicht streichen.<\/p>\n<p style=\"text-align: center;\"><a href=\"https:\/\/www.sabine-seyffert.de\/blog\/wp-content\/uploads\/2019\/02\/Konfetti-Windlicht-5.jpg\"><img loading=\"lazy\" decoding=\"async\" class=\"alignnone size-full wp-image-14020\" src=\"https:\/\/www.sabine-seyffert.de\/blog\/wp-content\/uploads\/2019\/02\/Konfetti-Windlicht-5.jpg\" alt=\"\" width=\"800\" height=\"600\" srcset=\"https:\/\/www.sabine-seyffert.de\/blog\/wp-content\/uploads\/2019\/02\/Konfetti-Windlicht-5.jpg 800w, https:\/\/www.sabine-seyffert.de\/blog\/wp-content\/uploads\/2019\/02\/Konfetti-Windlicht-5-300x225.jpg 300w, https:\/\/www.sabine-seyffert.de\/blog\/wp-content\/uploads\/2019\/02\/Konfetti-Windlicht-5-768x576.jpg 768w\" sizes=\"auto, (max-width: 800px) 100vw, 800px\" \/><\/a><\/p>\n<p style=\"text-align: justify;\">Da das Glas als solches stabil ist, reichen 3-4 Papierschichten in der Regel vollkommen aus. Daher brauchen die Gl\u00e4ser auch nicht so lange zum Trocknen. Ist das Glas rundum gleichm\u00e4\u00dfig mit Seidenpapier beklebt, sch\u00fcttet man buntes Konfetti dar\u00fcber, so dass \u00fcberall etwas Buntes zu sehen ist. Dann stellt man das Glas zum Trocknen an die Heizung.<\/p>\n<p style=\"text-align: center;\"><a href=\"https:\/\/www.sabine-seyffert.de\/blog\/wp-content\/uploads\/2019\/02\/Konfetti-Windlicht-1.jpg\"><img loading=\"lazy\" decoding=\"async\" class=\"alignnone size-full wp-image-14021\" src=\"https:\/\/www.sabine-seyffert.de\/blog\/wp-content\/uploads\/2019\/02\/Konfetti-Windlicht-1.jpg\" alt=\"\" width=\"800\" height=\"600\" srcset=\"https:\/\/www.sabine-seyffert.de\/blog\/wp-content\/uploads\/2019\/02\/Konfetti-Windlicht-1.jpg 800w, https:\/\/www.sabine-seyffert.de\/blog\/wp-content\/uploads\/2019\/02\/Konfetti-Windlicht-1-300x225.jpg 300w, https:\/\/www.sabine-seyffert.de\/blog\/wp-content\/uploads\/2019\/02\/Konfetti-Windlicht-1-768x576.jpg 768w\" sizes=\"auto, (max-width: 800px) 100vw, 800px\" \/><\/a><\/p>\n<p style=\"text-align: justify;\">Sobald die Kleister-Papier-Schicht ganz trocken ist, stattet man die bunten Gl\u00e4ser mit je einem Teelicht aus. Fertig ist der farbenfrohe Tischschmuck f\u00fcr die Faschingsfeier oder die n\u00e4chsten Geburtstagsparty!<\/p>\n<p style=\"text-align: center;\"><a href=\"https:\/\/www.sabine-seyffert.de\/blog\/wp-content\/uploads\/2019\/02\/Konfetti-Windlicht-8.jpg\"><img loading=\"lazy\" decoding=\"async\" class=\"alignnone size-full wp-image-14022\" src=\"https:\/\/www.sabine-seyffert.de\/blog\/wp-content\/uploads\/2019\/02\/Konfetti-Windlicht-8.jpg\" alt=\"\" width=\"600\" height=\"800\" srcset=\"https:\/\/www.sabine-seyffert.de\/blog\/wp-content\/uploads\/2019\/02\/Konfetti-Windlicht-8.jpg 600w, https:\/\/www.sabine-seyffert.de\/blog\/wp-content\/uploads\/2019\/02\/Konfetti-Windlicht-8-225x300.jpg 225w\" sizes=\"auto, (max-width: 600px) 100vw, 600px\" \/><\/a><\/p>\n<p style=\"text-align: justify;\">Weitere Bastelideen f\u00fcr Kinder findet ihr \u00fcbrigens <a href=\"https:\/\/www.sabine-seyffert.de\/blog\/?cat=32\" target=\"_blank\" rel=\"noopener\">hier<\/a>, alles zum Thema Karneval gibt es in <a href=\"https:\/\/www.sabine-seyffert.de\/blog\/?cat=26\" target=\"_blank\" rel=\"noopener\">diesem Ordner<\/a>, alles zum Kindergeburtstag in <a href=\"https:\/\/www.sabine-seyffert.de\/blog\/?cat=21\" target=\"_blank\" rel=\"noopener\">dieser Rubrik<\/a>, Upcycling Ideen <a href=\"https:\/\/www.sabine-seyffert.de\/blog\/?cat=47\" target=\"_blank\" rel=\"noopener\">dort<\/a> und andere kreative Sachen <a href=\"http:\/\/www.lunaju.de\/2019\/02\/kiddikram-februar-2019.html\" target=\"_blank\" rel=\"noopener nofollow\">da<\/a> und auch an <a href=\"https:\/\/www.creadienstag.de\/2019\/02\/linkparty-369.html\" target=\"_blank\" rel=\"noopener nofollow\">dieser<\/a> Stelle.<\/p>\n<p style=\"text-align: justify;\"><a href=\"https:\/\/www.sabine-seyffert.de\/blog\/?page_id=32#urheberrecht\">urheberrechtlich gesch\u00fctzt<\/a>, \u00a9 Sabine Seyffert<\/p>\n","protected":false},"excerpt":{"rendered":"<p>Auch wenn ich selbst kein gro\u00dfer Karnevalsjeck bin, so wird zu festlichen Anl\u00e4ssen wie diesem immer gerne gebastelt. In der Rubrik Karneval findet ihr bereits allerhand bunte Ideen im Blog Archiv. Dieses Mal haben wir kleine Windlichter als fr\u00f6hliche Tischdeko gebastelt. Mit denen kann man prima dekorieren und auch ein Partybuffet oder dergleichen schm\u00fccken. Das&#8230; <a href=\"https:\/\/www.sabine-seyffert.de\/blog\/diy-bastelidee-fuer-kinder-bunte-konfetti-lichter-fuer-karneval-oder-den-kindergeburtstag\/\" class=\"more-link\">Read more: DIY Bastelidee f\u00fcr Kinder: Bunte Konfetti Lichter f\u00fcr Karneval oder den Kindergeburtstag<\/a><\/p>\n","protected":false},"author":2,"featured_media":0,"comment_status":"open","ping_status":"open","sticky":false,"template":"","format":"standard","meta":{"_metis_text_type":"","_metis_text_length":2315,"_post_count":0,"footnotes":""},"categories":[32,26,21,47],"tags":[],"class_list":["post-14015","post","type-post","status-publish","format-standard","hentry","category-kreatives-fur-kleine-kinderhande","category-karneval","category-kinderfeste-partys","category-upcyceltes"],"_links":{"self":[{"href":"https:\/\/www.sabine-seyffert.de\/blog\/wp-json\/wp\/v2\/posts\/14015","targetHints":{"allow":["GET"]}}],"collection":[{"href":"https:\/\/www.sabine-seyffert.de\/blog\/wp-json\/wp\/v2\/posts"}],"about":[{"href":"https:\/\/www.sabine-seyffert.de\/blog\/wp-json\/wp\/v2\/types\/post"}],"author":[{"embeddable":true,"href":"https:\/\/www.sabine-seyffert.de\/blog\/wp-json\/wp\/v2\/users\/2"}],"replies":[{"embeddable":true,"href":"https:\/\/www.sabine-seyffert.de\/blog\/wp-json\/wp\/v2\/comments?post=14015"}],"version-history":[{"count":4,"href":"https:\/\/www.sabine-seyffert.de\/blog\/wp-json\/wp\/v2\/posts\/14015\/revisions"}],"predecessor-version":[{"id":14040,"href":"https:\/\/www.sabine-seyffert.de\/blog\/wp-json\/wp\/v2\/posts\/14015\/revisions\/14040"}],"wp:attachment":[{"href":"https:\/\/www.sabine-seyffert.de\/blog\/wp-json\/wp\/v2\/media?parent=14015"}],"wp:term":[{"taxonomy":"category","embeddable":true,"href":"https:\/\/www.sabine-seyffert.de\/blog\/wp-json\/wp\/v2\/categories?post=14015"},{"taxonomy":"post_tag","embeddable":true,"href":"https:\/\/www.sabine-seyffert.de\/blog\/wp-json\/wp\/v2\/tags?post=14015"}],"curies":[{"name":"wp","href":"https:\/\/api.w.org\/{rel}","templated":true}]}}