{"id":13981,"date":"2019-02-14T07:26:49","date_gmt":"2019-02-14T05:26:49","guid":{"rendered":"https:\/\/www.sabine-seyffert.de\/blog\/?p=13981"},"modified":"2019-02-18T17:37:01","modified_gmt":"2019-02-18T15:37:01","slug":"diy-selbst-gemachte-geschenkverpackung-geburtstagsgeschenke-blitzschnell-froehlich-verpackt","status":"publish","type":"post","link":"https:\/\/www.sabine-seyffert.de\/blog\/diy-selbst-gemachte-geschenkverpackung-geburtstagsgeschenke-blitzschnell-froehlich-verpackt\/","title":{"rendered":"DIY Selbst gemachte Geschenkverpackung: Geburtstagsgeschenke blitzschnell &#038; fr\u00f6hlich verpackt"},"content":{"rendered":"<p style=\"text-align: justify;\"><img loading=\"lazy\" decoding=\"async\" src=\"https:\/\/vg01.met.vgwort.de\/na\/f3bc0ed261364e92a934362a377243f7\" alt=\"\" width=\"1\" height=\"1\" \/>Nachdem ich bei der Fertigstellung der beiden Geburtstagsgeschenke fast verzweifelt bin, konnte ich beim Aust\u00fcfteln der ben\u00f6tigten Geschenkverpackung gl\u00fccklicherweise wieder aufatmen. Zumindest die Form der Geschenke machte das Verpacken sehr einfach. Also her mit der Rolle Packpapier und das Basteln konnte beginnen! Dabei habe ich mich wohl von der bevorstehenden Karnevalszeit inspirieren lassen \ud83d\ude09<\/p>\n<p style=\"text-align: center;\"><a href=\"https:\/\/www.sabine-seyffert.de\/blog\/wp-content\/uploads\/2019\/02\/Geschenkverpackung-Kugeln-3.jpg\"><img loading=\"lazy\" decoding=\"async\" class=\"alignnone size-full wp-image-13982\" src=\"https:\/\/www.sabine-seyffert.de\/blog\/wp-content\/uploads\/2019\/02\/Geschenkverpackung-Kugeln-3.jpg\" alt=\"\" width=\"800\" height=\"600\" srcset=\"https:\/\/www.sabine-seyffert.de\/blog\/wp-content\/uploads\/2019\/02\/Geschenkverpackung-Kugeln-3.jpg 800w, https:\/\/www.sabine-seyffert.de\/blog\/wp-content\/uploads\/2019\/02\/Geschenkverpackung-Kugeln-3-300x225.jpg 300w, https:\/\/www.sabine-seyffert.de\/blog\/wp-content\/uploads\/2019\/02\/Geschenkverpackung-Kugeln-3-768x576.jpg 768w\" sizes=\"auto, (max-width: 800px) 100vw, 800px\" \/><\/a><\/p>\n<p style=\"text-align: justify;\"><strong>Das wird gebraucht:<\/strong><br \/>\nUnifarbenes Geschenkpapier (bsp. naturbraunes Packpapier), farbiges Seidenpapier, Bastelkleber, farbiges Tonpapier, eine Bastelschere, einen schwarzen Stift, wie F\u00fcller, Fineliner o.\u00e4., etwas Kordel sowie optional Gelschreiber \/ Gelstifte<\/p>\n<p style=\"text-align: center;\"><a href=\"https:\/\/www.sabine-seyffert.de\/blog\/wp-content\/uploads\/2019\/02\/Geschenkverpackung-Kugeln-6.jpg\"><img loading=\"lazy\" decoding=\"async\" class=\"alignnone size-full wp-image-13983\" src=\"https:\/\/www.sabine-seyffert.de\/blog\/wp-content\/uploads\/2019\/02\/Geschenkverpackung-Kugeln-6.jpg\" alt=\"\" width=\"800\" height=\"600\" srcset=\"https:\/\/www.sabine-seyffert.de\/blog\/wp-content\/uploads\/2019\/02\/Geschenkverpackung-Kugeln-6.jpg 800w, https:\/\/www.sabine-seyffert.de\/blog\/wp-content\/uploads\/2019\/02\/Geschenkverpackung-Kugeln-6-300x225.jpg 300w, https:\/\/www.sabine-seyffert.de\/blog\/wp-content\/uploads\/2019\/02\/Geschenkverpackung-Kugeln-6-768x576.jpg 768w\" sizes=\"auto, (max-width: 800px) 100vw, 800px\" \/><\/a><\/p>\n<p style=\"text-align: justify;\"><strong>So wird\u2019s gemacht:<\/strong><br \/>\nDa ich die Geschenkverpackungen im Doppelpack ben\u00f6tigte, sollte es diesmal eine m\u00f6glichst einfache Idee sein. Vor allen Dingen ein Motiv, dass sich kopieren l\u00e4sst. Bei per Hand ausgeschnittenen Motiven nicht immer ganz leicht.<\/p>\n<p style=\"text-align: center;\"><a href=\"https:\/\/www.sabine-seyffert.de\/blog\/wp-content\/uploads\/2019\/02\/Geschenkverpackung-Kugeln-11.jpg\"><img loading=\"lazy\" decoding=\"async\" class=\"alignnone size-full wp-image-13984\" src=\"https:\/\/www.sabine-seyffert.de\/blog\/wp-content\/uploads\/2019\/02\/Geschenkverpackung-Kugeln-11.jpg\" alt=\"\" width=\"800\" height=\"600\" srcset=\"https:\/\/www.sabine-seyffert.de\/blog\/wp-content\/uploads\/2019\/02\/Geschenkverpackung-Kugeln-11.jpg 800w, https:\/\/www.sabine-seyffert.de\/blog\/wp-content\/uploads\/2019\/02\/Geschenkverpackung-Kugeln-11-300x225.jpg 300w, https:\/\/www.sabine-seyffert.de\/blog\/wp-content\/uploads\/2019\/02\/Geschenkverpackung-Kugeln-11-768x576.jpg 768w\" sizes=\"auto, (max-width: 800px) 100vw, 800px\" \/><\/a><\/p>\n<p style=\"text-align: justify;\">Daher habe ich es diesmal so simpel gehalten, dass selbst Kinder und unge\u00fcbte Bastler diese Verpackungsidee einfach nachmachen und gestalten k\u00f6nnen. Man braucht dazu nur farbiges Seidenpapier und kommt notfalls sogar ohne Schere aus \ud83d\ude09<\/p>\n<p style=\"text-align: center;\"><a href=\"https:\/\/www.sabine-seyffert.de\/blog\/wp-content\/uploads\/2019\/02\/Geschenkverpackung-Kugeln-10.jpg\"><img loading=\"lazy\" decoding=\"async\" class=\"alignnone size-full wp-image-13985\" src=\"https:\/\/www.sabine-seyffert.de\/blog\/wp-content\/uploads\/2019\/02\/Geschenkverpackung-Kugeln-10.jpg\" alt=\"\" width=\"800\" height=\"600\" srcset=\"https:\/\/www.sabine-seyffert.de\/blog\/wp-content\/uploads\/2019\/02\/Geschenkverpackung-Kugeln-10.jpg 800w, https:\/\/www.sabine-seyffert.de\/blog\/wp-content\/uploads\/2019\/02\/Geschenkverpackung-Kugeln-10-300x225.jpg 300w, https:\/\/www.sabine-seyffert.de\/blog\/wp-content\/uploads\/2019\/02\/Geschenkverpackung-Kugeln-10-768x576.jpg 768w\" sizes=\"auto, (max-width: 800px) 100vw, 800px\" \/><\/a><\/p>\n<p style=\"text-align: justify;\">Pro Geschenk habe ich mich auf 3-4 Farben beschr\u00e4nkt und aus dem Seidenpapier kleine St\u00fccke geschnitten (die kann man auch rei\u00dfen!) und im Anschluss zu kleinen Kugeln gerollt. F\u00fcr Kinder eine prima \u00dcbung f\u00fcr die Motorik und das Fingerspitzengef\u00fchl!<\/p>\n<p style=\"text-align: center;\"><a href=\"https:\/\/www.sabine-seyffert.de\/blog\/wp-content\/uploads\/2019\/02\/Geschenkverpackung-Kugeln-9.jpg\"><img loading=\"lazy\" decoding=\"async\" class=\"alignnone size-full wp-image-13986\" src=\"https:\/\/www.sabine-seyffert.de\/blog\/wp-content\/uploads\/2019\/02\/Geschenkverpackung-Kugeln-9.jpg\" alt=\"\" width=\"800\" height=\"600\" srcset=\"https:\/\/www.sabine-seyffert.de\/blog\/wp-content\/uploads\/2019\/02\/Geschenkverpackung-Kugeln-9.jpg 800w, https:\/\/www.sabine-seyffert.de\/blog\/wp-content\/uploads\/2019\/02\/Geschenkverpackung-Kugeln-9-300x225.jpg 300w, https:\/\/www.sabine-seyffert.de\/blog\/wp-content\/uploads\/2019\/02\/Geschenkverpackung-Kugeln-9-768x576.jpg 768w\" sizes=\"auto, (max-width: 800px) 100vw, 800px\" \/><\/a><\/p>\n<p style=\"text-align: justify;\">Die legt man erst einmal zur Seite (in meinem Fall wichtig um die beiden Pr\u00e4sente nicht zu verwechseln\u2026) und schneidet aus einem bunten Papierrest einen Wimpel. Auf dem habe ich jeweils den Namen des Geburtstagskindes in Sch\u00f6nschrift notiert und die R\u00e4nder mit einfacher Linie umrandet.<\/p>\n<p style=\"text-align: center;\"><a href=\"https:\/\/www.sabine-seyffert.de\/blog\/wp-content\/uploads\/2019\/02\/Geschenkverpackung-Kugeln-8.jpg\"><img loading=\"lazy\" decoding=\"async\" class=\"alignnone size-full wp-image-13987\" src=\"https:\/\/www.sabine-seyffert.de\/blog\/wp-content\/uploads\/2019\/02\/Geschenkverpackung-Kugeln-8.jpg\" alt=\"\" width=\"800\" height=\"600\" srcset=\"https:\/\/www.sabine-seyffert.de\/blog\/wp-content\/uploads\/2019\/02\/Geschenkverpackung-Kugeln-8.jpg 800w, https:\/\/www.sabine-seyffert.de\/blog\/wp-content\/uploads\/2019\/02\/Geschenkverpackung-Kugeln-8-300x225.jpg 300w, https:\/\/www.sabine-seyffert.de\/blog\/wp-content\/uploads\/2019\/02\/Geschenkverpackung-Kugeln-8-768x576.jpg 768w\" sizes=\"auto, (max-width: 800px) 100vw, 800px\" \/><\/a><\/p>\n<p style=\"text-align: justify;\">Die Wimpel habe ich mit einem Klebstift auf dem Geschenk befestigt und im Anschluss die vorbereiteten, bunten Seidenpapier Kugeln gleichm\u00e4\u00dfig auf der Vorderseite festgeklebt.<\/p>\n<p style=\"text-align: center;\"><a href=\"https:\/\/www.sabine-seyffert.de\/blog\/wp-content\/uploads\/2019\/02\/Geschenkverpackung-Kugeln-7.jpg\"><img loading=\"lazy\" decoding=\"async\" class=\"alignnone size-full wp-image-13988\" src=\"https:\/\/www.sabine-seyffert.de\/blog\/wp-content\/uploads\/2019\/02\/Geschenkverpackung-Kugeln-7.jpg\" alt=\"\" width=\"800\" height=\"600\" srcset=\"https:\/\/www.sabine-seyffert.de\/blog\/wp-content\/uploads\/2019\/02\/Geschenkverpackung-Kugeln-7.jpg 800w, https:\/\/www.sabine-seyffert.de\/blog\/wp-content\/uploads\/2019\/02\/Geschenkverpackung-Kugeln-7-300x225.jpg 300w, https:\/\/www.sabine-seyffert.de\/blog\/wp-content\/uploads\/2019\/02\/Geschenkverpackung-Kugeln-7-768x576.jpg 768w\" sizes=\"auto, (max-width: 800px) 100vw, 800px\" \/><\/a><\/p>\n<p style=\"text-align: justify;\">Da ich in beiden Farbvarianten einen Gelstift zur Hand hatte, habe ich damit noch ein allover Punkte Muster auf die Geschenke betupft.<\/p>\n<p style=\"text-align: center;\"><a href=\"https:\/\/www.sabine-seyffert.de\/blog\/wp-content\/uploads\/2019\/02\/Geschenkverpackung-Kugeln-1.jpg\"><img loading=\"lazy\" decoding=\"async\" class=\"alignnone size-full wp-image-13989\" src=\"https:\/\/www.sabine-seyffert.de\/blog\/wp-content\/uploads\/2019\/02\/Geschenkverpackung-Kugeln-1.jpg\" alt=\"\" width=\"800\" height=\"600\" srcset=\"https:\/\/www.sabine-seyffert.de\/blog\/wp-content\/uploads\/2019\/02\/Geschenkverpackung-Kugeln-1.jpg 800w, https:\/\/www.sabine-seyffert.de\/blog\/wp-content\/uploads\/2019\/02\/Geschenkverpackung-Kugeln-1-300x225.jpg 300w, https:\/\/www.sabine-seyffert.de\/blog\/wp-content\/uploads\/2019\/02\/Geschenkverpackung-Kugeln-1-768x576.jpg 768w\" sizes=\"auto, (max-width: 800px) 100vw, 800px\" \/><\/a><\/p>\n<p style=\"text-align: justify;\">Ganz zum Schluss habe ich noch einige Bahnen Kordel seitlich um die Geschenke gewickelt und auf der R\u00fcckseite zu einer Schleife gebunden. So h\u00e4lt das Papier fest und man muss kein Tesafilm verwenden.<\/p>\n<p style=\"text-align: left;\"><a href=\"https:\/\/www.sabine-seyffert.de\/blog\/wp-content\/uploads\/2019\/02\/Geschenkverpackung-Kugeln-2.jpg\"><img loading=\"lazy\" decoding=\"async\" class=\"size-full wp-image-13990 aligncenter\" src=\"https:\/\/www.sabine-seyffert.de\/blog\/wp-content\/uploads\/2019\/02\/Geschenkverpackung-Kugeln-2.jpg\" alt=\"\" width=\"800\" height=\"600\" srcset=\"https:\/\/www.sabine-seyffert.de\/blog\/wp-content\/uploads\/2019\/02\/Geschenkverpackung-Kugeln-2.jpg 800w, https:\/\/www.sabine-seyffert.de\/blog\/wp-content\/uploads\/2019\/02\/Geschenkverpackung-Kugeln-2-300x225.jpg 300w, https:\/\/www.sabine-seyffert.de\/blog\/wp-content\/uploads\/2019\/02\/Geschenkverpackung-Kugeln-2-768x576.jpg 768w\" sizes=\"auto, (max-width: 800px) 100vw, 800px\" \/><\/a>Weitere Bastelanleitungen f\u00fcr ausgefallene Geschenkverpackung zu verschiedenen Anl\u00e4ssen gibt es in <a href=\"https:\/\/www.sabine-seyffert.de\/blog\/?cat=49\" target=\"_blank\" rel=\"noopener\">dieser Rubrik<\/a>, alles zum Thema Karneval <a href=\"https:\/\/www.sabine-seyffert.de\/blog\/?cat=26\" target=\"_blank\" rel=\"noopener\">hier<\/a> und andere kreative Sachen <a href=\"http:\/\/www.lunaju.de\/2019\/02\/kiddikram-februar-2019.html\" target=\"_blank\" rel=\"noopener nofollow\">da<\/a> und auch an <a href=\"https:\/\/www.creadienstag.de\/2019\/02\/linkparty-368.html\" target=\"_blank\" rel=\"noopener nofollow\">dieser<\/a> Stelle.<\/p>\n<p style=\"text-align: justify;\"><a href=\"https:\/\/www.sabine-seyffert.de\/blog\/?page_id=32#urheberrecht\">urheberrechtlich gesch\u00fctzt<\/a>, \u00a9 Sabine Seyffert<\/p>\n","protected":false},"excerpt":{"rendered":"<p>Nachdem ich bei der Fertigstellung der beiden Geburtstagsgeschenke fast verzweifelt bin, konnte ich beim Aust\u00fcfteln der ben\u00f6tigten Geschenkverpackung gl\u00fccklicherweise wieder aufatmen. Zumindest die Form der Geschenke machte das Verpacken sehr einfach. Also her mit der Rolle Packpapier und das Basteln konnte beginnen! Dabei habe ich mich wohl von der bevorstehenden Karnevalszeit inspirieren lassen \ud83d\ude09 Das&#8230; <a href=\"https:\/\/www.sabine-seyffert.de\/blog\/diy-selbst-gemachte-geschenkverpackung-geburtstagsgeschenke-blitzschnell-froehlich-verpackt\/\" class=\"more-link\">Read more: DIY Selbst gemachte Geschenkverpackung: Geburtstagsgeschenke blitzschnell &#038; fr\u00f6hlich verpackt<\/a><\/p>\n","protected":false},"author":2,"featured_media":0,"comment_status":"open","ping_status":"open","sticky":false,"template":"","format":"standard","meta":{"_metis_text_type":"","_metis_text_length":2434,"_post_count":0,"footnotes":""},"categories":[32,49,26,21],"tags":[],"class_list":["post-13981","post","type-post","status-publish","format-standard","hentry","category-kreatives-fur-kleine-kinderhande","category-verpackungsideen","category-karneval","category-kinderfeste-partys"],"_links":{"self":[{"href":"https:\/\/www.sabine-seyffert.de\/blog\/wp-json\/wp\/v2\/posts\/13981","targetHints":{"allow":["GET"]}}],"collection":[{"href":"https:\/\/www.sabine-seyffert.de\/blog\/wp-json\/wp\/v2\/posts"}],"about":[{"href":"https:\/\/www.sabine-seyffert.de\/blog\/wp-json\/wp\/v2\/types\/post"}],"author":[{"embeddable":true,"href":"https:\/\/www.sabine-seyffert.de\/blog\/wp-json\/wp\/v2\/users\/2"}],"replies":[{"embeddable":true,"href":"https:\/\/www.sabine-seyffert.de\/blog\/wp-json\/wp\/v2\/comments?post=13981"}],"version-history":[{"count":3,"href":"https:\/\/www.sabine-seyffert.de\/blog\/wp-json\/wp\/v2\/posts\/13981\/revisions"}],"predecessor-version":[{"id":14014,"href":"https:\/\/www.sabine-seyffert.de\/blog\/wp-json\/wp\/v2\/posts\/13981\/revisions\/14014"}],"wp:attachment":[{"href":"https:\/\/www.sabine-seyffert.de\/blog\/wp-json\/wp\/v2\/media?parent=13981"}],"wp:term":[{"taxonomy":"category","embeddable":true,"href":"https:\/\/www.sabine-seyffert.de\/blog\/wp-json\/wp\/v2\/categories?post=13981"},{"taxonomy":"post_tag","embeddable":true,"href":"https:\/\/www.sabine-seyffert.de\/blog\/wp-json\/wp\/v2\/tags?post=13981"}],"curies":[{"name":"wp","href":"https:\/\/api.w.org\/{rel}","templated":true}]}}