{"id":13930,"date":"2019-02-05T06:40:06","date_gmt":"2019-02-05T04:40:06","guid":{"rendered":"https:\/\/www.sabine-seyffert.de\/blog\/?p=13930"},"modified":"2022-12-06T10:59:43","modified_gmt":"2022-12-06T08:59:43","slug":"diy-geschenkverpackung-selbst-gemacht-ein-herzlicher-dank-mit-schneemann-im-winter","status":"publish","type":"post","link":"https:\/\/www.sabine-seyffert.de\/blog\/diy-geschenkverpackung-selbst-gemacht-ein-herzlicher-dank-mit-schneemann-im-winter\/","title":{"rendered":"DIY Geschenkverpackung selbst gemacht: Ein herzlicher Dank mit Schneemann im Winter"},"content":{"rendered":"<p style=\"text-align: justify;\"><img loading=\"lazy\" decoding=\"async\" src=\"http:\/\/vg01.met.vgwort.de\/na\/6afc4a500f7640008dbec3065378667b\" alt=\"\" width=\"1\" height=\"1\" \/>Der Winter hat es letzte Woche gut gemeint und in der Nacht allerhand Schnee gebracht. Dementsprechend ging hier am fr\u00fchen Morgen im Verkehr leider so gut wie nichts. Zumindest auf den Schienen. Somit stand meine Tochter morgens um 6 Uhr eine Stunde vergebens am zugigen Gleis in der K\u00e4lte, doch kein Bahn kam. ebenso wenig eine Info wann denn die betreffenden Z\u00fcge \u00fcberhaupt wieder fahren w\u00fcrden\u2026<\/p>\n<p style=\"text-align: justify;\">Nach diversen Telefonaten zu wirklich fr\u00fchen Stunde, kam schnelle Hilfe in der Not. Die Tochter einer Freundin hat meine Tochter dann ganz spontan mit dem Auto eingesammelt und mitgenommen. Ende gut, alles gut \u2013 wenn auch ziemlich durchfroren.<br \/>\nSomit habe ich meinerseits ein kleines Geschenk als Dankesch\u00f6n besorgt und dem vielen Schnee entsprechend winterlich verpackt.<\/p>\n<p style=\"text-align: center;\"><a href=\"https:\/\/www.sabine-seyffert.de\/blog\/wp-content\/uploads\/2019\/02\/Danke-Schneemann-Sabine-Seyffert.de-4.jpg\"><img loading=\"lazy\" decoding=\"async\" class=\"alignnone size-full wp-image-13931\" src=\"https:\/\/www.sabine-seyffert.de\/blog\/wp-content\/uploads\/2019\/02\/Danke-Schneemann-Sabine-Seyffert.de-4.jpg\" alt=\"\" width=\"800\" height=\"600\" srcset=\"https:\/\/www.sabine-seyffert.de\/blog\/wp-content\/uploads\/2019\/02\/Danke-Schneemann-Sabine-Seyffert.de-4.jpg 800w, https:\/\/www.sabine-seyffert.de\/blog\/wp-content\/uploads\/2019\/02\/Danke-Schneemann-Sabine-Seyffert.de-4-300x225.jpg 300w, https:\/\/www.sabine-seyffert.de\/blog\/wp-content\/uploads\/2019\/02\/Danke-Schneemann-Sabine-Seyffert.de-4-768x576.jpg 768w\" sizes=\"auto, (max-width: 800px) 100vw, 800px\" \/><\/a><\/p>\n<p style=\"text-align: justify;\"><strong>Das wird gebraucht:<\/strong><br \/>\nNaturbraunes Packpapier, Zeitungspapier, Wasserfarbe, Borstenpinsel, Deckwei\u00df oder eine andere wei\u00dfe Bastelfarbe, eine Schere, Kleber, Bastelpapierreste, Stempel o.\u00e4., einen wei\u00dfen Lackmalstift sowie optional einen Mini Motivlocher Schneeflocke \/ Eiskristall<\/p>\n<p style=\"text-align: center;\"><a href=\"https:\/\/www.sabine-seyffert.de\/blog\/wp-content\/uploads\/2019\/02\/Danke-Schneemann-Sabine-Seyffert.de-8.jpg\"><img loading=\"lazy\" decoding=\"async\" class=\"alignnone size-full wp-image-13932\" src=\"https:\/\/www.sabine-seyffert.de\/blog\/wp-content\/uploads\/2019\/02\/Danke-Schneemann-Sabine-Seyffert.de-8.jpg\" alt=\"\" width=\"800\" height=\"600\" srcset=\"https:\/\/www.sabine-seyffert.de\/blog\/wp-content\/uploads\/2019\/02\/Danke-Schneemann-Sabine-Seyffert.de-8.jpg 800w, https:\/\/www.sabine-seyffert.de\/blog\/wp-content\/uploads\/2019\/02\/Danke-Schneemann-Sabine-Seyffert.de-8-300x225.jpg 300w, https:\/\/www.sabine-seyffert.de\/blog\/wp-content\/uploads\/2019\/02\/Danke-Schneemann-Sabine-Seyffert.de-8-768x576.jpg 768w\" sizes=\"auto, (max-width: 800px) 100vw, 800px\" \/><\/a><\/p>\n<p style=\"text-align: justify;\"><strong>So wird\u2019s gemacht:<\/strong><br \/>\nIn meinem Bastelvorrat habe ich immer einen ganzen Schwung an mit Wasserfarbe bemaltem Zeitungspapier. Wer das nicht hat, kann in <a href=\"https:\/\/www.sabine-seyffert.de\/blog\/?p=13917\" target=\"_blank\" rel=\"noopener\">dieser Anleitung<\/a> einfach noch mal nachlesen, wie man das Papier am besten bemalt und was man dabei beachten sollte.<\/p>\n<p style=\"text-align: center;\"><a href=\"https:\/\/www.sabine-seyffert.de\/blog\/wp-content\/uploads\/2019\/02\/Danke-Schneemann-Sabine-Seyffert.de-9.jpg\"><img loading=\"lazy\" decoding=\"async\" class=\"alignnone size-full wp-image-13933\" src=\"https:\/\/www.sabine-seyffert.de\/blog\/wp-content\/uploads\/2019\/02\/Danke-Schneemann-Sabine-Seyffert.de-9.jpg\" alt=\"\" width=\"800\" height=\"600\" srcset=\"https:\/\/www.sabine-seyffert.de\/blog\/wp-content\/uploads\/2019\/02\/Danke-Schneemann-Sabine-Seyffert.de-9.jpg 800w, https:\/\/www.sabine-seyffert.de\/blog\/wp-content\/uploads\/2019\/02\/Danke-Schneemann-Sabine-Seyffert.de-9-300x225.jpg 300w, https:\/\/www.sabine-seyffert.de\/blog\/wp-content\/uploads\/2019\/02\/Danke-Schneemann-Sabine-Seyffert.de-9-768x576.jpg 768w\" sizes=\"auto, (max-width: 800px) 100vw, 800px\" \/><\/a><\/p>\n<p style=\"text-align: justify;\">Zuerst habe ich das Geschenk in Packpapier verpackt. Dann habe ich aus dunkelblau bemaltem Zeitungspapier ein gr\u00f6\u00dferes St\u00fcck als Hintergrund ausgerissen (per Hand) und aus wei\u00df bemaltem Papier einen \u201everschneiten\u201c Boden f\u00fcr den unteren Abschluss des Motivs.<\/p>\n<p style=\"text-align: center;\"><a href=\"https:\/\/www.sabine-seyffert.de\/blog\/wp-content\/uploads\/2019\/02\/Danke-Schneemann-Sabine-Seyffert.de-6.jpg\"><img loading=\"lazy\" decoding=\"async\" class=\"alignnone size-full wp-image-13934\" src=\"https:\/\/www.sabine-seyffert.de\/blog\/wp-content\/uploads\/2019\/02\/Danke-Schneemann-Sabine-Seyffert.de-6.jpg\" alt=\"\" width=\"800\" height=\"600\" srcset=\"https:\/\/www.sabine-seyffert.de\/blog\/wp-content\/uploads\/2019\/02\/Danke-Schneemann-Sabine-Seyffert.de-6.jpg 800w, https:\/\/www.sabine-seyffert.de\/blog\/wp-content\/uploads\/2019\/02\/Danke-Schneemann-Sabine-Seyffert.de-6-300x225.jpg 300w, https:\/\/www.sabine-seyffert.de\/blog\/wp-content\/uploads\/2019\/02\/Danke-Schneemann-Sabine-Seyffert.de-6-768x576.jpg 768w\" sizes=\"auto, (max-width: 800px) 100vw, 800px\" \/><\/a><\/p>\n<p style=\"text-align: justify;\">Aus dem wei\u00dfen Papier schneidet man dann noch drei unterschiedlich gro\u00dfe Kreise f\u00fcr den Schneemann. Den kann man mit aufgemalten Kn\u00f6pfen und einem Gesicht bemalen oder die gew\u00fcnschten Teile ebenfalls aus bemaltem Zeitungspapier schneiden.<\/p>\n<p style=\"text-align: center;\"><a href=\"https:\/\/www.sabine-seyffert.de\/blog\/wp-content\/uploads\/2019\/02\/Danke-Schneemann-Sabine-Seyffert.de-7.jpg\"><img loading=\"lazy\" decoding=\"async\" class=\"alignnone size-full wp-image-13935\" src=\"https:\/\/www.sabine-seyffert.de\/blog\/wp-content\/uploads\/2019\/02\/Danke-Schneemann-Sabine-Seyffert.de-7.jpg\" alt=\"\" width=\"800\" height=\"600\" srcset=\"https:\/\/www.sabine-seyffert.de\/blog\/wp-content\/uploads\/2019\/02\/Danke-Schneemann-Sabine-Seyffert.de-7.jpg 800w, https:\/\/www.sabine-seyffert.de\/blog\/wp-content\/uploads\/2019\/02\/Danke-Schneemann-Sabine-Seyffert.de-7-300x225.jpg 300w, https:\/\/www.sabine-seyffert.de\/blog\/wp-content\/uploads\/2019\/02\/Danke-Schneemann-Sabine-Seyffert.de-7-768x576.jpg 768w\" sizes=\"auto, (max-width: 800px) 100vw, 800px\" \/><\/a><\/p>\n<p style=\"text-align: justify;\">Weil es ja schneit, habe ich einen Schwung wei\u00dfer Schneeflocken ausgestanzt und aufgeklebt sowie mit dem Lackstift noch ein paar kleine Schneefl\u00f6ckchen dazwischen gemalt.<\/p>\n<p style=\"text-align: center;\"><a href=\"https:\/\/www.sabine-seyffert.de\/blog\/wp-content\/uploads\/2019\/02\/Danke-Schneemann-Sabine-Seyffert.de-5.jpg\"><img loading=\"lazy\" decoding=\"async\" class=\"alignnone size-full wp-image-13936\" src=\"https:\/\/www.sabine-seyffert.de\/blog\/wp-content\/uploads\/2019\/02\/Danke-Schneemann-Sabine-Seyffert.de-5.jpg\" alt=\"\" width=\"800\" height=\"600\" srcset=\"https:\/\/www.sabine-seyffert.de\/blog\/wp-content\/uploads\/2019\/02\/Danke-Schneemann-Sabine-Seyffert.de-5.jpg 800w, https:\/\/www.sabine-seyffert.de\/blog\/wp-content\/uploads\/2019\/02\/Danke-Schneemann-Sabine-Seyffert.de-5-300x225.jpg 300w, https:\/\/www.sabine-seyffert.de\/blog\/wp-content\/uploads\/2019\/02\/Danke-Schneemann-Sabine-Seyffert.de-5-768x576.jpg 768w\" sizes=\"auto, (max-width: 800px) 100vw, 800px\" \/><\/a><\/p>\n<p style=\"text-align: justify;\">Mit dem Stempel noch \u201eDankesch\u00f6n\u201c oder einen anderen gew\u00fcnschten Gru\u00df aufstempeln und zu einem Wimpel schneiden. Mit dem kann man das Geschenk noch beschriften.<\/p>\n<p style=\"text-align: center;\"><a href=\"https:\/\/www.sabine-seyffert.de\/blog\/wp-content\/uploads\/2019\/02\/Danke-Schneemann-Sabine-Seyffert.de-1.jpg\"><img loading=\"lazy\" decoding=\"async\" class=\"alignnone size-full wp-image-13943\" src=\"https:\/\/www.sabine-seyffert.de\/blog\/wp-content\/uploads\/2019\/02\/Danke-Schneemann-Sabine-Seyffert.de-1.jpg\" alt=\"\" width=\"800\" height=\"600\" srcset=\"https:\/\/www.sabine-seyffert.de\/blog\/wp-content\/uploads\/2019\/02\/Danke-Schneemann-Sabine-Seyffert.de-1.jpg 800w, https:\/\/www.sabine-seyffert.de\/blog\/wp-content\/uploads\/2019\/02\/Danke-Schneemann-Sabine-Seyffert.de-1-300x225.jpg 300w, https:\/\/www.sabine-seyffert.de\/blog\/wp-content\/uploads\/2019\/02\/Danke-Schneemann-Sabine-Seyffert.de-1-768x576.jpg 768w\" sizes=\"auto, (max-width: 800px) 100vw, 800px\" \/><\/a><\/p>\n<p style=\"text-align: justify;\">Weitere Bastelanleitungen f\u00fcr selbst gemachte Geschenkverpackungen zu zahlreichen Anl\u00e4ssen findet ihr \u00fcbrigens in <a href=\"https:\/\/www.sabine-seyffert.de\/blog\/?cat=49\" target=\"_blank\" rel=\"noopener\">dieser Blog Kategorie<\/a>, klitzekleine Geschenkideen <a href=\"https:\/\/www.sabine-seyffert.de\/blog\/?cat=36\" target=\"_blank\" rel=\"noopener\">hier<\/a>, alles rund um\u00a0 das Thema Upcycing <a href=\"https:\/\/www.sabine-seyffert.de\/blog\/?cat=47\" target=\"_blank\" rel=\"noopener\">dort<\/a> und andere kreative Sachen gibt es an <a href=\"https:\/\/www.creadienstag.de\/2019\/01\/linkparty-366.html\" target=\"_blank\" rel=\"noopener nofollow\">dieser<\/a> Stelle.<\/p>\n<p style=\"text-align: justify;\"><a href=\"https:\/\/www.sabine-seyffert.de\/blog\/?page_id=32#urheberrecht\">urheberrechtlich gesch\u00fctzt<\/a>, \u00a9 Sabine Seyffert<\/p>\n","protected":false},"excerpt":{"rendered":"<p>Der Winter hat es letzte Woche gut gemeint und in der Nacht allerhand Schnee gebracht. Dementsprechend ging hier am fr\u00fchen Morgen im Verkehr leider so gut wie nichts. Zumindest auf den Schienen. Somit stand meine Tochter morgens um 6 Uhr eine Stunde vergebens am zugigen Gleis in der K\u00e4lte, doch kein Bahn kam. ebenso wenig&#8230; <a href=\"https:\/\/www.sabine-seyffert.de\/blog\/diy-geschenkverpackung-selbst-gemacht-ein-herzlicher-dank-mit-schneemann-im-winter\/\" class=\"more-link\">Read more: DIY Geschenkverpackung selbst gemacht: Ein herzlicher Dank mit Schneemann im Winter<\/a><\/p>\n","protected":false},"author":2,"featured_media":0,"comment_status":"open","ping_status":"open","sticky":false,"template":"","format":"standard","meta":{"_metis_text_type":"","_metis_text_length":2449,"_post_count":0,"footnotes":""},"categories":[49,47,22],"tags":[],"class_list":["post-13930","post","type-post","status-publish","format-standard","hentry","category-verpackungsideen","category-upcyceltes","category-winter"],"_links":{"self":[{"href":"https:\/\/www.sabine-seyffert.de\/blog\/wp-json\/wp\/v2\/posts\/13930","targetHints":{"allow":["GET"]}}],"collection":[{"href":"https:\/\/www.sabine-seyffert.de\/blog\/wp-json\/wp\/v2\/posts"}],"about":[{"href":"https:\/\/www.sabine-seyffert.de\/blog\/wp-json\/wp\/v2\/types\/post"}],"author":[{"embeddable":true,"href":"https:\/\/www.sabine-seyffert.de\/blog\/wp-json\/wp\/v2\/users\/2"}],"replies":[{"embeddable":true,"href":"https:\/\/www.sabine-seyffert.de\/blog\/wp-json\/wp\/v2\/comments?post=13930"}],"version-history":[{"count":5,"href":"https:\/\/www.sabine-seyffert.de\/blog\/wp-json\/wp\/v2\/posts\/13930\/revisions"}],"predecessor-version":[{"id":13942,"href":"https:\/\/www.sabine-seyffert.de\/blog\/wp-json\/wp\/v2\/posts\/13930\/revisions\/13942"}],"wp:attachment":[{"href":"https:\/\/www.sabine-seyffert.de\/blog\/wp-json\/wp\/v2\/media?parent=13930"}],"wp:term":[{"taxonomy":"category","embeddable":true,"href":"https:\/\/www.sabine-seyffert.de\/blog\/wp-json\/wp\/v2\/categories?post=13930"},{"taxonomy":"post_tag","embeddable":true,"href":"https:\/\/www.sabine-seyffert.de\/blog\/wp-json\/wp\/v2\/tags?post=13930"}],"curies":[{"name":"wp","href":"https:\/\/api.w.org\/{rel}","templated":true}]}}