{"id":13879,"date":"2019-01-27T18:29:41","date_gmt":"2019-01-27T16:29:41","guid":{"rendered":"https:\/\/www.sabine-seyffert.de\/blog\/?p=13879"},"modified":"2019-01-27T18:29:41","modified_gmt":"2019-01-27T16:29:41","slug":"diy-verpackungsidee-selbst-gemachte-geschenkverpackung-hirsch-im-winter-wald","status":"publish","type":"post","link":"https:\/\/www.sabine-seyffert.de\/blog\/diy-verpackungsidee-selbst-gemachte-geschenkverpackung-hirsch-im-winter-wald\/","title":{"rendered":"DIY Verpackungsidee: Selbst gemachte Geschenkverpackung Hirsch im Winter-Wald"},"content":{"rendered":"<p style=\"text-align: justify;\"><img loading=\"lazy\" decoding=\"async\" src=\"https:\/\/vg01.met.vgwort.de\/na\/4d4242d0da7e44c194b5fa2b36375e4d\" alt=\"\" width=\"1\" height=\"1\" \/>Normalerweise werden Geburtstagsgeschenke hier fast immer in dem naturbraunen Packpapier versteckt. Allerdings ist es dieses Mal die Variante in schwarz geworden. Da durch diesen dunklen Farbton der darauf gestaltete Winter besser zur Geltung kommt \ud83d\ude09<br \/>\nWie bei all meinen Geschenkverpackungen ist diese nicht im Vorfeld geplant, sondern spontan beim Basteln und Verpacken entstanden.<\/p>\n<p style=\"text-align: center;\"><a href=\"https:\/\/www.sabine-seyffert.de\/blog\/wp-content\/uploads\/2019\/01\/Hirsch-Geschenkverpackung8.jpg\"><img loading=\"lazy\" decoding=\"async\" class=\"alignnone size-full wp-image-13880\" src=\"https:\/\/www.sabine-seyffert.de\/blog\/wp-content\/uploads\/2019\/01\/Hirsch-Geschenkverpackung8.jpg\" alt=\"\" width=\"800\" height=\"600\" srcset=\"https:\/\/www.sabine-seyffert.de\/blog\/wp-content\/uploads\/2019\/01\/Hirsch-Geschenkverpackung8.jpg 800w, https:\/\/www.sabine-seyffert.de\/blog\/wp-content\/uploads\/2019\/01\/Hirsch-Geschenkverpackung8-300x225.jpg 300w, https:\/\/www.sabine-seyffert.de\/blog\/wp-content\/uploads\/2019\/01\/Hirsch-Geschenkverpackung8-768x576.jpg 768w\" sizes=\"auto, (max-width: 800px) 100vw, 800px\" \/><\/a><\/p>\n<p style=\"text-align: justify;\"><strong>Das wird gebraucht:<\/strong><br \/>\nUnifarbenes Geschenkpapier (schwarzes Packpapier), wei\u00dfer Tonkarton, Deckwei\u00df oder wei\u00dfer Acryllack auf Wasserbasis, eine alte Tageszeitung, Bastelkleber, Bastelschere, etwas Watte, Pinsel, ein Streifen, wei\u00dfe Wellpappe \/ Wellenkarton, wei\u00dfer Lackstift \/ Gelstift<\/p>\n<p style=\"text-align: center;\"><a href=\"https:\/\/www.sabine-seyffert.de\/blog\/wp-content\/uploads\/2019\/01\/Hirsch-Geschenkverpackung-3.jpg\"><img loading=\"lazy\" decoding=\"async\" class=\"alignnone size-full wp-image-13881\" src=\"https:\/\/www.sabine-seyffert.de\/blog\/wp-content\/uploads\/2019\/01\/Hirsch-Geschenkverpackung-3.jpg\" alt=\"\" width=\"800\" height=\"600\" srcset=\"https:\/\/www.sabine-seyffert.de\/blog\/wp-content\/uploads\/2019\/01\/Hirsch-Geschenkverpackung-3.jpg 800w, https:\/\/www.sabine-seyffert.de\/blog\/wp-content\/uploads\/2019\/01\/Hirsch-Geschenkverpackung-3-300x225.jpg 300w, https:\/\/www.sabine-seyffert.de\/blog\/wp-content\/uploads\/2019\/01\/Hirsch-Geschenkverpackung-3-768x576.jpg 768w\" sizes=\"auto, (max-width: 800px) 100vw, 800px\" \/><\/a><\/p>\n<p style=\"text-align: justify;\"><strong>So wird\u2019s gemacht:<\/strong><br \/>\nAls erstes habe ich ein Blatt ausgelesener Tageszeitung mit Deckwei\u00df bemalt. Dazu verwendet man am besten den bedruckten Teil, wo nur Schrift zu stehen ist. Denn diese scheint immer etwas durch und gibt es Motiven schlie\u00dflich immer mehr Tiefe.<\/p>\n<p style=\"text-align: center;\"><a href=\"https:\/\/www.sabine-seyffert.de\/blog\/wp-content\/uploads\/2019\/01\/Hirsch-Geschenkverpackung-2.jpg\"><img loading=\"lazy\" decoding=\"async\" class=\"alignnone size-full wp-image-13882\" src=\"https:\/\/www.sabine-seyffert.de\/blog\/wp-content\/uploads\/2019\/01\/Hirsch-Geschenkverpackung-2.jpg\" alt=\"\" width=\"800\" height=\"600\" srcset=\"https:\/\/www.sabine-seyffert.de\/blog\/wp-content\/uploads\/2019\/01\/Hirsch-Geschenkverpackung-2.jpg 800w, https:\/\/www.sabine-seyffert.de\/blog\/wp-content\/uploads\/2019\/01\/Hirsch-Geschenkverpackung-2-300x225.jpg 300w, https:\/\/www.sabine-seyffert.de\/blog\/wp-content\/uploads\/2019\/01\/Hirsch-Geschenkverpackung-2-768x576.jpg 768w\" sizes=\"auto, (max-width: 800px) 100vw, 800px\" \/><\/a><\/p>\n<p style=\"text-align: justify;\">Das Deckwei\u00df, selbst wenn es mit etwas Wasser verd\u00fcnnt aufgetragen wird, trocknet in Heizungsn\u00e4he innerhalb von wenigen Minuten, so dass es gleich zum Basteln verwenden kann.<\/p>\n<p style=\"text-align: center;\"><a href=\"https:\/\/www.sabine-seyffert.de\/blog\/wp-content\/uploads\/2019\/01\/Hirsch-Geschenkverpackung-4.jpg\"><img loading=\"lazy\" decoding=\"async\" class=\"alignnone size-full wp-image-13883\" src=\"https:\/\/www.sabine-seyffert.de\/blog\/wp-content\/uploads\/2019\/01\/Hirsch-Geschenkverpackung-4.jpg\" alt=\"\" width=\"800\" height=\"600\" srcset=\"https:\/\/www.sabine-seyffert.de\/blog\/wp-content\/uploads\/2019\/01\/Hirsch-Geschenkverpackung-4.jpg 800w, https:\/\/www.sabine-seyffert.de\/blog\/wp-content\/uploads\/2019\/01\/Hirsch-Geschenkverpackung-4-300x225.jpg 300w, https:\/\/www.sabine-seyffert.de\/blog\/wp-content\/uploads\/2019\/01\/Hirsch-Geschenkverpackung-4-768x576.jpg 768w\" sizes=\"auto, (max-width: 800px) 100vw, 800px\" \/><\/a><\/p>\n<p style=\"text-align: justify;\">In der Zwischenzeit habe ich das Geschenk in schwarzem Papier versteckt. Aus Wellpappe habe ich einen l\u00e4ngeren Streifen ausgeschnitten, den ich an den unteren Rand geklebt habe. Dar\u00fcber kann man noch etwas Watte als Schneedecke kleben und hat dadurch einen plastischen Effekt.<\/p>\n<p style=\"text-align: center;\"><a href=\"https:\/\/www.sabine-seyffert.de\/blog\/wp-content\/uploads\/2019\/01\/Hirsch-Geschenkverpackung-7.jpg\"><img loading=\"lazy\" decoding=\"async\" class=\"alignnone size-full wp-image-13884\" src=\"https:\/\/www.sabine-seyffert.de\/blog\/wp-content\/uploads\/2019\/01\/Hirsch-Geschenkverpackung-7.jpg\" alt=\"\" width=\"800\" height=\"600\" srcset=\"https:\/\/www.sabine-seyffert.de\/blog\/wp-content\/uploads\/2019\/01\/Hirsch-Geschenkverpackung-7.jpg 800w, https:\/\/www.sabine-seyffert.de\/blog\/wp-content\/uploads\/2019\/01\/Hirsch-Geschenkverpackung-7-300x225.jpg 300w, https:\/\/www.sabine-seyffert.de\/blog\/wp-content\/uploads\/2019\/01\/Hirsch-Geschenkverpackung-7-768x576.jpg 768w\" sizes=\"auto, (max-width: 800px) 100vw, 800px\" \/><\/a><\/p>\n<p style=\"text-align: justify;\">Aus wei\u00dfem Tonkarton habe ich einen Hirsch mit Geweih ausgeschnitten, der nun das Geschenk verziert. Dar\u00fcber klebt eine wei\u00dfe Wolke aus der Schneeflocken fallen. Dazu rollt man aus Watte kleine Kugeln und klebt diese auf.<\/p>\n<p style=\"text-align: center;\"><a href=\"https:\/\/www.sabine-seyffert.de\/blog\/wp-content\/uploads\/2019\/01\/Hirsch-Geschenkverpackung-6.jpg\"><img loading=\"lazy\" decoding=\"async\" class=\"alignnone size-full wp-image-13885\" src=\"https:\/\/www.sabine-seyffert.de\/blog\/wp-content\/uploads\/2019\/01\/Hirsch-Geschenkverpackung-6.jpg\" alt=\"\" width=\"800\" height=\"600\" srcset=\"https:\/\/www.sabine-seyffert.de\/blog\/wp-content\/uploads\/2019\/01\/Hirsch-Geschenkverpackung-6.jpg 800w, https:\/\/www.sabine-seyffert.de\/blog\/wp-content\/uploads\/2019\/01\/Hirsch-Geschenkverpackung-6-300x225.jpg 300w, https:\/\/www.sabine-seyffert.de\/blog\/wp-content\/uploads\/2019\/01\/Hirsch-Geschenkverpackung-6-768x576.jpg 768w\" sizes=\"auto, (max-width: 800px) 100vw, 800px\" \/><\/a><\/p>\n<p style=\"text-align: justify;\">Aus der bemalten Zeitung habe ich dann mehrere Winterb\u00e4ume mit kahlen \u00c4sten geschnitten und ebenfalls auf dem P\u00e4ckchen mit Klebstoff fixiert.<br \/>\nZum Schluss habe ich mit einem Gelschreiber kleine P\u00fcnktchen um die Motive gemalt. Fertig ist die winterliche Landschaft.<\/p>\n<p style=\"text-align: center;\"><a href=\"https:\/\/www.sabine-seyffert.de\/blog\/wp-content\/uploads\/2019\/01\/Hirsch-Geschenkverpackung-5.jpg\"><img loading=\"lazy\" decoding=\"async\" class=\"alignnone size-full wp-image-13886\" src=\"https:\/\/www.sabine-seyffert.de\/blog\/wp-content\/uploads\/2019\/01\/Hirsch-Geschenkverpackung-5.jpg\" alt=\"\" width=\"800\" height=\"600\" srcset=\"https:\/\/www.sabine-seyffert.de\/blog\/wp-content\/uploads\/2019\/01\/Hirsch-Geschenkverpackung-5.jpg 800w, https:\/\/www.sabine-seyffert.de\/blog\/wp-content\/uploads\/2019\/01\/Hirsch-Geschenkverpackung-5-300x225.jpg 300w, https:\/\/www.sabine-seyffert.de\/blog\/wp-content\/uploads\/2019\/01\/Hirsch-Geschenkverpackung-5-768x576.jpg 768w\" sizes=\"auto, (max-width: 800px) 100vw, 800px\" \/><\/a><\/p>\n<p style=\"text-align: justify;\">Weitere Bastelanleitungen f\u00fcr ausgefallene Geschenkverpackung zu verschiedenen Anl\u00e4ssen gibt es in <a href=\"https:\/\/www.sabine-seyffert.de\/blog\/?cat=49\" target=\"_blank\" rel=\"noopener\">dieser Rubri<\/a>k, alles zum Thema Winter <a href=\"https:\/\/www.sabine-seyffert.de\/blog\/?cat=22\" target=\"_blank\" rel=\"noopener\">hier<\/a>, alles rund um Upcycling in <a href=\"https:\/\/www.sabine-seyffert.de\/blog\/?cat=47\" target=\"_blank\" rel=\"noopener\">diesem Ordner<\/a> und andere kreative Sachen da.<\/p>\n<p style=\"text-align: center;\"><a href=\"https:\/\/www.sabine-seyffert.de\/blog\/wp-content\/uploads\/2019\/01\/Hirsch-Geschenkverpackung-1.jpg\"><img loading=\"lazy\" decoding=\"async\" class=\"alignnone size-full wp-image-13887\" src=\"https:\/\/www.sabine-seyffert.de\/blog\/wp-content\/uploads\/2019\/01\/Hirsch-Geschenkverpackung-1.jpg\" alt=\"\" width=\"800\" height=\"600\" srcset=\"https:\/\/www.sabine-seyffert.de\/blog\/wp-content\/uploads\/2019\/01\/Hirsch-Geschenkverpackung-1.jpg 800w, https:\/\/www.sabine-seyffert.de\/blog\/wp-content\/uploads\/2019\/01\/Hirsch-Geschenkverpackung-1-300x225.jpg 300w, https:\/\/www.sabine-seyffert.de\/blog\/wp-content\/uploads\/2019\/01\/Hirsch-Geschenkverpackung-1-768x576.jpg 768w\" sizes=\"auto, (max-width: 800px) 100vw, 800px\" \/><\/a><\/p>\n<p style=\"text-align: justify;\"><a href=\"https:\/\/www.sabine-seyffert.de\/blog\/?page_id=32#urheberrecht\">urheberrechtlich gesch\u00fctzt<\/a>, \u00a9 Sabine Seyffert<\/p>\n","protected":false},"excerpt":{"rendered":"<p>Normalerweise werden Geburtstagsgeschenke hier fast immer in dem naturbraunen Packpapier versteckt. Allerdings ist es dieses Mal die Variante in schwarz geworden. Da durch diesen dunklen Farbton der darauf gestaltete Winter besser zur Geltung kommt \ud83d\ude09 Wie bei all meinen Geschenkverpackungen ist diese nicht im Vorfeld geplant, sondern spontan beim Basteln und Verpacken entstanden. Das wird&#8230; <a href=\"https:\/\/www.sabine-seyffert.de\/blog\/diy-verpackungsidee-selbst-gemachte-geschenkverpackung-hirsch-im-winter-wald\/\" class=\"more-link\">Read more: DIY Verpackungsidee: Selbst gemachte Geschenkverpackung Hirsch im Winter-Wald<\/a><\/p>\n","protected":false},"author":2,"featured_media":0,"comment_status":"open","ping_status":"open","sticky":false,"template":"","format":"standard","meta":{"_metis_text_type":"","_metis_text_length":2127,"_post_count":0,"footnotes":""},"categories":[49,47,22],"tags":[],"class_list":["post-13879","post","type-post","status-publish","format-standard","hentry","category-verpackungsideen","category-upcyceltes","category-winter"],"_links":{"self":[{"href":"https:\/\/www.sabine-seyffert.de\/blog\/wp-json\/wp\/v2\/posts\/13879","targetHints":{"allow":["GET"]}}],"collection":[{"href":"https:\/\/www.sabine-seyffert.de\/blog\/wp-json\/wp\/v2\/posts"}],"about":[{"href":"https:\/\/www.sabine-seyffert.de\/blog\/wp-json\/wp\/v2\/types\/post"}],"author":[{"embeddable":true,"href":"https:\/\/www.sabine-seyffert.de\/blog\/wp-json\/wp\/v2\/users\/2"}],"replies":[{"embeddable":true,"href":"https:\/\/www.sabine-seyffert.de\/blog\/wp-json\/wp\/v2\/comments?post=13879"}],"version-history":[{"count":2,"href":"https:\/\/www.sabine-seyffert.de\/blog\/wp-json\/wp\/v2\/posts\/13879\/revisions"}],"predecessor-version":[{"id":13889,"href":"https:\/\/www.sabine-seyffert.de\/blog\/wp-json\/wp\/v2\/posts\/13879\/revisions\/13889"}],"wp:attachment":[{"href":"https:\/\/www.sabine-seyffert.de\/blog\/wp-json\/wp\/v2\/media?parent=13879"}],"wp:term":[{"taxonomy":"category","embeddable":true,"href":"https:\/\/www.sabine-seyffert.de\/blog\/wp-json\/wp\/v2\/categories?post=13879"},{"taxonomy":"post_tag","embeddable":true,"href":"https:\/\/www.sabine-seyffert.de\/blog\/wp-json\/wp\/v2\/tags?post=13879"}],"curies":[{"name":"wp","href":"https:\/\/api.w.org\/{rel}","templated":true}]}}