{"id":13853,"date":"2019-01-22T06:37:57","date_gmt":"2019-01-22T04:37:57","guid":{"rendered":"https:\/\/www.sabine-seyffert.de\/blog\/?p=13853"},"modified":"2019-01-22T06:37:57","modified_gmt":"2019-01-22T04:37:57","slug":"diy-geschenk-idee-selbst-gemachter-winter-zucker-als-mitbringsel-passend-zur-jahreszeit","status":"publish","type":"post","link":"https:\/\/www.sabine-seyffert.de\/blog\/diy-geschenk-idee-selbst-gemachter-winter-zucker-als-mitbringsel-passend-zur-jahreszeit\/","title":{"rendered":"DIY Geschenk Idee: Selbst gemachter Winter Zucker als Mitbringsel passend zur Jahreszeit"},"content":{"rendered":"<p style=\"text-align: justify;\"><img loading=\"lazy\" decoding=\"async\" src=\"https:\/\/vg01.met.vgwort.de\/na\/d9c0bf2b2a5248ddbf233e5ae28507e6\" alt=\"\" width=\"1\" height=\"1\" \/>Ist das Winterwetter derzeit nicht gro\u00dfartig? Es ist zwar lausig kalt, aber herrlich winterlich. Dabei scheint hier seit Tagen die Sonne und es macht riesig Spa\u00df bei dem Wetter eine Runde im Wald zu drehen, ein wenig frische Luft zu schnappen und dabei Sonne zu tanken.<br \/>\nFalls ihr lieber Drinnen Kreativsein m\u00f6chtet, gibt es heute ein blitzschnelles, winterliches DIY, dass man wunderbar als kleines Geschenk nutzen kann.<\/p>\n<p style=\"text-align: center;\"><a href=\"https:\/\/www.sabine-seyffert.de\/blog\/wp-content\/uploads\/2019\/01\/Winterzucker-Sabine-Seyffert.de-2.jpg\"><img loading=\"lazy\" decoding=\"async\" class=\"alignnone size-full wp-image-13854\" src=\"https:\/\/www.sabine-seyffert.de\/blog\/wp-content\/uploads\/2019\/01\/Winterzucker-Sabine-Seyffert.de-2.jpg\" alt=\"\" width=\"600\" height=\"800\" srcset=\"https:\/\/www.sabine-seyffert.de\/blog\/wp-content\/uploads\/2019\/01\/Winterzucker-Sabine-Seyffert.de-2.jpg 600w, https:\/\/www.sabine-seyffert.de\/blog\/wp-content\/uploads\/2019\/01\/Winterzucker-Sabine-Seyffert.de-2-225x300.jpg 225w\" sizes=\"auto, (max-width: 600px) 100vw, 600px\" \/><\/a><\/p>\n<p style=\"text-align: justify;\"><strong>Das wird gebraucht:<\/strong><br \/>\nW\u00fcrfelzucker, kleine Zuckerstreusel in \u201eSchneeflocken\u201c Form oder einem anderen winterlichen Motiv, etwas Puderzucker sowie optional ein kleines Glas mit Deckel, ein Pergamin T\u00fctchen oder eine andere Geschenkverpackung<\/p>\n<p style=\"text-align: center;\"><a href=\"https:\/\/www.sabine-seyffert.de\/blog\/wp-content\/uploads\/2019\/01\/Winterzucker-Sabine-Seyffert.de-9.jpg\"><img loading=\"lazy\" decoding=\"async\" class=\"alignnone size-full wp-image-13855\" src=\"https:\/\/www.sabine-seyffert.de\/blog\/wp-content\/uploads\/2019\/01\/Winterzucker-Sabine-Seyffert.de-9.jpg\" alt=\"\" width=\"600\" height=\"800\" srcset=\"https:\/\/www.sabine-seyffert.de\/blog\/wp-content\/uploads\/2019\/01\/Winterzucker-Sabine-Seyffert.de-9.jpg 600w, https:\/\/www.sabine-seyffert.de\/blog\/wp-content\/uploads\/2019\/01\/Winterzucker-Sabine-Seyffert.de-9-225x300.jpg 225w\" sizes=\"auto, (max-width: 600px) 100vw, 600px\" \/><\/a><\/p>\n<p style=\"text-align: justify;\"><strong>So wird\u2019s gemacht:<\/strong><br \/>\nR\u00fchrt euch in einem Eierbecher (oder einer anderen kleinen Schale) einen Teel\u00f6ffel gesiebten Puderzucker mit ein paar Tropfen warmen Leitungswasser zu einem festen Zuckerguss.<\/p>\n<p style=\"text-align: center;\"><a href=\"https:\/\/www.sabine-seyffert.de\/blog\/wp-content\/uploads\/2019\/01\/Winterzucker-Sabine-Seyffert.de-13.jpg\"><img loading=\"lazy\" decoding=\"async\" class=\"alignnone size-full wp-image-13856\" src=\"https:\/\/www.sabine-seyffert.de\/blog\/wp-content\/uploads\/2019\/01\/Winterzucker-Sabine-Seyffert.de-13.jpg\" alt=\"\" width=\"800\" height=\"600\" srcset=\"https:\/\/www.sabine-seyffert.de\/blog\/wp-content\/uploads\/2019\/01\/Winterzucker-Sabine-Seyffert.de-13.jpg 800w, https:\/\/www.sabine-seyffert.de\/blog\/wp-content\/uploads\/2019\/01\/Winterzucker-Sabine-Seyffert.de-13-300x225.jpg 300w, https:\/\/www.sabine-seyffert.de\/blog\/wp-content\/uploads\/2019\/01\/Winterzucker-Sabine-Seyffert.de-13-768x576.jpg 768w\" sizes=\"auto, (max-width: 800px) 100vw, 800px\" \/><\/a><\/p>\n<p style=\"text-align: justify;\">Mit einem sauberen Pinsel oder einer d\u00fcnnen T\u00fclle k\u00f6nnt ihr damit kleine Kleckse Guss mittig auf den W\u00fcrfelzucker geben und dann eine Schneeflocke (Zuckerstreusel) darauf setzen. Diese Zuckerw\u00fcrfel sehen einfach richtig winterlich aus. Man kann hei\u00dfen Tee damit genie\u00dfen oder die W\u00fcrfel als kleinen Wintergru\u00df bzw. Geschenk nutzen.<\/p>\n<p style=\"text-align: center;\"><a href=\"https:\/\/www.sabine-seyffert.de\/blog\/wp-content\/uploads\/2019\/01\/Winterzucker-Sabine-Seyffert.de-14.jpg\"><img loading=\"lazy\" decoding=\"async\" class=\"alignnone size-full wp-image-13858\" src=\"https:\/\/www.sabine-seyffert.de\/blog\/wp-content\/uploads\/2019\/01\/Winterzucker-Sabine-Seyffert.de-14.jpg\" alt=\"\" width=\"800\" height=\"600\" srcset=\"https:\/\/www.sabine-seyffert.de\/blog\/wp-content\/uploads\/2019\/01\/Winterzucker-Sabine-Seyffert.de-14.jpg 800w, https:\/\/www.sabine-seyffert.de\/blog\/wp-content\/uploads\/2019\/01\/Winterzucker-Sabine-Seyffert.de-14-300x225.jpg 300w, https:\/\/www.sabine-seyffert.de\/blog\/wp-content\/uploads\/2019\/01\/Winterzucker-Sabine-Seyffert.de-14-768x576.jpg 768w\" sizes=\"auto, (max-width: 800px) 100vw, 800px\" \/><\/a><\/p>\n<p style=\"text-align: justify;\">Plant ihr gerade einen Kindergeburtstag auf dem euch noch eine kreative Besch\u00e4ftigungsidee f\u00fcr die Kinder fehlt? Dann stellt doch gemeinsam mit den Kindern ein paar dieser Winterzucker W\u00fcrfel her!<\/p>\n<p style=\"text-align: center;\"><a href=\"https:\/\/www.sabine-seyffert.de\/blog\/wp-content\/uploads\/2019\/01\/Winterzucker-Sabine-Seyffert.de-12.jpg\"><img loading=\"lazy\" decoding=\"async\" class=\"alignnone size-full wp-image-13857\" src=\"https:\/\/www.sabine-seyffert.de\/blog\/wp-content\/uploads\/2019\/01\/Winterzucker-Sabine-Seyffert.de-12.jpg\" alt=\"\" width=\"800\" height=\"600\" srcset=\"https:\/\/www.sabine-seyffert.de\/blog\/wp-content\/uploads\/2019\/01\/Winterzucker-Sabine-Seyffert.de-12.jpg 800w, https:\/\/www.sabine-seyffert.de\/blog\/wp-content\/uploads\/2019\/01\/Winterzucker-Sabine-Seyffert.de-12-300x225.jpg 300w, https:\/\/www.sabine-seyffert.de\/blog\/wp-content\/uploads\/2019\/01\/Winterzucker-Sabine-Seyffert.de-12-768x576.jpg 768w\" sizes=\"auto, (max-width: 800px) 100vw, 800px\" \/><\/a><\/p>\n<p style=\"text-align: justify;\">\u00dcbrigens \u2013 <a href=\"https:\/\/www.sabine-seyffert.de\/blog\/?p=5094\" target=\"_blank\" rel=\"noopener\">hier<\/a> findet ihr noch eine weitere Bastelanleitung f\u00fcr kleine Winterlichter aus W\u00fcrfelzucker! Die Lichter leuchten durch den Zucker ganz wunderbar.<\/p>\n<p style=\"text-align: center;\"><a href=\"https:\/\/www.sabine-seyffert.de\/blog\/wp-content\/uploads\/2019\/01\/Winterzucker-Sabine-Seyffert.de-4.jpg\"><img loading=\"lazy\" decoding=\"async\" class=\"alignnone size-full wp-image-13859\" src=\"https:\/\/www.sabine-seyffert.de\/blog\/wp-content\/uploads\/2019\/01\/Winterzucker-Sabine-Seyffert.de-4.jpg\" alt=\"\" width=\"600\" height=\"800\" srcset=\"https:\/\/www.sabine-seyffert.de\/blog\/wp-content\/uploads\/2019\/01\/Winterzucker-Sabine-Seyffert.de-4.jpg 600w, https:\/\/www.sabine-seyffert.de\/blog\/wp-content\/uploads\/2019\/01\/Winterzucker-Sabine-Seyffert.de-4-225x300.jpg 225w\" sizes=\"auto, (max-width: 600px) 100vw, 600px\" \/><\/a><\/p>\n<p style=\"text-align: justify;\"><strong>Ein kleiner Tipp:<\/strong><br \/>\nWenn der Zuckerguss ganz durchgetrocknet ist, kann man die kleinen Zuckerw\u00fcrfel in leere Marmeladengl\u00e4ser f\u00fcllen und sie auf diese Weise als kleinen Wintergru\u00df und Mitbringsel nutzen.<\/p>\n<p style=\"text-align: center;\"><a href=\"https:\/\/www.sabine-seyffert.de\/blog\/wp-content\/uploads\/2019\/01\/Winterzucker-Sabine-Seyffert.de-5.jpg\"><img loading=\"lazy\" decoding=\"async\" class=\"alignnone size-full wp-image-13860\" src=\"https:\/\/www.sabine-seyffert.de\/blog\/wp-content\/uploads\/2019\/01\/Winterzucker-Sabine-Seyffert.de-5.jpg\" alt=\"\" width=\"600\" height=\"800\" srcset=\"https:\/\/www.sabine-seyffert.de\/blog\/wp-content\/uploads\/2019\/01\/Winterzucker-Sabine-Seyffert.de-5.jpg 600w, https:\/\/www.sabine-seyffert.de\/blog\/wp-content\/uploads\/2019\/01\/Winterzucker-Sabine-Seyffert.de-5-225x300.jpg 225w\" sizes=\"auto, (max-width: 600px) 100vw, 600px\" \/><\/a><\/p>\n<p style=\"text-align: justify;\">Weitere Geschenkideen zum selber machen findet ihr \u00fcbrigens in <a href=\"https:\/\/www.sabine-seyffert.de\/blog\/?cat=36\" target=\"_blank\" rel=\"noopener\">dieser Blog Kategorie<\/a>, alles zum Thema Winter <a href=\"https:\/\/www.sabine-seyffert.de\/blog\/?cat=22\" target=\"_blank\" rel=\"noopener\">hier<\/a>, Geschenke aus der K\u00fcche in <a href=\"https:\/\/www.sabine-seyffert.de\/blog\/?cat=43\" target=\"_blank\" rel=\"noopener\">diesem Ordner<\/a> und andere kreative Sachen gibt es an <a href=\"https:\/\/www.creadienstag.de\/2019\/01\/linkparty-364.html\" target=\"_blank\" rel=\"noopener nofollow\">dieser<\/a> Stelle.<\/p>\n<p style=\"text-align: center;\"><a href=\"https:\/\/www.sabine-seyffert.de\/blog\/wp-content\/uploads\/2019\/01\/Winterzucker-Sabine-Seyffert.de-7.jpg\"><img loading=\"lazy\" decoding=\"async\" class=\"alignnone size-full wp-image-13862\" src=\"https:\/\/www.sabine-seyffert.de\/blog\/wp-content\/uploads\/2019\/01\/Winterzucker-Sabine-Seyffert.de-7.jpg\" alt=\"\" width=\"600\" height=\"800\" srcset=\"https:\/\/www.sabine-seyffert.de\/blog\/wp-content\/uploads\/2019\/01\/Winterzucker-Sabine-Seyffert.de-7.jpg 600w, https:\/\/www.sabine-seyffert.de\/blog\/wp-content\/uploads\/2019\/01\/Winterzucker-Sabine-Seyffert.de-7-225x300.jpg 225w\" sizes=\"auto, (max-width: 600px) 100vw, 600px\" \/><\/a><\/p>\n<p style=\"text-align: justify;\"><a href=\"https:\/\/www.sabine-seyffert.de\/blog\/?page_id=32#urheberrecht\">urheberrechtlich gesch\u00fctzt<\/a>, \u00a9 Sabine Seyffert<\/p>\n","protected":false},"excerpt":{"rendered":"<p>Ist das Winterwetter derzeit nicht gro\u00dfartig? Es ist zwar lausig kalt, aber herrlich winterlich. Dabei scheint hier seit Tagen die Sonne und es macht riesig Spa\u00df bei dem Wetter eine Runde im Wald zu drehen, ein wenig frische Luft zu schnappen und dabei Sonne zu tanken. Falls ihr lieber Drinnen Kreativsein m\u00f6chtet, gibt es heute&#8230; <a href=\"https:\/\/www.sabine-seyffert.de\/blog\/diy-geschenk-idee-selbst-gemachter-winter-zucker-als-mitbringsel-passend-zur-jahreszeit\/\" class=\"more-link\">Read more: DIY Geschenk Idee: Selbst gemachter Winter Zucker als Mitbringsel passend zur Jahreszeit<\/a><\/p>\n","protected":false},"author":2,"featured_media":0,"comment_status":"open","ping_status":"open","sticky":false,"template":"","format":"standard","meta":{"_metis_text_type":"","_metis_text_length":1997,"_post_count":0,"footnotes":""},"categories":[43,36,22],"tags":[],"class_list":["post-13853","post","type-post","status-publish","format-standard","hentry","category-geschenke-aus-der-kueche","category-klitzekleine-geschenkideen","category-winter"],"_links":{"self":[{"href":"https:\/\/www.sabine-seyffert.de\/blog\/wp-json\/wp\/v2\/posts\/13853","targetHints":{"allow":["GET"]}}],"collection":[{"href":"https:\/\/www.sabine-seyffert.de\/blog\/wp-json\/wp\/v2\/posts"}],"about":[{"href":"https:\/\/www.sabine-seyffert.de\/blog\/wp-json\/wp\/v2\/types\/post"}],"author":[{"embeddable":true,"href":"https:\/\/www.sabine-seyffert.de\/blog\/wp-json\/wp\/v2\/users\/2"}],"replies":[{"embeddable":true,"href":"https:\/\/www.sabine-seyffert.de\/blog\/wp-json\/wp\/v2\/comments?post=13853"}],"version-history":[{"count":3,"href":"https:\/\/www.sabine-seyffert.de\/blog\/wp-json\/wp\/v2\/posts\/13853\/revisions"}],"predecessor-version":[{"id":13865,"href":"https:\/\/www.sabine-seyffert.de\/blog\/wp-json\/wp\/v2\/posts\/13853\/revisions\/13865"}],"wp:attachment":[{"href":"https:\/\/www.sabine-seyffert.de\/blog\/wp-json\/wp\/v2\/media?parent=13853"}],"wp:term":[{"taxonomy":"category","embeddable":true,"href":"https:\/\/www.sabine-seyffert.de\/blog\/wp-json\/wp\/v2\/categories?post=13853"},{"taxonomy":"post_tag","embeddable":true,"href":"https:\/\/www.sabine-seyffert.de\/blog\/wp-json\/wp\/v2\/tags?post=13853"}],"curies":[{"name":"wp","href":"https:\/\/api.w.org\/{rel}","templated":true}]}}