{"id":13826,"date":"2019-01-15T06:44:09","date_gmt":"2019-01-15T04:44:09","guid":{"rendered":"https:\/\/www.sabine-seyffert.de\/blog\/?p=13826"},"modified":"2019-01-15T06:44:09","modified_gmt":"2019-01-15T04:44:09","slug":"diy-selbst-gemachte-deko-blueten-kranz-aus-papier-fuer-das-fenster-es-blueht","status":"publish","type":"post","link":"https:\/\/www.sabine-seyffert.de\/blog\/diy-selbst-gemachte-deko-blueten-kranz-aus-papier-fuer-das-fenster-es-blueht\/","title":{"rendered":"DIY Selbst gemachte Deko: Bl\u00fcten-Kranz aus Papier f\u00fcr das Fenster \u2013 es bl\u00fcht!"},"content":{"rendered":"<p style=\"text-align: justify;\"><img loading=\"lazy\" decoding=\"async\" src=\"https:\/\/vg01.met.vgwort.de\/na\/677eeef61cb9477a9383b27978cbcab3\" alt=\"\" width=\"1\" height=\"1\" \/>Nach einem kleinen Hausputz strahlte die K\u00fcchent\u00fcr im neuen Glanz. Daher habe ich den Vormittag genutzt um f\u00fcr die Fenster darin eine stimmungsvolle Deko anzufertigen, die farblich noch zum Winter passt, aber auch schon ein wenig die Fr\u00fchlingszeit erahnen l\u00e4sst. Optisch habe ich mich etwas an <a href=\"https:\/\/www.sabine-seyffert.de\/blog\/?p=11987\" target=\"_blank\" rel=\"noopener\">diesen h\u00e4ngenden Windlichtern<\/a> aus dem letzten Jahr orientiert.<\/p>\n<p style=\"text-align: center;\"><a href=\"https:\/\/www.sabine-seyffert.de\/blog\/wp-content\/uploads\/2019\/01\/Kranz-K\u00fcchent\u00fcr-2.jpg\"><img loading=\"lazy\" decoding=\"async\" class=\"alignnone size-full wp-image-13828\" src=\"https:\/\/www.sabine-seyffert.de\/blog\/wp-content\/uploads\/2019\/01\/Kranz-K\u00fcchent\u00fcr-2.jpg\" alt=\"\" width=\"800\" height=\"600\" srcset=\"https:\/\/www.sabine-seyffert.de\/blog\/wp-content\/uploads\/2019\/01\/Kranz-K\u00fcchent\u00fcr-2.jpg 800w, https:\/\/www.sabine-seyffert.de\/blog\/wp-content\/uploads\/2019\/01\/Kranz-K\u00fcchent\u00fcr-2-300x225.jpg 300w, https:\/\/www.sabine-seyffert.de\/blog\/wp-content\/uploads\/2019\/01\/Kranz-K\u00fcchent\u00fcr-2-768x576.jpg 768w\" sizes=\"auto, (max-width: 800px) 100vw, 800px\" \/><\/a><\/p>\n<p style=\"text-align: justify;\"><strong>Das wird gebraucht:<\/strong><br \/>\nWasser, ein Marmeladenglas, Tapetenkleister Pulver, eine Schere, ein Borstenpinsel, uni wei\u00dfes Geschenkpapier, einen Kreidestift \/ Kreidemarker, d\u00fcnne graue Pappe \/ Packpapier, einen Motivlocher Bl\u00fcte (Durchmesser 1,5 cm sowie einen Ministanzer), Kleber, selbstklebende Halbperlen<\/p>\n<p style=\"text-align: center;\"><a href=\"https:\/\/www.sabine-seyffert.de\/blog\/wp-content\/uploads\/2019\/01\/Kranz-K\u00fcchent\u00fcr-7.jpg\"><img loading=\"lazy\" decoding=\"async\" class=\"alignnone size-full wp-image-13829\" src=\"https:\/\/www.sabine-seyffert.de\/blog\/wp-content\/uploads\/2019\/01\/Kranz-K\u00fcchent\u00fcr-7.jpg\" alt=\"\" width=\"800\" height=\"600\" srcset=\"https:\/\/www.sabine-seyffert.de\/blog\/wp-content\/uploads\/2019\/01\/Kranz-K\u00fcchent\u00fcr-7.jpg 800w, https:\/\/www.sabine-seyffert.de\/blog\/wp-content\/uploads\/2019\/01\/Kranz-K\u00fcchent\u00fcr-7-300x225.jpg 300w, https:\/\/www.sabine-seyffert.de\/blog\/wp-content\/uploads\/2019\/01\/Kranz-K\u00fcchent\u00fcr-7-768x576.jpg 768w\" sizes=\"auto, (max-width: 800px) 100vw, 800px\" \/><\/a><\/p>\n<p style=\"text-align: justify;\"><strong>So wird\u2019s gemacht:<\/strong><br \/>\nZuerst habe ich mir von dem unifarbenen Geschenkpapier circa 5 cm breite Streifen geschnitten. Aus denen schneidet man im Anschluss in m\u00fchsamer Handarbeit unz\u00e4hlige Bl\u00fctenbl\u00e4tter. Eigentlich hatte ich zuerst vor den \u201eT\u00fcrkranz\u201c aus unterschiedlichen Bl\u00e4ttern Farben (\u00e4hnlich wie bei <a href=\"https:\/\/www.sabine-seyffert.de\/blog\/?p=7165\" target=\"_blank\" rel=\"noopener\">diesem Fr\u00fchlingsbaum<\/a>) zu gestalten. Allerdings kamen mir die selbst gebastelten Bl\u00fcten dabei zu wenig zur Geltung, so dass ich den Kranz nach der H\u00e4lfte nochmals abgeknibbelt und durch ausschlie\u00dflich wei\u00dfe Bl\u00e4tter ersetzt habe.<\/p>\n<p style=\"text-align: center;\"><a href=\"https:\/\/www.sabine-seyffert.de\/blog\/wp-content\/uploads\/2019\/01\/Kranz-K\u00fcchent\u00fcr-8.jpg\"><img loading=\"lazy\" decoding=\"async\" class=\"alignnone size-full wp-image-13830\" src=\"https:\/\/www.sabine-seyffert.de\/blog\/wp-content\/uploads\/2019\/01\/Kranz-K\u00fcchent\u00fcr-8.jpg\" alt=\"\" width=\"800\" height=\"600\" srcset=\"https:\/\/www.sabine-seyffert.de\/blog\/wp-content\/uploads\/2019\/01\/Kranz-K\u00fcchent\u00fcr-8.jpg 800w, https:\/\/www.sabine-seyffert.de\/blog\/wp-content\/uploads\/2019\/01\/Kranz-K\u00fcchent\u00fcr-8-300x225.jpg 300w, https:\/\/www.sabine-seyffert.de\/blog\/wp-content\/uploads\/2019\/01\/Kranz-K\u00fcchent\u00fcr-8-768x576.jpg 768w\" sizes=\"auto, (max-width: 800px) 100vw, 800px\" \/><\/a><\/p>\n<p style=\"text-align: justify;\">Hat man gen\u00fcgend Bl\u00e4tter zusammen, fertigt man einen Schwung Papierbl\u00fcten an. Diese k\u00f6nnt ihr nach <a href=\"https:\/\/www.sabine-seyffert.de\/blog\/?p=11987\" target=\"_blank\" rel=\"noopener\">dieser Anleitung<\/a> nachbasteln. In einem leeren Marmeladenglas r\u00fchrt man mit einem kleinen Schneebesen und warmen Wasser etwas Tapetenkleister zu einem Brei an. Da der Kleister etwas Zeit zum Nachdicken ben\u00f6tigt, kann man in der Zeit das betreffende Fenster reinigen und gut trocknen.<\/p>\n<p style=\"text-align: center;\"><a href=\"https:\/\/www.sabine-seyffert.de\/blog\/wp-content\/uploads\/2019\/01\/Kranz-K\u00fcchent\u00fcr-5.jpg\"><img loading=\"lazy\" decoding=\"async\" class=\"alignnone size-full wp-image-13831\" src=\"https:\/\/www.sabine-seyffert.de\/blog\/wp-content\/uploads\/2019\/01\/Kranz-K\u00fcchent\u00fcr-5.jpg\" alt=\"\" width=\"800\" height=\"600\" srcset=\"https:\/\/www.sabine-seyffert.de\/blog\/wp-content\/uploads\/2019\/01\/Kranz-K\u00fcchent\u00fcr-5.jpg 800w, https:\/\/www.sabine-seyffert.de\/blog\/wp-content\/uploads\/2019\/01\/Kranz-K\u00fcchent\u00fcr-5-300x225.jpg 300w, https:\/\/www.sabine-seyffert.de\/blog\/wp-content\/uploads\/2019\/01\/Kranz-K\u00fcchent\u00fcr-5-768x576.jpg 768w\" sizes=\"auto, (max-width: 800px) 100vw, 800px\" \/><\/a><\/p>\n<p style=\"text-align: justify;\">Dann nimmt man sich einen gro\u00dfen Kuchenteller als Bastelschablone zur Hilfe und dr\u00fcckt diesen mittig gegen das Glas. Mit einem Kreidestift umf\u00e4hrt man den Rand, so dass man auf der Fensterscheibe einen d\u00fcnnen wei\u00dfen Kreis sieht. Dieser dient beim Kleben der Bl\u00e4tter als Orientierung, damit der Kranz auch sch\u00f6n rund wird \ud83d\ude42<\/p>\n<p style=\"text-align: center;\"><a href=\"https:\/\/www.sabine-seyffert.de\/blog\/wp-content\/uploads\/2019\/01\/Kranz-K\u00fcchent\u00fcr-6.jpg\"><img loading=\"lazy\" decoding=\"async\" class=\"alignnone size-full wp-image-13834\" src=\"https:\/\/www.sabine-seyffert.de\/blog\/wp-content\/uploads\/2019\/01\/Kranz-K\u00fcchent\u00fcr-6.jpg\" alt=\"\" width=\"800\" height=\"600\" srcset=\"https:\/\/www.sabine-seyffert.de\/blog\/wp-content\/uploads\/2019\/01\/Kranz-K\u00fcchent\u00fcr-6.jpg 800w, https:\/\/www.sabine-seyffert.de\/blog\/wp-content\/uploads\/2019\/01\/Kranz-K\u00fcchent\u00fcr-6-300x225.jpg 300w, https:\/\/www.sabine-seyffert.de\/blog\/wp-content\/uploads\/2019\/01\/Kranz-K\u00fcchent\u00fcr-6-768x576.jpg 768w\" sizes=\"auto, (max-width: 800px) 100vw, 800px\" \/><\/a><\/p>\n<p style=\"text-align: justify;\">Jetzt sollte auch der Kleister soweit sein. Mit einem Borstenpinsel bestreicht man ein St\u00fcck des Kreises mit einer dicken Schicht Kleber und setzt dann die wei\u00dfen Bl\u00e4tter in regelm\u00e4\u00dfigen Abst\u00e4nden darauf.<\/p>\n<p style=\"text-align: center;\"><a href=\"https:\/\/www.sabine-seyffert.de\/blog\/wp-content\/uploads\/2019\/01\/Kranz-K\u00fcchent\u00fcr-1.jpg\"><img loading=\"lazy\" decoding=\"async\" class=\"alignnone size-full wp-image-13833\" src=\"https:\/\/www.sabine-seyffert.de\/blog\/wp-content\/uploads\/2019\/01\/Kranz-K\u00fcchent\u00fcr-1.jpg\" alt=\"\" width=\"800\" height=\"600\" srcset=\"https:\/\/www.sabine-seyffert.de\/blog\/wp-content\/uploads\/2019\/01\/Kranz-K\u00fcchent\u00fcr-1.jpg 800w, https:\/\/www.sabine-seyffert.de\/blog\/wp-content\/uploads\/2019\/01\/Kranz-K\u00fcchent\u00fcr-1-300x225.jpg 300w, https:\/\/www.sabine-seyffert.de\/blog\/wp-content\/uploads\/2019\/01\/Kranz-K\u00fcchent\u00fcr-1-768x576.jpg 768w\" sizes=\"auto, (max-width: 800px) 100vw, 800px\" \/><\/a><\/p>\n<p style=\"text-align: justify;\">Wenn alle wei\u00dfen Bl\u00e4tter zum Kranz geklebt wurden, kann man nun die Stellen, an denen das Papier noch nicht optimal h\u00e4lt mit Kleister nachbessern. Dann klebt man in gleichm\u00e4\u00dfigen Abst\u00e4nden die Papierbl\u00fcten auf den wei\u00dfen Kranz und hat so einen wundersch\u00f6nen Augenfang.<\/p>\n<p style=\"text-align: center;\"><a href=\"https:\/\/www.sabine-seyffert.de\/blog\/wp-content\/uploads\/2019\/01\/Kranz-K\u00fcchent\u00fcr-3.jpg\"><img loading=\"lazy\" decoding=\"async\" class=\"alignnone size-full wp-image-13832\" src=\"https:\/\/www.sabine-seyffert.de\/blog\/wp-content\/uploads\/2019\/01\/Kranz-K\u00fcchent\u00fcr-3.jpg\" alt=\"\" width=\"800\" height=\"600\" srcset=\"https:\/\/www.sabine-seyffert.de\/blog\/wp-content\/uploads\/2019\/01\/Kranz-K\u00fcchent\u00fcr-3.jpg 800w, https:\/\/www.sabine-seyffert.de\/blog\/wp-content\/uploads\/2019\/01\/Kranz-K\u00fcchent\u00fcr-3-300x225.jpg 300w, https:\/\/www.sabine-seyffert.de\/blog\/wp-content\/uploads\/2019\/01\/Kranz-K\u00fcchent\u00fcr-3-768x576.jpg 768w\" sizes=\"auto, (max-width: 800px) 100vw, 800px\" \/><\/a><\/p>\n<p style=\"text-align: justify;\">Alle Ideen rund um das Thema Deko gibt es in <a href=\"https:\/\/www.sabine-seyffert.de\/blog\/?cat=12\" target=\"_blank\" rel=\"noopener\">diesem Ordner<\/a>, Upcycling Bastelideen an <a href=\"https:\/\/www.sabine-seyffert.de\/blog\/?cat=47\" target=\"_blank\" rel=\"noopener\">dieser Stelle<\/a> sowie andere kreative Sachen <a href=\"https:\/\/www.creadienstag.de\/2019\/01\/linkparty-363.html\" target=\"_blank\" rel=\"noopener nofollow\">da<\/a>.<\/p>\n<p style=\"text-align: center;\"><a href=\"https:\/\/www.sabine-seyffert.de\/blog\/wp-content\/uploads\/2019\/01\/Kranz-K\u00fcchent\u00fcr-4.jpg\"><img loading=\"lazy\" decoding=\"async\" class=\"alignnone size-full wp-image-13835\" src=\"https:\/\/www.sabine-seyffert.de\/blog\/wp-content\/uploads\/2019\/01\/Kranz-K\u00fcchent\u00fcr-4.jpg\" alt=\"\" width=\"600\" height=\"800\" srcset=\"https:\/\/www.sabine-seyffert.de\/blog\/wp-content\/uploads\/2019\/01\/Kranz-K\u00fcchent\u00fcr-4.jpg 600w, https:\/\/www.sabine-seyffert.de\/blog\/wp-content\/uploads\/2019\/01\/Kranz-K\u00fcchent\u00fcr-4-225x300.jpg 225w\" sizes=\"auto, (max-width: 600px) 100vw, 600px\" \/><\/a><\/p>\n<p style=\"text-align: justify;\"><a href=\"https:\/\/www.sabine-seyffert.de\/blog\/?page_id=32#urheberrecht\">urheberrechtlich gesch\u00fctzt<\/a>, \u00a9 Sabine Seyffert<\/p>\n","protected":false},"excerpt":{"rendered":"<p>Nach einem kleinen Hausputz strahlte die K\u00fcchent\u00fcr im neuen Glanz. Daher habe ich den Vormittag genutzt um f\u00fcr die Fenster darin eine stimmungsvolle Deko anzufertigen, die farblich noch zum Winter passt, aber auch schon ein wenig die Fr\u00fchlingszeit erahnen l\u00e4sst. Optisch habe ich mich etwas an diesen h\u00e4ngenden Windlichtern aus dem letzten Jahr orientiert. Das&#8230; <a href=\"https:\/\/www.sabine-seyffert.de\/blog\/diy-selbst-gemachte-deko-blueten-kranz-aus-papier-fuer-das-fenster-es-blueht\/\" class=\"more-link\">Read more: DIY Selbst gemachte Deko: Bl\u00fcten-Kranz aus Papier f\u00fcr das Fenster \u2013 es bl\u00fcht!<\/a><\/p>\n","protected":false},"author":2,"featured_media":0,"comment_status":"open","ping_status":"open","sticky":false,"template":"","format":"standard","meta":{"_metis_text_type":"","_metis_text_length":2543,"_post_count":0,"footnotes":""},"categories":[12,47,22],"tags":[],"class_list":["post-13826","post","type-post","status-publish","format-standard","hentry","category-deko-ideen","category-upcyceltes","category-winter"],"_links":{"self":[{"href":"https:\/\/www.sabine-seyffert.de\/blog\/wp-json\/wp\/v2\/posts\/13826","targetHints":{"allow":["GET"]}}],"collection":[{"href":"https:\/\/www.sabine-seyffert.de\/blog\/wp-json\/wp\/v2\/posts"}],"about":[{"href":"https:\/\/www.sabine-seyffert.de\/blog\/wp-json\/wp\/v2\/types\/post"}],"author":[{"embeddable":true,"href":"https:\/\/www.sabine-seyffert.de\/blog\/wp-json\/wp\/v2\/users\/2"}],"replies":[{"embeddable":true,"href":"https:\/\/www.sabine-seyffert.de\/blog\/wp-json\/wp\/v2\/comments?post=13826"}],"version-history":[{"count":5,"href":"https:\/\/www.sabine-seyffert.de\/blog\/wp-json\/wp\/v2\/posts\/13826\/revisions"}],"predecessor-version":[{"id":13839,"href":"https:\/\/www.sabine-seyffert.de\/blog\/wp-json\/wp\/v2\/posts\/13826\/revisions\/13839"}],"wp:attachment":[{"href":"https:\/\/www.sabine-seyffert.de\/blog\/wp-json\/wp\/v2\/media?parent=13826"}],"wp:term":[{"taxonomy":"category","embeddable":true,"href":"https:\/\/www.sabine-seyffert.de\/blog\/wp-json\/wp\/v2\/categories?post=13826"},{"taxonomy":"post_tag","embeddable":true,"href":"https:\/\/www.sabine-seyffert.de\/blog\/wp-json\/wp\/v2\/tags?post=13826"}],"curies":[{"name":"wp","href":"https:\/\/api.w.org\/{rel}","templated":true}]}}