{"id":13805,"date":"2019-01-10T07:39:49","date_gmt":"2019-01-10T05:39:49","guid":{"rendered":"https:\/\/www.sabine-seyffert.de\/blog\/?p=13805"},"modified":"2019-01-10T07:39:49","modified_gmt":"2019-01-10T05:39:49","slug":"diy-verpackungsidee-selbst-gemachte-geschenkverpackung-winterbaum-mit-blueten","status":"publish","type":"post","link":"https:\/\/www.sabine-seyffert.de\/blog\/diy-verpackungsidee-selbst-gemachte-geschenkverpackung-winterbaum-mit-blueten\/","title":{"rendered":"DIY Verpackungsidee: Selbst gemachte Geschenkverpackung Winterbaum mit Bl\u00fcten"},"content":{"rendered":"<p style=\"text-align: justify;\"><img loading=\"lazy\" decoding=\"async\" src=\"https:\/\/vg01.met.vgwort.de\/na\/ab3edcbab8db443685d20e304e53280a\" alt=\"\" width=\"1\" height=\"1\" \/>Passend zur Jahreszeit habe ich mir eine winterliche Verpackung f\u00fcr ein Geburtstagsgeschenk ausgedacht. Die ist ganz einfach zu basteln und schm\u00fcckt das Geschenkpapier auf zauberhafte Weise: Glitzernde Bl\u00fcten, die ein wenig an Eiskristalle erinnern sollen, zieren einen kahlen Winterast und sorgen auf diese Weise f\u00fcr einen Hingucker!<br \/>\nAlternativ k\u00f6nnte man auch eine selbst gebastelte Postkarte mit diesem Motiv gestalten und versch\u00f6nern oder das Bild in einen Wechselrahmen stecken, so dass es im trauten Heim f\u00fcr etwas Winterzauber sorgt.<\/p>\n<p style=\"text-align: center;\"><a href=\"https:\/\/www.sabine-seyffert.de\/blog\/wp-content\/uploads\/2019\/01\/Ast-mit-wei\u00dfen-Bl\u00fcten-Winterbaum-1.jpg\"><img loading=\"lazy\" decoding=\"async\" class=\"alignnone size-full wp-image-13806\" src=\"https:\/\/www.sabine-seyffert.de\/blog\/wp-content\/uploads\/2019\/01\/Ast-mit-wei\u00dfen-Bl\u00fcten-Winterbaum-1.jpg\" alt=\"\" width=\"800\" height=\"600\" srcset=\"https:\/\/www.sabine-seyffert.de\/blog\/wp-content\/uploads\/2019\/01\/Ast-mit-wei\u00dfen-Bl\u00fcten-Winterbaum-1.jpg 800w, https:\/\/www.sabine-seyffert.de\/blog\/wp-content\/uploads\/2019\/01\/Ast-mit-wei\u00dfen-Bl\u00fcten-Winterbaum-1-300x225.jpg 300w, https:\/\/www.sabine-seyffert.de\/blog\/wp-content\/uploads\/2019\/01\/Ast-mit-wei\u00dfen-Bl\u00fcten-Winterbaum-1-768x576.jpg 768w\" sizes=\"auto, (max-width: 800px) 100vw, 800px\" \/><\/a><\/p>\n<p style=\"text-align: justify;\"><strong>Das wird gebraucht:<\/strong><br \/>\nUnifarbenes Geschenkpapier (wei\u00dfes Packpapier), d\u00fcnne Pappe \/ alter Karton, Bleistift, Deckwei\u00df oder wei\u00dfer Acryllack auf Wasserbasis, eine alte Tageszeitung, Bastelkleber, Bastelschere, wei\u00dfes Seidenpapier, kleine Perlen, Hei\u00dfklebepistole samt Klebepatrone<\/p>\n<p style=\"text-align: center;\"><a href=\"https:\/\/www.sabine-seyffert.de\/blog\/wp-content\/uploads\/2019\/01\/Ast-mit-wei\u00dfen-Bl\u00fcten-Winterbaum.jpg\"><img loading=\"lazy\" decoding=\"async\" class=\"alignnone size-full wp-image-13807\" src=\"https:\/\/www.sabine-seyffert.de\/blog\/wp-content\/uploads\/2019\/01\/Ast-mit-wei\u00dfen-Bl\u00fcten-Winterbaum.jpg\" alt=\"\" width=\"800\" height=\"600\" srcset=\"https:\/\/www.sabine-seyffert.de\/blog\/wp-content\/uploads\/2019\/01\/Ast-mit-wei\u00dfen-Bl\u00fcten-Winterbaum.jpg 800w, https:\/\/www.sabine-seyffert.de\/blog\/wp-content\/uploads\/2019\/01\/Ast-mit-wei\u00dfen-Bl\u00fcten-Winterbaum-300x225.jpg 300w, https:\/\/www.sabine-seyffert.de\/blog\/wp-content\/uploads\/2019\/01\/Ast-mit-wei\u00dfen-Bl\u00fcten-Winterbaum-768x576.jpg 768w\" sizes=\"auto, (max-width: 800px) 100vw, 800px\" \/><\/a><\/p>\n<p style=\"text-align: justify;\"><strong>So wird\u2019s gemacht:<\/strong><br \/>\nWeil es f\u00fcr den Winter besser passte, habe ich dieses Pr\u00e4sent in uni wei\u00dfes Papier verpackt. Alternativ kann man auch einen Bogen wei\u00dfes Seidenpapier daf\u00fcr verwenden.<\/p>\n<p style=\"text-align: center;\"><a href=\"https:\/\/www.sabine-seyffert.de\/blog\/wp-content\/uploads\/2019\/01\/Ast-mit-wei\u00dfen-Bl\u00fcten-Winterbaum-6.jpg\"><img loading=\"lazy\" decoding=\"async\" class=\"alignnone size-full wp-image-13808\" src=\"https:\/\/www.sabine-seyffert.de\/blog\/wp-content\/uploads\/2019\/01\/Ast-mit-wei\u00dfen-Bl\u00fcten-Winterbaum-6.jpg\" alt=\"\" width=\"800\" height=\"600\" srcset=\"https:\/\/www.sabine-seyffert.de\/blog\/wp-content\/uploads\/2019\/01\/Ast-mit-wei\u00dfen-Bl\u00fcten-Winterbaum-6.jpg 800w, https:\/\/www.sabine-seyffert.de\/blog\/wp-content\/uploads\/2019\/01\/Ast-mit-wei\u00dfen-Bl\u00fcten-Winterbaum-6-300x225.jpg 300w, https:\/\/www.sabine-seyffert.de\/blog\/wp-content\/uploads\/2019\/01\/Ast-mit-wei\u00dfen-Bl\u00fcten-Winterbaum-6-768x576.jpg 768w\" sizes=\"auto, (max-width: 800px) 100vw, 800px\" \/><\/a><\/p>\n<p style=\"text-align: justify;\">F\u00fcr unterschiedliche Upcycling Ideen sammele ich immer gerne das d\u00fcnne Restst\u00fcck grauer Pappe, die sich am Ende von Geschenkpapierrollen befindet. Das ist deutlich d\u00fcnner als Karton und l\u00e4sst sich f\u00fcr DIY wie dieses hier, super verwenden.<\/p>\n<p style=\"text-align: center;\"><a href=\"https:\/\/www.sabine-seyffert.de\/blog\/wp-content\/uploads\/2019\/01\/Ast-mit-wei\u00dfen-Bl\u00fcten-Winterbaum-5.jpg\"><img loading=\"lazy\" decoding=\"async\" class=\"alignnone size-full wp-image-13809\" src=\"https:\/\/www.sabine-seyffert.de\/blog\/wp-content\/uploads\/2019\/01\/Ast-mit-wei\u00dfen-Bl\u00fcten-Winterbaum-5.jpg\" alt=\"\" width=\"800\" height=\"600\" srcset=\"https:\/\/www.sabine-seyffert.de\/blog\/wp-content\/uploads\/2019\/01\/Ast-mit-wei\u00dfen-Bl\u00fcten-Winterbaum-5.jpg 800w, https:\/\/www.sabine-seyffert.de\/blog\/wp-content\/uploads\/2019\/01\/Ast-mit-wei\u00dfen-Bl\u00fcten-Winterbaum-5-300x225.jpg 300w, https:\/\/www.sabine-seyffert.de\/blog\/wp-content\/uploads\/2019\/01\/Ast-mit-wei\u00dfen-Bl\u00fcten-Winterbaum-5-768x576.jpg 768w\" sizes=\"auto, (max-width: 800px) 100vw, 800px\" \/><\/a><\/p>\n<p style=\"text-align: justify;\">Wer davon nichts zur Hand hat, kann alternativ auch eine leere Kartonage oder ein Restst\u00fcck d\u00fcnner Pappe verwenden. Mit dem Bleistift zeichnet man sich darauf einen Ast in der gew\u00fcnschten Gr\u00f6\u00dfe vor und schneidet ihn aus. Entweder radiert man die Bleistiftr\u00e4nder, die noch zu sehen sind, weg oder nimmt die R\u00fcckseite zum Gestalten.<\/p>\n<p style=\"text-align: center;\"><a href=\"https:\/\/www.sabine-seyffert.de\/blog\/wp-content\/uploads\/2019\/01\/Ast-mit-wei\u00dfen-Bl\u00fcten-Winterbaum-4.jpg\"><img loading=\"lazy\" decoding=\"async\" class=\"alignnone size-full wp-image-13810\" src=\"https:\/\/www.sabine-seyffert.de\/blog\/wp-content\/uploads\/2019\/01\/Ast-mit-wei\u00dfen-Bl\u00fcten-Winterbaum-4.jpg\" alt=\"\" width=\"800\" height=\"600\" srcset=\"https:\/\/www.sabine-seyffert.de\/blog\/wp-content\/uploads\/2019\/01\/Ast-mit-wei\u00dfen-Bl\u00fcten-Winterbaum-4.jpg 800w, https:\/\/www.sabine-seyffert.de\/blog\/wp-content\/uploads\/2019\/01\/Ast-mit-wei\u00dfen-Bl\u00fcten-Winterbaum-4-300x225.jpg 300w, https:\/\/www.sabine-seyffert.de\/blog\/wp-content\/uploads\/2019\/01\/Ast-mit-wei\u00dfen-Bl\u00fcten-Winterbaum-4-768x576.jpg 768w\" sizes=\"auto, (max-width: 800px) 100vw, 800px\" \/><\/a><\/p>\n<p style=\"text-align: justify;\">Den Ast befestigt man mit Klebstoff auf dem Geschenk. Ein St\u00fcck Zeitung bemalt man mit etwas wei\u00dfer Farbe und l\u00e4sst diese auf der Heizung trocknen. Dann schneidet man aus Pappresten und dem bemalten Zeitungspapier eine handvoll kleiner Bl\u00e4tter per Hand, Die verteilt man mit Hilfe von Kleber hier und da an den kahlen \u00c4sten.<\/p>\n<p style=\"text-align: center;\"><a href=\"https:\/\/www.sabine-seyffert.de\/blog\/wp-content\/uploads\/2019\/01\/Ast-mit-wei\u00dfen-Bl\u00fcten-Winterbaum-3.jpg\"><img loading=\"lazy\" decoding=\"async\" class=\"alignnone size-full wp-image-13811\" src=\"https:\/\/www.sabine-seyffert.de\/blog\/wp-content\/uploads\/2019\/01\/Ast-mit-wei\u00dfen-Bl\u00fcten-Winterbaum-3.jpg\" alt=\"\" width=\"800\" height=\"600\" srcset=\"https:\/\/www.sabine-seyffert.de\/blog\/wp-content\/uploads\/2019\/01\/Ast-mit-wei\u00dfen-Bl\u00fcten-Winterbaum-3.jpg 800w, https:\/\/www.sabine-seyffert.de\/blog\/wp-content\/uploads\/2019\/01\/Ast-mit-wei\u00dfen-Bl\u00fcten-Winterbaum-3-300x225.jpg 300w, https:\/\/www.sabine-seyffert.de\/blog\/wp-content\/uploads\/2019\/01\/Ast-mit-wei\u00dfen-Bl\u00fcten-Winterbaum-3-768x576.jpg 768w\" sizes=\"auto, (max-width: 800px) 100vw, 800px\" \/><\/a><\/p>\n<p style=\"text-align: justify;\">Zum Schluss schneidet man aus dem Seidenpapier schmale Streifen (ca. 12 x 3 cm), faltet diese 3-4 mal und klebt an den Rand ein oder zwei Glasperlen. Anschlie\u00dfend rollt man die Papierstreifen um die Perlen so auf, dass eine kleine Papier-Bl\u00fcte entsteht. Diese lassen sich mit Hei\u00dfkleber zwischen die Bl\u00e4tter kleben. So bekommt der kahle Winterast ein schickes \u201eKleid\u201c.<\/p>\n<p style=\"text-align: center;\"><a href=\"https:\/\/www.sabine-seyffert.de\/blog\/wp-content\/uploads\/2019\/01\/Ast-mit-wei\u00dfen-Bl\u00fcten-Winterbaum-2.jpg\"><img loading=\"lazy\" decoding=\"async\" class=\"alignnone size-full wp-image-13812\" src=\"https:\/\/www.sabine-seyffert.de\/blog\/wp-content\/uploads\/2019\/01\/Ast-mit-wei\u00dfen-Bl\u00fcten-Winterbaum-2.jpg\" alt=\"\" width=\"800\" height=\"600\" srcset=\"https:\/\/www.sabine-seyffert.de\/blog\/wp-content\/uploads\/2019\/01\/Ast-mit-wei\u00dfen-Bl\u00fcten-Winterbaum-2.jpg 800w, https:\/\/www.sabine-seyffert.de\/blog\/wp-content\/uploads\/2019\/01\/Ast-mit-wei\u00dfen-Bl\u00fcten-Winterbaum-2-300x225.jpg 300w, https:\/\/www.sabine-seyffert.de\/blog\/wp-content\/uploads\/2019\/01\/Ast-mit-wei\u00dfen-Bl\u00fcten-Winterbaum-2-768x576.jpg 768w\" sizes=\"auto, (max-width: 800px) 100vw, 800px\" \/><\/a><\/p>\n<p style=\"text-align: justify;\">Weitere Bastelanleitungen f\u00fcr ausgefallene Geschenkverpackung zu verschiedenen Anl\u00e4ssen gibt es in <a href=\"https:\/\/www.sabine-seyffert.de\/blog\/?cat=49\" target=\"_blank\" rel=\"noopener\">dieser Rubrik<\/a>, alles zum Thema Winter <a href=\"https:\/\/www.sabine-seyffert.de\/blog\/?cat=22\" target=\"_blank\" rel=\"noopener\">hier<\/a> und andere kreative Sachen da.<\/p>\n<p style=\"text-align: justify;\"><a href=\"https:\/\/www.sabine-seyffert.de\/blog\/?page_id=32#urheberrecht\">urheberrechtlich gesch\u00fctzt<\/a>, \u00a9 Sabine Seyffert<\/p>\n","protected":false},"excerpt":{"rendered":"<p>Passend zur Jahreszeit habe ich mir eine winterliche Verpackung f\u00fcr ein Geburtstagsgeschenk ausgedacht. Die ist ganz einfach zu basteln und schm\u00fcckt das Geschenkpapier auf zauberhafte Weise: Glitzernde Bl\u00fcten, die ein wenig an Eiskristalle erinnern sollen, zieren einen kahlen Winterast und sorgen auf diese Weise f\u00fcr einen Hingucker! Alternativ k\u00f6nnte man auch eine selbst gebastelte Postkarte&#8230; <a href=\"https:\/\/www.sabine-seyffert.de\/blog\/diy-verpackungsidee-selbst-gemachte-geschenkverpackung-winterbaum-mit-blueten\/\" class=\"more-link\">Read more: DIY Verpackungsidee: Selbst gemachte Geschenkverpackung Winterbaum mit Bl\u00fcten<\/a><\/p>\n","protected":false},"author":2,"featured_media":0,"comment_status":"open","ping_status":"open","sticky":false,"template":"","format":"standard","meta":{"_metis_text_type":"","_metis_text_length":2487,"_post_count":0,"footnotes":""},"categories":[49,47,22],"tags":[],"class_list":["post-13805","post","type-post","status-publish","format-standard","hentry","category-verpackungsideen","category-upcyceltes","category-winter"],"_links":{"self":[{"href":"https:\/\/www.sabine-seyffert.de\/blog\/wp-json\/wp\/v2\/posts\/13805","targetHints":{"allow":["GET"]}}],"collection":[{"href":"https:\/\/www.sabine-seyffert.de\/blog\/wp-json\/wp\/v2\/posts"}],"about":[{"href":"https:\/\/www.sabine-seyffert.de\/blog\/wp-json\/wp\/v2\/types\/post"}],"author":[{"embeddable":true,"href":"https:\/\/www.sabine-seyffert.de\/blog\/wp-json\/wp\/v2\/users\/2"}],"replies":[{"embeddable":true,"href":"https:\/\/www.sabine-seyffert.de\/blog\/wp-json\/wp\/v2\/comments?post=13805"}],"version-history":[{"count":1,"href":"https:\/\/www.sabine-seyffert.de\/blog\/wp-json\/wp\/v2\/posts\/13805\/revisions"}],"predecessor-version":[{"id":13813,"href":"https:\/\/www.sabine-seyffert.de\/blog\/wp-json\/wp\/v2\/posts\/13805\/revisions\/13813"}],"wp:attachment":[{"href":"https:\/\/www.sabine-seyffert.de\/blog\/wp-json\/wp\/v2\/media?parent=13805"}],"wp:term":[{"taxonomy":"category","embeddable":true,"href":"https:\/\/www.sabine-seyffert.de\/blog\/wp-json\/wp\/v2\/categories?post=13805"},{"taxonomy":"post_tag","embeddable":true,"href":"https:\/\/www.sabine-seyffert.de\/blog\/wp-json\/wp\/v2\/tags?post=13805"}],"curies":[{"name":"wp","href":"https:\/\/api.w.org\/{rel}","templated":true}]}}