{"id":13711,"date":"2018-12-05T21:03:15","date_gmt":"2018-12-05T19:03:15","guid":{"rendered":"https:\/\/www.sabine-seyffert.de\/blog\/?p=13711"},"modified":"2018-12-10T20:05:45","modified_gmt":"2018-12-10T18:05:45","slug":"diy-deko-idee-weihnachtsengel-zum-selber-basteln-weihnachtliches-upcycling-aus-gluehbirne","status":"publish","type":"post","link":"https:\/\/www.sabine-seyffert.de\/blog\/diy-deko-idee-weihnachtsengel-zum-selber-basteln-weihnachtliches-upcycling-aus-gluehbirne\/","title":{"rendered":"DIY &#038; Deko Idee: Weihnachtsengel zum selber basteln \u2013 Weihnachtliches Upcycling aus Gl\u00fchbirne"},"content":{"rendered":"<p style=\"text-align: justify;\"><img loading=\"lazy\" decoding=\"async\" src=\"https:\/\/vg01.met.vgwort.de\/na\/61bf884ec34e41478a932948653527d0\" alt=\"\" width=\"1\" height=\"1\" \/>In der Weihnachtszeit geh\u00f6ren Engel irgendwie mit dazu. Schon allein als <a href=\"https:\/\/www.sabine-seyffert.de\/blog\/?p=13568\" target=\"_blank\" rel=\"noopener\">kleine Schutzengel<\/a>, die \u00fcber uns wachen, sind diese Wesen jederzeit herzlich willkommen. In dieser Form kann man sie auch wunderbar verschenken, wie beispielsweise auch diesen <a href=\"https:\/\/www.sabine-seyffert.de\/blog\/?p=11489\" target=\"_blank\" rel=\"noopener\">selbst gebastelten Engel<\/a> aus einer W\u00e4scheklammer.<br \/>\nDieses Mal zeige ich euch eine s\u00fc\u00dfe Upcycling Idee aus kaputten Gl\u00fchbirnen. Dazu gibt es heute eine entsprechende Bastelanleitung zum Nachmachen.<\/p>\n<p style=\"text-align: center;\"><a href=\"https:\/\/www.sabine-seyffert.de\/blog\/wp-content\/uploads\/2018\/12\/Engel-Upcycling-4.jpg\"><img loading=\"lazy\" decoding=\"async\" class=\"alignnone size-full wp-image-13712\" src=\"https:\/\/www.sabine-seyffert.de\/blog\/wp-content\/uploads\/2018\/12\/Engel-Upcycling-4.jpg\" alt=\"\" width=\"800\" height=\"600\" srcset=\"https:\/\/www.sabine-seyffert.de\/blog\/wp-content\/uploads\/2018\/12\/Engel-Upcycling-4.jpg 800w, https:\/\/www.sabine-seyffert.de\/blog\/wp-content\/uploads\/2018\/12\/Engel-Upcycling-4-300x225.jpg 300w, https:\/\/www.sabine-seyffert.de\/blog\/wp-content\/uploads\/2018\/12\/Engel-Upcycling-4-768x576.jpg 768w\" sizes=\"auto, (max-width: 800px) 100vw, 800px\" \/><\/a><\/p>\n<p style=\"text-align: justify;\"><strong>Das wird gebraucht:<\/strong><br \/>\nGl\u00fchbirnen, Nylongarn, eine Bastelschere, wei\u00dfes Seidenpapier, gro\u00dfe Holzkugeln \/ Holzperlen, wei\u00dfe M\u00e4rchenwolle, eine wasserfeste Tischdecke oder Bastelunterlage, Tapetenkleister, eine Hei\u00dfklebepistole samt Klebepatrone, wei\u00dfes Transparentpapier extra fest, N\u00e4hgarn, einen Bleistift eine N\u00e4hmaschine<\/p>\n<p style=\"text-align: center;\"><a href=\"https:\/\/www.sabine-seyffert.de\/blog\/wp-content\/uploads\/2018\/12\/Engel-Upcycling-11.jpg\"><img loading=\"lazy\" decoding=\"async\" class=\"alignnone size-full wp-image-13713\" src=\"https:\/\/www.sabine-seyffert.de\/blog\/wp-content\/uploads\/2018\/12\/Engel-Upcycling-11.jpg\" alt=\"\" width=\"800\" height=\"600\" srcset=\"https:\/\/www.sabine-seyffert.de\/blog\/wp-content\/uploads\/2018\/12\/Engel-Upcycling-11.jpg 800w, https:\/\/www.sabine-seyffert.de\/blog\/wp-content\/uploads\/2018\/12\/Engel-Upcycling-11-300x225.jpg 300w, https:\/\/www.sabine-seyffert.de\/blog\/wp-content\/uploads\/2018\/12\/Engel-Upcycling-11-768x576.jpg 768w\" sizes=\"auto, (max-width: 800px) 100vw, 800px\" \/><\/a><\/p>\n<p style=\"text-align: justify;\"><strong>So wird\u2019s gemacht:<\/strong><br \/>\nAls erstes r\u00fchrt man in einer kleinen Schale etwas Tapetenkleister mit warmem Leitungswasser an. Achtung, der Kleister dickt deutlich nach und braucht einige Minuten um zu ziehen. Daher lieber erst einmal wenig Pulver einr\u00fchren und bei Bedarf noch Kleister nachtr\u00e4glich unterr\u00fchren.<\/p>\n<p style=\"text-align: center;\"><a href=\"https:\/\/www.sabine-seyffert.de\/blog\/wp-content\/uploads\/2018\/12\/Engel-Upcycling-13.jpg\"><img loading=\"lazy\" decoding=\"async\" class=\"alignnone size-full wp-image-13714\" src=\"https:\/\/www.sabine-seyffert.de\/blog\/wp-content\/uploads\/2018\/12\/Engel-Upcycling-13.jpg\" alt=\"\" width=\"800\" height=\"600\" srcset=\"https:\/\/www.sabine-seyffert.de\/blog\/wp-content\/uploads\/2018\/12\/Engel-Upcycling-13.jpg 800w, https:\/\/www.sabine-seyffert.de\/blog\/wp-content\/uploads\/2018\/12\/Engel-Upcycling-13-300x225.jpg 300w, https:\/\/www.sabine-seyffert.de\/blog\/wp-content\/uploads\/2018\/12\/Engel-Upcycling-13-768x576.jpg 768w\" sizes=\"auto, (max-width: 800px) 100vw, 800px\" \/><\/a><\/p>\n<p style=\"text-align: justify;\">W\u00e4hrend der Kleister dickt, deckt man den Tisch mit einer Unterlage ab und bindet ein langes St\u00fcck Nylongarn an die Gl\u00fchbirne. Die Garnenden kann man verknoten und hat so eine Aufh\u00e4ngung, die auch f\u00fcr den Trockenvorgang sehr hilfreich ist.<\/p>\n<p style=\"text-align: center;\"><a href=\"https:\/\/www.sabine-seyffert.de\/blog\/wp-content\/uploads\/2018\/12\/Engel-Upcycling-9.jpg\"><img loading=\"lazy\" decoding=\"async\" class=\"alignnone size-full wp-image-13715\" src=\"https:\/\/www.sabine-seyffert.de\/blog\/wp-content\/uploads\/2018\/12\/Engel-Upcycling-9.jpg\" alt=\"\" width=\"800\" height=\"600\" srcset=\"https:\/\/www.sabine-seyffert.de\/blog\/wp-content\/uploads\/2018\/12\/Engel-Upcycling-9.jpg 800w, https:\/\/www.sabine-seyffert.de\/blog\/wp-content\/uploads\/2018\/12\/Engel-Upcycling-9-300x225.jpg 300w, https:\/\/www.sabine-seyffert.de\/blog\/wp-content\/uploads\/2018\/12\/Engel-Upcycling-9-768x576.jpg 768w\" sizes=\"auto, (max-width: 800px) 100vw, 800px\" \/><\/a><\/p>\n<p style=\"text-align: justify;\">Das Seidenpapier rei\u00dft oder schneidet man in kleinere St\u00fccke (viel Papier ben\u00f6tigt man f\u00fcr die Engel nicht!). Damit beklebt man nun die Gl\u00fchbirne rundum gleichm\u00e4\u00dfig, so dass der Engelk\u00f6rper ganz wei\u00df wird. Anschlie\u00dfend h\u00e4ngt man diesen zum Trocknen an einen warmen Ort.<\/p>\n<p style=\"text-align: center;\"><a href=\"https:\/\/www.sabine-seyffert.de\/blog\/wp-content\/uploads\/2018\/12\/Engel-Upcycling-8.jpg\"><img loading=\"lazy\" decoding=\"async\" class=\"alignnone size-full wp-image-13716\" src=\"https:\/\/www.sabine-seyffert.de\/blog\/wp-content\/uploads\/2018\/12\/Engel-Upcycling-8.jpg\" alt=\"\" width=\"800\" height=\"600\" srcset=\"https:\/\/www.sabine-seyffert.de\/blog\/wp-content\/uploads\/2018\/12\/Engel-Upcycling-8.jpg 800w, https:\/\/www.sabine-seyffert.de\/blog\/wp-content\/uploads\/2018\/12\/Engel-Upcycling-8-300x225.jpg 300w, https:\/\/www.sabine-seyffert.de\/blog\/wp-content\/uploads\/2018\/12\/Engel-Upcycling-8-768x576.jpg 768w\" sizes=\"auto, (max-width: 800px) 100vw, 800px\" \/><\/a><\/p>\n<p style=\"text-align: justify;\">In der Zwischenzeit schneidet man aus dem Transparentpapier zwei Engelsfl\u00fcgel in derselben Form. Diese legt man passgenau \u00fcbereinander und n\u00e4ht diese am \u00e4u\u00dferen Rand mit einer einfachen Naht zusammen. So sind die Fl\u00fcgel sch\u00f6n stabil und das Papier biegt sich nicht mehr.<\/p>\n<p style=\"text-align: center;\"><a href=\"https:\/\/www.sabine-seyffert.de\/blog\/wp-content\/uploads\/2018\/12\/Engel-Upcycling-7.jpg\"><img loading=\"lazy\" decoding=\"async\" class=\"alignnone size-full wp-image-13717\" src=\"https:\/\/www.sabine-seyffert.de\/blog\/wp-content\/uploads\/2018\/12\/Engel-Upcycling-7.jpg\" alt=\"\" width=\"800\" height=\"600\" srcset=\"https:\/\/www.sabine-seyffert.de\/blog\/wp-content\/uploads\/2018\/12\/Engel-Upcycling-7.jpg 800w, https:\/\/www.sabine-seyffert.de\/blog\/wp-content\/uploads\/2018\/12\/Engel-Upcycling-7-300x225.jpg 300w, https:\/\/www.sabine-seyffert.de\/blog\/wp-content\/uploads\/2018\/12\/Engel-Upcycling-7-768x576.jpg 768w\" sizes=\"auto, (max-width: 800px) 100vw, 800px\" \/><\/a><\/p>\n<p style=\"text-align: justify;\">Sobald der Kleister getrocknet ist, zieht man eine gro\u00dfe Holzkugel von oben auf die Nylonschlaufe und befestigt diese mit etwas Hei\u00dfkleber als Kopf auf der Birne.<\/p>\n<p style=\"text-align: center;\"><a href=\"https:\/\/www.sabine-seyffert.de\/blog\/wp-content\/uploads\/2018\/12\/Engel-Upcycling-6.jpg\"><img loading=\"lazy\" decoding=\"async\" class=\"alignnone size-full wp-image-13718\" src=\"https:\/\/www.sabine-seyffert.de\/blog\/wp-content\/uploads\/2018\/12\/Engel-Upcycling-6.jpg\" alt=\"\" width=\"800\" height=\"600\" srcset=\"https:\/\/www.sabine-seyffert.de\/blog\/wp-content\/uploads\/2018\/12\/Engel-Upcycling-6.jpg 800w, https:\/\/www.sabine-seyffert.de\/blog\/wp-content\/uploads\/2018\/12\/Engel-Upcycling-6-300x225.jpg 300w, https:\/\/www.sabine-seyffert.de\/blog\/wp-content\/uploads\/2018\/12\/Engel-Upcycling-6-768x576.jpg 768w\" sizes=\"auto, (max-width: 800px) 100vw, 800px\" \/><\/a><\/p>\n<p style=\"text-align: justify;\">F\u00fcr das Haar nimmt man erst einmal einen kleinen Strang M\u00e4rchenwolle um den hinteren Kopf zu bedecken. Das obere Wollende steckt man mit einem spitzen Gegenstand von oben in die Holzperle. Dann nimmt man einen zweiten Wollstrang und legt ihn als Engelshaar dar\u00fcber. An den Seiten kann man diese mit etwas Kleber befestigen.<\/p>\n<p style=\"text-align: center;\"><a href=\"https:\/\/www.sabine-seyffert.de\/blog\/wp-content\/uploads\/2018\/12\/Engel-Upcycling-5.jpg\"><img loading=\"lazy\" decoding=\"async\" class=\"alignnone size-full wp-image-13719\" src=\"https:\/\/www.sabine-seyffert.de\/blog\/wp-content\/uploads\/2018\/12\/Engel-Upcycling-5.jpg\" alt=\"\" width=\"800\" height=\"600\" srcset=\"https:\/\/www.sabine-seyffert.de\/blog\/wp-content\/uploads\/2018\/12\/Engel-Upcycling-5.jpg 800w, https:\/\/www.sabine-seyffert.de\/blog\/wp-content\/uploads\/2018\/12\/Engel-Upcycling-5-300x225.jpg 300w, https:\/\/www.sabine-seyffert.de\/blog\/wp-content\/uploads\/2018\/12\/Engel-Upcycling-5-768x576.jpg 768w\" sizes=\"auto, (max-width: 800px) 100vw, 800px\" \/><\/a><\/p>\n<p style=\"text-align: justify;\">Am R\u00fccken, unter dem Engelshaar, klebt man noch die Fl\u00fcgel mittig an. Danach kann man die Engel als Geschenk verpacken, sie als Deko von der Zimmerdecke baumeln lassen, den Weihnachtsbaum damit schm\u00fccken oder sie ans Fenster h\u00e4ngen.<\/p>\n<p style=\"text-align: center;\"><a href=\"https:\/\/www.sabine-seyffert.de\/blog\/wp-content\/uploads\/2018\/12\/Engel-Upcycling-2.jpg\"><img loading=\"lazy\" decoding=\"async\" class=\"alignnone size-full wp-image-13720\" src=\"https:\/\/www.sabine-seyffert.de\/blog\/wp-content\/uploads\/2018\/12\/Engel-Upcycling-2.jpg\" alt=\"\" width=\"600\" height=\"800\" srcset=\"https:\/\/www.sabine-seyffert.de\/blog\/wp-content\/uploads\/2018\/12\/Engel-Upcycling-2.jpg 600w, https:\/\/www.sabine-seyffert.de\/blog\/wp-content\/uploads\/2018\/12\/Engel-Upcycling-2-225x300.jpg 225w\" sizes=\"auto, (max-width: 600px) 100vw, 600px\" \/><\/a><\/p>\n<p style=\"text-align: justify;\">Weitere Upcycling Ideen findet ihr in <a href=\"https:\/\/www.sabine-seyffert.de\/blog\/?cat=47\" target=\"_blank\" rel=\"noopener\">dieser Rubrik<\/a>, klitzekleine Geschenkideen <a href=\"https:\/\/www.sabine-seyffert.de\/blog\/?cat=36\" target=\"_blank\" rel=\"noopener\">dort<\/a>, alles zum Thema Weihnachten und den Advent gibt es an <a href=\"https:\/\/www.sabine-seyffert.de\/blog\/?cat=41\" target=\"_blank\" rel=\"noopener\">dieser Stelle<\/a> und andere kreative Sachen <a href=\"https:\/\/www.creadienstag.de\/2018\/12\/linkparty-360.html\" target=\"_blank\" rel=\"noopener nofollow\">da<\/a>.<\/p>\n<p><a href=\"https:\/\/www.sabine-seyffert.de\/blog\/wp-content\/uploads\/2018\/12\/Engel-Upcycling-3.jpg\"><img loading=\"lazy\" decoding=\"async\" class=\"size-full wp-image-13721 aligncenter\" src=\"https:\/\/www.sabine-seyffert.de\/blog\/wp-content\/uploads\/2018\/12\/Engel-Upcycling-3.jpg\" alt=\"\" width=\"600\" height=\"800\" srcset=\"https:\/\/www.sabine-seyffert.de\/blog\/wp-content\/uploads\/2018\/12\/Engel-Upcycling-3.jpg 600w, https:\/\/www.sabine-seyffert.de\/blog\/wp-content\/uploads\/2018\/12\/Engel-Upcycling-3-225x300.jpg 225w\" sizes=\"auto, (max-width: 600px) 100vw, 600px\" \/><\/a><\/p>\n<p style=\"text-align: justify;\"><a href=\"https:\/\/www.sabine-seyffert.de\/blog\/?page_id=32#urheberrecht\">urheberrechtlich gesch\u00fctzt<\/a>, \u00a9 Sabine Seyffert<\/p>\n","protected":false},"excerpt":{"rendered":"<p>In der Weihnachtszeit geh\u00f6ren Engel irgendwie mit dazu. Schon allein als kleine Schutzengel, die \u00fcber uns wachen, sind diese Wesen jederzeit herzlich willkommen. In dieser Form kann man sie auch wunderbar verschenken, wie beispielsweise auch diesen selbst gebastelten Engel aus einer W\u00e4scheklammer. Dieses Mal zeige ich euch eine s\u00fc\u00dfe Upcycling Idee aus kaputten Gl\u00fchbirnen. Dazu&#8230; <a href=\"https:\/\/www.sabine-seyffert.de\/blog\/diy-deko-idee-weihnachtsengel-zum-selber-basteln-weihnachtliches-upcycling-aus-gluehbirne\/\" class=\"more-link\">Read more: DIY &#038; Deko Idee: Weihnachtsengel zum selber basteln \u2013 Weihnachtliches Upcycling aus Gl\u00fchbirne<\/a><\/p>\n","protected":false},"author":2,"featured_media":0,"comment_status":"open","ping_status":"open","sticky":false,"template":"","format":"standard","meta":{"_metis_text_type":"","_metis_text_length":2799,"_post_count":0,"footnotes":""},"categories":[41,12,36,47],"tags":[],"class_list":["post-13711","post","type-post","status-publish","format-standard","hentry","category-weihnachten","category-deko-ideen","category-klitzekleine-geschenkideen","category-upcyceltes"],"_links":{"self":[{"href":"https:\/\/www.sabine-seyffert.de\/blog\/wp-json\/wp\/v2\/posts\/13711","targetHints":{"allow":["GET"]}}],"collection":[{"href":"https:\/\/www.sabine-seyffert.de\/blog\/wp-json\/wp\/v2\/posts"}],"about":[{"href":"https:\/\/www.sabine-seyffert.de\/blog\/wp-json\/wp\/v2\/types\/post"}],"author":[{"embeddable":true,"href":"https:\/\/www.sabine-seyffert.de\/blog\/wp-json\/wp\/v2\/users\/2"}],"replies":[{"embeddable":true,"href":"https:\/\/www.sabine-seyffert.de\/blog\/wp-json\/wp\/v2\/comments?post=13711"}],"version-history":[{"count":4,"href":"https:\/\/www.sabine-seyffert.de\/blog\/wp-json\/wp\/v2\/posts\/13711\/revisions"}],"predecessor-version":[{"id":13740,"href":"https:\/\/www.sabine-seyffert.de\/blog\/wp-json\/wp\/v2\/posts\/13711\/revisions\/13740"}],"wp:attachment":[{"href":"https:\/\/www.sabine-seyffert.de\/blog\/wp-json\/wp\/v2\/media?parent=13711"}],"wp:term":[{"taxonomy":"category","embeddable":true,"href":"https:\/\/www.sabine-seyffert.de\/blog\/wp-json\/wp\/v2\/categories?post=13711"},{"taxonomy":"post_tag","embeddable":true,"href":"https:\/\/www.sabine-seyffert.de\/blog\/wp-json\/wp\/v2\/tags?post=13711"}],"curies":[{"name":"wp","href":"https:\/\/api.w.org\/{rel}","templated":true}]}}