{"id":13688,"date":"2018-12-01T19:23:10","date_gmt":"2018-12-01T17:23:10","guid":{"rendered":"https:\/\/www.sabine-seyffert.de\/blog\/?p=13688"},"modified":"2018-12-01T19:23:10","modified_gmt":"2018-12-01T17:23:10","slug":"rezept-idee-fuer-weihnachten-selbst-gebackener-tannenbaum-kuchen-im-advent","status":"publish","type":"post","link":"https:\/\/www.sabine-seyffert.de\/blog\/rezept-idee-fuer-weihnachten-selbst-gebackener-tannenbaum-kuchen-im-advent\/","title":{"rendered":"Rezept Idee f\u00fcr Weihnachten: Selbst gebackener Tannenbaum- Kuchen im Advent"},"content":{"rendered":"<p style=\"text-align: justify;\"><img loading=\"lazy\" decoding=\"async\" src=\"https:\/\/vg01.met.vgwort.de\/na\/21c729514c4246be87af14ae4c5cfc8e\" alt=\"\" width=\"1\" height=\"1\" \/>An Weihnachten darf es gerne mal etwas Besonders sein. Dennoch ist in den Weihnachtstagen die Zeit oftmals knapp f\u00fcr aufw\u00e4ndige Rezepte. Daher habe ich heute eine kleine aber feine Idee, wie man einen normalen Kuchen weihnachtlich aufpeppen und f\u00fcr einen Hingucker auf der Weihnachtstafel sorgen kann. Diesen Kuchen habe ich bereits vor mehreren Jahren gebacken, als eine Austauschsch\u00fclerin zu Besuch war, aber irgendwie gefielen mir die Bilder nicht. Daher ein neuer Versuch, allerdings hat mir auch hier das schlechte Licht einen Strich durch die Rechnung gemacht\u2026<\/p>\n<p style=\"text-align: center;\"><a href=\"https:\/\/www.sabine-seyffert.de\/blog\/wp-content\/uploads\/2018\/12\/Tannenbaumkuchen-Sabine-Seyffert.de-3.jpg\"><img loading=\"lazy\" decoding=\"async\" class=\"alignnone size-full wp-image-13689\" src=\"https:\/\/www.sabine-seyffert.de\/blog\/wp-content\/uploads\/2018\/12\/Tannenbaumkuchen-Sabine-Seyffert.de-3.jpg\" alt=\"\" width=\"800\" height=\"600\" srcset=\"https:\/\/www.sabine-seyffert.de\/blog\/wp-content\/uploads\/2018\/12\/Tannenbaumkuchen-Sabine-Seyffert.de-3.jpg 800w, https:\/\/www.sabine-seyffert.de\/blog\/wp-content\/uploads\/2018\/12\/Tannenbaumkuchen-Sabine-Seyffert.de-3-300x225.jpg 300w, https:\/\/www.sabine-seyffert.de\/blog\/wp-content\/uploads\/2018\/12\/Tannenbaumkuchen-Sabine-Seyffert.de-3-768x576.jpg 768w\" sizes=\"auto, (max-width: 800px) 100vw, 800px\" \/><\/a><\/p>\n<p style=\"text-align: justify;\"><strong>Das wird gebraucht \/ Zutaten f\u00fcr eine runde Springform Durchmesser 20 cm:<\/strong><br \/>\n150 g gemahlene Mandeln, 100 g Zucker, 2 Bio Eier, 1 Teel\u00f6ffel Backpulver, 1 Priese Zimt, 1 Vanilleschote, 1 Essl\u00f6ffel Rum, 200 ml Schlagsahne, 100 g dunkle Schokolade, Fett f\u00fcr die Kuchenform, 8 \u201eBaumst\u00e4mme\u201c beispielsweise Waffelr\u00f6llchen, 8 Zimtsterne o.\u00e4. sowie optional etwas Paniermehl<\/p>\n<p style=\"text-align: center;\"><a href=\"https:\/\/www.sabine-seyffert.de\/blog\/wp-content\/uploads\/2018\/12\/Tannenbaumkuchen-Sabine-Seyffert.de-5.jpg\"><img loading=\"lazy\" decoding=\"async\" class=\"alignnone size-full wp-image-13690\" src=\"https:\/\/www.sabine-seyffert.de\/blog\/wp-content\/uploads\/2018\/12\/Tannenbaumkuchen-Sabine-Seyffert.de-5.jpg\" alt=\"\" width=\"800\" height=\"600\" srcset=\"https:\/\/www.sabine-seyffert.de\/blog\/wp-content\/uploads\/2018\/12\/Tannenbaumkuchen-Sabine-Seyffert.de-5.jpg 800w, https:\/\/www.sabine-seyffert.de\/blog\/wp-content\/uploads\/2018\/12\/Tannenbaumkuchen-Sabine-Seyffert.de-5-300x225.jpg 300w, https:\/\/www.sabine-seyffert.de\/blog\/wp-content\/uploads\/2018\/12\/Tannenbaumkuchen-Sabine-Seyffert.de-5-768x576.jpg 768w\" sizes=\"auto, (max-width: 800px) 100vw, 800px\" \/><\/a><\/p>\n<p style=\"text-align: justify;\"><strong><span style=\"color: #ff6600;\">Hinweis:<\/span><\/strong> die Menge ergibt 8 Tannenb\u00e4ume<\/p>\n<p style=\"text-align: center;\"><a href=\"https:\/\/www.sabine-seyffert.de\/blog\/wp-content\/uploads\/2018\/12\/Tannenbaumkuchen-Sabine-Seyffert.de-7.jpg\"><img loading=\"lazy\" decoding=\"async\" class=\"alignnone size-full wp-image-13691\" src=\"https:\/\/www.sabine-seyffert.de\/blog\/wp-content\/uploads\/2018\/12\/Tannenbaumkuchen-Sabine-Seyffert.de-7.jpg\" alt=\"\" width=\"600\" height=\"800\" srcset=\"https:\/\/www.sabine-seyffert.de\/blog\/wp-content\/uploads\/2018\/12\/Tannenbaumkuchen-Sabine-Seyffert.de-7.jpg 600w, https:\/\/www.sabine-seyffert.de\/blog\/wp-content\/uploads\/2018\/12\/Tannenbaumkuchen-Sabine-Seyffert.de-7-225x300.jpg 225w\" sizes=\"auto, (max-width: 600px) 100vw, 600px\" \/><\/a><\/p>\n<p style=\"text-align: justify;\"><strong>So wird\u2019s gemacht:<\/strong><br \/>\nZuerst gebt ihr die Eier mit dem Zucker in eine R\u00fchrsch\u00fcssel und mixt die beiden Zutaten mit dem Handmixer sch\u00f6n schaumig. Anschlie\u00dfend gebt ihr Backpulver, den Zimt sowie das Mark einer Vanilleschote hinzu und r\u00fchrt alles gleichm\u00e4\u00dfig unter. Dann gebt ihr den Kuchenteig in eine gefettete und mit etwas Paniermehl best\u00e4ubte Backform.<\/p>\n<p style=\"text-align: center;\"><a href=\"https:\/\/www.sabine-seyffert.de\/blog\/wp-content\/uploads\/2018\/12\/Tannenbaumkuchen-Sabine-Seyffert.de-6.jpg\"><img loading=\"lazy\" decoding=\"async\" class=\"alignnone size-full wp-image-13692\" src=\"https:\/\/www.sabine-seyffert.de\/blog\/wp-content\/uploads\/2018\/12\/Tannenbaumkuchen-Sabine-Seyffert.de-6.jpg\" alt=\"\" width=\"600\" height=\"800\" srcset=\"https:\/\/www.sabine-seyffert.de\/blog\/wp-content\/uploads\/2018\/12\/Tannenbaumkuchen-Sabine-Seyffert.de-6.jpg 600w, https:\/\/www.sabine-seyffert.de\/blog\/wp-content\/uploads\/2018\/12\/Tannenbaumkuchen-Sabine-Seyffert.de-6-225x300.jpg 225w\" sizes=\"auto, (max-width: 600px) 100vw, 600px\" \/><\/a><\/p>\n<p style=\"text-align: justify;\">Der Kuchen wird f\u00fcr 25 Minuten bei 175 \u00b0 Grad gebacken. Zur Sicherheit macht die St\u00e4bchenprobe. Bleibt kein Teig mehr h\u00e4ngen, ist er fertig. Nun muss der Kuchen erst einmal gut ausk\u00fchlen. Danach l\u00f6st ihr ihn aus der Form, teilt ihn in 8 gleichgro\u00dfe St\u00fccke und bereitet die Schokoladencreme zu. Dazu schmelzt ihr die Schokolade im Wasserbad, schlagt die Sahne sch\u00f6n steif und r\u00fchrt danach beide Zutaten vorsichtig zu einer Schokoladencreme zusammen.<br \/>\nDiese gebt ihr in eine Spritzt\u00fcte oder T\u00fclle. Mit dieser spritzt ihr nun die Creme zackenf\u00f6rmig auf die einzelnen Kuchenst\u00fccke. Dann legt ihr an jede Kuchenspitze einen Stern und unten mittig einen Baumstamm. Dazu kann man ganz unterschiedliche Dinge verwenden. Super klappt es mit kleinen Waffelr\u00f6llchen, aber auch Schokoladenst\u00e4bchen, selbst gebackenen Keksen etc.<\/p>\n<p style=\"text-align: center;\"><a href=\"https:\/\/www.sabine-seyffert.de\/blog\/wp-content\/uploads\/2018\/12\/Tannenbaumkuchen-Sabine-Seyffert.de-4.jpg\"><img loading=\"lazy\" decoding=\"async\" class=\"alignnone size-full wp-image-13693\" src=\"https:\/\/www.sabine-seyffert.de\/blog\/wp-content\/uploads\/2018\/12\/Tannenbaumkuchen-Sabine-Seyffert.de-4.jpg\" alt=\"\" width=\"800\" height=\"600\" srcset=\"https:\/\/www.sabine-seyffert.de\/blog\/wp-content\/uploads\/2018\/12\/Tannenbaumkuchen-Sabine-Seyffert.de-4.jpg 800w, https:\/\/www.sabine-seyffert.de\/blog\/wp-content\/uploads\/2018\/12\/Tannenbaumkuchen-Sabine-Seyffert.de-4-300x225.jpg 300w, https:\/\/www.sabine-seyffert.de\/blog\/wp-content\/uploads\/2018\/12\/Tannenbaumkuchen-Sabine-Seyffert.de-4-768x576.jpg 768w\" sizes=\"auto, (max-width: 800px) 100vw, 800px\" \/><\/a><\/p>\n<p style=\"text-align: justify;\"><strong>Ein kleiner Tipp:<\/strong><br \/>\nWenn ihr lieber gr\u00f6\u00dfere Kuchenst\u00fccke haben wollt, k\u00f6nnt ihr auch eine normal gro\u00dfe Kuchenform mit 27 cm Durchmesser verwenden. Und der Kuchenteig l\u00e4sst sich nat\u00fcrlich ebenso gegen euren Lieblingsteig austauschen.<\/p>\n<p style=\"text-align: center;\"><a href=\"https:\/\/www.sabine-seyffert.de\/blog\/wp-content\/uploads\/2018\/12\/Tannenbaumkuchen-Sabine-Seyffert.de-1.jpg\"><img loading=\"lazy\" decoding=\"async\" class=\"alignnone size-full wp-image-13694\" src=\"https:\/\/www.sabine-seyffert.de\/blog\/wp-content\/uploads\/2018\/12\/Tannenbaumkuchen-Sabine-Seyffert.de-1.jpg\" alt=\"\" width=\"800\" height=\"600\" srcset=\"https:\/\/www.sabine-seyffert.de\/blog\/wp-content\/uploads\/2018\/12\/Tannenbaumkuchen-Sabine-Seyffert.de-1.jpg 800w, https:\/\/www.sabine-seyffert.de\/blog\/wp-content\/uploads\/2018\/12\/Tannenbaumkuchen-Sabine-Seyffert.de-1-300x225.jpg 300w, https:\/\/www.sabine-seyffert.de\/blog\/wp-content\/uploads\/2018\/12\/Tannenbaumkuchen-Sabine-Seyffert.de-1-768x576.jpg 768w\" sizes=\"auto, (max-width: 800px) 100vw, 800px\" \/><\/a><\/p>\n<p>Ich w\u00fcnsche euch einen ganz wunderbaren Start in die Adventszeit!<\/p>\n<p style=\"text-align: center;\"><a href=\"https:\/\/www.sabine-seyffert.de\/blog\/wp-content\/uploads\/2018\/12\/Tannenbaumkuchen-Sabine-Seyffert.de-2.jpg\"><img loading=\"lazy\" decoding=\"async\" class=\"alignnone size-full wp-image-13695\" src=\"https:\/\/www.sabine-seyffert.de\/blog\/wp-content\/uploads\/2018\/12\/Tannenbaumkuchen-Sabine-Seyffert.de-2.jpg\" alt=\"\" width=\"800\" height=\"600\" srcset=\"https:\/\/www.sabine-seyffert.de\/blog\/wp-content\/uploads\/2018\/12\/Tannenbaumkuchen-Sabine-Seyffert.de-2.jpg 800w, https:\/\/www.sabine-seyffert.de\/blog\/wp-content\/uploads\/2018\/12\/Tannenbaumkuchen-Sabine-Seyffert.de-2-300x225.jpg 300w, https:\/\/www.sabine-seyffert.de\/blog\/wp-content\/uploads\/2018\/12\/Tannenbaumkuchen-Sabine-Seyffert.de-2-768x576.jpg 768w\" sizes=\"auto, (max-width: 800px) 100vw, 800px\" \/><\/a><\/p>\n<p style=\"text-align: justify;\">Alle kreativen Ideen rund um den Advent und Weihnachten findet ihr \u00fcbrigens in <a href=\"https:\/\/www.sabine-seyffert.de\/blog\/?cat=41\" target=\"_blank\" rel=\"noopener\">dieser Blog Kategorie<\/a> und weitere Rezepte s\u00fc\u00dfe Leckereien gibt es an <a href=\"https:\/\/www.sabine-seyffert.de\/blog\/?cat=31\" target=\"_blank\" rel=\"noopener\">dieser Stell<\/a>e.<\/p>\n<p style=\"text-align: justify;\"><a href=\"https:\/\/www.sabine-seyffert.de\/blog\/?page_id=32#urheberrecht\">urheberrechtlich gesch\u00fctzt<\/a>, \u00a9 Sabine Seyffert<\/p>\n","protected":false},"excerpt":{"rendered":"<p>An Weihnachten darf es gerne mal etwas Besonders sein. Dennoch ist in den Weihnachtstagen die Zeit oftmals knapp f\u00fcr aufw\u00e4ndige Rezepte. Daher habe ich heute eine kleine aber feine Idee, wie man einen normalen Kuchen weihnachtlich aufpeppen und f\u00fcr einen Hingucker auf der Weihnachtstafel sorgen kann. Diesen Kuchen habe ich bereits vor mehreren Jahren gebacken,&#8230; <a href=\"https:\/\/www.sabine-seyffert.de\/blog\/rezept-idee-fuer-weihnachten-selbst-gebackener-tannenbaum-kuchen-im-advent\/\" class=\"more-link\">Read more: Rezept Idee f\u00fcr Weihnachten: Selbst gebackener Tannenbaum- Kuchen im Advent<\/a><\/p>\n","protected":false},"author":2,"featured_media":0,"comment_status":"open","ping_status":"open","sticky":false,"template":"","format":"standard","meta":{"_metis_text_type":"","_metis_text_length":2645,"_post_count":0,"footnotes":""},"categories":[41,31],"tags":[],"class_list":["post-13688","post","type-post","status-publish","format-standard","hentry","category-weihnachten","category-rezepte-suse-kuchen-co"],"_links":{"self":[{"href":"https:\/\/www.sabine-seyffert.de\/blog\/wp-json\/wp\/v2\/posts\/13688","targetHints":{"allow":["GET"]}}],"collection":[{"href":"https:\/\/www.sabine-seyffert.de\/blog\/wp-json\/wp\/v2\/posts"}],"about":[{"href":"https:\/\/www.sabine-seyffert.de\/blog\/wp-json\/wp\/v2\/types\/post"}],"author":[{"embeddable":true,"href":"https:\/\/www.sabine-seyffert.de\/blog\/wp-json\/wp\/v2\/users\/2"}],"replies":[{"embeddable":true,"href":"https:\/\/www.sabine-seyffert.de\/blog\/wp-json\/wp\/v2\/comments?post=13688"}],"version-history":[{"count":4,"href":"https:\/\/www.sabine-seyffert.de\/blog\/wp-json\/wp\/v2\/posts\/13688\/revisions"}],"predecessor-version":[{"id":13699,"href":"https:\/\/www.sabine-seyffert.de\/blog\/wp-json\/wp\/v2\/posts\/13688\/revisions\/13699"}],"wp:attachment":[{"href":"https:\/\/www.sabine-seyffert.de\/blog\/wp-json\/wp\/v2\/media?parent=13688"}],"wp:term":[{"taxonomy":"category","embeddable":true,"href":"https:\/\/www.sabine-seyffert.de\/blog\/wp-json\/wp\/v2\/categories?post=13688"},{"taxonomy":"post_tag","embeddable":true,"href":"https:\/\/www.sabine-seyffert.de\/blog\/wp-json\/wp\/v2\/tags?post=13688"}],"curies":[{"name":"wp","href":"https:\/\/api.w.org\/{rel}","templated":true}]}}