{"id":13632,"date":"2018-11-22T19:04:49","date_gmt":"2018-11-22T17:04:49","guid":{"rendered":"https:\/\/www.sabine-seyffert.de\/blog\/?p=13632"},"modified":"2018-11-26T19:19:43","modified_gmt":"2018-11-26T17:19:43","slug":"geschenke-aus-der-kueche-schoen-verpackt-weihnachtsmarmelade-als-geschenk-verpacken","status":"publish","type":"post","link":"https:\/\/www.sabine-seyffert.de\/blog\/geschenke-aus-der-kueche-schoen-verpackt-weihnachtsmarmelade-als-geschenk-verpacken\/","title":{"rendered":"Geschenke aus der K\u00fcche sch\u00f6n verpackt: Weihnachtsmarmelade als Geschenk verpacken"},"content":{"rendered":"<p style=\"text-align: justify;\"><img loading=\"lazy\" decoding=\"async\" src=\"https:\/\/vg01.met.vgwort.de\/na\/040690ad77054ec1a52a296fb28c5477\" alt=\"\" width=\"1\" height=\"1\" \/>In der Weihnachtswerkstatt wurde eifrig gewerkelt, gebastelt und gekocht. Darunter gab es auch einen Schwung an <a href=\"https:\/\/www.sabine-seyffert.de\/blog\/?p=13622\" target=\"_blank\" rel=\"noopener\">selbst gemachter Weihnachtsmarmelade<\/a>. Da ich diese gerne als kleine Mitbringsel in der Adventszeit oder kleine Weihnachtsgeschenke nutze, wollte ich die Gl\u00e4ser entsprechend sch\u00f6n verpacken. Soweit man dies bei einem Marmeladenglas \u00fcberhaupt machen muss \ud83d\ude09 Da ich die Marmelade in leere Gl\u00e4ser gef\u00fcllt habe, die hier stets gesammelt werden, sollte zumindest der Deckel in etwas Papier verschwinden. Dazu reicht normales Packpapier v\u00f6llig aus, zumal ich dieses immer im Haus und zur Hand habe.<\/p>\n<p style=\"text-align: center;\"><a href=\"https:\/\/www.sabine-seyffert.de\/blog\/wp-content\/uploads\/2018\/11\/Geschenkverpackung-Bratapfelmarmelade-12.jpg\"><img loading=\"lazy\" decoding=\"async\" class=\"alignnone size-full wp-image-13633\" src=\"https:\/\/www.sabine-seyffert.de\/blog\/wp-content\/uploads\/2018\/11\/Geschenkverpackung-Bratapfelmarmelade-12.jpg\" alt=\"\" width=\"800\" height=\"600\" srcset=\"https:\/\/www.sabine-seyffert.de\/blog\/wp-content\/uploads\/2018\/11\/Geschenkverpackung-Bratapfelmarmelade-12.jpg 800w, https:\/\/www.sabine-seyffert.de\/blog\/wp-content\/uploads\/2018\/11\/Geschenkverpackung-Bratapfelmarmelade-12-300x225.jpg 300w, https:\/\/www.sabine-seyffert.de\/blog\/wp-content\/uploads\/2018\/11\/Geschenkverpackung-Bratapfelmarmelade-12-768x576.jpg 768w\" sizes=\"auto, (max-width: 800px) 100vw, 800px\" \/><\/a><\/p>\n<p style=\"text-align: justify;\"><strong>Das wird gebraucht:<\/strong><br \/>\nPackpapier oder unifarbenes Geschenkpapier, einen weihnachtlichen Stempel, ein wei\u00dfes Stempelkissen, wei\u00dfen Tonkarton (am einfachsten ist ein Bogen in der Gr\u00f6\u00dfe Din A4), Computer, Drucker, eine Lochzange, Metall\u00f6sen, eine Nietenzange, einen wei\u00dfen Lackstift, etwas Kordel oder Geschenkband<\/p>\n<p style=\"text-align: center;\"><a href=\"https:\/\/www.sabine-seyffert.de\/blog\/wp-content\/uploads\/2018\/11\/Geschenkverpackung-Bratapfelmarmelade-6.jpg\"><img loading=\"lazy\" decoding=\"async\" class=\"alignnone size-full wp-image-13634\" src=\"https:\/\/www.sabine-seyffert.de\/blog\/wp-content\/uploads\/2018\/11\/Geschenkverpackung-Bratapfelmarmelade-6.jpg\" alt=\"\" width=\"800\" height=\"600\" srcset=\"https:\/\/www.sabine-seyffert.de\/blog\/wp-content\/uploads\/2018\/11\/Geschenkverpackung-Bratapfelmarmelade-6.jpg 800w, https:\/\/www.sabine-seyffert.de\/blog\/wp-content\/uploads\/2018\/11\/Geschenkverpackung-Bratapfelmarmelade-6-300x225.jpg 300w, https:\/\/www.sabine-seyffert.de\/blog\/wp-content\/uploads\/2018\/11\/Geschenkverpackung-Bratapfelmarmelade-6-768x576.jpg 768w\" sizes=\"auto, (max-width: 800px) 100vw, 800px\" \/><\/a><\/p>\n<p style=\"text-align: justify;\"><strong>So wird\u2019s gemacht:<\/strong><br \/>\nAls erstes habe ich mir f\u00fcr die vielen Gl\u00e4ser eine Beschriftung \u00fcberlegt. In meinem Fall war es Bratapfelmarmelade mit Mandeln &amp; Marzipan sowie das Herstellungsdatum.<\/p>\n<p style=\"text-align: center;\"><a href=\"https:\/\/www.sabine-seyffert.de\/blog\/wp-content\/uploads\/2018\/11\/Geschenkverpackung-Bratapfelmarmelade-10.jpg\"><img loading=\"lazy\" decoding=\"async\" class=\"alignnone size-full wp-image-13635\" src=\"https:\/\/www.sabine-seyffert.de\/blog\/wp-content\/uploads\/2018\/11\/Geschenkverpackung-Bratapfelmarmelade-10.jpg\" alt=\"\" width=\"800\" height=\"600\" srcset=\"https:\/\/www.sabine-seyffert.de\/blog\/wp-content\/uploads\/2018\/11\/Geschenkverpackung-Bratapfelmarmelade-10.jpg 800w, https:\/\/www.sabine-seyffert.de\/blog\/wp-content\/uploads\/2018\/11\/Geschenkverpackung-Bratapfelmarmelade-10-300x225.jpg 300w, https:\/\/www.sabine-seyffert.de\/blog\/wp-content\/uploads\/2018\/11\/Geschenkverpackung-Bratapfelmarmelade-10-768x576.jpg 768w\" sizes=\"auto, (max-width: 800px) 100vw, 800px\" \/><\/a><\/p>\n<p style=\"text-align: justify;\">Wer man kann auf der R\u00fcckseite noch detailliert die verwendeten Zutaten auflisten, was f\u00fcr Allergiker oftmals wichtig und sinnvoll ist.<\/p>\n<p style=\"text-align: center;\"><a href=\"https:\/\/www.sabine-seyffert.de\/blog\/wp-content\/uploads\/2018\/11\/Geschenkverpackung-Bratapfelmarmelade-9.jpg\"><img loading=\"lazy\" decoding=\"async\" class=\"alignnone size-full wp-image-13637\" src=\"https:\/\/www.sabine-seyffert.de\/blog\/wp-content\/uploads\/2018\/11\/Geschenkverpackung-Bratapfelmarmelade-9.jpg\" alt=\"\" width=\"800\" height=\"600\" srcset=\"https:\/\/www.sabine-seyffert.de\/blog\/wp-content\/uploads\/2018\/11\/Geschenkverpackung-Bratapfelmarmelade-9.jpg 800w, https:\/\/www.sabine-seyffert.de\/blog\/wp-content\/uploads\/2018\/11\/Geschenkverpackung-Bratapfelmarmelade-9-300x225.jpg 300w, https:\/\/www.sabine-seyffert.de\/blog\/wp-content\/uploads\/2018\/11\/Geschenkverpackung-Bratapfelmarmelade-9-768x576.jpg 768w\" sizes=\"auto, (max-width: 800px) 100vw, 800px\" \/><\/a><\/p>\n<p style=\"text-align: justify;\">Diesen Schriftzug druckt man in der ben\u00f6tigen Anzahl aus und schneidet diesen in einzelne Wimpeln oder Anh\u00e4nger. Wer mag kann diese noch mit ausgestanzten Motiven o.\u00e4. weiter verzieren. Mir gefielen sie so schlicht am besten.<\/p>\n<p style=\"text-align: center;\"><a href=\"https:\/\/www.sabine-seyffert.de\/blog\/wp-content\/uploads\/2018\/11\/Geschenkverpackung-Bratapfelmarmelade-7.jpg\"><img loading=\"lazy\" decoding=\"async\" class=\"alignnone size-full wp-image-13638\" src=\"https:\/\/www.sabine-seyffert.de\/blog\/wp-content\/uploads\/2018\/11\/Geschenkverpackung-Bratapfelmarmelade-7.jpg\" alt=\"\" width=\"800\" height=\"600\" srcset=\"https:\/\/www.sabine-seyffert.de\/blog\/wp-content\/uploads\/2018\/11\/Geschenkverpackung-Bratapfelmarmelade-7.jpg 800w, https:\/\/www.sabine-seyffert.de\/blog\/wp-content\/uploads\/2018\/11\/Geschenkverpackung-Bratapfelmarmelade-7-300x225.jpg 300w, https:\/\/www.sabine-seyffert.de\/blog\/wp-content\/uploads\/2018\/11\/Geschenkverpackung-Bratapfelmarmelade-7-768x576.jpg 768w\" sizes=\"auto, (max-width: 800px) 100vw, 800px\" \/><\/a><\/p>\n<p style=\"text-align: justify;\">Am oberen Ende locht man jedes Etikett, schiebt eine Metall\u00f6se hindurch und fixiert diese mit der Nietenzange. So rei\u00dfen die Etiketten nicht ein.<\/p>\n<p style=\"text-align: center;\"><a href=\"https:\/\/www.sabine-seyffert.de\/blog\/wp-content\/uploads\/2018\/11\/Geschenkverpackung-Bratapfelmarmelade-2.jpg\"><img loading=\"lazy\" decoding=\"async\" class=\"alignnone size-full wp-image-13639\" src=\"https:\/\/www.sabine-seyffert.de\/blog\/wp-content\/uploads\/2018\/11\/Geschenkverpackung-Bratapfelmarmelade-2.jpg\" alt=\"\" width=\"600\" height=\"800\" srcset=\"https:\/\/www.sabine-seyffert.de\/blog\/wp-content\/uploads\/2018\/11\/Geschenkverpackung-Bratapfelmarmelade-2.jpg 600w, https:\/\/www.sabine-seyffert.de\/blog\/wp-content\/uploads\/2018\/11\/Geschenkverpackung-Bratapfelmarmelade-2-225x300.jpg 225w\" sizes=\"auto, (max-width: 600px) 100vw, 600px\" \/><\/a><\/p>\n<p style=\"text-align: justify;\">Dann habe ich die Gl\u00e4ser mit Hilfe eines d\u00fcnnen Lackstiftes verziert: Auf jedem Glas rangt nun ein Herz, denn die Marmelade wurde mit ganz viel Liebe zubereitet.<\/p>\n<p style=\"text-align: center;\"><a href=\"https:\/\/www.sabine-seyffert.de\/blog\/wp-content\/uploads\/2018\/11\/Geschenkverpackung-Bratapfelmarmelade-3.jpg\"><img loading=\"lazy\" decoding=\"async\" class=\"alignnone size-full wp-image-13640\" src=\"https:\/\/www.sabine-seyffert.de\/blog\/wp-content\/uploads\/2018\/11\/Geschenkverpackung-Bratapfelmarmelade-3.jpg\" alt=\"\" width=\"600\" height=\"800\" srcset=\"https:\/\/www.sabine-seyffert.de\/blog\/wp-content\/uploads\/2018\/11\/Geschenkverpackung-Bratapfelmarmelade-3.jpg 600w, https:\/\/www.sabine-seyffert.de\/blog\/wp-content\/uploads\/2018\/11\/Geschenkverpackung-Bratapfelmarmelade-3-225x300.jpg 225w\" sizes=\"auto, (max-width: 600px) 100vw, 600px\" \/><\/a><\/p>\n<p style=\"text-align: justify;\">F\u00fcr die Deckel habe ich aus Packpapier gro\u00dfe Kreise geschnitten (als Bastelschablone kann man einfach eine umgedrehte M\u00fcslischale verwenden). Mittig habe ich jeden Kreis mit einem Weihnachtsstempel gedruckt. Mit diesem \u00fcberdeckt man den Deckel und bindet etwas Band samt dem aufgef\u00e4delten Anh\u00e4nger darum, so dass der Papierkreis nicht mehr abf\u00e4llt.<\/p>\n<p style=\"text-align: center;\"><a href=\"https:\/\/www.sabine-seyffert.de\/blog\/wp-content\/uploads\/2018\/11\/Geschenkverpackung-Bratapfelmarmelade-1.jpg\"><img loading=\"lazy\" decoding=\"async\" class=\"alignnone size-full wp-image-13641\" src=\"https:\/\/www.sabine-seyffert.de\/blog\/wp-content\/uploads\/2018\/11\/Geschenkverpackung-Bratapfelmarmelade-1.jpg\" alt=\"\" width=\"600\" height=\"800\" srcset=\"https:\/\/www.sabine-seyffert.de\/blog\/wp-content\/uploads\/2018\/11\/Geschenkverpackung-Bratapfelmarmelade-1.jpg 600w, https:\/\/www.sabine-seyffert.de\/blog\/wp-content\/uploads\/2018\/11\/Geschenkverpackung-Bratapfelmarmelade-1-225x300.jpg 225w\" sizes=\"auto, (max-width: 600px) 100vw, 600px\" \/><\/a><\/p>\n<p style=\"text-align: justify;\">Weitere Ideen f\u00fcr selbst gemachte Geschenkverpackungen findet ihr \u00fcbrigens in <a href=\"https:\/\/www.sabine-seyffert.de\/blog\/?cat=49\" target=\"_blank\" rel=\"noopener\">dieser Rubrik<\/a>, Geschenke aus der K\u00fcche <a href=\"https:\/\/www.sabine-seyffert.de\/blog\/?cat=43\" target=\"_blank\" rel=\"noopener\">hier<\/a>, alles zum Thema Weihnachten &amp; den Advent <a href=\"https:\/\/www.sabine-seyffert.de\/blog\/?cat=41\" target=\"_blank\" rel=\"noopener\">dort<\/a> und andere kreative Sachen <a href=\"https:\/\/www.creadienstag.de\/2018\/11\/linkparty-358.html\" target=\"_blank\" rel=\"noopener\">da<\/a>.<\/p>\n<p style=\"text-align: center;\"><a href=\"https:\/\/www.sabine-seyffert.de\/blog\/wp-content\/uploads\/2018\/11\/Geschenkverpackung-Bratapfelmarmelade-11.jpg\"><img loading=\"lazy\" decoding=\"async\" class=\"alignnone size-full wp-image-13642\" src=\"https:\/\/www.sabine-seyffert.de\/blog\/wp-content\/uploads\/2018\/11\/Geschenkverpackung-Bratapfelmarmelade-11.jpg\" alt=\"\" width=\"800\" height=\"600\" srcset=\"https:\/\/www.sabine-seyffert.de\/blog\/wp-content\/uploads\/2018\/11\/Geschenkverpackung-Bratapfelmarmelade-11.jpg 800w, https:\/\/www.sabine-seyffert.de\/blog\/wp-content\/uploads\/2018\/11\/Geschenkverpackung-Bratapfelmarmelade-11-300x225.jpg 300w, https:\/\/www.sabine-seyffert.de\/blog\/wp-content\/uploads\/2018\/11\/Geschenkverpackung-Bratapfelmarmelade-11-768x576.jpg 768w\" sizes=\"auto, (max-width: 800px) 100vw, 800px\" \/><\/a><\/p>\n<p style=\"text-align: justify;\"><a href=\"https:\/\/www.sabine-seyffert.de\/blog\/?page_id=32#urheberrecht\">urheberrechtlich gesch\u00fctzt<\/a>, \u00a9 Sabine Seyffert<\/p>\n","protected":false},"excerpt":{"rendered":"<p>In der Weihnachtswerkstatt wurde eifrig gewerkelt, gebastelt und gekocht. Darunter gab es auch einen Schwung an selbst gemachter Weihnachtsmarmelade. Da ich diese gerne als kleine Mitbringsel in der Adventszeit oder kleine Weihnachtsgeschenke nutze, wollte ich die Gl\u00e4ser entsprechend sch\u00f6n verpacken. Soweit man dies bei einem Marmeladenglas \u00fcberhaupt machen muss \ud83d\ude09 Da ich die Marmelade in&#8230; <a href=\"https:\/\/www.sabine-seyffert.de\/blog\/geschenke-aus-der-kueche-schoen-verpackt-weihnachtsmarmelade-als-geschenk-verpacken\/\" class=\"more-link\">Read more: Geschenke aus der K\u00fcche sch\u00f6n verpackt: Weihnachtsmarmelade als Geschenk verpacken<\/a><\/p>\n","protected":false},"author":2,"featured_media":0,"comment_status":"open","ping_status":"open","sticky":false,"template":"","format":"standard","meta":{"_metis_text_type":"","_metis_text_length":2371,"_post_count":0,"footnotes":""},"categories":[41,43,49],"tags":[],"class_list":["post-13632","post","type-post","status-publish","format-standard","hentry","category-weihnachten","category-geschenke-aus-der-kueche","category-verpackungsideen"],"_links":{"self":[{"href":"https:\/\/www.sabine-seyffert.de\/blog\/wp-json\/wp\/v2\/posts\/13632","targetHints":{"allow":["GET"]}}],"collection":[{"href":"https:\/\/www.sabine-seyffert.de\/blog\/wp-json\/wp\/v2\/posts"}],"about":[{"href":"https:\/\/www.sabine-seyffert.de\/blog\/wp-json\/wp\/v2\/types\/post"}],"author":[{"embeddable":true,"href":"https:\/\/www.sabine-seyffert.de\/blog\/wp-json\/wp\/v2\/users\/2"}],"replies":[{"embeddable":true,"href":"https:\/\/www.sabine-seyffert.de\/blog\/wp-json\/wp\/v2\/comments?post=13632"}],"version-history":[{"count":3,"href":"https:\/\/www.sabine-seyffert.de\/blog\/wp-json\/wp\/v2\/posts\/13632\/revisions"}],"predecessor-version":[{"id":13675,"href":"https:\/\/www.sabine-seyffert.de\/blog\/wp-json\/wp\/v2\/posts\/13632\/revisions\/13675"}],"wp:attachment":[{"href":"https:\/\/www.sabine-seyffert.de\/blog\/wp-json\/wp\/v2\/media?parent=13632"}],"wp:term":[{"taxonomy":"category","embeddable":true,"href":"https:\/\/www.sabine-seyffert.de\/blog\/wp-json\/wp\/v2\/categories?post=13632"},{"taxonomy":"post_tag","embeddable":true,"href":"https:\/\/www.sabine-seyffert.de\/blog\/wp-json\/wp\/v2\/tags?post=13632"}],"curies":[{"name":"wp","href":"https:\/\/api.w.org\/{rel}","templated":true}]}}