{"id":13622,"date":"2018-11-20T06:38:05","date_gmt":"2018-11-20T04:38:05","guid":{"rendered":"https:\/\/www.sabine-seyffert.de\/blog\/?p=13622"},"modified":"2018-11-22T19:07:12","modified_gmt":"2018-11-22T17:07:12","slug":"geschenke-aus-der-kueche-selbst-gemachte-bratapfelmarmelade-mit-mandeln-marzipan-zimt","status":"publish","type":"post","link":"https:\/\/www.sabine-seyffert.de\/blog\/geschenke-aus-der-kueche-selbst-gemachte-bratapfelmarmelade-mit-mandeln-marzipan-zimt\/","title":{"rendered":"Geschenke aus der K\u00fcche: Selbst gemachte Bratapfelmarmelade mit Mandeln, Marzipan &#038; Zimt"},"content":{"rendered":"<p style=\"text-align: justify;\"><img loading=\"lazy\" decoding=\"async\" src=\"https:\/\/vg01.met.vgwort.de\/na\/4de167f5e87042099152866a80c59b00\" alt=\"\" width=\"1\" height=\"1\" \/>Jedes Jahr in der Weihnachtszeit verwandelt sich unsere K\u00fcche nicht nur in eine Weihnachtsbackstube, in der flei\u00dfig Pl\u00e4tzchen gebacken werden. Sondern zu dieser Zeit wird hier auch immer Weihnachtsmarmelade gekocht. Jedes Jahr eine andere Sorte, damit es nicht langweilig wird und wir so immer ein paar weihnachtliche Mitbringsel und kleine Adventsgeschenke zur Hand haben. Denn sch\u00f6n verpackt (wie bei <a href=\"https:\/\/www.sabine-seyffert.de\/blog\/?p=11598\" target=\"_blank\" rel=\"noopener\">dieser<\/a> oder auch <a href=\"https:\/\/www.sabine-seyffert.de\/blog\/?p=8907\" target=\"_blank\" rel=\"noopener\">jener<\/a> Bastelidee) lassen sich die gef\u00fcllten Marmeladengl\u00e4ser prima als Geschenk nutzen.<br \/>\nDa die Apfelmarzipanmarmelade (das Rezept mit Anleitung findet ihr <a href=\"https:\/\/www.sabine-seyffert.de\/blog\/?p=3367\" target=\"_blank\" rel=\"noopener\">hier<\/a>) an Weihnachten der unschlagbare Hit ist, habe ich diese etwas abgewandelt und mich an s\u00fc\u00dfer Bratapfelmarmelade versucht.<\/p>\n<p style=\"text-align: center;\"><a href=\"https:\/\/www.sabine-seyffert.de\/blog\/wp-content\/uploads\/2018\/11\/Bratapfelmarmelade.jpg\"><img loading=\"lazy\" decoding=\"async\" class=\"alignnone size-full wp-image-13624\" src=\"https:\/\/www.sabine-seyffert.de\/blog\/wp-content\/uploads\/2018\/11\/Bratapfelmarmelade.jpg\" alt=\"\" width=\"600\" height=\"800\" srcset=\"https:\/\/www.sabine-seyffert.de\/blog\/wp-content\/uploads\/2018\/11\/Bratapfelmarmelade.jpg 600w, https:\/\/www.sabine-seyffert.de\/blog\/wp-content\/uploads\/2018\/11\/Bratapfelmarmelade-225x300.jpg 225w\" sizes=\"auto, (max-width: 600px) 100vw, 600px\" \/><\/a><\/p>\n<p style=\"text-align: justify;\"><strong>Das wird gebraucht:<\/strong><br \/>\n850 g \u00c4pfel (Elstar), 100-150 g Kandisfarin \/ braunen Zucker, 150 g Marzipan, 1 TL Christstollengew\u00fcrz, 1 TL Zimt, 1 TL gemahlene Vanille, \u00bd Zitrone, 80 ml naturtr\u00fcber Apfelsaft, 3 EL Amaretto, 100 g gemahlene Mandeln (ungesch\u00e4lt), 1 Kg Gelierzucker 1:1 sowie optional eine handvoll gebrannter Mandeln<\/p>\n<p style=\"text-align: center;\"><a href=\"https:\/\/www.sabine-seyffert.de\/blog\/wp-content\/uploads\/2018\/11\/Bratapfelmarmelade-2.jpg\"><img loading=\"lazy\" decoding=\"async\" class=\"alignnone size-full wp-image-13625\" src=\"https:\/\/www.sabine-seyffert.de\/blog\/wp-content\/uploads\/2018\/11\/Bratapfelmarmelade-2.jpg\" alt=\"\" width=\"800\" height=\"600\" srcset=\"https:\/\/www.sabine-seyffert.de\/blog\/wp-content\/uploads\/2018\/11\/Bratapfelmarmelade-2.jpg 800w, https:\/\/www.sabine-seyffert.de\/blog\/wp-content\/uploads\/2018\/11\/Bratapfelmarmelade-2-300x225.jpg 300w, https:\/\/www.sabine-seyffert.de\/blog\/wp-content\/uploads\/2018\/11\/Bratapfelmarmelade-2-768x576.jpg 768w\" sizes=\"auto, (max-width: 800px) 100vw, 800px\" \/><\/a><\/p>\n<p style=\"text-align: justify;\"><strong>So wird\u2019s gemacht:<\/strong><br \/>\nZuerst sch\u00e4lt und entkernt man die \u00c4pfel. Ich habe die Sorte Elstar f\u00fcr die Zubereitung dieser weihnachtlichen Leckerei verwendet. Dann wiegt man von dem Obst genau 850 g ab und w\u00fcrfelt dies. In einem gro\u00dfen Topf sch\u00fcttet man den Kandisfarin und r\u00fchrt die Apfelw\u00fcrfel unter. Diese Zutaten erhitzt man und r\u00fchrt dabei regelm\u00e4\u00dfig um, damit nichts anbrennt. Sobald der Zucker sich aufgel\u00f6st hat, gibt man das Stollengew\u00fcrz und den Zimt hinzu und l\u00e4sst alles rund 15 Minuten unter st\u00e4ndigem R\u00fchren k\u00f6cheln.<\/p>\n<p style=\"text-align: center;\"><a href=\"https:\/\/www.sabine-seyffert.de\/blog\/wp-content\/uploads\/2018\/11\/Bratapfelmarmelade-1.jpg\"><img loading=\"lazy\" decoding=\"async\" class=\"alignnone size-full wp-image-13626\" src=\"https:\/\/www.sabine-seyffert.de\/blog\/wp-content\/uploads\/2018\/11\/Bratapfelmarmelade-1.jpg\" alt=\"\" width=\"800\" height=\"600\" srcset=\"https:\/\/www.sabine-seyffert.de\/blog\/wp-content\/uploads\/2018\/11\/Bratapfelmarmelade-1.jpg 800w, https:\/\/www.sabine-seyffert.de\/blog\/wp-content\/uploads\/2018\/11\/Bratapfelmarmelade-1-300x225.jpg 300w, https:\/\/www.sabine-seyffert.de\/blog\/wp-content\/uploads\/2018\/11\/Bratapfelmarmelade-1-768x576.jpg 768w\" sizes=\"auto, (max-width: 800px) 100vw, 800px\" \/><\/a><\/p>\n<p style=\"text-align: justify;\">Parallel kann man die gemahlenen Mandeln in einer kleinen Pfanne ohne Fett bei leichter Temperatur r\u00f6sten. Auch hierbei stets gut wenden, denn die Mandeln werden schnell braun! Zum Schluss kann man noch eine handvoll grob gehackter, gebrannter Mandeln darunter r\u00fchren (Rezept f\u00fcr gebrannte Mandeln gibt es <a href=\"https:\/\/www.sabine-seyffert.de\/blog\/?p=1074\" target=\"_blank\" rel=\"noopener\">hier<\/a>).<\/p>\n<p style=\"text-align: center;\"><a href=\"https:\/\/www.sabine-seyffert.de\/blog\/wp-content\/uploads\/2018\/11\/Bratapfelmarmelade-6.jpg\"><img loading=\"lazy\" decoding=\"async\" class=\"alignnone size-full wp-image-13627\" src=\"https:\/\/www.sabine-seyffert.de\/blog\/wp-content\/uploads\/2018\/11\/Bratapfelmarmelade-6.jpg\" alt=\"\" width=\"600\" height=\"800\" srcset=\"https:\/\/www.sabine-seyffert.de\/blog\/wp-content\/uploads\/2018\/11\/Bratapfelmarmelade-6.jpg 600w, https:\/\/www.sabine-seyffert.de\/blog\/wp-content\/uploads\/2018\/11\/Bratapfelmarmelade-6-225x300.jpg 225w\" sizes=\"auto, (max-width: 600px) 100vw, 600px\" \/><\/a><\/p>\n<p style=\"text-align: justify;\">Ist der Zucker schlie\u00dflich leicht karamellisiert und eingedickt, gibt man auch die gemahlene Vanille hinzu, den frisch gepressten Saft einer halben Zitrone sowie die Marzipanrohmasse. Jetzt p\u00fcriert man die gew\u00fcrzten, gezuckerten \u00c4pfel ganz gleichm\u00e4\u00dfig durch, so dass keine St\u00fcckchen mehr vorhanden sind und alles sch\u00f6n cremig.<\/p>\n<p style=\"text-align: center;\"><a href=\"https:\/\/www.sabine-seyffert.de\/blog\/wp-content\/uploads\/2018\/11\/Bratapfelmarmelade-3.jpg\"><img loading=\"lazy\" decoding=\"async\" class=\"alignnone size-full wp-image-13628\" src=\"https:\/\/www.sabine-seyffert.de\/blog\/wp-content\/uploads\/2018\/11\/Bratapfelmarmelade-3.jpg\" alt=\"\" width=\"800\" height=\"600\" srcset=\"https:\/\/www.sabine-seyffert.de\/blog\/wp-content\/uploads\/2018\/11\/Bratapfelmarmelade-3.jpg 800w, https:\/\/www.sabine-seyffert.de\/blog\/wp-content\/uploads\/2018\/11\/Bratapfelmarmelade-3-300x225.jpg 300w, https:\/\/www.sabine-seyffert.de\/blog\/wp-content\/uploads\/2018\/11\/Bratapfelmarmelade-3-768x576.jpg 768w\" sizes=\"auto, (max-width: 800px) 100vw, 800px\" \/><\/a><\/p>\n<p style=\"text-align: justify;\">Jetzt den Gelierzucker unterr\u00fchren, den Apfelsaft und Amaretto sowie die ger\u00f6steten Mandeln zugeben und wieder auf den Herd stellen. Die Marmelade zum Kochen bringen und bei sprudelnder Hitze 5 Minuten lang kochen. Anschlie\u00dfend in saubere Gl\u00e4ser f\u00fcllen und sofort luftdicht verschlie\u00dfen. Diese Marmelade schmeckt super auf frisch <a href=\"https:\/\/www.sabine-seyffert.de\/blog\/?p=11532\" target=\"_blank\" rel=\"noopener\">gebackenem Weihnachtsstuten<\/a> mit Spekulatius.<\/p>\n<p><strong><span style=\"color: #ff9900;\">Hinweis:<\/span><\/strong> Eine passende Geschenkverpackung f\u00fcr diese Marmelade findet ihr in <a href=\"https:\/\/www.sabine-seyffert.de\/blog\/?p=13632\" target=\"_blank\" rel=\"noopener\">dieser Anleitung<\/a>.<\/p>\n<p style=\"text-align: center;\"><a href=\"https:\/\/www.sabine-seyffert.de\/blog\/wp-content\/uploads\/2018\/11\/Bratapfelmarmelade-5.jpg\"><img loading=\"lazy\" decoding=\"async\" class=\"alignnone size-full wp-image-13629\" src=\"https:\/\/www.sabine-seyffert.de\/blog\/wp-content\/uploads\/2018\/11\/Bratapfelmarmelade-5.jpg\" alt=\"\" width=\"800\" height=\"600\" srcset=\"https:\/\/www.sabine-seyffert.de\/blog\/wp-content\/uploads\/2018\/11\/Bratapfelmarmelade-5.jpg 800w, https:\/\/www.sabine-seyffert.de\/blog\/wp-content\/uploads\/2018\/11\/Bratapfelmarmelade-5-300x225.jpg 300w, https:\/\/www.sabine-seyffert.de\/blog\/wp-content\/uploads\/2018\/11\/Bratapfelmarmelade-5-768x576.jpg 768w\" sizes=\"auto, (max-width: 800px) 100vw, 800px\" \/><\/a><\/p>\n<p style=\"text-align: justify;\">Weitere Geschenke aus der K\u00fcche findet ihr in <a href=\"https:\/\/www.sabine-seyffert.de\/blog\/?cat=43\" target=\"_blank\" rel=\"noopener\">dieser Rubrik<\/a>, vegane Rezepte <a href=\"https:\/\/www.sabine-seyffert.de\/blog\/?cat=44\" target=\"_blank\" rel=\"noopener\">dort<\/a>, s\u00fc\u00dfe Leckereien <a href=\"https:\/\/www.sabine-seyffert.de\/blog\/?cat=31\" target=\"_blank\" rel=\"noopener\">hier<\/a>, alles rund um Weihnachten und die Adventszeit an <a href=\"https:\/\/www.sabine-seyffert.de\/blog\/?cat=41\" target=\"_blank\" rel=\"noopener\">dieser Stelle<\/a> und andere kreative Sachen <a href=\"https:\/\/www.creadienstag.de\/2018\/11\/linkparty-357.html\" target=\"_blank\" rel=\"noopener\">da<\/a>.<\/p>\n<p style=\"text-align: justify;\">\n<a href=\"https:\/\/www.sabine-seyffert.de\/blog\/?page_id=32#urheberrecht\">urheberrechtlich gesch\u00fctzt<\/a>, \u00a9 Sabine Seyffert<\/p>\n","protected":false},"excerpt":{"rendered":"<p>Jedes Jahr in der Weihnachtszeit verwandelt sich unsere K\u00fcche nicht nur in eine Weihnachtsbackstube, in der flei\u00dfig Pl\u00e4tzchen gebacken werden. Sondern zu dieser Zeit wird hier auch immer Weihnachtsmarmelade gekocht. Jedes Jahr eine andere Sorte, damit es nicht langweilig wird und wir so immer ein paar weihnachtliche Mitbringsel und kleine Adventsgeschenke zur Hand haben. Denn&#8230; <a href=\"https:\/\/www.sabine-seyffert.de\/blog\/geschenke-aus-der-kueche-selbst-gemachte-bratapfelmarmelade-mit-mandeln-marzipan-zimt\/\" class=\"more-link\">Read more: Geschenke aus der K\u00fcche: Selbst gemachte Bratapfelmarmelade mit Mandeln, Marzipan &#038; Zimt<\/a><\/p>\n","protected":false},"author":2,"featured_media":0,"comment_status":"open","ping_status":"open","sticky":false,"template":"","format":"standard","meta":{"_metis_text_type":"","_metis_text_length":2898,"_post_count":0,"footnotes":""},"categories":[41,43,31,44],"tags":[],"class_list":["post-13622","post","type-post","status-publish","format-standard","hentry","category-weihnachten","category-geschenke-aus-der-kueche","category-rezepte-suse-kuchen-co","category-rezepte-vegan"],"_links":{"self":[{"href":"https:\/\/www.sabine-seyffert.de\/blog\/wp-json\/wp\/v2\/posts\/13622","targetHints":{"allow":["GET"]}}],"collection":[{"href":"https:\/\/www.sabine-seyffert.de\/blog\/wp-json\/wp\/v2\/posts"}],"about":[{"href":"https:\/\/www.sabine-seyffert.de\/blog\/wp-json\/wp\/v2\/types\/post"}],"author":[{"embeddable":true,"href":"https:\/\/www.sabine-seyffert.de\/blog\/wp-json\/wp\/v2\/users\/2"}],"replies":[{"embeddable":true,"href":"https:\/\/www.sabine-seyffert.de\/blog\/wp-json\/wp\/v2\/comments?post=13622"}],"version-history":[{"count":3,"href":"https:\/\/www.sabine-seyffert.de\/blog\/wp-json\/wp\/v2\/posts\/13622\/revisions"}],"predecessor-version":[{"id":13646,"href":"https:\/\/www.sabine-seyffert.de\/blog\/wp-json\/wp\/v2\/posts\/13622\/revisions\/13646"}],"wp:attachment":[{"href":"https:\/\/www.sabine-seyffert.de\/blog\/wp-json\/wp\/v2\/media?parent=13622"}],"wp:term":[{"taxonomy":"category","embeddable":true,"href":"https:\/\/www.sabine-seyffert.de\/blog\/wp-json\/wp\/v2\/categories?post=13622"},{"taxonomy":"post_tag","embeddable":true,"href":"https:\/\/www.sabine-seyffert.de\/blog\/wp-json\/wp\/v2\/tags?post=13622"}],"curies":[{"name":"wp","href":"https:\/\/api.w.org\/{rel}","templated":true}]}}