{"id":13597,"date":"2018-11-13T06:35:00","date_gmt":"2018-11-13T04:35:00","guid":{"rendered":"https:\/\/www.sabine-seyffert.de\/blog\/?p=13597"},"modified":"2022-12-02T19:52:28","modified_gmt":"2022-12-02T17:52:28","slug":"diy-fuer-weihnachten-selbst-genaehter-adventkalender-papier-haeuser-als-adventskalenderdorf-2","status":"publish","type":"post","link":"https:\/\/www.sabine-seyffert.de\/blog\/diy-fuer-weihnachten-selbst-genaehter-adventkalender-papier-haeuser-als-adventskalenderdorf-2\/","title":{"rendered":"DIY f\u00fcr Weihnachten: Selbst gen\u00e4hter Adventkalender \u201ePapier-H\u00e4user\u201c als Adventskalenderdorf #2"},"content":{"rendered":"<p style=\"text-align: justify;\"><img loading=\"lazy\" decoding=\"async\" src=\"http:\/\/vg01.met.vgwort.de\/na\/f0ee1d1850774095a9a7d361c21cf5ae\" alt=\"\" width=\"1\" height=\"1\" \/>Im letzten Jahr habe ich euch <a href=\"https:\/\/www.sabine-seyffert.de\/blog\/?p=11330\" target=\"_blank\" rel=\"noopener\">das wei\u00dfe, winterliche Dorf<\/a> gezeigt, das ich als Adventskalender gen\u00e4ht und verschenkt habe. Dieses mal gibt es eine Variante, da hier ganz gro\u00dfe H\u00e4userliebe herrscht (wie beispielsweise auch folgende Bastelideen: leuchtende <a href=\"https:\/\/www.sabine-seyffert.de\/blog\/?p=6465\" target=\"_blank\" rel=\"noopener\">Laternenh\u00e4user<\/a>, <a href=\"https:\/\/www.sabine-seyffert.de\/blog\/?p=4880\" target=\"_blank\" rel=\"noopener\">ein Winterdorf<\/a> als T\u00fcrschmuck, <a href=\"https:\/\/www.sabine-seyffert.de\/blog\/?p=6638\" target=\"_blank\" rel=\"noopener\">gestempelte H\u00e4user<\/a> als Geschenkanh\u00e4nger, <a href=\"https:\/\/www.sabine-seyffert.de\/blog\/?p=9128\" target=\"_blank\" rel=\"noopener\">Adventsh\u00e4user<\/a> f\u00fcr die Weihnachtspost, <a href=\"https:\/\/www.sabine-seyffert.de\/blog\/?p=13403\" target=\"_blank\" rel=\"noopener\">H\u00e4user<\/a> als Fensterschmuck,\u00a0 Stofftaschen mit <a href=\"https:\/\/www.sabine-seyffert.de\/blog\/?p=9906\" target=\"_blank\" rel=\"noopener\">gen\u00e4htem Haus<\/a> u.a.m.)<\/p>\n<p style=\"text-align: center;\"><a href=\"https:\/\/www.sabine-seyffert.de\/blog\/wp-content\/uploads\/2018\/11\/Ak-Haus-schwarz-11.jpg\"><img loading=\"lazy\" decoding=\"async\" class=\"alignnone size-full wp-image-13598\" src=\"https:\/\/www.sabine-seyffert.de\/blog\/wp-content\/uploads\/2018\/11\/Ak-Haus-schwarz-11.jpg\" alt=\"\" width=\"600\" height=\"800\" srcset=\"https:\/\/www.sabine-seyffert.de\/blog\/wp-content\/uploads\/2018\/11\/Ak-Haus-schwarz-11.jpg 600w, https:\/\/www.sabine-seyffert.de\/blog\/wp-content\/uploads\/2018\/11\/Ak-Haus-schwarz-11-225x300.jpg 225w\" sizes=\"auto, (max-width: 600px) 100vw, 600px\" \/><\/a><\/p>\n<p style=\"text-align: justify;\"><strong>Das wird gebraucht:<\/strong><br \/>\n4-5 B\u00f6gen Tonkarton in schwarz (Gr\u00f6\u00dfe 50 x 70 cm), eine Bastelschere, N\u00e4hgarn in schwarz und wei\u00df, eine N\u00e4hmaschine, Bleistift oder wei\u00dfer Buntstift, Radiergummi, Adventskalenderzahlen von 1-24 (Wertmarken, Sticker, Zahlenstempel o.\u00e4.), Kordel, 24 gro\u00dfe W\u00e4scheklammern aus Holz sowie Material zum Verzieren (Papierreste, Masking Tape, Motivstanzer, wei\u00dfe Pastellkreide, wei\u00dfer Lackstift u.a.m.)<\/p>\n<p style=\"text-align: center;\"><a href=\"https:\/\/www.sabine-seyffert.de\/blog\/wp-content\/uploads\/2018\/11\/Ak-Haus-schwarz-10.jpg\"><img loading=\"lazy\" decoding=\"async\" class=\"alignnone size-full wp-image-13599\" src=\"https:\/\/www.sabine-seyffert.de\/blog\/wp-content\/uploads\/2018\/11\/Ak-Haus-schwarz-10.jpg\" alt=\"\" width=\"800\" height=\"600\" srcset=\"https:\/\/www.sabine-seyffert.de\/blog\/wp-content\/uploads\/2018\/11\/Ak-Haus-schwarz-10.jpg 800w, https:\/\/www.sabine-seyffert.de\/blog\/wp-content\/uploads\/2018\/11\/Ak-Haus-schwarz-10-300x225.jpg 300w, https:\/\/www.sabine-seyffert.de\/blog\/wp-content\/uploads\/2018\/11\/Ak-Haus-schwarz-10-768x576.jpg 768w\" sizes=\"auto, (max-width: 800px) 100vw, 800px\" \/><\/a><\/p>\n<p style=\"text-align: justify;\"><strong>So wird\u2019s gemacht:<\/strong><br \/>\nZuerst fertigt man die ben\u00f6tigten 24 H\u00e4user so an wie in <a href=\"https:\/\/www.sabine-seyffert.de\/blog\/?p=11330\" target=\"_blank\" rel=\"noopener\">dieser Bastelanleitung<\/a> ganz ausf\u00fchrlich beschrieben. Allerdings lasst ihr die Au\u00dfenseite erstmal noch offen!<\/p>\n<p style=\"text-align: center;\"><a href=\"https:\/\/www.sabine-seyffert.de\/blog\/wp-content\/uploads\/2018\/11\/Ak-Haus-schwarz-9.jpg\"><img loading=\"lazy\" decoding=\"async\" class=\"alignnone size-full wp-image-13600\" src=\"https:\/\/www.sabine-seyffert.de\/blog\/wp-content\/uploads\/2018\/11\/Ak-Haus-schwarz-9.jpg\" alt=\"\" width=\"800\" height=\"600\" srcset=\"https:\/\/www.sabine-seyffert.de\/blog\/wp-content\/uploads\/2018\/11\/Ak-Haus-schwarz-9.jpg 800w, https:\/\/www.sabine-seyffert.de\/blog\/wp-content\/uploads\/2018\/11\/Ak-Haus-schwarz-9-300x225.jpg 300w, https:\/\/www.sabine-seyffert.de\/blog\/wp-content\/uploads\/2018\/11\/Ak-Haus-schwarz-9-768x576.jpg 768w\" sizes=\"auto, (max-width: 800px) 100vw, 800px\" \/><\/a><\/p>\n<p style=\"text-align: justify;\">Hilfreich ist hierbei ein wei\u00dfer Buntstift zum Vorzeichnen der Umrisse. Da man den Bleistift je nach Licht auf dem dunklen Papier nicht so wirklich gut erkennt. Entscheidet am besten selbst, wie es f\u00fcr euch gut klappt.<\/p>\n<p style=\"text-align: center;\"><a href=\"https:\/\/www.sabine-seyffert.de\/blog\/wp-content\/uploads\/2018\/11\/Ak-Haus-schwarz-8.jpg\"><img loading=\"lazy\" decoding=\"async\" class=\"alignnone size-full wp-image-13601\" src=\"https:\/\/www.sabine-seyffert.de\/blog\/wp-content\/uploads\/2018\/11\/Ak-Haus-schwarz-8.jpg\" alt=\"\" width=\"800\" height=\"600\" srcset=\"https:\/\/www.sabine-seyffert.de\/blog\/wp-content\/uploads\/2018\/11\/Ak-Haus-schwarz-8.jpg 800w, https:\/\/www.sabine-seyffert.de\/blog\/wp-content\/uploads\/2018\/11\/Ak-Haus-schwarz-8-300x225.jpg 300w, https:\/\/www.sabine-seyffert.de\/blog\/wp-content\/uploads\/2018\/11\/Ak-Haus-schwarz-8-768x576.jpg 768w\" sizes=\"auto, (max-width: 800px) 100vw, 800px\" \/><\/a><\/p>\n<p style=\"text-align: justify;\">Habt ihr die H\u00e4user mit Haust\u00fcr bzw. Zahlen versehen, geht es ans Dekorieren. Die kleine Stadt sollte sch\u00f6n winterlich aussehen und sich m\u00f6glichst voneinander unterscheiden.<\/p>\n<p style=\"text-align: center;\"><a href=\"https:\/\/www.sabine-seyffert.de\/blog\/wp-content\/uploads\/2018\/11\/Ak-Haus-schwarz-7.jpg\"><img loading=\"lazy\" decoding=\"async\" class=\"alignnone size-full wp-image-13602\" src=\"https:\/\/www.sabine-seyffert.de\/blog\/wp-content\/uploads\/2018\/11\/Ak-Haus-schwarz-7.jpg\" alt=\"\" width=\"800\" height=\"600\" srcset=\"https:\/\/www.sabine-seyffert.de\/blog\/wp-content\/uploads\/2018\/11\/Ak-Haus-schwarz-7.jpg 800w, https:\/\/www.sabine-seyffert.de\/blog\/wp-content\/uploads\/2018\/11\/Ak-Haus-schwarz-7-300x225.jpg 300w, https:\/\/www.sabine-seyffert.de\/blog\/wp-content\/uploads\/2018\/11\/Ak-Haus-schwarz-7-768x576.jpg 768w\" sizes=\"auto, (max-width: 800px) 100vw, 800px\" \/><\/a><\/p>\n<p style=\"text-align: justify;\">Daher habe ich mich an jedem Bauwerk kreativ ausgetobt: Wei\u00dfe Balken, sichtbare Dachziegel, mit wei\u00dfem Garn gen\u00e4hte Fenster, aus Stoffresten appliziertem Tannenbaum, aus wei\u00dfem Papier gestanzten Schneeflocken, fr\u00f6hlichen Wimpeln und aufgemalten Mustern ist alles erlaubt.<\/p>\n<p style=\"text-align: center;\"><a href=\"https:\/\/www.sabine-seyffert.de\/blog\/wp-content\/uploads\/2018\/11\/Ak-Haus-schwarz-6.jpg\"><img loading=\"lazy\" decoding=\"async\" class=\"alignnone size-full wp-image-13603\" src=\"https:\/\/www.sabine-seyffert.de\/blog\/wp-content\/uploads\/2018\/11\/Ak-Haus-schwarz-6.jpg\" alt=\"\" width=\"800\" height=\"600\" srcset=\"https:\/\/www.sabine-seyffert.de\/blog\/wp-content\/uploads\/2018\/11\/Ak-Haus-schwarz-6.jpg 800w, https:\/\/www.sabine-seyffert.de\/blog\/wp-content\/uploads\/2018\/11\/Ak-Haus-schwarz-6-300x225.jpg 300w, https:\/\/www.sabine-seyffert.de\/blog\/wp-content\/uploads\/2018\/11\/Ak-Haus-schwarz-6-768x576.jpg 768w\" sizes=\"auto, (max-width: 800px) 100vw, 800px\" \/><\/a><\/p>\n<p style=\"text-align: justify;\">Eines der H\u00e4user habe ich mit wei\u00dfer Pastellkreide \u00fcberzogen, was wirklich kinderleicht und dennoch effektiv ist. Sicher kommen euch beim Basteln noch eigene Ideen, wie sich die H\u00e4user gestalten lassen. Wer ihn nachbastelt, kann gerne mal ein Foto schicken \u2013 ich w\u00fcrde mich freuen!<\/p>\n<p style=\"text-align: center;\"><a href=\"https:\/\/www.sabine-seyffert.de\/blog\/wp-content\/uploads\/2018\/11\/Ak-Haus-schwarz-4.jpg\"><img loading=\"lazy\" decoding=\"async\" class=\"alignnone size-full wp-image-13604\" src=\"https:\/\/www.sabine-seyffert.de\/blog\/wp-content\/uploads\/2018\/11\/Ak-Haus-schwarz-4.jpg\" alt=\"\" width=\"800\" height=\"600\" srcset=\"https:\/\/www.sabine-seyffert.de\/blog\/wp-content\/uploads\/2018\/11\/Ak-Haus-schwarz-4.jpg 800w, https:\/\/www.sabine-seyffert.de\/blog\/wp-content\/uploads\/2018\/11\/Ak-Haus-schwarz-4-300x225.jpg 300w, https:\/\/www.sabine-seyffert.de\/blog\/wp-content\/uploads\/2018\/11\/Ak-Haus-schwarz-4-768x576.jpg 768w\" sizes=\"auto, (max-width: 800px) 100vw, 800px\" \/><\/a><\/p>\n<p style=\"text-align: justify;\">Zum Schluss n\u00e4ht ihr auch bei dieser Adventskalendervariante die Au\u00dfenkanten der H\u00e4user zusammen. Dann noch mit kleinen Teebeuteln, Gutscheinen, Rezeptideen, Gedichten oder anderen \u00dcberraschungen bef\u00fcllen und mit Hilfe von W\u00e4scheklammern an einer langen Kordel aufh\u00e4ngen.<\/p>\n<p style=\"text-align: center;\"><a href=\"https:\/\/www.sabine-seyffert.de\/blog\/wp-content\/uploads\/2018\/11\/Ak-Haus-schwarz-5.jpg\"><img loading=\"lazy\" decoding=\"async\" class=\"alignnone size-full wp-image-13605\" src=\"https:\/\/www.sabine-seyffert.de\/blog\/wp-content\/uploads\/2018\/11\/Ak-Haus-schwarz-5.jpg\" alt=\"\" width=\"800\" height=\"600\" srcset=\"https:\/\/www.sabine-seyffert.de\/blog\/wp-content\/uploads\/2018\/11\/Ak-Haus-schwarz-5.jpg 800w, https:\/\/www.sabine-seyffert.de\/blog\/wp-content\/uploads\/2018\/11\/Ak-Haus-schwarz-5-300x225.jpg 300w, https:\/\/www.sabine-seyffert.de\/blog\/wp-content\/uploads\/2018\/11\/Ak-Haus-schwarz-5-768x576.jpg 768w\" sizes=\"auto, (max-width: 800px) 100vw, 800px\" \/><\/a><\/p>\n<p style=\"text-align: justify;\">Alles zum Thema Adventskalender und der Weihnachtszeit findet ihr in <a href=\"https:\/\/www.sabine-seyffert.de\/blog\/?cat=41\" target=\"_blank\" rel=\"noopener\">dieser Rubrik<\/a> und andere kreative Sachen <a href=\"https:\/\/www.creadienstag.de\/2018\/11\/linkparty-356.html\" target=\"_blank\" rel=\"noopener nofollow\">da<\/a>.<\/p>\n<p style=\"text-align: center;\"><a href=\"https:\/\/www.sabine-seyffert.de\/blog\/wp-content\/uploads\/2018\/11\/Ak-Haus-schwarz-1.jpg\"><img loading=\"lazy\" decoding=\"async\" class=\"alignnone size-full wp-image-13606\" src=\"https:\/\/www.sabine-seyffert.de\/blog\/wp-content\/uploads\/2018\/11\/Ak-Haus-schwarz-1.jpg\" alt=\"\" width=\"800\" height=\"600\" srcset=\"https:\/\/www.sabine-seyffert.de\/blog\/wp-content\/uploads\/2018\/11\/Ak-Haus-schwarz-1.jpg 800w, https:\/\/www.sabine-seyffert.de\/blog\/wp-content\/uploads\/2018\/11\/Ak-Haus-schwarz-1-300x225.jpg 300w, https:\/\/www.sabine-seyffert.de\/blog\/wp-content\/uploads\/2018\/11\/Ak-Haus-schwarz-1-768x576.jpg 768w\" sizes=\"auto, (max-width: 800px) 100vw, 800px\" \/><\/a><\/p>\n<p style=\"text-align: justify;\">Zu guter Letzt ein herzliches Dankesch\u00f6n an Andrea und Christian von der <a href=\"https:\/\/feine-billetterie.de\" target=\"_blank\" rel=\"noopener nofollow\">Feinen Billetterie<\/a>, die Wertmarken f\u00fcr diese Bastelidee zur Verf\u00fcgung gestellt haben.<br \/>\n<a href=\"https:\/\/www.sabine-seyffert.de\/blog\/?page_id=32#urheberrecht\">urheberrechtlich gesch\u00fctzt<\/a>, \u00a9 Sabine Seyffert<\/p>\n","protected":false},"excerpt":{"rendered":"<p>Im letzten Jahr habe ich euch das wei\u00dfe, winterliche Dorf gezeigt, das ich als Adventskalender gen\u00e4ht und verschenkt habe. Dieses mal gibt es eine Variante, da hier ganz gro\u00dfe H\u00e4userliebe herrscht (wie beispielsweise auch folgende Bastelideen: leuchtende Laternenh\u00e4user, ein Winterdorf als T\u00fcrschmuck, gestempelte H\u00e4user als Geschenkanh\u00e4nger, Adventsh\u00e4user f\u00fcr die Weihnachtspost, H\u00e4user als Fensterschmuck,\u00a0 Stofftaschen mit&#8230; <a href=\"https:\/\/www.sabine-seyffert.de\/blog\/diy-fuer-weihnachten-selbst-genaehter-adventkalender-papier-haeuser-als-adventskalenderdorf-2\/\" class=\"more-link\">Read more: DIY f\u00fcr Weihnachten: Selbst gen\u00e4hter Adventkalender \u201ePapier-H\u00e4user\u201c als Adventskalenderdorf #2<\/a><\/p>\n","protected":false},"author":2,"featured_media":0,"comment_status":"open","ping_status":"open","sticky":false,"template":"","format":"standard","meta":{"_metis_text_type":"","_metis_text_length":2585,"_post_count":0,"footnotes":""},"categories":[41,33],"tags":[],"class_list":["post-13597","post","type-post","status-publish","format-standard","hentry","category-weihnachten","category-kreative-naherein"],"_links":{"self":[{"href":"https:\/\/www.sabine-seyffert.de\/blog\/wp-json\/wp\/v2\/posts\/13597","targetHints":{"allow":["GET"]}}],"collection":[{"href":"https:\/\/www.sabine-seyffert.de\/blog\/wp-json\/wp\/v2\/posts"}],"about":[{"href":"https:\/\/www.sabine-seyffert.de\/blog\/wp-json\/wp\/v2\/types\/post"}],"author":[{"embeddable":true,"href":"https:\/\/www.sabine-seyffert.de\/blog\/wp-json\/wp\/v2\/users\/2"}],"replies":[{"embeddable":true,"href":"https:\/\/www.sabine-seyffert.de\/blog\/wp-json\/wp\/v2\/comments?post=13597"}],"version-history":[{"count":4,"href":"https:\/\/www.sabine-seyffert.de\/blog\/wp-json\/wp\/v2\/posts\/13597\/revisions"}],"predecessor-version":[{"id":24547,"href":"https:\/\/www.sabine-seyffert.de\/blog\/wp-json\/wp\/v2\/posts\/13597\/revisions\/24547"}],"wp:attachment":[{"href":"https:\/\/www.sabine-seyffert.de\/blog\/wp-json\/wp\/v2\/media?parent=13597"}],"wp:term":[{"taxonomy":"category","embeddable":true,"href":"https:\/\/www.sabine-seyffert.de\/blog\/wp-json\/wp\/v2\/categories?post=13597"},{"taxonomy":"post_tag","embeddable":true,"href":"https:\/\/www.sabine-seyffert.de\/blog\/wp-json\/wp\/v2\/tags?post=13597"}],"curies":[{"name":"wp","href":"https:\/\/api.w.org\/{rel}","templated":true}]}}