{"id":13581,"date":"2018-11-10T19:56:04","date_gmt":"2018-11-10T17:56:04","guid":{"rendered":"https:\/\/www.sabine-seyffert.de\/blog\/?p=13581"},"modified":"2025-10-24T13:50:56","modified_gmt":"2025-10-24T11:50:56","slug":"diy-deko-idee-selbst-gemachter-adventskranz-zum-basteln-leuchtende-adventshaeuser-upcycling","status":"publish","type":"post","link":"https:\/\/www.sabine-seyffert.de\/blog\/diy-deko-idee-selbst-gemachter-adventskranz-zum-basteln-leuchtende-adventshaeuser-upcycling\/","title":{"rendered":"DIY Deko Idee: Selbst gemachter Adventskranz zum Basteln \u2013 Leuchtende Adventsh\u00e4user Upcycling"},"content":{"rendered":"<p style=\"text-align: justify;\"><img loading=\"lazy\" decoding=\"async\" src=\"http:\/\/vg01.met.vgwort.de\/na\/ec3eca1d40bf4e7da566b11aeee7722a\" alt=\"\" width=\"1\" height=\"1\" \/>Seitdem uns mal ein gr\u00fcner Adventskranz von einem Moment auf den anderen in Flammen aufgegangen ist, gibt es in der Adventszeit bei uns meist Alternativen dazu. Die sind ebenso sch\u00f6n und erfahrungsgem\u00e4\u00df auch deutlich l\u00e4nger haltbar und nett anzusehen, da hierbei nichts vertrocknet oder rieselt: <a href=\"https:\/\/www.sabine-seyffert.de\/blog\/?p=8929\" target=\"_blank\" rel=\"noopener\">Leuchtende Gl\u00e4ser<\/a>, mit Stoff \u00fcberzogene <a href=\"https:\/\/www.sabine-seyffert.de\/blog\/?p=11378\" target=\"_blank\" rel=\"noopener\">Adventslichter<\/a>, ein <a href=\"https:\/\/www.sabine-seyffert.de\/blog\/?p=11422\" target=\"_blank\" rel=\"noopener\">Adventskranz in T\u00fcten<\/a> oder ein selbst gebackener Adventskranz zum Knuspern.<br \/>\nHier zeige ich euch heute eine lustige Upcycling Idee, die man auch mit Kindern gemeinsam Basteln und vorbereiten kann. F\u00fcr alle, die diese Adventsh\u00e4user gerne nachbasteln m\u00f6chten, gibt es nun die Bastelanleitung!<\/p>\n<p style=\"text-align: center;\"><a href=\"https:\/\/www.sabine-seyffert.de\/blog\/wp-content\/uploads\/2018\/11\/Adventskranz-Milcht\u00fcte-1.jpg\"><img loading=\"lazy\" decoding=\"async\" class=\"alignnone size-full wp-image-13582\" src=\"https:\/\/www.sabine-seyffert.de\/blog\/wp-content\/uploads\/2018\/11\/Adventskranz-Milcht\u00fcte-1.jpg\" alt=\"\" width=\"800\" height=\"600\" srcset=\"https:\/\/www.sabine-seyffert.de\/blog\/wp-content\/uploads\/2018\/11\/Adventskranz-Milcht\u00fcte-1.jpg 800w, https:\/\/www.sabine-seyffert.de\/blog\/wp-content\/uploads\/2018\/11\/Adventskranz-Milcht\u00fcte-1-300x225.jpg 300w, https:\/\/www.sabine-seyffert.de\/blog\/wp-content\/uploads\/2018\/11\/Adventskranz-Milcht\u00fcte-1-768x576.jpg 768w\" sizes=\"auto, (max-width: 800px) 100vw, 800px\" \/><\/a><\/p>\n<p style=\"text-align: justify;\"><strong>Das wird gebraucht:<\/strong><br \/>\nVier leere Milcht\u00fcten \/ Tetrapaks, ein Bastelmesser \/ Cutter, Transparentpapier, ein wasserfester Stift, ein Lineal, einen breiten Pinsel, wei\u00dfe Acrylfarbe auf Wasserbasis und wasserl\u00f6slich, 4 Teelichter, eine Bastelschere, eine Bastelunterlage<\/p>\n<p style=\"text-align: center;\"><a href=\"https:\/\/www.sabine-seyffert.de\/blog\/wp-content\/uploads\/2018\/11\/Adventskranz-Milcht\u00fcte.jpg\"><img loading=\"lazy\" decoding=\"async\" class=\"alignnone size-full wp-image-13583\" src=\"https:\/\/www.sabine-seyffert.de\/blog\/wp-content\/uploads\/2018\/11\/Adventskranz-Milcht\u00fcte.jpg\" alt=\"\" width=\"800\" height=\"600\" srcset=\"https:\/\/www.sabine-seyffert.de\/blog\/wp-content\/uploads\/2018\/11\/Adventskranz-Milcht\u00fcte.jpg 800w, https:\/\/www.sabine-seyffert.de\/blog\/wp-content\/uploads\/2018\/11\/Adventskranz-Milcht\u00fcte-300x225.jpg 300w, https:\/\/www.sabine-seyffert.de\/blog\/wp-content\/uploads\/2018\/11\/Adventskranz-Milcht\u00fcte-768x576.jpg 768w\" sizes=\"auto, (max-width: 800px) 100vw, 800px\" \/><\/a><\/p>\n<p style=\"text-align: justify;\"><strong>So wird\u2019s gemacht:<\/strong><br \/>\nDiese Bastelidee ist den <a href=\"https:\/\/www.sabine-seyffert.de\/blog\/?p=6465\" target=\"_blank\" rel=\"noopener\">selbst gemachten Haus-Laternen<\/a> recht \u00e4hnlich. Allerdings habe ich es mir einfach gemacht. Zuerst sp\u00fclt man die Milcht\u00fcten gut aus. Dann zeichnet man sich mit einem wasserfesten Stift die gew\u00fcnschte Form von Au\u00dfen aus.<\/p>\n<p style=\"text-align: center;\"><a href=\"https:\/\/www.sabine-seyffert.de\/blog\/wp-content\/uploads\/2018\/11\/Adventskranz-Milcht\u00fcte-8.jpg\"><img loading=\"lazy\" decoding=\"async\" class=\"alignnone size-full wp-image-13584\" src=\"https:\/\/www.sabine-seyffert.de\/blog\/wp-content\/uploads\/2018\/11\/Adventskranz-Milcht\u00fcte-8.jpg\" alt=\"\" width=\"800\" height=\"600\" srcset=\"https:\/\/www.sabine-seyffert.de\/blog\/wp-content\/uploads\/2018\/11\/Adventskranz-Milcht\u00fcte-8.jpg 800w, https:\/\/www.sabine-seyffert.de\/blog\/wp-content\/uploads\/2018\/11\/Adventskranz-Milcht\u00fcte-8-300x225.jpg 300w, https:\/\/www.sabine-seyffert.de\/blog\/wp-content\/uploads\/2018\/11\/Adventskranz-Milcht\u00fcte-8-768x576.jpg 768w\" sizes=\"auto, (max-width: 800px) 100vw, 800px\" \/><\/a><\/p>\n<p style=\"text-align: justify;\">Mit dem Cutter schneidet man die T\u00fcten nun zurecht. Wer mag kann sich Arbeit ersparen und schon jetzt die gro\u00dfen T\u00fcren und ggf. kleinere Fenster in die H\u00e4user hineinschneiden bzw. heraustrennen.<\/p>\n<p style=\"text-align: center;\"><a href=\"https:\/\/www.sabine-seyffert.de\/blog\/wp-content\/uploads\/2018\/11\/Adventskranz-Milcht\u00fcte-7.jpg\"><img loading=\"lazy\" decoding=\"async\" class=\"alignnone size-full wp-image-13585\" src=\"https:\/\/www.sabine-seyffert.de\/blog\/wp-content\/uploads\/2018\/11\/Adventskranz-Milcht\u00fcte-7.jpg\" alt=\"\" width=\"800\" height=\"600\" srcset=\"https:\/\/www.sabine-seyffert.de\/blog\/wp-content\/uploads\/2018\/11\/Adventskranz-Milcht\u00fcte-7.jpg 800w, https:\/\/www.sabine-seyffert.de\/blog\/wp-content\/uploads\/2018\/11\/Adventskranz-Milcht\u00fcte-7-300x225.jpg 300w, https:\/\/www.sabine-seyffert.de\/blog\/wp-content\/uploads\/2018\/11\/Adventskranz-Milcht\u00fcte-7-768x576.jpg 768w\" sizes=\"auto, (max-width: 800px) 100vw, 800px\" \/><\/a><\/p>\n<p style=\"text-align: justify;\">Die oberste Schicht des Papiers rei\u00dft man nun herunter, denn daran h\u00e4lt die Farbe nicht und br\u00f6ckelt im Nu wieder ab! Dann streicht man die H\u00e4user mit einer d\u00fcnnen Schicht wei\u00dfer Farbe an. Die Milcht\u00fcten scheinen so zwar etwas durch, aber das gibt es ganzen so einen tollen Vintage oder gar Used Look. Wem das nicht gef\u00e4llt, kann bei Bedarf auch eine zweite Farbschicht auftragen.<\/p>\n<p style=\"text-align: center;\"><a href=\"https:\/\/www.sabine-seyffert.de\/blog\/wp-content\/uploads\/2018\/11\/Adventskranz-Milcht\u00fcte-6.jpg\"><img loading=\"lazy\" decoding=\"async\" class=\"alignnone size-full wp-image-13586\" src=\"https:\/\/www.sabine-seyffert.de\/blog\/wp-content\/uploads\/2018\/11\/Adventskranz-Milcht\u00fcte-6.jpg\" alt=\"\" width=\"800\" height=\"600\" srcset=\"https:\/\/www.sabine-seyffert.de\/blog\/wp-content\/uploads\/2018\/11\/Adventskranz-Milcht\u00fcte-6.jpg 800w, https:\/\/www.sabine-seyffert.de\/blog\/wp-content\/uploads\/2018\/11\/Adventskranz-Milcht\u00fcte-6-300x225.jpg 300w, https:\/\/www.sabine-seyffert.de\/blog\/wp-content\/uploads\/2018\/11\/Adventskranz-Milcht\u00fcte-6-768x576.jpg 768w\" sizes=\"auto, (max-width: 800px) 100vw, 800px\" \/><\/a><\/p>\n<p style=\"text-align: justify;\">Von Innen habe ich die T\u00fcren mit Transparentpapier beklebt, die ich zuvor mit den Schriftz\u00fcgen 1. bis 4. Advent bedruckt habe. Diese kann man aber auch aufstempeln.<\/p>\n<p><a href=\"https:\/\/www.sabine-seyffert.de\/blog\/wp-content\/uploads\/2018\/11\/Adventskranz-Milcht\u00fcte-5.jpg\"><img loading=\"lazy\" decoding=\"async\" class=\"size-full wp-image-13587 aligncenter\" src=\"https:\/\/www.sabine-seyffert.de\/blog\/wp-content\/uploads\/2018\/11\/Adventskranz-Milcht\u00fcte-5.jpg\" alt=\"\" width=\"800\" height=\"600\" srcset=\"https:\/\/www.sabine-seyffert.de\/blog\/wp-content\/uploads\/2018\/11\/Adventskranz-Milcht\u00fcte-5.jpg 800w, https:\/\/www.sabine-seyffert.de\/blog\/wp-content\/uploads\/2018\/11\/Adventskranz-Milcht\u00fcte-5-300x225.jpg 300w, https:\/\/www.sabine-seyffert.de\/blog\/wp-content\/uploads\/2018\/11\/Adventskranz-Milcht\u00fcte-5-768x576.jpg 768w\" sizes=\"auto, (max-width: 800px) 100vw, 800px\" \/><\/a>Ist alles fertig getrocknet, best\u00fcckt man die Milcht\u00fctenh\u00e4user mit Teelichtern und der erste Advent kann kommen!<\/p>\n<p style=\"text-align: center;\"><a href=\"https:\/\/www.sabine-seyffert.de\/blog\/wp-content\/uploads\/2018\/11\/Adventskranz-Milcht\u00fcte-4.jpg\"><img loading=\"lazy\" decoding=\"async\" class=\"alignnone size-full wp-image-13588\" src=\"https:\/\/www.sabine-seyffert.de\/blog\/wp-content\/uploads\/2018\/11\/Adventskranz-Milcht\u00fcte-4.jpg\" alt=\"\" width=\"800\" height=\"600\" srcset=\"https:\/\/www.sabine-seyffert.de\/blog\/wp-content\/uploads\/2018\/11\/Adventskranz-Milcht\u00fcte-4.jpg 800w, https:\/\/www.sabine-seyffert.de\/blog\/wp-content\/uploads\/2018\/11\/Adventskranz-Milcht\u00fcte-4-300x225.jpg 300w, https:\/\/www.sabine-seyffert.de\/blog\/wp-content\/uploads\/2018\/11\/Adventskranz-Milcht\u00fcte-4-768x576.jpg 768w\" sizes=\"auto, (max-width: 800px) 100vw, 800px\" \/><\/a><\/p>\n<p style=\"text-align: justify;\">Dieser <a href=\"https:\/\/www.sabine-seyffert.de\/blog\/?p=9167\" target=\"_blank\" rel=\"noopener\">upcycelter Tannenbaum<\/a> passt \u00fcbrigens wunderbar zu den Adventsh\u00e4usern \ud83d\ude42<\/p>\n<p style=\"text-align: center;\"><a href=\"https:\/\/www.sabine-seyffert.de\/blog\/wp-content\/uploads\/2018\/11\/Adventskranz-Milcht\u00fcte-3.jpg\"><img loading=\"lazy\" decoding=\"async\" class=\"alignnone size-full wp-image-13589\" src=\"https:\/\/www.sabine-seyffert.de\/blog\/wp-content\/uploads\/2018\/11\/Adventskranz-Milcht\u00fcte-3.jpg\" alt=\"\" width=\"800\" height=\"600\" srcset=\"https:\/\/www.sabine-seyffert.de\/blog\/wp-content\/uploads\/2018\/11\/Adventskranz-Milcht\u00fcte-3.jpg 800w, https:\/\/www.sabine-seyffert.de\/blog\/wp-content\/uploads\/2018\/11\/Adventskranz-Milcht\u00fcte-3-300x225.jpg 300w, https:\/\/www.sabine-seyffert.de\/blog\/wp-content\/uploads\/2018\/11\/Adventskranz-Milcht\u00fcte-3-768x576.jpg 768w\" sizes=\"auto, (max-width: 800px) 100vw, 800px\" \/><\/a><\/p>\n<p style=\"text-align: justify;\">Weitere Upcycling Ideen tummeln sich <a href=\"https:\/\/www.sabine-seyffert.de\/blog\/?cat=47\" target=\"_blank\" rel=\"noopener\">hier<\/a>, alles rund um den Advent und die Weihnachtszeit findet ihr in <a href=\"https:\/\/www.sabine-seyffert.de\/blog\/?cat=41\" target=\"_blank\" rel=\"noopener\">dieser Rubrik<\/a>, mehr \u201eGr\u00fcn\u201c dort und andere kreative Sachen gibt es <a href=\"http:\/\/www.lunaju.de\/2018\/11\/kiddikram-november-2018.html\" target=\"_blank\" rel=\"noopener nofollow\">da<\/a> und auch an <a href=\"https:\/\/www.creadienstag.de\/2018\/11\/linkparty-356.html\" target=\"_blank\" rel=\"noopener nofollow\">dieser<\/a> Stelle.<\/p>\n<p style=\"text-align: center;\"><a href=\"https:\/\/www.sabine-seyffert.de\/blog\/wp-content\/uploads\/2018\/11\/Adventskranz-Milcht\u00fcte-2.jpg\"><img loading=\"lazy\" decoding=\"async\" class=\"alignnone size-full wp-image-13590\" src=\"https:\/\/www.sabine-seyffert.de\/blog\/wp-content\/uploads\/2018\/11\/Adventskranz-Milcht\u00fcte-2.jpg\" alt=\"\" width=\"800\" height=\"600\" srcset=\"https:\/\/www.sabine-seyffert.de\/blog\/wp-content\/uploads\/2018\/11\/Adventskranz-Milcht\u00fcte-2.jpg 800w, https:\/\/www.sabine-seyffert.de\/blog\/wp-content\/uploads\/2018\/11\/Adventskranz-Milcht\u00fcte-2-300x225.jpg 300w, https:\/\/www.sabine-seyffert.de\/blog\/wp-content\/uploads\/2018\/11\/Adventskranz-Milcht\u00fcte-2-768x576.jpg 768w\" sizes=\"auto, (max-width: 800px) 100vw, 800px\" \/><\/a><\/p>\n<p style=\"text-align: justify;\"><a href=\"https:\/\/www.sabine-seyffert.de\/blog\/?page_id=32#urheberrecht\">urheberrechtlich gesch\u00fctzt<\/a>, \u00a9 Sabine Seyffert<\/p>\n","protected":false},"excerpt":{"rendered":"<p>Seitdem uns mal ein gr\u00fcner Adventskranz von einem Moment auf den anderen in Flammen aufgegangen ist, gibt es in der Adventszeit bei uns meist Alternativen dazu. Die sind ebenso sch\u00f6n und erfahrungsgem\u00e4\u00df auch deutlich l\u00e4nger haltbar und nett anzusehen, da hierbei nichts vertrocknet oder rieselt: Leuchtende Gl\u00e4ser, mit Stoff \u00fcberzogene Adventslichter, ein Adventskranz in T\u00fcten&#8230; <a href=\"https:\/\/www.sabine-seyffert.de\/blog\/diy-deko-idee-selbst-gemachter-adventskranz-zum-basteln-leuchtende-adventshaeuser-upcycling\/\" class=\"more-link\">Read more: DIY Deko Idee: Selbst gemachter Adventskranz zum Basteln \u2013 Leuchtende Adventsh\u00e4user Upcycling<\/a><\/p>\n","protected":false},"author":2,"featured_media":0,"comment_status":"open","ping_status":"open","sticky":false,"template":"","format":"standard","meta":{"_metis_text_type":"standard","_metis_text_length":2352,"_post_count":0,"footnotes":""},"categories":[41,32,47],"tags":[],"class_list":["post-13581","post","type-post","status-publish","format-standard","hentry","category-weihnachten","category-kreatives-fur-kleine-kinderhande","category-upcyceltes"],"_links":{"self":[{"href":"https:\/\/www.sabine-seyffert.de\/blog\/wp-json\/wp\/v2\/posts\/13581","targetHints":{"allow":["GET"]}}],"collection":[{"href":"https:\/\/www.sabine-seyffert.de\/blog\/wp-json\/wp\/v2\/posts"}],"about":[{"href":"https:\/\/www.sabine-seyffert.de\/blog\/wp-json\/wp\/v2\/types\/post"}],"author":[{"embeddable":true,"href":"https:\/\/www.sabine-seyffert.de\/blog\/wp-json\/wp\/v2\/users\/2"}],"replies":[{"embeddable":true,"href":"https:\/\/www.sabine-seyffert.de\/blog\/wp-json\/wp\/v2\/comments?post=13581"}],"version-history":[{"count":8,"href":"https:\/\/www.sabine-seyffert.de\/blog\/wp-json\/wp\/v2\/posts\/13581\/revisions"}],"predecessor-version":[{"id":32008,"href":"https:\/\/www.sabine-seyffert.de\/blog\/wp-json\/wp\/v2\/posts\/13581\/revisions\/32008"}],"wp:attachment":[{"href":"https:\/\/www.sabine-seyffert.de\/blog\/wp-json\/wp\/v2\/media?parent=13581"}],"wp:term":[{"taxonomy":"category","embeddable":true,"href":"https:\/\/www.sabine-seyffert.de\/blog\/wp-json\/wp\/v2\/categories?post=13581"},{"taxonomy":"post_tag","embeddable":true,"href":"https:\/\/www.sabine-seyffert.de\/blog\/wp-json\/wp\/v2\/tags?post=13581"}],"curies":[{"name":"wp","href":"https:\/\/api.w.org\/{rel}","templated":true}]}}