{"id":13554,"date":"2018-11-06T06:35:51","date_gmt":"2018-11-06T04:35:51","guid":{"rendered":"https:\/\/www.sabine-seyffert.de\/blog\/?p=13554"},"modified":"2018-11-06T06:35:51","modified_gmt":"2018-11-06T04:35:51","slug":"diy-selbst-gemachte-adventskalender-24-tannenbaeume-mit-kleiner-ueberraschung-basteln","status":"publish","type":"post","link":"https:\/\/www.sabine-seyffert.de\/blog\/diy-selbst-gemachte-adventskalender-24-tannenbaeume-mit-kleiner-ueberraschung-basteln\/","title":{"rendered":"DIY Selbst gemachte Adventskalender: 24 Tannenb\u00e4ume mit kleiner \u00dcberraschung basteln"},"content":{"rendered":"<p style=\"text-align: justify;\"><img loading=\"lazy\" decoding=\"async\" src=\"https:\/\/vg01.met.vgwort.de\/na\/219d44a594a448fa92d15a89e30dd473\" alt=\"\" width=\"1\" height=\"1\" \/>Den diesj\u00e4hrigen Adventskalender f\u00fcr uns habe ich gestern bereits fertig gestellt. Wie die meisten von euch sicher wissen, mag ich die Weihnachtszeit gerne ganz entspannt, damit man diese als Familie auch in vollen Z\u00fcgen genie\u00dfen kann. Zu diesem Thema habe ich im letzten Jahr schon mal ganz ausf\u00fchrlich berichtet. Den Artikel dazu mit vielen Tipps findet ihr <a href=\"https:\/\/www.sabine-seyffert.de\/blog\/?p=11307\" target=\"_blank\" rel=\"noopener\">hier<\/a>.<br \/>\nSomit l\u00e4ute ich nun einfach mal die Weihnachtszeit auf dem Blog ein, damit genug Zeit bleibt die eine oder andere Idee in aller Ruhe nachzubasteln.<br \/>\nLos geht es mit einem ausgefallenen Adventskalender, den ich im letzten Jahr angefertigt und verschenkt habe: Ein selbst gen\u00e4hter Weihnachtswald, bestehend aus vierundzwanzig Weihnachtsb\u00e4umen, die ich mit kleinen \u00dcberraschungen bef\u00fcllt habe.<\/p>\n<p style=\"text-align: center;\"><a href=\"https:\/\/www.sabine-seyffert.de\/blog\/wp-content\/uploads\/2018\/11\/Adventskalender-Tannenbaum-14.jpg\"><img loading=\"lazy\" decoding=\"async\" class=\"size-full wp-image-13555 aligncenter\" src=\"https:\/\/www.sabine-seyffert.de\/blog\/wp-content\/uploads\/2018\/11\/Adventskalender-Tannenbaum-14.jpg\" alt=\"\" width=\"600\" height=\"800\" srcset=\"https:\/\/www.sabine-seyffert.de\/blog\/wp-content\/uploads\/2018\/11\/Adventskalender-Tannenbaum-14.jpg 600w, https:\/\/www.sabine-seyffert.de\/blog\/wp-content\/uploads\/2018\/11\/Adventskalender-Tannenbaum-14-225x300.jpg 225w\" sizes=\"auto, (max-width: 600px) 100vw, 600px\" \/><\/a><\/p>\n<p style=\"text-align: justify;\"><strong>Das wird gebraucht:<\/strong><br \/>\nNaturbraunes Packpapier, Bleistift, Schere, N\u00e4hgarn, N\u00e4hmaschine, 24 gro\u00dfe W\u00e4scheklammern, Kordel, Gelstift \/ Lackstift in wei\u00df mit d\u00fcnner Miene, B\u00fcrolocher oder Lochzange, d\u00fcnne Pappe, 1 Blatt wei\u00dfes Papier, Motivlocher Kreis mit Wellenrand 2,5 cm Durchmesser sowie einen normalen Kreis von 1 cm Durchmesser, Stempelkissen, Zahlenstempel, Lochverst\u00e4rker, Kleber sowie 24 \u00dcberraschungen zum Bef\u00fcllen<\/p>\n<p style=\"text-align: center;\"><a href=\"https:\/\/www.sabine-seyffert.de\/blog\/wp-content\/uploads\/2018\/11\/Adventskalender-Tannenbaum-10.jpg\"><img loading=\"lazy\" decoding=\"async\" class=\"alignnone size-full wp-image-13556\" src=\"https:\/\/www.sabine-seyffert.de\/blog\/wp-content\/uploads\/2018\/11\/Adventskalender-Tannenbaum-10.jpg\" alt=\"\" width=\"800\" height=\"600\" srcset=\"https:\/\/www.sabine-seyffert.de\/blog\/wp-content\/uploads\/2018\/11\/Adventskalender-Tannenbaum-10.jpg 800w, https:\/\/www.sabine-seyffert.de\/blog\/wp-content\/uploads\/2018\/11\/Adventskalender-Tannenbaum-10-300x225.jpg 300w, https:\/\/www.sabine-seyffert.de\/blog\/wp-content\/uploads\/2018\/11\/Adventskalender-Tannenbaum-10-768x576.jpg 768w\" sizes=\"auto, (max-width: 800px) 100vw, 800px\" \/><\/a><\/p>\n<p style=\"text-align: justify;\"><strong>So wird\u2019s gemacht:<\/strong><br \/>\nZuerst fertigt man sich eine Bastelschablone an. Ob mit dem Grafikprogramm, Lineal und Stift oder als Free Printable aus dem Netz ist egal. Mein \u201eDreieck\u201c ist circa 22 x 12 cm gro\u00df.<\/p>\n<p style=\"text-align: center;\"><a href=\"https:\/\/www.sabine-seyffert.de\/blog\/wp-content\/uploads\/2018\/11\/Adventskalender-Tannenbaum-8.jpg\"><img loading=\"lazy\" decoding=\"async\" class=\"alignnone size-full wp-image-13557\" src=\"https:\/\/www.sabine-seyffert.de\/blog\/wp-content\/uploads\/2018\/11\/Adventskalender-Tannenbaum-8.jpg\" alt=\"\" width=\"800\" height=\"600\" srcset=\"https:\/\/www.sabine-seyffert.de\/blog\/wp-content\/uploads\/2018\/11\/Adventskalender-Tannenbaum-8.jpg 800w, https:\/\/www.sabine-seyffert.de\/blog\/wp-content\/uploads\/2018\/11\/Adventskalender-Tannenbaum-8-300x225.jpg 300w, https:\/\/www.sabine-seyffert.de\/blog\/wp-content\/uploads\/2018\/11\/Adventskalender-Tannenbaum-8-768x576.jpg 768w\" sizes=\"auto, (max-width: 800px) 100vw, 800px\" \/><\/a><\/p>\n<p style=\"text-align: justify;\">Dazu zeichnet man sich mit Hilfe der Vorlage nun 48 B\u00e4ume auf das Packpapier und schneidet diese aus. Immer zwei Dreiecke vern\u00e4ht man an den beiden langen Kanten mit der N\u00e4hmaschine zu einer Tanne. Der schmale, untere Rand bleibt zum Bef\u00fcllen offen.<\/p>\n<p style=\"text-align: center;\"><a href=\"https:\/\/www.sabine-seyffert.de\/blog\/wp-content\/uploads\/2018\/11\/Adventskalender-Tannenbaum-6.jpg\"><img loading=\"lazy\" decoding=\"async\" class=\"alignnone size-full wp-image-13558\" src=\"https:\/\/www.sabine-seyffert.de\/blog\/wp-content\/uploads\/2018\/11\/Adventskalender-Tannenbaum-6.jpg\" alt=\"\" width=\"800\" height=\"600\" srcset=\"https:\/\/www.sabine-seyffert.de\/blog\/wp-content\/uploads\/2018\/11\/Adventskalender-Tannenbaum-6.jpg 800w, https:\/\/www.sabine-seyffert.de\/blog\/wp-content\/uploads\/2018\/11\/Adventskalender-Tannenbaum-6-300x225.jpg 300w, https:\/\/www.sabine-seyffert.de\/blog\/wp-content\/uploads\/2018\/11\/Adventskalender-Tannenbaum-6-768x576.jpg 768w\" sizes=\"auto, (max-width: 800px) 100vw, 800px\" \/><\/a><\/p>\n<p style=\"text-align: justify;\">Hat man alle B\u00e4ume vern\u00e4ht, bemalt man jeden Baum mit einem anderen Muster seiner Wahl. Das klappt mit einem wei\u00dfen Gelschreiber oder d\u00fcnnen Lackstift prima.<\/p>\n<p style=\"text-align: center;\"><a href=\"https:\/\/www.sabine-seyffert.de\/blog\/wp-content\/uploads\/2018\/11\/Adventskalender-Tannenbaum-5.jpg\"><img loading=\"lazy\" decoding=\"async\" class=\"alignnone size-full wp-image-13559\" src=\"https:\/\/www.sabine-seyffert.de\/blog\/wp-content\/uploads\/2018\/11\/Adventskalender-Tannenbaum-5.jpg\" alt=\"\" width=\"800\" height=\"600\" srcset=\"https:\/\/www.sabine-seyffert.de\/blog\/wp-content\/uploads\/2018\/11\/Adventskalender-Tannenbaum-5.jpg 800w, https:\/\/www.sabine-seyffert.de\/blog\/wp-content\/uploads\/2018\/11\/Adventskalender-Tannenbaum-5-300x225.jpg 300w, https:\/\/www.sabine-seyffert.de\/blog\/wp-content\/uploads\/2018\/11\/Adventskalender-Tannenbaum-5-768x576.jpg 768w\" sizes=\"auto, (max-width: 800px) 100vw, 800px\" \/><\/a><\/p>\n<p style=\"text-align: justify;\">Anschlie\u00dfend locht man die Tannenbaumspitze mit dem Locher und verst\u00e4rkt dieses auf der R\u00fcckseite mit einem Lochst\u00e4rker, damit die B\u00e4ume nicht einrei\u00dfen.<\/p>\n<p style=\"text-align: center;\"><a href=\"https:\/\/www.sabine-seyffert.de\/blog\/wp-content\/uploads\/2018\/11\/Adventskalender-Tannenbaum-4.jpg\"><img loading=\"lazy\" decoding=\"async\" class=\"alignnone size-full wp-image-13560\" src=\"https:\/\/www.sabine-seyffert.de\/blog\/wp-content\/uploads\/2018\/11\/Adventskalender-Tannenbaum-4.jpg\" alt=\"\" width=\"800\" height=\"600\" srcset=\"https:\/\/www.sabine-seyffert.de\/blog\/wp-content\/uploads\/2018\/11\/Adventskalender-Tannenbaum-4.jpg 800w, https:\/\/www.sabine-seyffert.de\/blog\/wp-content\/uploads\/2018\/11\/Adventskalender-Tannenbaum-4-300x225.jpg 300w, https:\/\/www.sabine-seyffert.de\/blog\/wp-content\/uploads\/2018\/11\/Adventskalender-Tannenbaum-4-768x576.jpg 768w\" sizes=\"auto, (max-width: 800px) 100vw, 800px\" \/><\/a><\/p>\n<p style=\"text-align: justify;\">Durch die L\u00f6cher zieht man jeweils ein St\u00fcck Kordel und verknotet die Enden, so dass eine Schlaufe als Aufh\u00e4ngung entsteht. Aus der d\u00fcnnen Pappe (ich habe mal wieder altes Packpapier verwendet, was einer Packsendung als F\u00fcllmaterial beilag). Daraus stanzt man 24 Kreis und aus dem wei\u00dfen Papier 24 kleine Kreise. Diese klebt man aufeinander und stempelt jeweils die Zahlen 1 bis 24 darauf. Die Adventskalenderzahlen klebt man auf die Tannen.<\/p>\n<p style=\"text-align: center;\"><a href=\"https:\/\/www.sabine-seyffert.de\/blog\/wp-content\/uploads\/2018\/11\/Adventskalender-Tannenbaum-7.jpg\"><img loading=\"lazy\" decoding=\"async\" class=\"alignnone size-full wp-image-13561\" src=\"https:\/\/www.sabine-seyffert.de\/blog\/wp-content\/uploads\/2018\/11\/Adventskalender-Tannenbaum-7.jpg\" alt=\"\" width=\"800\" height=\"600\" srcset=\"https:\/\/www.sabine-seyffert.de\/blog\/wp-content\/uploads\/2018\/11\/Adventskalender-Tannenbaum-7.jpg 800w, https:\/\/www.sabine-seyffert.de\/blog\/wp-content\/uploads\/2018\/11\/Adventskalender-Tannenbaum-7-300x225.jpg 300w, https:\/\/www.sabine-seyffert.de\/blog\/wp-content\/uploads\/2018\/11\/Adventskalender-Tannenbaum-7-768x576.jpg 768w\" sizes=\"auto, (max-width: 800px) 100vw, 800px\" \/><\/a><\/p>\n<p style=\"text-align: justify;\">Jetzt kann man jede der Tannen bef\u00fcllen. Schlie\u00dfen tut man die \u00d6ffnung dann mittig am unteren Rand mit einer W\u00e4scheklammer aus Holz, die zugleich als Baumstamm dient. Auf diese Weise lassen sich die B\u00e4ume \u00f6ffnen und bei Bedarf im n\u00e4chsten Jahr erneut als Kalender verwenden.<\/p>\n<p style=\"text-align: center;\"><a href=\"https:\/\/www.sabine-seyffert.de\/blog\/wp-content\/uploads\/2018\/11\/Adventskalender-Tannenbaum-2.jpg\"><img loading=\"lazy\" decoding=\"async\" class=\"alignnone size-full wp-image-13562\" src=\"https:\/\/www.sabine-seyffert.de\/blog\/wp-content\/uploads\/2018\/11\/Adventskalender-Tannenbaum-2.jpg\" alt=\"\" width=\"800\" height=\"600\" srcset=\"https:\/\/www.sabine-seyffert.de\/blog\/wp-content\/uploads\/2018\/11\/Adventskalender-Tannenbaum-2.jpg 800w, https:\/\/www.sabine-seyffert.de\/blog\/wp-content\/uploads\/2018\/11\/Adventskalender-Tannenbaum-2-300x225.jpg 300w, https:\/\/www.sabine-seyffert.de\/blog\/wp-content\/uploads\/2018\/11\/Adventskalender-Tannenbaum-2-768x576.jpg 768w\" sizes=\"auto, (max-width: 800px) 100vw, 800px\" \/><\/a><\/p>\n<p style=\"text-align: justify;\">Weitere Adventskalender DIY findet ihr \u00fcbrigens in <a href=\"https:\/\/www.sabine-seyffert.de\/blog\/?cat=41\" target=\"_blank\" rel=\"noopener\">dieser Rubrik<\/a> oder auch auf meiner <a href=\"https:\/\/www.pinterest.de\/diysabineseyffert\/adventskalender\/\" target=\"_blank\" rel=\"noopener\">Pinterest Pinwand<\/a>, alle Bastelideen &amp; Co rund um die Weihnachtszeit gibt es in <a href=\"https:\/\/www.sabine-seyffert.de\/blog\/?cat=41\" target=\"_blank\" rel=\"noopener\">dieser Blog Kategorie<\/a> und andere kreative Ideen es an <a href=\"https:\/\/www.creadienstag.de\/2018\/10\/linkparty-355.html\" target=\"_blank\" rel=\"noopener\">dieser<\/a> Stelle.<\/p>\n<p style=\"text-align: center;\"><a href=\"https:\/\/www.sabine-seyffert.de\/blog\/wp-content\/uploads\/2018\/11\/Adventskalender-Tannenbaum-13.jpg\"><img loading=\"lazy\" decoding=\"async\" class=\"alignnone size-full wp-image-13563\" src=\"https:\/\/www.sabine-seyffert.de\/blog\/wp-content\/uploads\/2018\/11\/Adventskalender-Tannenbaum-13.jpg\" alt=\"\" width=\"600\" height=\"800\" srcset=\"https:\/\/www.sabine-seyffert.de\/blog\/wp-content\/uploads\/2018\/11\/Adventskalender-Tannenbaum-13.jpg 600w, https:\/\/www.sabine-seyffert.de\/blog\/wp-content\/uploads\/2018\/11\/Adventskalender-Tannenbaum-13-225x300.jpg 225w\" sizes=\"auto, (max-width: 600px) 100vw, 600px\" \/><\/a><\/p>\n<p style=\"text-align: justify;\"><a href=\"https:\/\/www.sabine-seyffert.de\/blog\/?page_id=32#urheberrecht\">urheberrechtlich gesch\u00fctzt<\/a>, \u00a9 Sabine Seyffert<\/p>\n","protected":false},"excerpt":{"rendered":"<p>Den diesj\u00e4hrigen Adventskalender f\u00fcr uns habe ich gestern bereits fertig gestellt. Wie die meisten von euch sicher wissen, mag ich die Weihnachtszeit gerne ganz entspannt, damit man diese als Familie auch in vollen Z\u00fcgen genie\u00dfen kann. Zu diesem Thema habe ich im letzten Jahr schon mal ganz ausf\u00fchrlich berichtet. Den Artikel dazu mit vielen Tipps&#8230; <a href=\"https:\/\/www.sabine-seyffert.de\/blog\/diy-selbst-gemachte-adventskalender-24-tannenbaeume-mit-kleiner-ueberraschung-basteln\/\" class=\"more-link\">Read more: DIY Selbst gemachte Adventskalender: 24 Tannenb\u00e4ume mit kleiner \u00dcberraschung basteln<\/a><\/p>\n","protected":false},"author":2,"featured_media":0,"comment_status":"open","ping_status":"open","sticky":false,"template":"","format":"standard","meta":{"_metis_text_type":"","_metis_text_length":2939,"_post_count":0,"footnotes":""},"categories":[41,49],"tags":[],"class_list":["post-13554","post","type-post","status-publish","format-standard","hentry","category-weihnachten","category-verpackungsideen"],"_links":{"self":[{"href":"https:\/\/www.sabine-seyffert.de\/blog\/wp-json\/wp\/v2\/posts\/13554","targetHints":{"allow":["GET"]}}],"collection":[{"href":"https:\/\/www.sabine-seyffert.de\/blog\/wp-json\/wp\/v2\/posts"}],"about":[{"href":"https:\/\/www.sabine-seyffert.de\/blog\/wp-json\/wp\/v2\/types\/post"}],"author":[{"embeddable":true,"href":"https:\/\/www.sabine-seyffert.de\/blog\/wp-json\/wp\/v2\/users\/2"}],"replies":[{"embeddable":true,"href":"https:\/\/www.sabine-seyffert.de\/blog\/wp-json\/wp\/v2\/comments?post=13554"}],"version-history":[{"count":3,"href":"https:\/\/www.sabine-seyffert.de\/blog\/wp-json\/wp\/v2\/posts\/13554\/revisions"}],"predecessor-version":[{"id":13566,"href":"https:\/\/www.sabine-seyffert.de\/blog\/wp-json\/wp\/v2\/posts\/13554\/revisions\/13566"}],"wp:attachment":[{"href":"https:\/\/www.sabine-seyffert.de\/blog\/wp-json\/wp\/v2\/media?parent=13554"}],"wp:term":[{"taxonomy":"category","embeddable":true,"href":"https:\/\/www.sabine-seyffert.de\/blog\/wp-json\/wp\/v2\/categories?post=13554"},{"taxonomy":"post_tag","embeddable":true,"href":"https:\/\/www.sabine-seyffert.de\/blog\/wp-json\/wp\/v2\/tags?post=13554"}],"curies":[{"name":"wp","href":"https:\/\/api.w.org\/{rel}","templated":true}]}}