{"id":13542,"date":"2018-11-02T09:02:46","date_gmt":"2018-11-02T07:02:46","guid":{"rendered":"https:\/\/www.sabine-seyffert.de\/blog\/?p=13542"},"modified":"2018-11-02T09:02:46","modified_gmt":"2018-11-02T07:02:46","slug":"rezept-idee-gefuellte-kartoffeltaschen-mit-wuerziger-lauch-tofu-pfanne-vegan-kochen","status":"publish","type":"post","link":"https:\/\/www.sabine-seyffert.de\/blog\/rezept-idee-gefuellte-kartoffeltaschen-mit-wuerziger-lauch-tofu-pfanne-vegan-kochen\/","title":{"rendered":"Rezept Idee: Gef\u00fcllte Kartoffeltaschen mit w\u00fcrziger Lauch &#038; Tofu Pfanne \u2013 vegan kochen"},"content":{"rendered":"<p style=\"text-align: justify;\"><img loading=\"lazy\" decoding=\"async\" src=\"https:\/\/vg01.met.vgwort.de\/na\/a8a708185ce0492aa700abfa850badcf\" alt=\"\" width=\"1\" height=\"1\" \/>Heute habe ich ein super leckeres, wenn auch recht aufw\u00e4ndiges Rezept f\u00fcr euch. Also nichts f\u00fcr den t\u00e4glichen Mittagswahnsinn einer Gro\u00dffamilie. Eher f\u00fcr ein Mittagessen am Wochenende, wenn mehr Zeit zum Kochen bleibt und alle mithelfen k\u00f6nnen \ud83d\ude42 Die M\u00fche lohnt sich auf jeden Fall. Wer mag, kann dieses Mittagessen ja einfach mal testen, in dem man nur die H\u00e4lfte zubereitet und die Kartoffeltaschen als kleinen Abendbrotsnack ausprobiert. Ich bin jedenfalls gespannt, wie es euch schmeckt!<\/p>\n<p style=\"text-align: center;\"><a href=\"https:\/\/www.sabine-seyffert.de\/blog\/wp-content\/uploads\/2018\/11\/Kartoffeltaschen-gef\u00fcllt-7.jpg\"><img loading=\"lazy\" decoding=\"async\" class=\"alignnone size-full wp-image-13543\" src=\"https:\/\/www.sabine-seyffert.de\/blog\/wp-content\/uploads\/2018\/11\/Kartoffeltaschen-gef\u00fcllt-7.jpg\" alt=\"\" width=\"800\" height=\"600\" srcset=\"https:\/\/www.sabine-seyffert.de\/blog\/wp-content\/uploads\/2018\/11\/Kartoffeltaschen-gef\u00fcllt-7.jpg 800w, https:\/\/www.sabine-seyffert.de\/blog\/wp-content\/uploads\/2018\/11\/Kartoffeltaschen-gef\u00fcllt-7-300x225.jpg 300w, https:\/\/www.sabine-seyffert.de\/blog\/wp-content\/uploads\/2018\/11\/Kartoffeltaschen-gef\u00fcllt-7-768x576.jpg 768w\" sizes=\"auto, (max-width: 800px) 100vw, 800px\" \/><\/a><\/p>\n<p style=\"text-align: justify;\"><strong>Das wird gebraucht:<\/strong><br \/>\n800 g Kartoffeln, Mehl, Salz, Pfeffer, Muskat, 2 Stangen Lauch \/ Porree, 2 P\u00e4ckchen Natur Tofu, 1 Essl\u00f6ffel Sesam, Sojaso\u00dfe, Tomatensalz, etwas Curry, 1 Becher pflanzliches Creme Fraiche \/ Vega sowie Fett zum Braten<\/p>\n<p style=\"text-align: center;\"><a href=\"https:\/\/www.sabine-seyffert.de\/blog\/wp-content\/uploads\/2018\/11\/Kartoffeltaschen-gef\u00fcllt-1.jpg\"><img loading=\"lazy\" decoding=\"async\" class=\"alignnone size-full wp-image-13544\" src=\"https:\/\/www.sabine-seyffert.de\/blog\/wp-content\/uploads\/2018\/11\/Kartoffeltaschen-gef\u00fcllt-1.jpg\" alt=\"\" width=\"600\" height=\"800\" srcset=\"https:\/\/www.sabine-seyffert.de\/blog\/wp-content\/uploads\/2018\/11\/Kartoffeltaschen-gef\u00fcllt-1.jpg 600w, https:\/\/www.sabine-seyffert.de\/blog\/wp-content\/uploads\/2018\/11\/Kartoffeltaschen-gef\u00fcllt-1-225x300.jpg 225w\" sizes=\"auto, (max-width: 600px) 100vw, 600px\" \/><\/a><\/p>\n<p style=\"text-align: justify;\"><strong>So wird\u2019s gemacht:<\/strong><br \/>\nAls erstes werden die Kartoffeln gesch\u00e4lt, gew\u00fcrfelt und dann in einem Topf mit Wasser gekocht. Sobald diese gar sind, l\u00e4sst man die gut (!!) ausk\u00fchlen.<\/p>\n<p style=\"text-align: center;\"><a href=\"https:\/\/www.sabine-seyffert.de\/blog\/wp-content\/uploads\/2018\/11\/Kartoffeltaschen-gef\u00fcllt-6.jpg\"><img loading=\"lazy\" decoding=\"async\" class=\"alignnone size-full wp-image-13545\" src=\"https:\/\/www.sabine-seyffert.de\/blog\/wp-content\/uploads\/2018\/11\/Kartoffeltaschen-gef\u00fcllt-6.jpg\" alt=\"\" width=\"800\" height=\"600\" srcset=\"https:\/\/www.sabine-seyffert.de\/blog\/wp-content\/uploads\/2018\/11\/Kartoffeltaschen-gef\u00fcllt-6.jpg 800w, https:\/\/www.sabine-seyffert.de\/blog\/wp-content\/uploads\/2018\/11\/Kartoffeltaschen-gef\u00fcllt-6-300x225.jpg 300w, https:\/\/www.sabine-seyffert.de\/blog\/wp-content\/uploads\/2018\/11\/Kartoffeltaschen-gef\u00fcllt-6-768x576.jpg 768w\" sizes=\"auto, (max-width: 800px) 100vw, 800px\" \/><\/a><\/p>\n<p style=\"text-align: justify;\">In der Zwischenzeit kann man die F\u00fcllung vorbereiten. Daf\u00fcr erhitzt man etwas Fett in einer gro\u00dfen Pfanne und br\u00f6selt das Tofu hinein. Kurz bevor dieses fertig ist, gibt man noch den Lauch zum D\u00fcnsten hinzu. Die Tofu-Gem\u00fcsemischung l\u00f6scht man schlie\u00dflich mit etwas Sojaso\u00dfe ab, gibt Tomatensalz, Curry, Sesam und einen Becher Vega hinzu.<\/p>\n<p style=\"text-align: center;\"><a href=\"https:\/\/www.sabine-seyffert.de\/blog\/wp-content\/uploads\/2018\/11\/Kartoffeltaschen-gef\u00fcllt-8.jpg\"><img loading=\"lazy\" decoding=\"async\" class=\"alignnone size-full wp-image-13546\" src=\"https:\/\/www.sabine-seyffert.de\/blog\/wp-content\/uploads\/2018\/11\/Kartoffeltaschen-gef\u00fcllt-8.jpg\" alt=\"\" width=\"800\" height=\"600\" srcset=\"https:\/\/www.sabine-seyffert.de\/blog\/wp-content\/uploads\/2018\/11\/Kartoffeltaschen-gef\u00fcllt-8.jpg 800w, https:\/\/www.sabine-seyffert.de\/blog\/wp-content\/uploads\/2018\/11\/Kartoffeltaschen-gef\u00fcllt-8-300x225.jpg 300w, https:\/\/www.sabine-seyffert.de\/blog\/wp-content\/uploads\/2018\/11\/Kartoffeltaschen-gef\u00fcllt-8-768x576.jpg 768w\" sizes=\"auto, (max-width: 800px) 100vw, 800px\" \/><\/a><\/p>\n<p style=\"text-align: justify;\">Jetzt kann man die Kartoffeln mit dem Kartoffelstampfer zu feinem Mus verarbeiten und mit Salz, Pfeffer, Muskat und weiteren Gew\u00fcrzen nach Wunsch w\u00fcrzen. Das W\u00fcrzen ist hierbei wichtig, da die Kartoffeln an sich nur wenig Geschmack haben!<\/p>\n<p style=\"text-align: center;\"><a href=\"https:\/\/www.sabine-seyffert.de\/blog\/wp-content\/uploads\/2018\/11\/Kartoffeltaschen-gef\u00fcllt.jpg\"><img loading=\"lazy\" decoding=\"async\" class=\"alignnone size-full wp-image-13547\" src=\"https:\/\/www.sabine-seyffert.de\/blog\/wp-content\/uploads\/2018\/11\/Kartoffeltaschen-gef\u00fcllt.jpg\" alt=\"\" width=\"600\" height=\"800\" srcset=\"https:\/\/www.sabine-seyffert.de\/blog\/wp-content\/uploads\/2018\/11\/Kartoffeltaschen-gef\u00fcllt.jpg 600w, https:\/\/www.sabine-seyffert.de\/blog\/wp-content\/uploads\/2018\/11\/Kartoffeltaschen-gef\u00fcllt-225x300.jpg 225w\" sizes=\"auto, (max-width: 600px) 100vw, 600px\" \/><\/a><\/p>\n<p style=\"text-align: justify;\">Die Kartoffenmasse verknetet man nun mit Mehl. Ich habe das Mehl nach und nach zugegeben und per Hand untergehoben. Sobald der Teig nicht mehr so klebrig ist, kann man mit den Kartoffeltaschen starten. Nehmt eine kleine Kugel von dem Kartoffelteig ab und rollt diese auf etwas Mehl zu einem oval.<\/p>\n<p style=\"text-align: center;\"><a href=\"https:\/\/www.sabine-seyffert.de\/blog\/wp-content\/uploads\/2018\/11\/Kartoffeltaschen-gef\u00fcllt-9.jpg\"><img loading=\"lazy\" decoding=\"async\" class=\"alignnone size-full wp-image-13548\" src=\"https:\/\/www.sabine-seyffert.de\/blog\/wp-content\/uploads\/2018\/11\/Kartoffeltaschen-gef\u00fcllt-9.jpg\" alt=\"\" width=\"800\" height=\"600\" srcset=\"https:\/\/www.sabine-seyffert.de\/blog\/wp-content\/uploads\/2018\/11\/Kartoffeltaschen-gef\u00fcllt-9.jpg 800w, https:\/\/www.sabine-seyffert.de\/blog\/wp-content\/uploads\/2018\/11\/Kartoffeltaschen-gef\u00fcllt-9-300x225.jpg 300w, https:\/\/www.sabine-seyffert.de\/blog\/wp-content\/uploads\/2018\/11\/Kartoffeltaschen-gef\u00fcllt-9-768x576.jpg 768w\" sizes=\"auto, (max-width: 800px) 100vw, 800px\" \/><\/a><\/p>\n<p style=\"text-align: justify;\">Dann gebt etwas von der Tofu-Gem\u00fcse-Masse mittig hinein und klappt die Tasche zu. Der \u00e4u\u00dfere Rand muss gut zusammengedr\u00fcckt werden, damit die F\u00fcllung beim Braten nicht ausl\u00e4uft!<\/p>\n<p style=\"text-align: center;\"><a href=\"https:\/\/www.sabine-seyffert.de\/blog\/wp-content\/uploads\/2018\/11\/Kartoffeltaschen-gef\u00fcllt-10.jpg\"><img loading=\"lazy\" decoding=\"async\" class=\"alignnone size-full wp-image-13549\" src=\"https:\/\/www.sabine-seyffert.de\/blog\/wp-content\/uploads\/2018\/11\/Kartoffeltaschen-gef\u00fcllt-10.jpg\" alt=\"\" width=\"800\" height=\"600\" srcset=\"https:\/\/www.sabine-seyffert.de\/blog\/wp-content\/uploads\/2018\/11\/Kartoffeltaschen-gef\u00fcllt-10.jpg 800w, https:\/\/www.sabine-seyffert.de\/blog\/wp-content\/uploads\/2018\/11\/Kartoffeltaschen-gef\u00fcllt-10-300x225.jpg 300w, https:\/\/www.sabine-seyffert.de\/blog\/wp-content\/uploads\/2018\/11\/Kartoffeltaschen-gef\u00fcllt-10-768x576.jpg 768w\" sizes=\"auto, (max-width: 800px) 100vw, 800px\" \/><\/a><\/p>\n<p style=\"text-align: justify;\">Die fertigen Kartoffeltaschen kann man am besten auf etwas Backpapier ausbreiten, bis man alle fertig hat. Dann erhitzt man eine Pfanne mit Fett und b\u00e4ckt die gef\u00fcllten Kartoffeltaschen darin, bis sie sch\u00f6n gebr\u00e4unt und gar sind.<\/p>\n<p style=\"text-align: center;\"><a href=\"https:\/\/www.sabine-seyffert.de\/blog\/wp-content\/uploads\/2018\/11\/Kartoffeltaschen-gef\u00fcllt-4.jpg\"><img loading=\"lazy\" decoding=\"async\" class=\"alignnone size-full wp-image-13550\" src=\"https:\/\/www.sabine-seyffert.de\/blog\/wp-content\/uploads\/2018\/11\/Kartoffeltaschen-gef\u00fcllt-4.jpg\" alt=\"\" width=\"600\" height=\"800\" srcset=\"https:\/\/www.sabine-seyffert.de\/blog\/wp-content\/uploads\/2018\/11\/Kartoffeltaschen-gef\u00fcllt-4.jpg 600w, https:\/\/www.sabine-seyffert.de\/blog\/wp-content\/uploads\/2018\/11\/Kartoffeltaschen-gef\u00fcllt-4-225x300.jpg 225w\" sizes=\"auto, (max-width: 600px) 100vw, 600px\" \/><\/a><\/p>\n<p style=\"text-align: justify;\">Als Beilage kann ich frischen Salat oder einen <a href=\"https:\/\/www.sabine-seyffert.de\/blog\/?p=4261\" target=\"_blank\" rel=\"noopener\">selbst gemachten Dip<\/a> sehr empfehlen!<\/p>\n<p style=\"text-align: center;\"><a href=\"https:\/\/www.sabine-seyffert.de\/blog\/wp-content\/uploads\/2018\/11\/Kartoffeltaschen-gef\u00fcllt-13.jpg\"><img loading=\"lazy\" decoding=\"async\" class=\"alignnone size-full wp-image-13551\" src=\"https:\/\/www.sabine-seyffert.de\/blog\/wp-content\/uploads\/2018\/11\/Kartoffeltaschen-gef\u00fcllt-13.jpg\" alt=\"\" width=\"800\" height=\"600\" srcset=\"https:\/\/www.sabine-seyffert.de\/blog\/wp-content\/uploads\/2018\/11\/Kartoffeltaschen-gef\u00fcllt-13.jpg 800w, https:\/\/www.sabine-seyffert.de\/blog\/wp-content\/uploads\/2018\/11\/Kartoffeltaschen-gef\u00fcllt-13-300x225.jpg 300w, https:\/\/www.sabine-seyffert.de\/blog\/wp-content\/uploads\/2018\/11\/Kartoffeltaschen-gef\u00fcllt-13-768x576.jpg 768w\" sizes=\"auto, (max-width: 800px) 100vw, 800px\" \/><\/a><\/p>\n<p style=\"text-align: justify;\">Weitere vegane und familientaugliche Rezepte findet ihr \u00fcbrigens <a href=\"https:\/\/www.sabine-seyffert.de\/blog\/?cat=44\" target=\"_blank\" rel=\"noopener\">hier<\/a>, vegetarische Mahlzeiten gibt es in <a href=\"https:\/\/www.sabine-seyffert.de\/blog\/?cat=30\" target=\"_blank\" rel=\"noopener\">diesem Ordner<\/a> und alle s\u00fc\u00dfen Leckereien in <a href=\"https:\/\/www.sabine-seyffert.de\/blog\/?cat=31\" target=\"_blank\" rel=\"noopener\">dieser<\/a> Rubrik.<\/p>\n<p><a href=\"https:\/\/www.sabine-seyffert.de\/blog\/?page_id=32#urheberrecht\">urheberrechtlich gesch\u00fctzt<\/a>, \u00a9 Sabine Seyffert<\/p>\n","protected":false},"excerpt":{"rendered":"<p>Heute habe ich ein super leckeres, wenn auch recht aufw\u00e4ndiges Rezept f\u00fcr euch. Also nichts f\u00fcr den t\u00e4glichen Mittagswahnsinn einer Gro\u00dffamilie. Eher f\u00fcr ein Mittagessen am Wochenende, wenn mehr Zeit zum Kochen bleibt und alle mithelfen k\u00f6nnen \ud83d\ude42 Die M\u00fche lohnt sich auf jeden Fall. Wer mag, kann dieses Mittagessen ja einfach mal testen, in&#8230; <a href=\"https:\/\/www.sabine-seyffert.de\/blog\/rezept-idee-gefuellte-kartoffeltaschen-mit-wuerziger-lauch-tofu-pfanne-vegan-kochen\/\" class=\"more-link\">Read more: Rezept Idee: Gef\u00fcllte Kartoffeltaschen mit w\u00fcrziger Lauch &#038; Tofu Pfanne \u2013 vegan kochen<\/a><\/p>\n","protected":false},"author":2,"featured_media":0,"comment_status":"open","ping_status":"open","sticky":false,"template":"","format":"standard","meta":{"_metis_text_type":"","_metis_text_length":2474,"_post_count":0,"footnotes":""},"categories":[44],"tags":[],"class_list":["post-13542","post","type-post","status-publish","format-standard","hentry","category-rezepte-vegan"],"_links":{"self":[{"href":"https:\/\/www.sabine-seyffert.de\/blog\/wp-json\/wp\/v2\/posts\/13542","targetHints":{"allow":["GET"]}}],"collection":[{"href":"https:\/\/www.sabine-seyffert.de\/blog\/wp-json\/wp\/v2\/posts"}],"about":[{"href":"https:\/\/www.sabine-seyffert.de\/blog\/wp-json\/wp\/v2\/types\/post"}],"author":[{"embeddable":true,"href":"https:\/\/www.sabine-seyffert.de\/blog\/wp-json\/wp\/v2\/users\/2"}],"replies":[{"embeddable":true,"href":"https:\/\/www.sabine-seyffert.de\/blog\/wp-json\/wp\/v2\/comments?post=13542"}],"version-history":[{"count":1,"href":"https:\/\/www.sabine-seyffert.de\/blog\/wp-json\/wp\/v2\/posts\/13542\/revisions"}],"predecessor-version":[{"id":13552,"href":"https:\/\/www.sabine-seyffert.de\/blog\/wp-json\/wp\/v2\/posts\/13542\/revisions\/13552"}],"wp:attachment":[{"href":"https:\/\/www.sabine-seyffert.de\/blog\/wp-json\/wp\/v2\/media?parent=13542"}],"wp:term":[{"taxonomy":"category","embeddable":true,"href":"https:\/\/www.sabine-seyffert.de\/blog\/wp-json\/wp\/v2\/categories?post=13542"},{"taxonomy":"post_tag","embeddable":true,"href":"https:\/\/www.sabine-seyffert.de\/blog\/wp-json\/wp\/v2\/tags?post=13542"}],"curies":[{"name":"wp","href":"https:\/\/api.w.org\/{rel}","templated":true}]}}