{"id":13514,"date":"2018-10-26T12:22:31","date_gmt":"2018-10-26T10:22:31","guid":{"rendered":"https:\/\/www.sabine-seyffert.de\/blog\/?p=13514"},"modified":"2018-10-29T22:13:42","modified_gmt":"2018-10-29T20:13:42","slug":"diy-mit-kindern-laternen-basteln-eine-panda-laterne-fuer-das-martinsfest-upcycling-idee","status":"publish","type":"post","link":"https:\/\/www.sabine-seyffert.de\/blog\/diy-mit-kindern-laternen-basteln-eine-panda-laterne-fuer-das-martinsfest-upcycling-idee\/","title":{"rendered":"DIY Mit Kindern Laternen basteln: Eine Panda Laterne f\u00fcr das Martinsfest \u2013 Upcycling Idee"},"content":{"rendered":"<p style=\"text-align: justify;\"><img loading=\"lazy\" decoding=\"async\" src=\"https:\/\/vg01.met.vgwort.de\/na\/1b93a183bf244d44af603b369444fc20\" alt=\"\" width=\"1\" height=\"1\" \/>Wir sind aus den Herbstferien zur\u00fcck und jetzt steht auch schon die Laternenzeit kurz bevor. Da werden die Tage sp\u00fcrbar k\u00fcrzer und man macht es sich drinnen bei Kerzenschein, s\u00fc\u00dfen Weckm\u00e4nnern und warmen Kakao gem\u00fctlich. Dabei werden dann in geselliger Runde die lustigsten Laternen gebastelt: Fruchtige <a href=\"https:\/\/www.sabine-seyffert.de\/blog\/?p=11295\" target=\"_blank\" rel=\"noopener\">Erdbeeren<\/a>, leuchtende <a href=\"https:\/\/www.sabine-seyffert.de\/blog\/?p=3082\" target=\"_blank\" rel=\"noopener\">K\u00e4fer<\/a>, ein s\u00fc\u00dfer <a href=\"https:\/\/www.sabine-seyffert.de\/blog\/?p=4778\" target=\"_blank\" rel=\"noopener\">Froschk\u00f6nig<\/a>, <a href=\"https:\/\/www.sabine-seyffert.de\/blog\/?p=4809\" target=\"_blank\" rel=\"noopener\">Fuchslaternen<\/a>, ein strahlender <a href=\"https:\/\/www.sabine-seyffert.de\/blog\/?p=8509\" target=\"_blank\" rel=\"noopener\">L\u00f6we<\/a>, <a href=\"https:\/\/www.sabine-seyffert.de\/blog\/?p=3017\" target=\"_blank\" rel=\"noopener\">Pinguin<\/a> Laternen, <a href=\"https:\/\/www.sabine-seyffert.de\/blog\/?p=6465\" target=\"_blank\" rel=\"noopener\">lichtdurchflutete H\u00e4user<\/a> und vieles mehr erhellt den Abendhimmel dann mit seinem hellen Laternenschein. Dabei ziehen die Kinder gemeinsam durch die Stra\u00dfen und singen Laternenlieder.<br \/>\nWie w\u00e4re es in diesem Jahr mit einer Laterne, die auch f\u00fcr kleinere Kinder sehr handlich und gut zu tragen ist? Einem ganz niedlichen und kinderfreundlichen Panda!<\/p>\n<p style=\"text-align: center;\"><a href=\"https:\/\/www.sabine-seyffert.de\/blog\/wp-content\/uploads\/2018\/10\/Laterne-Panda-Upcycling-5.jpg\"><img loading=\"lazy\" decoding=\"async\" class=\"alignnone size-full wp-image-13515\" src=\"https:\/\/www.sabine-seyffert.de\/blog\/wp-content\/uploads\/2018\/10\/Laterne-Panda-Upcycling-5.jpg\" alt=\"\" width=\"800\" height=\"600\" srcset=\"https:\/\/www.sabine-seyffert.de\/blog\/wp-content\/uploads\/2018\/10\/Laterne-Panda-Upcycling-5.jpg 800w, https:\/\/www.sabine-seyffert.de\/blog\/wp-content\/uploads\/2018\/10\/Laterne-Panda-Upcycling-5-300x225.jpg 300w, https:\/\/www.sabine-seyffert.de\/blog\/wp-content\/uploads\/2018\/10\/Laterne-Panda-Upcycling-5-768x576.jpg 768w\" sizes=\"auto, (max-width: 800px) 100vw, 800px\" \/><\/a><\/p>\n<p style=\"text-align: justify;\"><strong>Das wird gebraucht:<\/strong><br \/>\nEine leere Sp\u00fcliflasche (rund oder oval), Tapetenkleister, Wasser, Schneebesen, wei\u00dfes Transparentpapier, Schere, schwarzes Tonpapier, 2 schwarze Kn\u00f6pfe, Hei\u00dfklebepistole mit Klebepatrone, Basteldraht, Lochzange, ggf. Malkittel und Bastelunterlage<\/p>\n<p style=\"text-align: center;\"><a href=\"https:\/\/www.sabine-seyffert.de\/blog\/wp-content\/uploads\/2018\/10\/Laterne-Panda-Upcycling-4.jpg\"><img loading=\"lazy\" decoding=\"async\" class=\"alignnone size-full wp-image-13516\" src=\"https:\/\/www.sabine-seyffert.de\/blog\/wp-content\/uploads\/2018\/10\/Laterne-Panda-Upcycling-4.jpg\" alt=\"\" width=\"800\" height=\"600\" srcset=\"https:\/\/www.sabine-seyffert.de\/blog\/wp-content\/uploads\/2018\/10\/Laterne-Panda-Upcycling-4.jpg 800w, https:\/\/www.sabine-seyffert.de\/blog\/wp-content\/uploads\/2018\/10\/Laterne-Panda-Upcycling-4-300x225.jpg 300w, https:\/\/www.sabine-seyffert.de\/blog\/wp-content\/uploads\/2018\/10\/Laterne-Panda-Upcycling-4-768x576.jpg 768w\" sizes=\"auto, (max-width: 800px) 100vw, 800px\" \/><\/a><\/p>\n<p style=\"text-align: justify;\"><strong>So wird\u2019s gemacht:<\/strong><br \/>\nZuerst r\u00fchrt man in einer gro\u00dfen Sch\u00fcssel etwas Tapetenkleisterpulver mit lauwarmem Wasser an. Dazu benutzt man am besten einen Schneebesen, damit sich das Pulver gleichm\u00e4\u00dfig verteilt und keine Kl\u00fcmpchen entstehen.<br \/>\nDer Kleister dickt nach, daher sollte man die Masse eine Weile ruhen lassen und dann ggf. durch weitere Zugabe von Wasser den Kleber verd\u00fcnnen oder durch weiteren Tapetenkleister eindicken. Der Kleister sollte eine breiartige Konsistenz haben und auf keinen Fall zu fl\u00fcssig sein!<\/p>\n<p style=\"text-align: center;\"><a href=\"https:\/\/www.sabine-seyffert.de\/blog\/wp-content\/uploads\/2018\/10\/Laterne-Panda-Upcycling-3.jpg\"><img loading=\"lazy\" decoding=\"async\" class=\"alignnone size-full wp-image-13517\" src=\"https:\/\/www.sabine-seyffert.de\/blog\/wp-content\/uploads\/2018\/10\/Laterne-Panda-Upcycling-3.jpg\" alt=\"\" width=\"800\" height=\"600\" srcset=\"https:\/\/www.sabine-seyffert.de\/blog\/wp-content\/uploads\/2018\/10\/Laterne-Panda-Upcycling-3.jpg 800w, https:\/\/www.sabine-seyffert.de\/blog\/wp-content\/uploads\/2018\/10\/Laterne-Panda-Upcycling-3-300x225.jpg 300w, https:\/\/www.sabine-seyffert.de\/blog\/wp-content\/uploads\/2018\/10\/Laterne-Panda-Upcycling-3-768x576.jpg 768w\" sizes=\"auto, (max-width: 800px) 100vw, 800px\" \/><\/a><\/p>\n<p style=\"text-align: justify;\">Den Tisch deckt man am besten mit einer wasserfesten Tischdecke oder Bastelunterlage ab. Wobei sich der Kleister in der Regel problemlos mit Schwamm und warmen Wasser entfernen l\u00e4sst. Dann schneidet oder rei\u00dft man das Transparentpapier in kleine St\u00fccke. Jetzt wird die Sp\u00fcliflasche von s\u00e4mtlichen Etiketten entfernt und kann anschlie\u00dfend mit dem Kleber eingestrichen werden. Nur der Flaschenhals bleibt frei. Auf den Kleber dr\u00fcckt man die wei\u00dfen Transparentpapierst\u00fccke. Ecken und R\u00e4nder k\u00f6nnen mit Kleister bestrichen werden, damit die Flasche gut und gleichm\u00e4\u00dfig bedeckt ist. Zum Schluss sollten 3-4 Papierschichten um die Flasche geklebt worden sein. Dann stellt man diese auf den Flaschenhals und l\u00e4sst alles \u00fcber Nacht gut durchtrocknen.<\/p>\n<p style=\"text-align: center;\"><a href=\"https:\/\/www.sabine-seyffert.de\/blog\/wp-content\/uploads\/2018\/10\/Laterne-Panda-Upcycling-1.jpg\"><img loading=\"lazy\" decoding=\"async\" class=\"alignnone size-full wp-image-13518\" src=\"https:\/\/www.sabine-seyffert.de\/blog\/wp-content\/uploads\/2018\/10\/Laterne-Panda-Upcycling-1.jpg\" alt=\"\" width=\"800\" height=\"600\" srcset=\"https:\/\/www.sabine-seyffert.de\/blog\/wp-content\/uploads\/2018\/10\/Laterne-Panda-Upcycling-1.jpg 800w, https:\/\/www.sabine-seyffert.de\/blog\/wp-content\/uploads\/2018\/10\/Laterne-Panda-Upcycling-1-300x225.jpg 300w, https:\/\/www.sabine-seyffert.de\/blog\/wp-content\/uploads\/2018\/10\/Laterne-Panda-Upcycling-1-768x576.jpg 768w\" sizes=\"auto, (max-width: 800px) 100vw, 800px\" \/><\/a><\/p>\n<p style=\"text-align: justify;\">Am n\u00e4chsten Tag schneidet man aus dem schwarzen Tonpapier zwei Ohren, zwei gro\u00dfe Augen, Nase und Mund f\u00fcr den Panda. In die beiden Augen kommen zwei kreisrunde \u00d6ffnungen, f\u00fcr die Knopfaugen, die zum Schluss eingesetzt werden.<br \/>\nMit Hilfe der Hei\u00dfklebepistole werden dem Panda nun die fehlenden Gesichtsteile aufgeklebt. Dann klebt man je einen runden Holzknopf in die Augen\u00f6ffnung.<br \/>\nNun ben\u00f6tigt die Laterne nur noch eine Aufh\u00e4ngung. Dazu stanzt man mit der Lochzange am Flaschenhals recht und links eine kleine \u00d6ffnung und zieht etwas Basteldraht hindurch, den man zu einer Schlaufe dreht.<\/p>\n<p style=\"text-align: center;\"><a href=\"https:\/\/www.sabine-seyffert.de\/blog\/wp-content\/uploads\/2018\/10\/Laterne-Panda-Upcycling-2.jpg\"><img loading=\"lazy\" decoding=\"async\" class=\"alignnone size-full wp-image-13519\" src=\"https:\/\/www.sabine-seyffert.de\/blog\/wp-content\/uploads\/2018\/10\/Laterne-Panda-Upcycling-2.jpg\" alt=\"\" width=\"800\" height=\"600\" srcset=\"https:\/\/www.sabine-seyffert.de\/blog\/wp-content\/uploads\/2018\/10\/Laterne-Panda-Upcycling-2.jpg 800w, https:\/\/www.sabine-seyffert.de\/blog\/wp-content\/uploads\/2018\/10\/Laterne-Panda-Upcycling-2-300x225.jpg 300w, https:\/\/www.sabine-seyffert.de\/blog\/wp-content\/uploads\/2018\/10\/Laterne-Panda-Upcycling-2-768x576.jpg 768w\" sizes=\"auto, (max-width: 800px) 100vw, 800px\" \/><\/a><\/p>\n<p style=\"text-align: justify;\">Alternativ kann man den Draht auch einfach fest um den Flaschenhals wickeln und dar\u00fcber eine kleine Schlaufe drehen. Jetzt fehlt nur noch der elektrische Laternenstab und der Panda kann mit den anderen Laternen um die Wette leuchten!<\/p>\n<p style=\"text-align: center;\"><a href=\"https:\/\/www.sabine-seyffert.de\/blog\/wp-content\/uploads\/2018\/10\/Laterne-Panda-Upcycling-6.jpg\"><img loading=\"lazy\" decoding=\"async\" class=\"alignnone size-full wp-image-13520\" src=\"https:\/\/www.sabine-seyffert.de\/blog\/wp-content\/uploads\/2018\/10\/Laterne-Panda-Upcycling-6.jpg\" alt=\"\" width=\"600\" height=\"800\" srcset=\"https:\/\/www.sabine-seyffert.de\/blog\/wp-content\/uploads\/2018\/10\/Laterne-Panda-Upcycling-6.jpg 600w, https:\/\/www.sabine-seyffert.de\/blog\/wp-content\/uploads\/2018\/10\/Laterne-Panda-Upcycling-6-225x300.jpg 225w\" sizes=\"auto, (max-width: 600px) 100vw, 600px\" \/><\/a><\/p>\n<p style=\"text-align: justify;\">Alle Ideen rund um die Laternenzeit findet ihr ab sofort in diesem <a href=\"https:\/\/www.sabine-seyffert.de\/blog\/?cat=54\" target=\"_blank\" rel=\"noopener\">neuen Blog Ordner<\/a>, alles zum Thema Herbst <a href=\"https:\/\/www.sabine-seyffert.de\/blog\/?cat=25\" target=\"_blank\" rel=\"noopener\">hier<\/a> und andere kreative Sachen gibt es <a href=\"http:\/\/www.lunaju.de\/2018\/10\/kiddikram-oktober-2018.html\" target=\"_blank\" rel=\"noopener nofollow\">da<\/a> und auch an <a href=\"https:\/\/www.creadienstag.de\/2018\/10\/linlparty-354.html\" target=\"_blank\" rel=\"noopener nofollow\">dieser<\/a> Stelle.<br \/>\n<a href=\"https:\/\/www.sabine-seyffert.de\/blog\/?page_id=32#urheberrecht\">urheberrechtlich gesch\u00fctzt<\/a>, \u00a9 Sabine Seyffert<\/p>\n","protected":false},"excerpt":{"rendered":"<p>Wir sind aus den Herbstferien zur\u00fcck und jetzt steht auch schon die Laternenzeit kurz bevor. Da werden die Tage sp\u00fcrbar k\u00fcrzer und man macht es sich drinnen bei Kerzenschein, s\u00fc\u00dfen Weckm\u00e4nnern und warmen Kakao gem\u00fctlich. Dabei werden dann in geselliger Runde die lustigsten Laternen gebastelt: Fruchtige Erdbeeren, leuchtende K\u00e4fer, ein s\u00fc\u00dfer Froschk\u00f6nig, Fuchslaternen, ein strahlender&#8230; <a href=\"https:\/\/www.sabine-seyffert.de\/blog\/diy-mit-kindern-laternen-basteln-eine-panda-laterne-fuer-das-martinsfest-upcycling-idee\/\" class=\"more-link\">Read more: DIY Mit Kindern Laternen basteln: Eine Panda Laterne f\u00fcr das Martinsfest \u2013 Upcycling Idee<\/a><\/p>\n","protected":false},"author":2,"featured_media":0,"comment_status":"open","ping_status":"open","sticky":false,"template":"","format":"standard","meta":{"_metis_text_type":"","_metis_text_length":3329,"_post_count":0,"footnotes":""},"categories":[32,25,54,47],"tags":[],"class_list":["post-13514","post","type-post","status-publish","format-standard","hentry","category-kreatives-fur-kleine-kinderhande","category-herbst","category-laterne-co","category-upcyceltes"],"_links":{"self":[{"href":"https:\/\/www.sabine-seyffert.de\/blog\/wp-json\/wp\/v2\/posts\/13514","targetHints":{"allow":["GET"]}}],"collection":[{"href":"https:\/\/www.sabine-seyffert.de\/blog\/wp-json\/wp\/v2\/posts"}],"about":[{"href":"https:\/\/www.sabine-seyffert.de\/blog\/wp-json\/wp\/v2\/types\/post"}],"author":[{"embeddable":true,"href":"https:\/\/www.sabine-seyffert.de\/blog\/wp-json\/wp\/v2\/users\/2"}],"replies":[{"embeddable":true,"href":"https:\/\/www.sabine-seyffert.de\/blog\/wp-json\/wp\/v2\/comments?post=13514"}],"version-history":[{"count":6,"href":"https:\/\/www.sabine-seyffert.de\/blog\/wp-json\/wp\/v2\/posts\/13514\/revisions"}],"predecessor-version":[{"id":13541,"href":"https:\/\/www.sabine-seyffert.de\/blog\/wp-json\/wp\/v2\/posts\/13514\/revisions\/13541"}],"wp:attachment":[{"href":"https:\/\/www.sabine-seyffert.de\/blog\/wp-json\/wp\/v2\/media?parent=13514"}],"wp:term":[{"taxonomy":"category","embeddable":true,"href":"https:\/\/www.sabine-seyffert.de\/blog\/wp-json\/wp\/v2\/categories?post=13514"},{"taxonomy":"post_tag","embeddable":true,"href":"https:\/\/www.sabine-seyffert.de\/blog\/wp-json\/wp\/v2\/tags?post=13514"}],"curies":[{"name":"wp","href":"https:\/\/api.w.org\/{rel}","templated":true}]}}