{"id":13480,"date":"2018-10-23T09:09:57","date_gmt":"2018-10-23T07:09:57","guid":{"rendered":"https:\/\/www.sabine-seyffert.de\/blog\/?p=13480"},"modified":"2023-10-08T18:29:36","modified_gmt":"2023-10-08T16:29:36","slug":"diy-bastelidee-zu-halloween-froehliche-fledermaeuse-aus-waescheklammern-basteln","status":"publish","type":"post","link":"https:\/\/www.sabine-seyffert.de\/blog\/diy-bastelidee-zu-halloween-froehliche-fledermaeuse-aus-waescheklammern-basteln\/","title":{"rendered":"DIY Bastelidee zu Halloween: Fr\u00f6hliche Flederm\u00e4use aus W\u00e4scheklammern basteln"},"content":{"rendered":"<p style=\"text-align: justify;\"><img loading=\"lazy\" decoding=\"async\" src=\"http:\/\/vg01.met.vgwort.de\/na\/9088abd3a5d542069355ed47adcbfcab\" alt=\"\" width=\"1\" height=\"1\" \/>Hier bei uns wird Halloween als Fest zwar nicht wirklich gro\u00df gefeiert, dennoch habe ich eine kreative Bastelei f\u00fcr euch. Wer diese nicht f\u00fcr die Halloweenfeier werkeln m\u00f6chte, kann sie auch als Geschenkverpackung f\u00fcr andere Feiern nutzen. Passend w\u00e4ren die kleinen Flederm\u00e4use nat\u00fcrlich auch f\u00fcr einen spannenden Rittergeburtstag, ein Gespensterfest oder auch f\u00fcr kleine Mitbringsel in der Herbstzeit.<br \/>\nSchlie\u00dflich kann man gerade im Herbst kreative Bastelideen gut gebrauchen, wenn es drau\u00dfen zu kalt und ungem\u00fctlich zum Spielen ist. Also, los geht\u2019s!<\/p>\n<p style=\"text-align: center;\"><a href=\"https:\/\/www.sabine-seyffert.de\/blog\/wp-content\/uploads\/2018\/10\/Fledermaus-aus-W\u00e4scheklammer-5.jpg\"><img loading=\"lazy\" decoding=\"async\" class=\"alignnone size-full wp-image-13481\" src=\"https:\/\/www.sabine-seyffert.de\/blog\/wp-content\/uploads\/2018\/10\/Fledermaus-aus-W\u00e4scheklammer-5.jpg\" alt=\"\" width=\"800\" height=\"600\" srcset=\"https:\/\/www.sabine-seyffert.de\/blog\/wp-content\/uploads\/2018\/10\/Fledermaus-aus-W\u00e4scheklammer-5.jpg 800w, https:\/\/www.sabine-seyffert.de\/blog\/wp-content\/uploads\/2018\/10\/Fledermaus-aus-W\u00e4scheklammer-5-300x225.jpg 300w, https:\/\/www.sabine-seyffert.de\/blog\/wp-content\/uploads\/2018\/10\/Fledermaus-aus-W\u00e4scheklammer-5-768x576.jpg 768w\" sizes=\"auto, (max-width: 800px) 100vw, 800px\" \/><\/a><\/p>\n<p style=\"text-align: justify;\"><strong>Das wird gebraucht:<\/strong><br \/>\nW\u00e4scheklammern aus Holz mit rundem Kopf, schwarzer Acryllack auf Wasserbasis, ein breiter Borstenpinsel, eine Malunterlage oder altes Zeitungspapier zum Unterlegen, eine Bastelschere, einen Bleistift (besser ist ein wei\u00dfer Buntstift), schwarzer Tonkarton, einen wei\u00dfen Lackstift (d\u00fcnn) oder Gelschreiber, Locher, Restst\u00fcck d\u00fcnne Pappe, eine Hei\u00dfklebepistole samt Klebepatrone<\/p>\n<p style=\"text-align: center;\"><a href=\"https:\/\/www.sabine-seyffert.de\/blog\/wp-content\/uploads\/2018\/10\/Fledermaus-aus-W\u00e4scheklammer.jpg\"><img loading=\"lazy\" decoding=\"async\" class=\"alignnone size-full wp-image-13482\" src=\"https:\/\/www.sabine-seyffert.de\/blog\/wp-content\/uploads\/2018\/10\/Fledermaus-aus-W\u00e4scheklammer.jpg\" alt=\"\" width=\"800\" height=\"600\" srcset=\"https:\/\/www.sabine-seyffert.de\/blog\/wp-content\/uploads\/2018\/10\/Fledermaus-aus-W\u00e4scheklammer.jpg 800w, https:\/\/www.sabine-seyffert.de\/blog\/wp-content\/uploads\/2018\/10\/Fledermaus-aus-W\u00e4scheklammer-300x225.jpg 300w, https:\/\/www.sabine-seyffert.de\/blog\/wp-content\/uploads\/2018\/10\/Fledermaus-aus-W\u00e4scheklammer-768x576.jpg 768w\" sizes=\"auto, (max-width: 800px) 100vw, 800px\" \/><\/a><\/p>\n<p style=\"text-align: justify;\"><strong>So wird\u2019s gemacht:<\/strong><br \/>\nAls erstes deckt ihr den Tisch mit einem Bastelset oder altem Zeitungspapier gut ab. Dann schnappt ihr euch die h\u00f6lzernen W\u00e4scheklammern.<\/p>\n<p style=\"text-align: center;\"><a href=\"https:\/\/www.sabine-seyffert.de\/blog\/wp-content\/uploads\/2018\/10\/Fledermaus-aus-W\u00e4scheklammer-7.jpg\"><img loading=\"lazy\" decoding=\"async\" class=\"alignnone size-full wp-image-13483\" src=\"https:\/\/www.sabine-seyffert.de\/blog\/wp-content\/uploads\/2018\/10\/Fledermaus-aus-W\u00e4scheklammer-7.jpg\" alt=\"\" width=\"800\" height=\"600\" srcset=\"https:\/\/www.sabine-seyffert.de\/blog\/wp-content\/uploads\/2018\/10\/Fledermaus-aus-W\u00e4scheklammer-7.jpg 800w, https:\/\/www.sabine-seyffert.de\/blog\/wp-content\/uploads\/2018\/10\/Fledermaus-aus-W\u00e4scheklammer-7-300x225.jpg 300w, https:\/\/www.sabine-seyffert.de\/blog\/wp-content\/uploads\/2018\/10\/Fledermaus-aus-W\u00e4scheklammer-7-768x576.jpg 768w\" sizes=\"auto, (max-width: 800px) 100vw, 800px\" \/><\/a><\/p>\n<p style=\"text-align: justify;\">Die werden nun per Hand im oberen Bereich schwarz bemalt. Das klappt mit einem Borstenpinsel ganz gut. Sollten die Kinder, die mitbasteln j\u00fcnger sein, kann man die W\u00e4scheklammern vorab mit Bleistift umranden und auf diese Weise kennzeichnen wo gemalt werden soll.<\/p>\n<p style=\"text-align: center;\"><a href=\"https:\/\/www.sabine-seyffert.de\/blog\/wp-content\/uploads\/2018\/10\/Fledermaus-aus-W\u00e4scheklammer-4.jpg\"><img loading=\"lazy\" decoding=\"async\" class=\"alignnone size-full wp-image-13484\" src=\"https:\/\/www.sabine-seyffert.de\/blog\/wp-content\/uploads\/2018\/10\/Fledermaus-aus-W\u00e4scheklammer-4.jpg\" alt=\"\" width=\"800\" height=\"600\" srcset=\"https:\/\/www.sabine-seyffert.de\/blog\/wp-content\/uploads\/2018\/10\/Fledermaus-aus-W\u00e4scheklammer-4.jpg 800w, https:\/\/www.sabine-seyffert.de\/blog\/wp-content\/uploads\/2018\/10\/Fledermaus-aus-W\u00e4scheklammer-4-300x225.jpg 300w, https:\/\/www.sabine-seyffert.de\/blog\/wp-content\/uploads\/2018\/10\/Fledermaus-aus-W\u00e4scheklammer-4-768x576.jpg 768w\" sizes=\"auto, (max-width: 800px) 100vw, 800px\" \/><\/a><\/p>\n<p style=\"text-align: justify;\">W\u00e4hrend die Farbe trocknet, zeichnet man auf dem schwarzen Fotokarton mit einem Stift den Umriss f\u00fcr die Fledermausfl\u00fcgel auf. Diese schneidet man anschlie\u00dfend aus.<\/p>\n<p style=\"text-align: center;\"><a href=\"https:\/\/www.sabine-seyffert.de\/blog\/wp-content\/uploads\/2018\/10\/Fledermaus-aus-W\u00e4scheklammer-8.jpg\"><img loading=\"lazy\" decoding=\"async\" class=\"alignnone size-full wp-image-13485\" src=\"https:\/\/www.sabine-seyffert.de\/blog\/wp-content\/uploads\/2018\/10\/Fledermaus-aus-W\u00e4scheklammer-8.jpg\" alt=\"\" width=\"800\" height=\"600\" srcset=\"https:\/\/www.sabine-seyffert.de\/blog\/wp-content\/uploads\/2018\/10\/Fledermaus-aus-W\u00e4scheklammer-8.jpg 800w, https:\/\/www.sabine-seyffert.de\/blog\/wp-content\/uploads\/2018\/10\/Fledermaus-aus-W\u00e4scheklammer-8-300x225.jpg 300w, https:\/\/www.sabine-seyffert.de\/blog\/wp-content\/uploads\/2018\/10\/Fledermaus-aus-W\u00e4scheklammer-8-768x576.jpg 768w\" sizes=\"auto, (max-width: 800px) 100vw, 800px\" \/><\/a><\/p>\n<p style=\"text-align: justify;\">Sobald die Farbe auf den Holzklammern trocken ist, malt man mit dem Lackstift \/ Gelschreiber zwei Fledermausz\u00e4hne auf den runden Kopf. Mit dem Locher stanzt man aus d\u00fcnner Pappe zwei runde Augen und klebt diese auf.<\/p>\n<p style=\"text-align: center;\"><a href=\"https:\/\/www.sabine-seyffert.de\/blog\/wp-content\/uploads\/2018\/10\/Fledermaus-aus-W\u00e4scheklammer-3.jpg\"><img loading=\"lazy\" decoding=\"async\" class=\"alignnone size-full wp-image-13486\" src=\"https:\/\/www.sabine-seyffert.de\/blog\/wp-content\/uploads\/2018\/10\/Fledermaus-aus-W\u00e4scheklammer-3.jpg\" alt=\"\" width=\"800\" height=\"600\" srcset=\"https:\/\/www.sabine-seyffert.de\/blog\/wp-content\/uploads\/2018\/10\/Fledermaus-aus-W\u00e4scheklammer-3.jpg 800w, https:\/\/www.sabine-seyffert.de\/blog\/wp-content\/uploads\/2018\/10\/Fledermaus-aus-W\u00e4scheklammer-3-300x225.jpg 300w, https:\/\/www.sabine-seyffert.de\/blog\/wp-content\/uploads\/2018\/10\/Fledermaus-aus-W\u00e4scheklammer-3-768x576.jpg 768w\" sizes=\"auto, (max-width: 800px) 100vw, 800px\" \/><\/a><\/p>\n<p style=\"text-align: justify;\">Anschlie\u00dfend klebt man jeder Fledermaus von der R\u00fcckseite mit einem Tropfen Hei\u00dfkleber die Papierfl\u00fcgel auf. Mit den lustigen Flederm\u00e4usen kann man nun einen Papierbeutel verschlie\u00dfen oder ein anderes Geschenk verzieren \ud83d\ude42<\/p>\n<p style=\"text-align: center;\"><a href=\"http:\/\/www.lunaju.de\/2018\/10\/kiddikram-oktober-2018.html\"><img loading=\"lazy\" decoding=\"async\" class=\"alignnone size-full wp-image-13487\" src=\"https:\/\/www.sabine-seyffert.de\/blog\/wp-content\/uploads\/2018\/10\/Fledermaus-aus-W\u00e4scheklammer-1.jpg\" alt=\"\" width=\"800\" height=\"600\" srcset=\"https:\/\/www.sabine-seyffert.de\/blog\/wp-content\/uploads\/2018\/10\/Fledermaus-aus-W\u00e4scheklammer-1.jpg 800w, https:\/\/www.sabine-seyffert.de\/blog\/wp-content\/uploads\/2018\/10\/Fledermaus-aus-W\u00e4scheklammer-1-300x225.jpg 300w, https:\/\/www.sabine-seyffert.de\/blog\/wp-content\/uploads\/2018\/10\/Fledermaus-aus-W\u00e4scheklammer-1-768x576.jpg 768w\" sizes=\"auto, (max-width: 800px) 100vw, 800px\" \/><\/a><\/p>\n<p style=\"text-align: justify;\">Weitere Bastelideen f\u00fcr Kinder findet ihr \u00fcbrigens in <a href=\"https:\/\/www.sabine-seyffert.de\/blog\/?cat=32\" target=\"_blank\" rel=\"noopener\">dieser Blog Kategorie<\/a>, ausgefallene Verpackungsidee mit Bastelanleitung zu unterschiedlichen Anl\u00e4ssen gibt es in <a href=\"https:\/\/www.sabine-seyffert.de\/blog\/?cat=49\" target=\"_blank\" rel=\"noopener\">diesem Ordner<\/a>, alles rund um den Herbst <a href=\"https:\/\/www.sabine-seyffert.de\/blog\/?cat=25\" target=\"_blank\" rel=\"noopener\">da<\/a>, mehr Halloween Ideen <a href=\"https:\/\/mrsgreenhouse.de\/eine-halloween-girlande-zum-ausdrucken\" target=\"_blank\" rel=\"noopener nofollow\">hier<\/a> und andere kreative Sachen gibt es <a href=\"http:\/\/www.lunaju.de\/2018\/10\/kiddikram-oktober-2018.html\" target=\"_blank\" rel=\"noopener nofollow\">dort<\/a> und auch an <a href=\"https:\/\/www.creadienstag.de\/2018\/10\/linlparty-353.html\" target=\"_blank\" rel=\"noopener nofollow\">dieser<\/a> Stelle.<\/p>\n<p style=\"text-align: center;\"><a href=\"https:\/\/www.sabine-seyffert.de\/blog\/wp-content\/uploads\/2018\/10\/Fledermaus-aus-W\u00e4scheklammer-2.jpg\"><img loading=\"lazy\" decoding=\"async\" class=\"alignnone size-full wp-image-13488\" src=\"https:\/\/www.sabine-seyffert.de\/blog\/wp-content\/uploads\/2018\/10\/Fledermaus-aus-W\u00e4scheklammer-2.jpg\" alt=\"\" width=\"800\" height=\"600\" srcset=\"https:\/\/www.sabine-seyffert.de\/blog\/wp-content\/uploads\/2018\/10\/Fledermaus-aus-W\u00e4scheklammer-2.jpg 800w, https:\/\/www.sabine-seyffert.de\/blog\/wp-content\/uploads\/2018\/10\/Fledermaus-aus-W\u00e4scheklammer-2-300x225.jpg 300w, https:\/\/www.sabine-seyffert.de\/blog\/wp-content\/uploads\/2018\/10\/Fledermaus-aus-W\u00e4scheklammer-2-768x576.jpg 768w\" sizes=\"auto, (max-width: 800px) 100vw, 800px\" \/><\/a><\/p>\n<p style=\"text-align: justify;\"><a href=\"https:\/\/www.sabine-seyffert.de\/blog\/?page_id=32#urheberrecht\">urheberrechtlich gesch\u00fctzt<\/a>, \u00a9 Sabine Seyffert<\/p>\n","protected":false},"excerpt":{"rendered":"<p>Hier bei uns wird Halloween als Fest zwar nicht wirklich gro\u00df gefeiert, dennoch habe ich eine kreative Bastelei f\u00fcr euch. Wer diese nicht f\u00fcr die Halloweenfeier werkeln m\u00f6chte, kann sie auch als Geschenkverpackung f\u00fcr andere Feiern nutzen. Passend w\u00e4ren die kleinen Flederm\u00e4use nat\u00fcrlich auch f\u00fcr einen spannenden Rittergeburtstag, ein Gespensterfest oder auch f\u00fcr kleine Mitbringsel&#8230; <a href=\"https:\/\/www.sabine-seyffert.de\/blog\/diy-bastelidee-zu-halloween-froehliche-fledermaeuse-aus-waescheklammern-basteln\/\" class=\"more-link\">Read more: DIY Bastelidee zu Halloween: Fr\u00f6hliche Flederm\u00e4use aus W\u00e4scheklammern basteln<\/a><\/p>\n","protected":false},"author":2,"featured_media":0,"comment_status":"open","ping_status":"open","sticky":false,"template":"","format":"standard","meta":{"_metis_text_type":"","_metis_text_length":2322,"_post_count":0,"footnotes":""},"categories":[32,49,58,25],"tags":[],"class_list":["post-13480","post","type-post","status-publish","format-standard","hentry","category-kreatives-fur-kleine-kinderhande","category-verpackungsideen","category-halloween","category-herbst"],"_links":{"self":[{"href":"https:\/\/www.sabine-seyffert.de\/blog\/wp-json\/wp\/v2\/posts\/13480","targetHints":{"allow":["GET"]}}],"collection":[{"href":"https:\/\/www.sabine-seyffert.de\/blog\/wp-json\/wp\/v2\/posts"}],"about":[{"href":"https:\/\/www.sabine-seyffert.de\/blog\/wp-json\/wp\/v2\/types\/post"}],"author":[{"embeddable":true,"href":"https:\/\/www.sabine-seyffert.de\/blog\/wp-json\/wp\/v2\/users\/2"}],"replies":[{"embeddable":true,"href":"https:\/\/www.sabine-seyffert.de\/blog\/wp-json\/wp\/v2\/comments?post=13480"}],"version-history":[{"count":10,"href":"https:\/\/www.sabine-seyffert.de\/blog\/wp-json\/wp\/v2\/posts\/13480\/revisions"}],"predecessor-version":[{"id":26433,"href":"https:\/\/www.sabine-seyffert.de\/blog\/wp-json\/wp\/v2\/posts\/13480\/revisions\/26433"}],"wp:attachment":[{"href":"https:\/\/www.sabine-seyffert.de\/blog\/wp-json\/wp\/v2\/media?parent=13480"}],"wp:term":[{"taxonomy":"category","embeddable":true,"href":"https:\/\/www.sabine-seyffert.de\/blog\/wp-json\/wp\/v2\/categories?post=13480"},{"taxonomy":"post_tag","embeddable":true,"href":"https:\/\/www.sabine-seyffert.de\/blog\/wp-json\/wp\/v2\/tags?post=13480"}],"curies":[{"name":"wp","href":"https:\/\/api.w.org\/{rel}","templated":true}]}}