{"id":13470,"date":"2018-10-20T09:29:57","date_gmt":"2018-10-20T07:29:57","guid":{"rendered":"https:\/\/www.sabine-seyffert.de\/blog\/?p=13470"},"modified":"2018-10-23T15:56:17","modified_gmt":"2018-10-23T13:56:17","slug":"diy-geschenkidee-ich-schenk-dir-licht-waerme-geborgenheit","status":"publish","type":"post","link":"https:\/\/www.sabine-seyffert.de\/blog\/diy-geschenkidee-ich-schenk-dir-licht-waerme-geborgenheit\/","title":{"rendered":"DIY Geschenkidee: Ich schenk dir Licht, W\u00e4rme &#038; Geborgenheit"},"content":{"rendered":"<p style=\"text-align: justify;\"><img loading=\"lazy\" decoding=\"async\" src=\"https:\/\/vg01.met.vgwort.de\/na\/f3c310ec6d67428a9e22237f9d9c867d\" alt=\"\" width=\"1\" height=\"1\" \/>Es gibt Situationen in denen scheint alles um einen herum dunkel und ausweglos. Wie sehr w\u00fcrde man sich hier ein kleines Licht am Ende des Tunnels w\u00fcnschen! Oder man denkt an die Stimmung, die sich gerne an nassen, kalten und grauen Herbsttagen breit macht aufs Gem\u00fct dr\u00fcckt. Genau solche Momente sind es, in denen kleine Aufmunterungen und warmes Licht sehr wohltuend sind. Nichts leichter als das \u2013 einen Schwung an wohliger W\u00e4rme, hellem Licht und einer Portion Geborgenheit kann man ganz leicht verschenken!<\/p>\n<p style=\"text-align: center;\"><a href=\"https:\/\/www.sabine-seyffert.de\/blog\/wp-content\/uploads\/2018\/10\/Licht-verschenken-Geschenkidee-5.jpg\"><img loading=\"lazy\" decoding=\"async\" class=\"alignnone size-full wp-image-13471\" src=\"https:\/\/www.sabine-seyffert.de\/blog\/wp-content\/uploads\/2018\/10\/Licht-verschenken-Geschenkidee-5.jpg\" alt=\"\" width=\"800\" height=\"600\" srcset=\"https:\/\/www.sabine-seyffert.de\/blog\/wp-content\/uploads\/2018\/10\/Licht-verschenken-Geschenkidee-5.jpg 800w, https:\/\/www.sabine-seyffert.de\/blog\/wp-content\/uploads\/2018\/10\/Licht-verschenken-Geschenkidee-5-300x225.jpg 300w, https:\/\/www.sabine-seyffert.de\/blog\/wp-content\/uploads\/2018\/10\/Licht-verschenken-Geschenkidee-5-768x576.jpg 768w\" sizes=\"auto, (max-width: 800px) 100vw, 800px\" \/><\/a><\/p>\n<p style=\"text-align: justify;\"><strong>Das wird gebraucht:<\/strong><br \/>\nEin paar sch\u00f6ne Kerzen und etwas Material um diese nett als kleines Geschenk \u00fcberreichen zu k\u00f6nnen. Bsp. etwas Packpapier, ein altes Marmeladenglas, Stoffreste, ein wei\u00dfer Lackstift, Kordel, Wellpappe, Zierborte, eine Schere und einen Klebstift.<\/p>\n<p style=\"text-align: center;\"><a href=\"https:\/\/www.sabine-seyffert.de\/blog\/wp-content\/uploads\/2018\/10\/Licht-verschenken-Geschenkidee-7.jpg\"><img loading=\"lazy\" decoding=\"async\" class=\"alignnone size-full wp-image-13472\" src=\"https:\/\/www.sabine-seyffert.de\/blog\/wp-content\/uploads\/2018\/10\/Licht-verschenken-Geschenkidee-7.jpg\" alt=\"\" width=\"800\" height=\"600\" srcset=\"https:\/\/www.sabine-seyffert.de\/blog\/wp-content\/uploads\/2018\/10\/Licht-verschenken-Geschenkidee-7.jpg 800w, https:\/\/www.sabine-seyffert.de\/blog\/wp-content\/uploads\/2018\/10\/Licht-verschenken-Geschenkidee-7-300x225.jpg 300w, https:\/\/www.sabine-seyffert.de\/blog\/wp-content\/uploads\/2018\/10\/Licht-verschenken-Geschenkidee-7-768x576.jpg 768w\" sizes=\"auto, (max-width: 800px) 100vw, 800px\" \/><\/a><\/p>\n<p style=\"text-align: justify;\"><strong>So wird\u2019s gemacht:<\/strong><br \/>\nAus dem Packpapier schneidet man etwa 2 cm breite und 10 cm lange Streifen. Diese bestreicht man an den Enden mit Kleber und befestigt diese um die Kerzen. Mit einem Stift l\u00e4sst sich darauf auch eine kleine Botschaft notieren: Licht, W\u00e4rme, Gem\u00fctlichkeit o.\u00e4.<\/p>\n<p style=\"text-align: center;\"><a href=\"https:\/\/www.sabine-seyffert.de\/blog\/wp-content\/uploads\/2018\/10\/Licht-verschenken-Geschenkidee-4.jpg\"><img loading=\"lazy\" decoding=\"async\" class=\"alignnone size-full wp-image-13473\" src=\"https:\/\/www.sabine-seyffert.de\/blog\/wp-content\/uploads\/2018\/10\/Licht-verschenken-Geschenkidee-4.jpg\" alt=\"\" width=\"800\" height=\"600\" srcset=\"https:\/\/www.sabine-seyffert.de\/blog\/wp-content\/uploads\/2018\/10\/Licht-verschenken-Geschenkidee-4.jpg 800w, https:\/\/www.sabine-seyffert.de\/blog\/wp-content\/uploads\/2018\/10\/Licht-verschenken-Geschenkidee-4-300x225.jpg 300w, https:\/\/www.sabine-seyffert.de\/blog\/wp-content\/uploads\/2018\/10\/Licht-verschenken-Geschenkidee-4-768x576.jpg 768w\" sizes=\"auto, (max-width: 800px) 100vw, 800px\" \/><\/a><\/p>\n<p style=\"text-align: justify;\">Oder man wickelt um mehrere Kerzen eine Art Banderole, die man auch einem kleinen St\u00fcck Wellpappe schneiden und um die Kerzen befestigen kann. Versch\u00f6nern l\u00e4sst sich die Banderole mit etwas Spitzenband oder Zierborte.<\/p>\n<p style=\"text-align: center;\"><a href=\"https:\/\/www.sabine-seyffert.de\/blog\/wp-content\/uploads\/2018\/10\/Licht-verschenken-Geschenkidee-1.jpg\"><img loading=\"lazy\" decoding=\"async\" class=\"alignnone size-full wp-image-13474\" src=\"https:\/\/www.sabine-seyffert.de\/blog\/wp-content\/uploads\/2018\/10\/Licht-verschenken-Geschenkidee-1.jpg\" alt=\"\" width=\"800\" height=\"600\" srcset=\"https:\/\/www.sabine-seyffert.de\/blog\/wp-content\/uploads\/2018\/10\/Licht-verschenken-Geschenkidee-1.jpg 800w, https:\/\/www.sabine-seyffert.de\/blog\/wp-content\/uploads\/2018\/10\/Licht-verschenken-Geschenkidee-1-300x225.jpg 300w, https:\/\/www.sabine-seyffert.de\/blog\/wp-content\/uploads\/2018\/10\/Licht-verschenken-Geschenkidee-1-768x576.jpg 768w\" sizes=\"auto, (max-width: 800px) 100vw, 800px\" \/><\/a><\/p>\n<p style=\"text-align: justify;\">Wie w\u00e4re es alternativ mit einem ganzen Vorrat an Licht &amp; W\u00e4rme? Das ideale Geschenk f\u00fcr lange Herbst- und Winterabende? Dann packt doch einfach einen Schwung an kleinen Kerzen in ein Marmeladenglas. Bindet \u00fcber den Deckel einen sch\u00f6nen Stoffrest als Augenfang und darum noch einen kleinen, selbst gemachten Anh\u00e4nger.<\/p>\n<p style=\"text-align: center;\"><a href=\"https:\/\/www.sabine-seyffert.de\/blog\/wp-content\/uploads\/2018\/10\/Licht-verschenken-Geschenkidee-2.jpg\"><img loading=\"lazy\" decoding=\"async\" class=\"alignnone size-full wp-image-13475\" src=\"https:\/\/www.sabine-seyffert.de\/blog\/wp-content\/uploads\/2018\/10\/Licht-verschenken-Geschenkidee-2.jpg\" alt=\"\" width=\"800\" height=\"600\" srcset=\"https:\/\/www.sabine-seyffert.de\/blog\/wp-content\/uploads\/2018\/10\/Licht-verschenken-Geschenkidee-2.jpg 800w, https:\/\/www.sabine-seyffert.de\/blog\/wp-content\/uploads\/2018\/10\/Licht-verschenken-Geschenkidee-2-300x225.jpg 300w, https:\/\/www.sabine-seyffert.de\/blog\/wp-content\/uploads\/2018\/10\/Licht-verschenken-Geschenkidee-2-768x576.jpg 768w\" sizes=\"auto, (max-width: 800px) 100vw, 800px\" \/><\/a><\/p>\n<p style=\"text-align: justify;\"><strong>Ein kleiner Tipp:<\/strong><br \/>\nDie Farben der Kerzen sowie das Papier mit denen ihr diese als Geschenk aufpeppen m\u00f6chten, k\u00f6nnen ihr nat\u00fcrlich nach eigenen Vorstellungen austauschen und gestalten \ud83d\ude42<\/p>\n<p style=\"text-align: center;\"><a href=\"https:\/\/www.sabine-seyffert.de\/blog\/wp-content\/uploads\/2018\/10\/Licht-verschenken-Geschenkidee-6.jpg\"><img loading=\"lazy\" decoding=\"async\" class=\"alignnone size-full wp-image-13476\" src=\"https:\/\/www.sabine-seyffert.de\/blog\/wp-content\/uploads\/2018\/10\/Licht-verschenken-Geschenkidee-6.jpg\" alt=\"\" width=\"800\" height=\"600\" srcset=\"https:\/\/www.sabine-seyffert.de\/blog\/wp-content\/uploads\/2018\/10\/Licht-verschenken-Geschenkidee-6.jpg 800w, https:\/\/www.sabine-seyffert.de\/blog\/wp-content\/uploads\/2018\/10\/Licht-verschenken-Geschenkidee-6-300x225.jpg 300w, https:\/\/www.sabine-seyffert.de\/blog\/wp-content\/uploads\/2018\/10\/Licht-verschenken-Geschenkidee-6-768x576.jpg 768w\" sizes=\"auto, (max-width: 800px) 100vw, 800px\" \/><\/a><\/p>\n<p style=\"text-align: justify;\">Weitere klitzekleine Geschenkideen findet ihr \u00fcbrigens in <a href=\"https:\/\/www.sabine-seyffert.de\/blog\/?cat=36\" target=\"_blank\" rel=\"noopener\">dieser Blog Kategorie<\/a>, selbst gemachte Dekoideen zu unterschiedlichen Anl\u00e4ssen und Jahreszeiten gibt es in <a href=\"https:\/\/www.sabine-seyffert.de\/blog\/?cat=12\" target=\"_blank\" rel=\"noopener\">diesem Ordner<\/a> und andere kreative Sachen gibt es an <a href=\"https:\/\/www.creadienstag.de\/2018\/10\/linlparty-353.html\" target=\"_blank\" rel=\"noopener nofollow\">dieser<\/a> Stelle.<\/p>\n<p style=\"text-align: justify;\"><a href=\"https:\/\/www.sabine-seyffert.de\/blog\/?page_id=32#urheberrecht\">urheberrechtlich gesch\u00fctzt<\/a>, \u00a9 Sabine Seyffert<\/p>\n","protected":false},"excerpt":{"rendered":"<p>Es gibt Situationen in denen scheint alles um einen herum dunkel und ausweglos. Wie sehr w\u00fcrde man sich hier ein kleines Licht am Ende des Tunnels w\u00fcnschen! Oder man denkt an die Stimmung, die sich gerne an nassen, kalten und grauen Herbsttagen breit macht aufs Gem\u00fct dr\u00fcckt. Genau solche Momente sind es, in denen kleine&#8230; <a href=\"https:\/\/www.sabine-seyffert.de\/blog\/diy-geschenkidee-ich-schenk-dir-licht-waerme-geborgenheit\/\" class=\"more-link\">Read more: DIY Geschenkidee: Ich schenk dir Licht, W\u00e4rme &#038; Geborgenheit<\/a><\/p>\n","protected":false},"author":2,"featured_media":0,"comment_status":"open","ping_status":"open","sticky":false,"template":"","format":"standard","meta":{"_metis_text_type":"","_metis_text_length":2059,"_post_count":0,"footnotes":""},"categories":[36,25,22],"tags":[],"class_list":["post-13470","post","type-post","status-publish","format-standard","hentry","category-klitzekleine-geschenkideen","category-herbst","category-winter"],"_links":{"self":[{"href":"https:\/\/www.sabine-seyffert.de\/blog\/wp-json\/wp\/v2\/posts\/13470","targetHints":{"allow":["GET"]}}],"collection":[{"href":"https:\/\/www.sabine-seyffert.de\/blog\/wp-json\/wp\/v2\/posts"}],"about":[{"href":"https:\/\/www.sabine-seyffert.de\/blog\/wp-json\/wp\/v2\/types\/post"}],"author":[{"embeddable":true,"href":"https:\/\/www.sabine-seyffert.de\/blog\/wp-json\/wp\/v2\/users\/2"}],"replies":[{"embeddable":true,"href":"https:\/\/www.sabine-seyffert.de\/blog\/wp-json\/wp\/v2\/comments?post=13470"}],"version-history":[{"count":4,"href":"https:\/\/www.sabine-seyffert.de\/blog\/wp-json\/wp\/v2\/posts\/13470\/revisions"}],"predecessor-version":[{"id":13499,"href":"https:\/\/www.sabine-seyffert.de\/blog\/wp-json\/wp\/v2\/posts\/13470\/revisions\/13499"}],"wp:attachment":[{"href":"https:\/\/www.sabine-seyffert.de\/blog\/wp-json\/wp\/v2\/media?parent=13470"}],"wp:term":[{"taxonomy":"category","embeddable":true,"href":"https:\/\/www.sabine-seyffert.de\/blog\/wp-json\/wp\/v2\/categories?post=13470"},{"taxonomy":"post_tag","embeddable":true,"href":"https:\/\/www.sabine-seyffert.de\/blog\/wp-json\/wp\/v2\/tags?post=13470"}],"curies":[{"name":"wp","href":"https:\/\/api.w.org\/{rel}","templated":true}]}}