{"id":13415,"date":"2018-10-09T05:49:28","date_gmt":"2018-10-09T03:49:28","guid":{"rendered":"https:\/\/www.sabine-seyffert.de\/blog\/?p=13415"},"modified":"2018-10-12T09:51:58","modified_gmt":"2018-10-12T07:51:58","slug":"diy-geschenkidee-mit-bastelanleitung-herbstlicher-hortensienkranz-selbst-gemacht","status":"publish","type":"post","link":"https:\/\/www.sabine-seyffert.de\/blog\/diy-geschenkidee-mit-bastelanleitung-herbstlicher-hortensienkranz-selbst-gemacht\/","title":{"rendered":"DIY Geschenkidee mit Bastelanleitung: Herbstlicher Hortensienkranz selbst gemacht"},"content":{"rendered":"<p style=\"text-align: justify;\"><img loading=\"lazy\" decoding=\"async\" src=\"https:\/\/vg01.met.vgwort.de\/na\/0198515f072c4d199e54bb489245adbb\" alt=\"\" width=\"1\" height=\"1\" \/>Da mir <a href=\"https:\/\/www.sabine-seyffert.de\/blog\/?p=13240\" target=\"_blank\" rel=\"noopener\">diese Geschenkverpackung<\/a> ausgesprochen gut gefiel, habe ich mir gedacht, dass sich diese Bl\u00fcten auch sehr gut am Fenster als Deko oder Fensterschmuck machen. Kurzerhand bin ich also einem leeren Pappkarton zu Leibe ger\u00fcckt und habe daraus einen stabilen Untergrund geschnitten. Zur Hilfe habe ich zwei unterschiedlich gro\u00dfe Tassen genommen, mit denen ich zwei ineinander liegende Kreise gezeichnet habe. Alternativ tut es sicher auch ein Zirkel oder Kreisschneider, aber den hatte ich gerade nicht zur Hand.<\/p>\n<p style=\"text-align: center;\"><a href=\"https:\/\/www.sabine-seyffert.de\/blog\/wp-content\/uploads\/2018\/10\/Hortensienkranz-10.jpg\"><img loading=\"lazy\" decoding=\"async\" class=\"alignnone size-full wp-image-13420\" src=\"https:\/\/www.sabine-seyffert.de\/blog\/wp-content\/uploads\/2018\/10\/Hortensienkranz-10.jpg\" alt=\"\" width=\"800\" height=\"600\" srcset=\"https:\/\/www.sabine-seyffert.de\/blog\/wp-content\/uploads\/2018\/10\/Hortensienkranz-10.jpg 800w, https:\/\/www.sabine-seyffert.de\/blog\/wp-content\/uploads\/2018\/10\/Hortensienkranz-10-300x225.jpg 300w, https:\/\/www.sabine-seyffert.de\/blog\/wp-content\/uploads\/2018\/10\/Hortensienkranz-10-768x576.jpg 768w\" sizes=\"auto, (max-width: 800px) 100vw, 800px\" \/><\/a><\/p>\n<p style=\"text-align: justify;\"><strong>Das wird gebraucht:<\/strong><br \/>\nKarton oder St\u00fcck Pappe, Bleistift, Bastelmesser \/ Cutter, Lochzange, kleine Metall \u00d6se, Nietenzange, Kordel, Holzperle, Kraftpapier, farbiges Tonpapier, Kleber \/ Klebestift, Bastelschere, Pastellkreide, ein kleines St\u00fcck Krepppapier<\/p>\n<p style=\"text-align: center;\"><a href=\"https:\/\/www.sabine-seyffert.de\/blog\/wp-content\/uploads\/2018\/10\/Hortensienkranz-1.jpg\"><img loading=\"lazy\" decoding=\"async\" class=\"alignnone size-full wp-image-13421\" src=\"https:\/\/www.sabine-seyffert.de\/blog\/wp-content\/uploads\/2018\/10\/Hortensienkranz-1.jpg\" alt=\"\" width=\"800\" height=\"600\" srcset=\"https:\/\/www.sabine-seyffert.de\/blog\/wp-content\/uploads\/2018\/10\/Hortensienkranz-1.jpg 800w, https:\/\/www.sabine-seyffert.de\/blog\/wp-content\/uploads\/2018\/10\/Hortensienkranz-1-300x225.jpg 300w, https:\/\/www.sabine-seyffert.de\/blog\/wp-content\/uploads\/2018\/10\/Hortensienkranz-1-768x576.jpg 768w\" sizes=\"auto, (max-width: 800px) 100vw, 800px\" \/><\/a><\/p>\n<p style=\"text-align: justify;\"><strong>So wird\u2019s gemacht:<\/strong><br \/>\nDen Pappkreis schneidet man vorsichtig aus. Am besten funktioniert dies mit einem scharfen Bastelmesser. Anschlie\u00dfend locht man den ausgeschnittenen Kreis und befestigt mit Hilfe einer Nietenzange eine kleine \u00d6se aus Metall darin. So rei\u00dft sp\u00e4ter beim Anbringen der Kordel nichts ein!<\/p>\n<p style=\"text-align: center;\"><a href=\"https:\/\/www.sabine-seyffert.de\/blog\/wp-content\/uploads\/2018\/10\/Hortensienkranz-3.jpg\"><img loading=\"lazy\" decoding=\"async\" class=\"alignnone size-full wp-image-13422\" src=\"https:\/\/www.sabine-seyffert.de\/blog\/wp-content\/uploads\/2018\/10\/Hortensienkranz-3.jpg\" alt=\"\" width=\"800\" height=\"600\" srcset=\"https:\/\/www.sabine-seyffert.de\/blog\/wp-content\/uploads\/2018\/10\/Hortensienkranz-3.jpg 800w, https:\/\/www.sabine-seyffert.de\/blog\/wp-content\/uploads\/2018\/10\/Hortensienkranz-3-300x225.jpg 300w, https:\/\/www.sabine-seyffert.de\/blog\/wp-content\/uploads\/2018\/10\/Hortensienkranz-3-768x576.jpg 768w\" sizes=\"auto, (max-width: 800px) 100vw, 800px\" \/><\/a><\/p>\n<p style=\"text-align: justify;\">Nun ist reichlich Geduld gefragt, denn zum einen schneidet man aus dem Kraftpapier unz\u00e4hlige ovale Bl\u00e4tter und zum anderen schneidet man von dem farbigen Tonpapier etwa 1 cm lange Streifen und trennt davon quadratische St\u00fccke ab. Aus jedem der farbigen Mini Quadrate schneidet man Bl\u00fctenbl\u00e4tter. Die Form kann man auf den Detailbildern gut erkennen.<\/p>\n<p style=\"text-align: center;\"><a href=\"https:\/\/www.sabine-seyffert.de\/blog\/wp-content\/uploads\/2018\/10\/Hortensienkranz-2.jpg\"><img loading=\"lazy\" decoding=\"async\" class=\"alignnone size-full wp-image-13423\" src=\"https:\/\/www.sabine-seyffert.de\/blog\/wp-content\/uploads\/2018\/10\/Hortensienkranz-2.jpg\" alt=\"\" width=\"800\" height=\"600\" srcset=\"https:\/\/www.sabine-seyffert.de\/blog\/wp-content\/uploads\/2018\/10\/Hortensienkranz-2.jpg 800w, https:\/\/www.sabine-seyffert.de\/blog\/wp-content\/uploads\/2018\/10\/Hortensienkranz-2-300x225.jpg 300w, https:\/\/www.sabine-seyffert.de\/blog\/wp-content\/uploads\/2018\/10\/Hortensienkranz-2-768x576.jpg 768w\" sizes=\"auto, (max-width: 800px) 100vw, 800px\" \/><\/a><\/p>\n<p style=\"text-align: justify;\">Sind gen\u00fcgend Bl\u00fctenbl\u00e4tter beisammen, f\u00e4rbt man diese minimal mit etwas Pastellkreide ein, damit diese mehr Struktur bekommen und echter aussehen.<\/p>\n<p style=\"text-align: center;\"><a href=\"https:\/\/www.sabine-seyffert.de\/blog\/wp-content\/uploads\/2018\/10\/Hortensienkranz-5.jpg\"><img loading=\"lazy\" decoding=\"async\" class=\"alignnone size-full wp-image-13424\" src=\"https:\/\/www.sabine-seyffert.de\/blog\/wp-content\/uploads\/2018\/10\/Hortensienkranz-5.jpg\" alt=\"\" width=\"800\" height=\"600\" srcset=\"https:\/\/www.sabine-seyffert.de\/blog\/wp-content\/uploads\/2018\/10\/Hortensienkranz-5.jpg 800w, https:\/\/www.sabine-seyffert.de\/blog\/wp-content\/uploads\/2018\/10\/Hortensienkranz-5-300x225.jpg 300w, https:\/\/www.sabine-seyffert.de\/blog\/wp-content\/uploads\/2018\/10\/Hortensienkranz-5-768x576.jpg 768w\" sizes=\"auto, (max-width: 800px) 100vw, 800px\" \/><\/a><\/p>\n<p style=\"text-align: justify;\">Wenn alles soweit vorbereitet ist beklebt man den Pappkranz nun abwechselnd mit den braunen Bl\u00e4ttern sowie den Hortensienbl\u00fcten, die man jeweils aus vier Bl\u00e4ttern zu einer gro\u00dfen Bl\u00fcte formt.<\/p>\n<p style=\"text-align: center;\"><a href=\"https:\/\/www.sabine-seyffert.de\/blog\/wp-content\/uploads\/2018\/10\/Hortensienkranz-6.jpg\"><img loading=\"lazy\" decoding=\"async\" class=\"alignnone size-full wp-image-13425\" src=\"https:\/\/www.sabine-seyffert.de\/blog\/wp-content\/uploads\/2018\/10\/Hortensienkranz-6.jpg\" alt=\"\" width=\"800\" height=\"600\" srcset=\"https:\/\/www.sabine-seyffert.de\/blog\/wp-content\/uploads\/2018\/10\/Hortensienkranz-6.jpg 800w, https:\/\/www.sabine-seyffert.de\/blog\/wp-content\/uploads\/2018\/10\/Hortensienkranz-6-300x225.jpg 300w, https:\/\/www.sabine-seyffert.de\/blog\/wp-content\/uploads\/2018\/10\/Hortensienkranz-6-768x576.jpg 768w\" sizes=\"auto, (max-width: 800px) 100vw, 800px\" \/><\/a><\/p>\n<p style=\"text-align: justify;\">Ich habe beide Seiten des Pappkreises auf diese Weise beklebt, damit man den Bl\u00fctenkranz frei im Raum aufh\u00e4ngen oder als Fensterdeko nutzen kann.<\/p>\n<p style=\"text-align: center;\"><a href=\"https:\/\/www.sabine-seyffert.de\/blog\/wp-content\/uploads\/2018\/10\/Hortensienkranz-7.jpg\"><img loading=\"lazy\" decoding=\"async\" class=\"alignnone size-full wp-image-13426\" src=\"https:\/\/www.sabine-seyffert.de\/blog\/wp-content\/uploads\/2018\/10\/Hortensienkranz-7.jpg\" alt=\"\" width=\"800\" height=\"600\" srcset=\"https:\/\/www.sabine-seyffert.de\/blog\/wp-content\/uploads\/2018\/10\/Hortensienkranz-7.jpg 800w, https:\/\/www.sabine-seyffert.de\/blog\/wp-content\/uploads\/2018\/10\/Hortensienkranz-7-300x225.jpg 300w, https:\/\/www.sabine-seyffert.de\/blog\/wp-content\/uploads\/2018\/10\/Hortensienkranz-7-768x576.jpg 768w\" sizes=\"auto, (max-width: 800px) 100vw, 800px\" \/><\/a><\/p>\n<p style=\"text-align: justify;\">Vorab jedoch ben\u00f6tigt jede Bl\u00fcte noch ein Innenleben. Daf\u00fcr habe ich aus Krepppapier etwa 1,5 x 1,5 cm gro\u00dfe St\u00fcck geschnitten und diese zu einer Kugel gerollt. Die bestreicht man unten mit etwas Kleber und setzt diese in eine der Bl\u00fcten hinein.<\/p>\n<p style=\"text-align: center;\"><a href=\"https:\/\/www.sabine-seyffert.de\/blog\/wp-content\/uploads\/2018\/10\/Hortensienkranz-8.jpg\"><img loading=\"lazy\" decoding=\"async\" class=\"alignnone size-full wp-image-13427\" src=\"https:\/\/www.sabine-seyffert.de\/blog\/wp-content\/uploads\/2018\/10\/Hortensienkranz-8.jpg\" alt=\"\" width=\"800\" height=\"600\" srcset=\"https:\/\/www.sabine-seyffert.de\/blog\/wp-content\/uploads\/2018\/10\/Hortensienkranz-8.jpg 800w, https:\/\/www.sabine-seyffert.de\/blog\/wp-content\/uploads\/2018\/10\/Hortensienkranz-8-300x225.jpg 300w, https:\/\/www.sabine-seyffert.de\/blog\/wp-content\/uploads\/2018\/10\/Hortensienkranz-8-768x576.jpg 768w\" sizes=\"auto, (max-width: 800px) 100vw, 800px\" \/><\/a><\/p>\n<p style=\"text-align: justify;\">Ganz zum Schluss noch ein St\u00fcck Kordel durch die \u00d6se f\u00e4deln, eine Perle dar\u00fcber ziehen und die Enden verknoten. Fertig ist ein wundersch\u00f6nes Mitbringsel zur Herbstzeit, dass dem Beschenkten sicherlich viel Freude bereiten wird.<\/p>\n<p style=\"text-align: center;\"><a href=\"https:\/\/www.sabine-seyffert.de\/blog\/wp-content\/uploads\/2018\/10\/Hortensienkranz-9.jpg\"><img loading=\"lazy\" decoding=\"async\" class=\"alignnone size-full wp-image-13428\" src=\"https:\/\/www.sabine-seyffert.de\/blog\/wp-content\/uploads\/2018\/10\/Hortensienkranz-9.jpg\" alt=\"\" width=\"800\" height=\"600\" srcset=\"https:\/\/www.sabine-seyffert.de\/blog\/wp-content\/uploads\/2018\/10\/Hortensienkranz-9.jpg 800w, https:\/\/www.sabine-seyffert.de\/blog\/wp-content\/uploads\/2018\/10\/Hortensienkranz-9-300x225.jpg 300w, https:\/\/www.sabine-seyffert.de\/blog\/wp-content\/uploads\/2018\/10\/Hortensienkranz-9-768x576.jpg 768w\" sizes=\"auto, (max-width: 800px) 100vw, 800px\" \/><\/a><\/p>\n<p style=\"text-align: justify;\">Eine selbst gemachte Geschenkverpackung mit Hortensien und Bastelanleitung findet ihr <a href=\"https:\/\/www.sabine-seyffert.de\/blog\/?p=13240\" target=\"_blank\" rel=\"noopener\">hier<\/a>, klitzekleine Geschenkideen in <a href=\"https:\/\/www.sabine-seyffert.de\/blog\/?cat=36\" target=\"_blank\" rel=\"noopener\">dieser Rubrik<\/a>, alles zum Thema Herbst <a href=\"https:\/\/www.sabine-seyffert.de\/blog\/?cat=25\" target=\"_blank\" rel=\"noopener\">hier<\/a>, mehr Gr\u00fcn <a href=\"http:\/\/naturkinder.typepad.com\/naturkinder\/2018\/10\/gruenzeug-we-love-green-stuff.html\" target=\"_blank\" rel=\"noopener nofollow\">dort<\/a> und andere kreative Sachen <a href=\"https:\/\/www.creadienstag.de\/2018\/10\/linkparty-352.html\" target=\"_blank\" rel=\"noopener nofollow\">da<\/a>.<\/p>\n<p style=\"text-align: center;\"><a href=\"https:\/\/www.sabine-seyffert.de\/blog\/wp-content\/uploads\/2018\/10\/Hortensienkranz-11.jpg\"><img loading=\"lazy\" decoding=\"async\" class=\"alignnone size-full wp-image-13429\" src=\"https:\/\/www.sabine-seyffert.de\/blog\/wp-content\/uploads\/2018\/10\/Hortensienkranz-11.jpg\" alt=\"\" width=\"600\" height=\"800\" srcset=\"https:\/\/www.sabine-seyffert.de\/blog\/wp-content\/uploads\/2018\/10\/Hortensienkranz-11.jpg 600w, https:\/\/www.sabine-seyffert.de\/blog\/wp-content\/uploads\/2018\/10\/Hortensienkranz-11-225x300.jpg 225w\" sizes=\"auto, (max-width: 600px) 100vw, 600px\" \/><\/a><\/p>\n<p style=\"text-align: justify;\"><a href=\"https:\/\/www.sabine-seyffert.de\/blog\/?page_id=32#urheberrecht\">urheberrechtlich gesch\u00fctzt<\/a>, \u00a9 Sabine Seyffert<\/p>\n","protected":false},"excerpt":{"rendered":"<p>Da mir diese Geschenkverpackung ausgesprochen gut gefiel, habe ich mir gedacht, dass sich diese Bl\u00fcten auch sehr gut am Fenster als Deko oder Fensterschmuck machen. Kurzerhand bin ich also einem leeren Pappkarton zu Leibe ger\u00fcckt und habe daraus einen stabilen Untergrund geschnitten. Zur Hilfe habe ich zwei unterschiedlich gro\u00dfe Tassen genommen, mit denen ich zwei&#8230; <a href=\"https:\/\/www.sabine-seyffert.de\/blog\/diy-geschenkidee-mit-bastelanleitung-herbstlicher-hortensienkranz-selbst-gemacht\/\" class=\"more-link\">Read more: DIY Geschenkidee mit Bastelanleitung: Herbstlicher Hortensienkranz selbst gemacht<\/a><\/p>\n","protected":false},"author":2,"featured_media":0,"comment_status":"open","ping_status":"open","sticky":false,"template":"","format":"standard","meta":{"_metis_text_type":"","_metis_text_length":2640,"_post_count":0,"footnotes":""},"categories":[12,36,25],"tags":[],"class_list":["post-13415","post","type-post","status-publish","format-standard","hentry","category-deko-ideen","category-klitzekleine-geschenkideen","category-herbst"],"_links":{"self":[{"href":"https:\/\/www.sabine-seyffert.de\/blog\/wp-json\/wp\/v2\/posts\/13415","targetHints":{"allow":["GET"]}}],"collection":[{"href":"https:\/\/www.sabine-seyffert.de\/blog\/wp-json\/wp\/v2\/posts"}],"about":[{"href":"https:\/\/www.sabine-seyffert.de\/blog\/wp-json\/wp\/v2\/types\/post"}],"author":[{"embeddable":true,"href":"https:\/\/www.sabine-seyffert.de\/blog\/wp-json\/wp\/v2\/users\/2"}],"replies":[{"embeddable":true,"href":"https:\/\/www.sabine-seyffert.de\/blog\/wp-json\/wp\/v2\/comments?post=13415"}],"version-history":[{"count":4,"href":"https:\/\/www.sabine-seyffert.de\/blog\/wp-json\/wp\/v2\/posts\/13415\/revisions"}],"predecessor-version":[{"id":13447,"href":"https:\/\/www.sabine-seyffert.de\/blog\/wp-json\/wp\/v2\/posts\/13415\/revisions\/13447"}],"wp:attachment":[{"href":"https:\/\/www.sabine-seyffert.de\/blog\/wp-json\/wp\/v2\/media?parent=13415"}],"wp:term":[{"taxonomy":"category","embeddable":true,"href":"https:\/\/www.sabine-seyffert.de\/blog\/wp-json\/wp\/v2\/categories?post=13415"},{"taxonomy":"post_tag","embeddable":true,"href":"https:\/\/www.sabine-seyffert.de\/blog\/wp-json\/wp\/v2\/tags?post=13415"}],"curies":[{"name":"wp","href":"https:\/\/api.w.org\/{rel}","templated":true}]}}