{"id":13403,"date":"2018-10-07T09:17:49","date_gmt":"2018-10-07T07:17:49","guid":{"rendered":"https:\/\/www.sabine-seyffert.de\/blog\/?p=13403"},"modified":"2022-12-02T19:56:24","modified_gmt":"2022-12-02T17:56:24","slug":"diy-basteln-mit-kindern-fuer-den-herbst-abends-wenn-es-dunkel-wird-leuchtende-stadt","status":"publish","type":"post","link":"https:\/\/www.sabine-seyffert.de\/blog\/diy-basteln-mit-kindern-fuer-den-herbst-abends-wenn-es-dunkel-wird-leuchtende-stadt\/","title":{"rendered":"DIY Basteln mit Kindern f\u00fcr den Herbst: Abends, wenn es dunkel wird\u2026  Leuchtende Stadt"},"content":{"rendered":"<p style=\"text-align: justify;\"><img loading=\"lazy\" decoding=\"async\" src=\"http:\/\/vg01.met.vgwort.de\/na\/e084f55115de4ddbbee477656805d8f6\" alt=\"\" width=\"1\" height=\"1\" \/>Heute ist es drau\u00dfen grau und duster, daher passt unsere neue Deko f\u00fcrs Kinderzimmerfenster bestens zur Jahreszeit. Ich mag im Herbst ja ganz besonders, das warme Licht von Kerzenschein, leuchtende Laternen und der Glanz, der bei Nacht aus den erleuchteten H\u00e4usern der Stadt str\u00f6mt\u2026\u00a0 Daher haben wir eine n\u00e4chtliche Stadt gebastelt, bei der unz\u00e4hlige Fenster im Dunkeln leuchten.<\/p>\n<p style=\"text-align: center;\"><a href=\"https:\/\/www.sabine-seyffert.de\/blog\/wp-content\/uploads\/2018\/10\/Basteln-mit-Kindern-H\u00e4userreihe-Herbst-2.jpg\"><img loading=\"lazy\" decoding=\"async\" class=\"alignnone size-full wp-image-13404\" src=\"https:\/\/www.sabine-seyffert.de\/blog\/wp-content\/uploads\/2018\/10\/Basteln-mit-Kindern-H\u00e4userreihe-Herbst-2.jpg\" alt=\"\" width=\"800\" height=\"600\" srcset=\"https:\/\/www.sabine-seyffert.de\/blog\/wp-content\/uploads\/2018\/10\/Basteln-mit-Kindern-H\u00e4userreihe-Herbst-2.jpg 800w, https:\/\/www.sabine-seyffert.de\/blog\/wp-content\/uploads\/2018\/10\/Basteln-mit-Kindern-H\u00e4userreihe-Herbst-2-300x225.jpg 300w, https:\/\/www.sabine-seyffert.de\/blog\/wp-content\/uploads\/2018\/10\/Basteln-mit-Kindern-H\u00e4userreihe-Herbst-2-768x576.jpg 768w\" sizes=\"auto, (max-width: 800px) 100vw, 800px\" \/><\/a><\/p>\n<p style=\"text-align: justify;\"><strong>Das wird gebraucht:<\/strong><br \/>\nSchwarzes Tonpapier, eine Schere, Bastelmesser bzw. Cutter, buntes Transparentpapier, eine feste Unterlage, einen Klebestift, ggf. ein wei\u00dfer Stift zum Vormalen<\/p>\n<p style=\"text-align: center;\"><a href=\"https:\/\/www.sabine-seyffert.de\/blog\/wp-content\/uploads\/2018\/10\/Basteln-mit-Kindern-H\u00e4userreihe-Herbst-7.jpg\"><img loading=\"lazy\" decoding=\"async\" class=\"alignnone size-full wp-image-13405\" src=\"https:\/\/www.sabine-seyffert.de\/blog\/wp-content\/uploads\/2018\/10\/Basteln-mit-Kindern-H\u00e4userreihe-Herbst-7.jpg\" alt=\"\" width=\"800\" height=\"600\" srcset=\"https:\/\/www.sabine-seyffert.de\/blog\/wp-content\/uploads\/2018\/10\/Basteln-mit-Kindern-H\u00e4userreihe-Herbst-7.jpg 800w, https:\/\/www.sabine-seyffert.de\/blog\/wp-content\/uploads\/2018\/10\/Basteln-mit-Kindern-H\u00e4userreihe-Herbst-7-300x225.jpg 300w, https:\/\/www.sabine-seyffert.de\/blog\/wp-content\/uploads\/2018\/10\/Basteln-mit-Kindern-H\u00e4userreihe-Herbst-7-768x576.jpg 768w\" sizes=\"auto, (max-width: 800px) 100vw, 800px\" \/><\/a><\/p>\n<p style=\"text-align: justify;\"><strong>So wird\u2019s gemacht:<\/strong><br \/>\nAus dem schwarzen Tonpapier haben wir H\u00e4user ausgeschnitten. Und zwar ohne jede Vorlage, sondern einfach so per Hand. Da die geplante Fensterdeko von beiden Seiten das Fenster schm\u00fccken und sch\u00f6n aussehen soll, haben wir die H\u00e4user doppelt gearbeitet und nur d\u00fcnneres Tonpapier statt festem Tonkarton verwendet.<\/p>\n<p style=\"text-align: center;\"><a href=\"https:\/\/www.sabine-seyffert.de\/blog\/wp-content\/uploads\/2018\/10\/Basteln-mit-Kindern-H\u00e4userreihe-Herbst-6.jpg\"><img loading=\"lazy\" decoding=\"async\" class=\"alignnone size-full wp-image-13406\" src=\"https:\/\/www.sabine-seyffert.de\/blog\/wp-content\/uploads\/2018\/10\/Basteln-mit-Kindern-H\u00e4userreihe-Herbst-6.jpg\" alt=\"\" width=\"800\" height=\"600\" srcset=\"https:\/\/www.sabine-seyffert.de\/blog\/wp-content\/uploads\/2018\/10\/Basteln-mit-Kindern-H\u00e4userreihe-Herbst-6.jpg 800w, https:\/\/www.sabine-seyffert.de\/blog\/wp-content\/uploads\/2018\/10\/Basteln-mit-Kindern-H\u00e4userreihe-Herbst-6-300x225.jpg 300w, https:\/\/www.sabine-seyffert.de\/blog\/wp-content\/uploads\/2018\/10\/Basteln-mit-Kindern-H\u00e4userreihe-Herbst-6-768x576.jpg 768w\" sizes=\"auto, (max-width: 800px) 100vw, 800px\" \/><\/a><\/p>\n<p style=\"text-align: justify;\">Um dasselbe Haus nochmals zu erhalten, haben wir uns f\u00fcr das passende Pendant einfach die schon ausgeschnittenen H\u00e4user auf das schwarze Papier gelegt und die Umrisse mit einem wei\u00dfen Buntstift nachgezeichnet. Hat man jedes Haus in doppelter Ausf\u00fchrung, legt man die Hauspaare passgenau aufeinander und ritzt mit dem Bastelmesser T\u00fcren und Fenster hinein.<\/p>\n<p style=\"text-align: center;\"><a href=\"https:\/\/www.sabine-seyffert.de\/blog\/wp-content\/uploads\/2018\/10\/Basteln-mit-Kindern-H\u00e4userreihe-Herbst-5.jpg\"><img loading=\"lazy\" decoding=\"async\" class=\"alignnone size-full wp-image-13407\" src=\"https:\/\/www.sabine-seyffert.de\/blog\/wp-content\/uploads\/2018\/10\/Basteln-mit-Kindern-H\u00e4userreihe-Herbst-5.jpg\" alt=\"\" width=\"800\" height=\"600\" srcset=\"https:\/\/www.sabine-seyffert.de\/blog\/wp-content\/uploads\/2018\/10\/Basteln-mit-Kindern-H\u00e4userreihe-Herbst-5.jpg 800w, https:\/\/www.sabine-seyffert.de\/blog\/wp-content\/uploads\/2018\/10\/Basteln-mit-Kindern-H\u00e4userreihe-Herbst-5-300x225.jpg 300w, https:\/\/www.sabine-seyffert.de\/blog\/wp-content\/uploads\/2018\/10\/Basteln-mit-Kindern-H\u00e4userreihe-Herbst-5-768x576.jpg 768w\" sizes=\"auto, (max-width: 800px) 100vw, 800px\" \/><\/a><\/p>\n<p style=\"text-align: justify;\">Anschlie\u00dfend klappt man die Haush\u00e4lften auseinander und klebt von Innen farbiges Transparentpapier hinein. Sind alle Haus\u00f6ffnungen mit Transparentpapier versehen, bestreicht man die Hausr\u00e4nder mit Klebstoff und dr\u00fcckt im Anschluss die passende Hausseite darauf. Hat man alle H\u00e4user der n\u00e4chtlichen Stadt fertig, klebt man diese in der ausgesuchten Reihenfolge nebeneinander ans Fenster. So leuchten die H\u00e4user, wenn die Herbstsonne scheint oder am Abend, wenn im Zimmer das Licht angeht. Beim Anblick des kunterbunten St\u00e4dtchens muss ich immer auch an die Laternenzeit denken und die wunderbare Stimmung, die in dieser Zeit in der Luft liegt\u2026<\/p>\n<p style=\"text-align: center;\"><a href=\"https:\/\/www.sabine-seyffert.de\/blog\/wp-content\/uploads\/2018\/10\/Basteln-mit-Kindern-H\u00e4userreihe-Herbst-1.jpg\"><img loading=\"lazy\" decoding=\"async\" class=\"alignnone size-full wp-image-13408\" src=\"https:\/\/www.sabine-seyffert.de\/blog\/wp-content\/uploads\/2018\/10\/Basteln-mit-Kindern-H\u00e4userreihe-Herbst-1.jpg\" alt=\"\" width=\"600\" height=\"800\" srcset=\"https:\/\/www.sabine-seyffert.de\/blog\/wp-content\/uploads\/2018\/10\/Basteln-mit-Kindern-H\u00e4userreihe-Herbst-1.jpg 600w, https:\/\/www.sabine-seyffert.de\/blog\/wp-content\/uploads\/2018\/10\/Basteln-mit-Kindern-H\u00e4userreihe-Herbst-1-225x300.jpg 225w\" sizes=\"auto, (max-width: 600px) 100vw, 600px\" \/><\/a><\/p>\n<p style=\"text-align: justify;\">Erinnert Ihr Euch noch an die <a href=\"https:\/\/www.sabine-seyffert.de\/blog\/?p=2903\" target=\"_blank\" rel=\"noopener\">m\u00e4rchenhafte, wei\u00dfe Stadt<\/a>, die ich mal f\u00fcr unsere K\u00fcchent\u00fcr gewerkelt habe? Auch <a href=\"https:\/\/www.sabine-seyffert.de\/blog\/?p=4880\" target=\"_blank\" rel=\"noopener\">das Winterdorf<\/a> fand gro\u00dfen Anklang.<\/p>\n<p style=\"text-align: center;\"><a href=\"https:\/\/www.sabine-seyffert.de\/blog\/wp-content\/uploads\/2018\/10\/Basteln-mit-Kindern-H\u00e4userreihe-Herbst-3.jpg\"><img loading=\"lazy\" decoding=\"async\" class=\"alignnone size-full wp-image-13409\" src=\"https:\/\/www.sabine-seyffert.de\/blog\/wp-content\/uploads\/2018\/10\/Basteln-mit-Kindern-H\u00e4userreihe-Herbst-3.jpg\" alt=\"\" width=\"800\" height=\"600\" srcset=\"https:\/\/www.sabine-seyffert.de\/blog\/wp-content\/uploads\/2018\/10\/Basteln-mit-Kindern-H\u00e4userreihe-Herbst-3.jpg 800w, https:\/\/www.sabine-seyffert.de\/blog\/wp-content\/uploads\/2018\/10\/Basteln-mit-Kindern-H\u00e4userreihe-Herbst-3-300x225.jpg 300w, https:\/\/www.sabine-seyffert.de\/blog\/wp-content\/uploads\/2018\/10\/Basteln-mit-Kindern-H\u00e4userreihe-Herbst-3-768x576.jpg 768w\" sizes=\"auto, (max-width: 800px) 100vw, 800px\" \/><\/a><\/p>\n<p style=\"text-align: justify;\">Weitere Bastelideen f\u00fcr Kinder findet ihr \u00fcbrigens in <a href=\"https:\/\/www.sabine-seyffert.de\/blog\/?cat=32\" target=\"_blank\" rel=\"noopener\">dieser Rubrik<\/a>, alles rund um den Herbst in <a href=\"https:\/\/www.sabine-seyffert.de\/blog\/?cat=25\" target=\"_blank\" rel=\"noopener\">diesem Ordner<\/a> und andere kreative Sachen <a href=\"http:\/\/www.lunaju.de\/2018\/10\/kiddikram-oktober-2018.html\" target=\"_blank\" rel=\"noopener\">da<\/a> und <a href=\"https:\/\/www.creadienstag.de\/2018\/10\/linkparty-352.html\" target=\"_blank\" rel=\"noopener\">dort<\/a>.<\/p>\n<p style=\"text-align: center;\"><a href=\"https:\/\/www.sabine-seyffert.de\/blog\/wp-content\/uploads\/2018\/10\/Basteln-mit-Kindern-H\u00e4userreihe-Herbst-4.jpg\"><img loading=\"lazy\" decoding=\"async\" class=\"alignnone size-full wp-image-13410\" src=\"https:\/\/www.sabine-seyffert.de\/blog\/wp-content\/uploads\/2018\/10\/Basteln-mit-Kindern-H\u00e4userreihe-Herbst-4.jpg\" alt=\"\" width=\"800\" height=\"600\" srcset=\"https:\/\/www.sabine-seyffert.de\/blog\/wp-content\/uploads\/2018\/10\/Basteln-mit-Kindern-H\u00e4userreihe-Herbst-4.jpg 800w, https:\/\/www.sabine-seyffert.de\/blog\/wp-content\/uploads\/2018\/10\/Basteln-mit-Kindern-H\u00e4userreihe-Herbst-4-300x225.jpg 300w, https:\/\/www.sabine-seyffert.de\/blog\/wp-content\/uploads\/2018\/10\/Basteln-mit-Kindern-H\u00e4userreihe-Herbst-4-768x576.jpg 768w\" sizes=\"auto, (max-width: 800px) 100vw, 800px\" \/><\/a><\/p>\n<p><a href=\"https:\/\/www.sabine-seyffert.de\/blog\/?page_id=32#urheberrecht\">urheberrechtlich gesch\u00fctzt<\/a>, \u00a9 Sabine Seyffert<\/p>\n","protected":false},"excerpt":{"rendered":"<p>Heute ist es drau\u00dfen grau und duster, daher passt unsere neue Deko f\u00fcrs Kinderzimmerfenster bestens zur Jahreszeit. Ich mag im Herbst ja ganz besonders, das warme Licht von Kerzenschein, leuchtende Laternen und der Glanz, der bei Nacht aus den erleuchteten H\u00e4usern der Stadt str\u00f6mt\u2026\u00a0 Daher haben wir eine n\u00e4chtliche Stadt gebastelt, bei der unz\u00e4hlige Fenster&#8230; <a href=\"https:\/\/www.sabine-seyffert.de\/blog\/diy-basteln-mit-kindern-fuer-den-herbst-abends-wenn-es-dunkel-wird-leuchtende-stadt\/\" class=\"more-link\">Read more: DIY Basteln mit Kindern f\u00fcr den Herbst: Abends, wenn es dunkel wird\u2026  Leuchtende Stadt<\/a><\/p>\n","protected":false},"author":2,"featured_media":0,"comment_status":"open","ping_status":"open","sticky":false,"template":"","format":"standard","meta":{"_metis_text_type":"","_metis_text_length":2234,"_post_count":0,"footnotes":""},"categories":[32,12,25,54],"tags":[],"class_list":["post-13403","post","type-post","status-publish","format-standard","hentry","category-kreatives-fur-kleine-kinderhande","category-deko-ideen","category-herbst","category-laterne-co"],"_links":{"self":[{"href":"https:\/\/www.sabine-seyffert.de\/blog\/wp-json\/wp\/v2\/posts\/13403","targetHints":{"allow":["GET"]}}],"collection":[{"href":"https:\/\/www.sabine-seyffert.de\/blog\/wp-json\/wp\/v2\/posts"}],"about":[{"href":"https:\/\/www.sabine-seyffert.de\/blog\/wp-json\/wp\/v2\/types\/post"}],"author":[{"embeddable":true,"href":"https:\/\/www.sabine-seyffert.de\/blog\/wp-json\/wp\/v2\/users\/2"}],"replies":[{"embeddable":true,"href":"https:\/\/www.sabine-seyffert.de\/blog\/wp-json\/wp\/v2\/comments?post=13403"}],"version-history":[{"count":7,"href":"https:\/\/www.sabine-seyffert.de\/blog\/wp-json\/wp\/v2\/posts\/13403\/revisions"}],"predecessor-version":[{"id":24559,"href":"https:\/\/www.sabine-seyffert.de\/blog\/wp-json\/wp\/v2\/posts\/13403\/revisions\/24559"}],"wp:attachment":[{"href":"https:\/\/www.sabine-seyffert.de\/blog\/wp-json\/wp\/v2\/media?parent=13403"}],"wp:term":[{"taxonomy":"category","embeddable":true,"href":"https:\/\/www.sabine-seyffert.de\/blog\/wp-json\/wp\/v2\/categories?post=13403"},{"taxonomy":"post_tag","embeddable":true,"href":"https:\/\/www.sabine-seyffert.de\/blog\/wp-json\/wp\/v2\/tags?post=13403"}],"curies":[{"name":"wp","href":"https:\/\/api.w.org\/{rel}","templated":true}]}}