{"id":13388,"date":"2018-10-05T06:19:42","date_gmt":"2018-10-05T04:19:42","guid":{"rendered":"https:\/\/www.sabine-seyffert.de\/blog\/?p=13388"},"modified":"2022-09-14T14:29:11","modified_gmt":"2022-09-14T12:29:11","slug":"mit-liebe-verpackt-diy-geschenkverpackung-mit-upcyceltem-fliegenpilz-einer-grossen-portion-glueck","status":"publish","type":"post","link":"https:\/\/www.sabine-seyffert.de\/blog\/mit-liebe-verpackt-diy-geschenkverpackung-mit-upcyceltem-fliegenpilz-einer-grossen-portion-glueck\/","title":{"rendered":"Mit Liebe verpackt: DIY Geschenkverpackung mit upcyceltem Fliegenpilz &#038; einer gro\u00dfen Portion Gl\u00fcck"},"content":{"rendered":"<p style=\"text-align: justify;\"><img loading=\"lazy\" decoding=\"async\" src=\"https:\/\/vg06.met.vgwort.de\/na\/464eba89e5b648ecb4ded615442ed2bc\" alt=\"\" width=\"1\" height=\"1\" \/>Weiter geht\u2019s mit Pilzen \u2013 es passt einfach so gut zur Jahreszeit \ud83d\ude09 Wie schon an <a href=\"https:\/\/www.sabine-seyffert.de\/blog\/?p=13378\" target=\"_blank\" rel=\"noopener\">dieser<\/a> herbstlichen Bastelidee ersichtlich, mag ich Fliegenpilze einfach richtig gerne. Schon der Anblick ist f\u00fcr mich ein Gute Laune Garant! Und da man sich zum Geburtstag nat\u00fcrlich auch nicht nur \u201eAlles Gute\u201c sondern in der Regel recht viel Gl\u00fcck f\u00fcrs neue Lebensjahr w\u00fcnscht, ist so ein Gl\u00fcckspilz doch ein prima Motiv f\u00fcr eine stimmungsvolle Geschenkverpackung, oder?<\/p>\n<p style=\"text-align: center;\"><a href=\"https:\/\/www.sabine-seyffert.de\/blog\/wp-content\/uploads\/2018\/10\/Fliegenpilz-Geschenk-Geburtstag-3.jpg\"><img loading=\"lazy\" decoding=\"async\" class=\"alignnone size-full wp-image-13389\" src=\"https:\/\/www.sabine-seyffert.de\/blog\/wp-content\/uploads\/2018\/10\/Fliegenpilz-Geschenk-Geburtstag-3.jpg\" alt=\"\" width=\"800\" height=\"600\" srcset=\"https:\/\/www.sabine-seyffert.de\/blog\/wp-content\/uploads\/2018\/10\/Fliegenpilz-Geschenk-Geburtstag-3.jpg 800w, https:\/\/www.sabine-seyffert.de\/blog\/wp-content\/uploads\/2018\/10\/Fliegenpilz-Geschenk-Geburtstag-3-300x225.jpg 300w, https:\/\/www.sabine-seyffert.de\/blog\/wp-content\/uploads\/2018\/10\/Fliegenpilz-Geschenk-Geburtstag-3-768x576.jpg 768w\" sizes=\"auto, (max-width: 800px) 100vw, 800px\" \/><\/a><\/p>\n<p style=\"text-align: justify;\"><strong>Das wird gebraucht:<\/strong><br \/>\nNaturbraunes Packpapier, Bastelkleber (am besten funktioniert es mit einem Klebstift), eine Bastelschere, einen wei\u00dfen Lackstift, eine alte Buchseite (ersatzweise mit Text bedrucktes Zeitungspapier), ein St\u00fcck roter Tonkarton, gr\u00fcnes Masking Tape oder ein Restst\u00fcck von gr\u00fcnem Bastelpapier, Buchstabenstempel, ein schwarzes Stempelkissen, ein St\u00fcck Kordel<\/p>\n<p style=\"text-align: center;\"><a href=\"https:\/\/www.sabine-seyffert.de\/blog\/wp-content\/uploads\/2018\/10\/Fliegenpilz-Geschenk-Geburtstag-9.jpg\"><img loading=\"lazy\" decoding=\"async\" class=\"alignnone size-full wp-image-13390\" src=\"https:\/\/www.sabine-seyffert.de\/blog\/wp-content\/uploads\/2018\/10\/Fliegenpilz-Geschenk-Geburtstag-9.jpg\" alt=\"\" width=\"800\" height=\"600\" srcset=\"https:\/\/www.sabine-seyffert.de\/blog\/wp-content\/uploads\/2018\/10\/Fliegenpilz-Geschenk-Geburtstag-9.jpg 800w, https:\/\/www.sabine-seyffert.de\/blog\/wp-content\/uploads\/2018\/10\/Fliegenpilz-Geschenk-Geburtstag-9-300x225.jpg 300w, https:\/\/www.sabine-seyffert.de\/blog\/wp-content\/uploads\/2018\/10\/Fliegenpilz-Geschenk-Geburtstag-9-768x576.jpg 768w\" sizes=\"auto, (max-width: 800px) 100vw, 800px\" \/><\/a><\/p>\n<p style=\"text-align: justify;\"><strong>So wird\u2019s gemacht:<\/strong><br \/>\nDas f\u00fcr das Geburtstagskind beschaffte Pr\u00e4sent verpackt man zuerst in Packpapier. Anschlie\u00dfend kann man das gew\u00fcnschte Motiv \u2013 in meinem Fall den Fliegenpilz \u2013 basteln.<\/p>\n<p style=\"text-align: center;\"><a href=\"https:\/\/www.sabine-seyffert.de\/blog\/wp-content\/uploads\/2018\/10\/Fliegenpilz-Geschenk-Geburtstag-8.jpg\"><img loading=\"lazy\" decoding=\"async\" class=\"alignnone size-full wp-image-13391\" src=\"https:\/\/www.sabine-seyffert.de\/blog\/wp-content\/uploads\/2018\/10\/Fliegenpilz-Geschenk-Geburtstag-8.jpg\" alt=\"\" width=\"800\" height=\"600\" srcset=\"https:\/\/www.sabine-seyffert.de\/blog\/wp-content\/uploads\/2018\/10\/Fliegenpilz-Geschenk-Geburtstag-8.jpg 800w, https:\/\/www.sabine-seyffert.de\/blog\/wp-content\/uploads\/2018\/10\/Fliegenpilz-Geschenk-Geburtstag-8-300x225.jpg 300w, https:\/\/www.sabine-seyffert.de\/blog\/wp-content\/uploads\/2018\/10\/Fliegenpilz-Geschenk-Geburtstag-8-768x576.jpg 768w\" sizes=\"auto, (max-width: 800px) 100vw, 800px\" \/><\/a><\/p>\n<p style=\"text-align: justify;\">Dazu schneidet man einen etwa ovalf\u00f6rmigen Stiel aus einer alten Buchseite. Wer kein Buch daf\u00fcr \u201eopfern\u201c m\u00f6chte, kann alternativ (wie bei <a href=\"https:\/\/www.sabine-seyffert.de\/blog\/?p=8321\" target=\"_blank\" rel=\"noopener\">diesem Fliegenpilz aus der Herbstpost<\/a>) ein St\u00fcck Tageszeitung nehmen. Den Pilz Kopf schneidet man aus einem kleinen St\u00fcck rotem Tonpapier. Das klappt prima per Hand und ohne eine Bastelvorlage. Wem es lieber ist, der zeichnet sich mit einem Bleistift die Form und Gr\u00f6\u00dfe auf dem Bastelpapier vor.<\/p>\n<p style=\"text-align: center;\"><a href=\"https:\/\/www.sabine-seyffert.de\/blog\/wp-content\/uploads\/2018\/10\/Fliegenpilz-Geschenk-Geburtstag-7.jpg\"><img loading=\"lazy\" decoding=\"async\" class=\"alignnone size-full wp-image-13392\" src=\"https:\/\/www.sabine-seyffert.de\/blog\/wp-content\/uploads\/2018\/10\/Fliegenpilz-Geschenk-Geburtstag-7.jpg\" alt=\"\" width=\"800\" height=\"600\" srcset=\"https:\/\/www.sabine-seyffert.de\/blog\/wp-content\/uploads\/2018\/10\/Fliegenpilz-Geschenk-Geburtstag-7.jpg 800w, https:\/\/www.sabine-seyffert.de\/blog\/wp-content\/uploads\/2018\/10\/Fliegenpilz-Geschenk-Geburtstag-7-300x225.jpg 300w, https:\/\/www.sabine-seyffert.de\/blog\/wp-content\/uploads\/2018\/10\/Fliegenpilz-Geschenk-Geburtstag-7-768x576.jpg 768w\" sizes=\"auto, (max-width: 800px) 100vw, 800px\" \/><\/a><\/p>\n<p style=\"text-align: justify;\">Nun klebt man den Pilz passend zusammen, so dass dieser auf der vorderen Geschenkseite gut zu sehen ist. Mit einem wei\u00dfen Lackstift zeichnet man auf den Pilzkopf allerhand wei\u00dfe P\u00fcnktchen. Ob diese dieselbe Gr\u00f6\u00dfe haben oder alle gleichgro\u00df sind, ist egal. Aus einem St\u00fcck gr\u00fcnen Masking Tape habe ich einen kleinen Grasb\u00fcschel geschnitten und an den unteren Rand geklebt.<\/p>\n<p style=\"text-align: center;\"><a href=\"https:\/\/www.sabine-seyffert.de\/blog\/wp-content\/uploads\/2018\/10\/Fliegenpilz-Geschenk-Geburtstag-6.jpg\"><img loading=\"lazy\" decoding=\"async\" class=\"alignnone size-full wp-image-13393\" src=\"https:\/\/www.sabine-seyffert.de\/blog\/wp-content\/uploads\/2018\/10\/Fliegenpilz-Geschenk-Geburtstag-6.jpg\" alt=\"\" width=\"800\" height=\"600\" srcset=\"https:\/\/www.sabine-seyffert.de\/blog\/wp-content\/uploads\/2018\/10\/Fliegenpilz-Geschenk-Geburtstag-6.jpg 800w, https:\/\/www.sabine-seyffert.de\/blog\/wp-content\/uploads\/2018\/10\/Fliegenpilz-Geschenk-Geburtstag-6-300x225.jpg 300w, https:\/\/www.sabine-seyffert.de\/blog\/wp-content\/uploads\/2018\/10\/Fliegenpilz-Geschenk-Geburtstag-6-768x576.jpg 768w\" sizes=\"auto, (max-width: 800px) 100vw, 800px\" \/><\/a><\/p>\n<p style=\"text-align: justify;\">Jetzt fehlt nur noch der passende Geburtstagswunsch: \u201eZum Geburtstag viel Gl\u00fcck\u201c oder eine andere sch\u00f6ne Gl\u00fccksbotschaft. Weil ich solche verpackten Geschenke gerne plastisch gestalte und es mag verschiedene Materialien gleichzeitig zu verwenden, habe ich am Rand noch etwas Kordel um das Geschenk gewickelt und mit Schleife versehen. Fertig ist das verpackte \u201eGl\u00fcck\u201c!<\/p>\n<p style=\"text-align: center;\"><a href=\"https:\/\/www.sabine-seyffert.de\/blog\/wp-content\/uploads\/2018\/10\/Fliegenpilz-Geschenk-Geburtstag-4.jpg\"><img loading=\"lazy\" decoding=\"async\" class=\"alignnone size-full wp-image-13394\" src=\"https:\/\/www.sabine-seyffert.de\/blog\/wp-content\/uploads\/2018\/10\/Fliegenpilz-Geschenk-Geburtstag-4.jpg\" alt=\"\" width=\"800\" height=\"600\" srcset=\"https:\/\/www.sabine-seyffert.de\/blog\/wp-content\/uploads\/2018\/10\/Fliegenpilz-Geschenk-Geburtstag-4.jpg 800w, https:\/\/www.sabine-seyffert.de\/blog\/wp-content\/uploads\/2018\/10\/Fliegenpilz-Geschenk-Geburtstag-4-300x225.jpg 300w, https:\/\/www.sabine-seyffert.de\/blog\/wp-content\/uploads\/2018\/10\/Fliegenpilz-Geschenk-Geburtstag-4-768x576.jpg 768w\" sizes=\"auto, (max-width: 800px) 100vw, 800px\" \/><\/a><\/p>\n<p style=\"text-align: justify;\">Nat\u00fcrlich kann man diese Verpackungsideen auch f\u00fcr andere Anl\u00e4sse als einen Geburtstag nehmen. So habe ich als kleine Aufmunterung ein Geschenk in \u00e4hnlicher Art und Weise verpackt \ud83d\ude09<\/p>\n<p style=\"text-align: center;\"><a href=\"https:\/\/www.sabine-seyffert.de\/blog\/wp-content\/uploads\/2018\/10\/Fliegenpilz-Geschenk-Geburtstag-2.jpg\"><img loading=\"lazy\" decoding=\"async\" class=\"alignnone size-full wp-image-13395\" src=\"https:\/\/www.sabine-seyffert.de\/blog\/wp-content\/uploads\/2018\/10\/Fliegenpilz-Geschenk-Geburtstag-2.jpg\" alt=\"\" width=\"800\" height=\"600\" srcset=\"https:\/\/www.sabine-seyffert.de\/blog\/wp-content\/uploads\/2018\/10\/Fliegenpilz-Geschenk-Geburtstag-2.jpg 800w, https:\/\/www.sabine-seyffert.de\/blog\/wp-content\/uploads\/2018\/10\/Fliegenpilz-Geschenk-Geburtstag-2-300x225.jpg 300w, https:\/\/www.sabine-seyffert.de\/blog\/wp-content\/uploads\/2018\/10\/Fliegenpilz-Geschenk-Geburtstag-2-768x576.jpg 768w\" sizes=\"auto, (max-width: 800px) 100vw, 800px\" \/><\/a><\/p>\n<p style=\"text-align: justify;\">Wenn ihr weitere ausgefallene Verpackungsideen sucht, werft doch mal einen Blick in <a href=\"https:\/\/www.sabine-seyffert.de\/blog\/?cat=49\" target=\"_blank\" rel=\"noopener\">diese Rubrik<\/a>! Andere herbstliche Sachen findet ihr <a href=\"https:\/\/www.sabine-seyffert.de\/blog\/?cat=25\" target=\"_blank\" rel=\"noopener\">dort<\/a>, mehr \u201eGr\u00fcn\u201c an <a href=\"http:\/\/naturkinder.typepad.com\/naturkinder\/2018\/10\/gruenzeug-we-love-green-stuff.html\" target=\"_blank\" rel=\"noopener\">dieser<\/a> Stelle und Kreatives <a href=\"https:\/\/www.creadienstag.de\/2018\/10\/linkparty-352.html\" target=\"_blank\" rel=\"noopener\">da<\/a>.<\/p>\n<p style=\"text-align: center;\"><a href=\"https:\/\/www.sabine-seyffert.de\/blog\/wp-content\/uploads\/2018\/10\/Fliegenpilz-Geschenk-Geburtstag-1.jpg\"><img loading=\"lazy\" decoding=\"async\" class=\"alignnone size-full wp-image-13396\" src=\"https:\/\/www.sabine-seyffert.de\/blog\/wp-content\/uploads\/2018\/10\/Fliegenpilz-Geschenk-Geburtstag-1.jpg\" alt=\"\" width=\"800\" height=\"600\" srcset=\"https:\/\/www.sabine-seyffert.de\/blog\/wp-content\/uploads\/2018\/10\/Fliegenpilz-Geschenk-Geburtstag-1.jpg 800w, https:\/\/www.sabine-seyffert.de\/blog\/wp-content\/uploads\/2018\/10\/Fliegenpilz-Geschenk-Geburtstag-1-300x225.jpg 300w, https:\/\/www.sabine-seyffert.de\/blog\/wp-content\/uploads\/2018\/10\/Fliegenpilz-Geschenk-Geburtstag-1-768x576.jpg 768w\" sizes=\"auto, (max-width: 800px) 100vw, 800px\" \/><\/a><\/p>\n<p style=\"text-align: justify;\"><a href=\"https:\/\/www.sabine-seyffert.de\/blog\/?page_id=32#urheberrecht\">urheberrechtlich gesch\u00fctzt<\/a>, \u00a9 Sabine Seyffert<\/p>\n","protected":false},"excerpt":{"rendered":"<p>Weiter geht\u2019s mit Pilzen \u2013 es passt einfach so gut zur Jahreszeit \ud83d\ude09 Wie schon an dieser herbstlichen Bastelidee ersichtlich, mag ich Fliegenpilze einfach richtig gerne. Schon der Anblick ist f\u00fcr mich ein Gute Laune Garant! Und da man sich zum Geburtstag nat\u00fcrlich auch nicht nur \u201eAlles Gute\u201c sondern in der Regel recht viel Gl\u00fcck&#8230; <a href=\"https:\/\/www.sabine-seyffert.de\/blog\/mit-liebe-verpackt-diy-geschenkverpackung-mit-upcyceltem-fliegenpilz-einer-grossen-portion-glueck\/\" class=\"more-link\">Read more: Mit Liebe verpackt: DIY Geschenkverpackung mit upcyceltem Fliegenpilz &#038; einer gro\u00dfen Portion Gl\u00fcck<\/a><\/p>\n","protected":false},"author":2,"featured_media":0,"comment_status":"open","ping_status":"open","sticky":false,"template":"","format":"standard","meta":{"_metis_text_type":"","_metis_text_length":2607,"_post_count":0,"footnotes":""},"categories":[49,25,47],"tags":[],"class_list":["post-13388","post","type-post","status-publish","format-standard","hentry","category-verpackungsideen","category-herbst","category-upcyceltes"],"_links":{"self":[{"href":"https:\/\/www.sabine-seyffert.de\/blog\/wp-json\/wp\/v2\/posts\/13388","targetHints":{"allow":["GET"]}}],"collection":[{"href":"https:\/\/www.sabine-seyffert.de\/blog\/wp-json\/wp\/v2\/posts"}],"about":[{"href":"https:\/\/www.sabine-seyffert.de\/blog\/wp-json\/wp\/v2\/types\/post"}],"author":[{"embeddable":true,"href":"https:\/\/www.sabine-seyffert.de\/blog\/wp-json\/wp\/v2\/users\/2"}],"replies":[{"embeddable":true,"href":"https:\/\/www.sabine-seyffert.de\/blog\/wp-json\/wp\/v2\/comments?post=13388"}],"version-history":[{"count":8,"href":"https:\/\/www.sabine-seyffert.de\/blog\/wp-json\/wp\/v2\/posts\/13388\/revisions"}],"predecessor-version":[{"id":24008,"href":"https:\/\/www.sabine-seyffert.de\/blog\/wp-json\/wp\/v2\/posts\/13388\/revisions\/24008"}],"wp:attachment":[{"href":"https:\/\/www.sabine-seyffert.de\/blog\/wp-json\/wp\/v2\/media?parent=13388"}],"wp:term":[{"taxonomy":"category","embeddable":true,"href":"https:\/\/www.sabine-seyffert.de\/blog\/wp-json\/wp\/v2\/categories?post=13388"},{"taxonomy":"post_tag","embeddable":true,"href":"https:\/\/www.sabine-seyffert.de\/blog\/wp-json\/wp\/v2\/tags?post=13388"}],"curies":[{"name":"wp","href":"https:\/\/api.w.org\/{rel}","templated":true}]}}