{"id":13364,"date":"2018-09-28T10:01:12","date_gmt":"2018-09-28T08:01:12","guid":{"rendered":"https:\/\/www.sabine-seyffert.de\/blog\/?p=13364"},"modified":"2018-09-28T10:01:12","modified_gmt":"2018-09-28T08:01:12","slug":"rezept-idee-pasta-mit-cremiger-paprika-sosse-aus-dem-backofen-vegan-kochen-leicht-gemacht","status":"publish","type":"post","link":"https:\/\/www.sabine-seyffert.de\/blog\/rezept-idee-pasta-mit-cremiger-paprika-sosse-aus-dem-backofen-vegan-kochen-leicht-gemacht\/","title":{"rendered":"Rezept Idee: Pasta mit cremiger Paprika So\u00dfe aus dem Backofen \u2013 vegan Kochen leicht gemacht"},"content":{"rendered":"<p style=\"text-align: justify;\"><img loading=\"lazy\" decoding=\"async\" src=\"https:\/\/vg01.met.vgwort.de\/na\/584a52b6e14041eb8366d344c2a56f22\" alt=\"\" width=\"1\" height=\"1\" \/>Mittags mag ich am liebsten ratzfatz zubereiteten Easypeasy Rezepte, die schnell gemacht sind und nicht viele Zutaten ben\u00f6tigen. Und wenn diese Mittagsmahlzeit dann noch f\u00fcr leuchtende Kinderaugen sorgt, umso besser. Genau so eins in diese leckere Paprika So\u00dfe, die im Ofen zubereitet wird: Dank P\u00fcrierstab keine sichtbaren St\u00fcckchen, herrlich cremig und ein richtiges Kinderlieblingsessen \ud83d\ude09<\/p>\n<p style=\"text-align: center;\"><a href=\"https:\/\/www.sabine-seyffert.de\/blog\/wp-content\/uploads\/2018\/09\/Pasta-mit-Paprikaso\u00dfe-2.jpg\"><img loading=\"lazy\" decoding=\"async\" class=\"alignnone size-full wp-image-13365\" src=\"https:\/\/www.sabine-seyffert.de\/blog\/wp-content\/uploads\/2018\/09\/Pasta-mit-Paprikaso\u00dfe-2.jpg\" alt=\"\" width=\"800\" height=\"600\" srcset=\"https:\/\/www.sabine-seyffert.de\/blog\/wp-content\/uploads\/2018\/09\/Pasta-mit-Paprikaso\u00dfe-2.jpg 800w, https:\/\/www.sabine-seyffert.de\/blog\/wp-content\/uploads\/2018\/09\/Pasta-mit-Paprikaso\u00dfe-2-300x225.jpg 300w, https:\/\/www.sabine-seyffert.de\/blog\/wp-content\/uploads\/2018\/09\/Pasta-mit-Paprikaso\u00dfe-2-768x576.jpg 768w\" sizes=\"auto, (max-width: 800px) 100vw, 800px\" \/><\/a><\/p>\n<p style=\"text-align: justify;\"><strong>Das wird gebraucht:<\/strong><br \/>\n3 rote Paprika, 2-3 kleine Zwiebeln, 1-2 Knoblauchzehen, 2 Essl\u00f6ffel Oliven\u00f6l, 500 g Pasta eurer Wahl, 1 handvoll Cashew Kerne, ein paar Zweige frischer Oregano, Paprika Pulver edels\u00fc\u00df, rotes Tomatensalz, Pfeffer, 250 g Sahne (in unserem Fall pflanzliche Sahne), ein Bogen Backpapier<\/p>\n<p style=\"text-align: center;\"><a href=\"https:\/\/www.sabine-seyffert.de\/blog\/wp-content\/uploads\/2018\/09\/Pasta-mit-Paprikaso\u00dfe-7.jpg\"><img loading=\"lazy\" decoding=\"async\" class=\"alignnone size-full wp-image-13366\" src=\"https:\/\/www.sabine-seyffert.de\/blog\/wp-content\/uploads\/2018\/09\/Pasta-mit-Paprikaso\u00dfe-7.jpg\" alt=\"\" width=\"800\" height=\"600\" srcset=\"https:\/\/www.sabine-seyffert.de\/blog\/wp-content\/uploads\/2018\/09\/Pasta-mit-Paprikaso\u00dfe-7.jpg 800w, https:\/\/www.sabine-seyffert.de\/blog\/wp-content\/uploads\/2018\/09\/Pasta-mit-Paprikaso\u00dfe-7-300x225.jpg 300w, https:\/\/www.sabine-seyffert.de\/blog\/wp-content\/uploads\/2018\/09\/Pasta-mit-Paprikaso\u00dfe-7-768x576.jpg 768w\" sizes=\"auto, (max-width: 800px) 100vw, 800px\" \/><\/a><\/p>\n<p style=\"text-align: justify;\"><strong>So wird\u2019s gemacht:<\/strong><br \/>\nZuerst halbiert ihr die Paprika und schneidet alle Kerne aus dem Inneren heraus. Dann kommen Zwiebel und Knoblauch an die Reihe: Diese werden gesch\u00e4lt und dann ein tiefes Backblech mit etwas Backpapier ausgelegt.<\/p>\n<p style=\"text-align: center;\"><a href=\"https:\/\/www.sabine-seyffert.de\/blog\/wp-content\/uploads\/2018\/09\/Pasta-mit-Paprikaso\u00dfe-6.jpg\"><img loading=\"lazy\" decoding=\"async\" class=\"alignnone size-full wp-image-13367\" src=\"https:\/\/www.sabine-seyffert.de\/blog\/wp-content\/uploads\/2018\/09\/Pasta-mit-Paprikaso\u00dfe-6.jpg\" alt=\"\" width=\"800\" height=\"600\" srcset=\"https:\/\/www.sabine-seyffert.de\/blog\/wp-content\/uploads\/2018\/09\/Pasta-mit-Paprikaso\u00dfe-6.jpg 800w, https:\/\/www.sabine-seyffert.de\/blog\/wp-content\/uploads\/2018\/09\/Pasta-mit-Paprikaso\u00dfe-6-300x225.jpg 300w, https:\/\/www.sabine-seyffert.de\/blog\/wp-content\/uploads\/2018\/09\/Pasta-mit-Paprikaso\u00dfe-6-768x576.jpg 768w\" sizes=\"auto, (max-width: 800px) 100vw, 800px\" \/><\/a><\/p>\n<p style=\"text-align: justify;\">Darauf verteilt man die grob gew\u00fcrfelte Paprika, die Zwiebeln und der Knoblauch. Dar\u00fcber gebt ihr rund 2 Essl\u00f6ffel Oliven\u00f6l und schiebt das Blech so in den Backofen.<\/p>\n<p style=\"text-align: center;\"><a href=\"https:\/\/www.sabine-seyffert.de\/blog\/wp-content\/uploads\/2018\/09\/Pasta-mit-Paprikaso\u00dfe-8.jpg\"><img loading=\"lazy\" decoding=\"async\" class=\"alignnone size-full wp-image-13368\" src=\"https:\/\/www.sabine-seyffert.de\/blog\/wp-content\/uploads\/2018\/09\/Pasta-mit-Paprikaso\u00dfe-8.jpg\" alt=\"\" width=\"800\" height=\"600\" srcset=\"https:\/\/www.sabine-seyffert.de\/blog\/wp-content\/uploads\/2018\/09\/Pasta-mit-Paprikaso\u00dfe-8.jpg 800w, https:\/\/www.sabine-seyffert.de\/blog\/wp-content\/uploads\/2018\/09\/Pasta-mit-Paprikaso\u00dfe-8-300x225.jpg 300w, https:\/\/www.sabine-seyffert.de\/blog\/wp-content\/uploads\/2018\/09\/Pasta-mit-Paprikaso\u00dfe-8-768x576.jpg 768w\" sizes=\"auto, (max-width: 800px) 100vw, 800px\" \/><\/a><\/p>\n<p style=\"text-align: justify;\">Darin wird das Gem\u00fcse nun gegart. Die Backzeit betr\u00e4gt etwa 30 Minuten bei 180-200 \u00b0 Grad Umluft. Zwischendrin solltet ihr alles ab und an wenden, damit nichts anbrennt. Zum Schluss kocht man dann nebenbei in einem gro\u00dfen Topf die Nudelsorte eurer Wahl.<\/p>\n<p style=\"text-align: center;\"><a href=\"https:\/\/www.sabine-seyffert.de\/blog\/wp-content\/uploads\/2018\/09\/Pasta-mit-Paprikaso\u00dfe-5.jpg\"><img loading=\"lazy\" decoding=\"async\" class=\"alignnone size-full wp-image-13369\" src=\"https:\/\/www.sabine-seyffert.de\/blog\/wp-content\/uploads\/2018\/09\/Pasta-mit-Paprikaso\u00dfe-5.jpg\" alt=\"\" width=\"800\" height=\"600\" srcset=\"https:\/\/www.sabine-seyffert.de\/blog\/wp-content\/uploads\/2018\/09\/Pasta-mit-Paprikaso\u00dfe-5.jpg 800w, https:\/\/www.sabine-seyffert.de\/blog\/wp-content\/uploads\/2018\/09\/Pasta-mit-Paprikaso\u00dfe-5-300x225.jpg 300w, https:\/\/www.sabine-seyffert.de\/blog\/wp-content\/uploads\/2018\/09\/Pasta-mit-Paprikaso\u00dfe-5-768x576.jpg 768w\" sizes=\"auto, (max-width: 800px) 100vw, 800px\" \/><\/a><\/p>\n<p style=\"text-align: justify;\">Im Anschluss gebt ihr die Paprika-Zwiebel-Knoblauch Mischung in einen hohen P\u00fcrierbecher. Hinzu kommen ein paar Cashew Kerne sowie die Gew\u00fcrze: Paprika, Tomatensalz, Pfeffer, die abgezupften Oreganobl\u00e4tter und ein Becher (pflanzliche) Sahne. Diese Zutaten p\u00fcriert man nun gr\u00fcndlich durch und schmeckt alles noch mal ab.<\/p>\n<p style=\"text-align: center;\"><a href=\"https:\/\/www.sabine-seyffert.de\/blog\/wp-content\/uploads\/2018\/09\/Pasta-mit-Paprikaso\u00dfe-4.jpg\"><img loading=\"lazy\" decoding=\"async\" class=\"alignnone size-full wp-image-13370\" src=\"https:\/\/www.sabine-seyffert.de\/blog\/wp-content\/uploads\/2018\/09\/Pasta-mit-Paprikaso\u00dfe-4.jpg\" alt=\"\" width=\"800\" height=\"600\" srcset=\"https:\/\/www.sabine-seyffert.de\/blog\/wp-content\/uploads\/2018\/09\/Pasta-mit-Paprikaso\u00dfe-4.jpg 800w, https:\/\/www.sabine-seyffert.de\/blog\/wp-content\/uploads\/2018\/09\/Pasta-mit-Paprikaso\u00dfe-4-300x225.jpg 300w, https:\/\/www.sabine-seyffert.de\/blog\/wp-content\/uploads\/2018\/09\/Pasta-mit-Paprikaso\u00dfe-4-768x576.jpg 768w\" sizes=\"auto, (max-width: 800px) 100vw, 800px\" \/><\/a><\/p>\n<p style=\"text-align: justify;\">Eine super leckere rote So\u00dfe zu Nudeln oder Spaghetti.<\/p>\n<p style=\"text-align: center;\"><a href=\"https:\/\/www.sabine-seyffert.de\/blog\/wp-content\/uploads\/2018\/09\/Pasta-mit-Paprikaso\u00dfe-1.jpg\"><img loading=\"lazy\" decoding=\"async\" class=\"alignnone size-full wp-image-13371\" src=\"https:\/\/www.sabine-seyffert.de\/blog\/wp-content\/uploads\/2018\/09\/Pasta-mit-Paprikaso\u00dfe-1.jpg\" alt=\"\" width=\"800\" height=\"600\" srcset=\"https:\/\/www.sabine-seyffert.de\/blog\/wp-content\/uploads\/2018\/09\/Pasta-mit-Paprikaso\u00dfe-1.jpg 800w, https:\/\/www.sabine-seyffert.de\/blog\/wp-content\/uploads\/2018\/09\/Pasta-mit-Paprikaso\u00dfe-1-300x225.jpg 300w, https:\/\/www.sabine-seyffert.de\/blog\/wp-content\/uploads\/2018\/09\/Pasta-mit-Paprikaso\u00dfe-1-768x576.jpg 768w\" sizes=\"auto, (max-width: 800px) 100vw, 800px\" \/><\/a><\/p>\n<p style=\"text-align: justify;\">Weitere vegane Rezepte findet ihr \u00fcbrigens in <a href=\"https:\/\/www.sabine-seyffert.de\/blog\/?cat=44\" target=\"_blank\" rel=\"noopener\">dieser Blog Kategorie<\/a>, herzhafte vegetarische Rezepte gibt es in <a href=\"https:\/\/www.sabine-seyffert.de\/blog\/?cat=30\" target=\"_blank\" rel=\"noopener\">diesem Ordner<\/a> und alle s\u00fc\u00dfen Leckereien gibt es an <a href=\"https:\/\/www.sabine-seyffert.de\/blog\/?cat=31\" target=\"_blank\" rel=\"noopener\">dieser Stelle<\/a>.<\/p>\n<p style=\"text-align: justify;\"><a href=\"https:\/\/www.sabine-seyffert.de\/blog\/?page_id=32#urheberrecht\">urheberrechtlich gesch\u00fctzt<\/a>, \u00a9 Sabine Seyffert<\/p>\n","protected":false},"excerpt":{"rendered":"<p>Mittags mag ich am liebsten ratzfatz zubereiteten Easypeasy Rezepte, die schnell gemacht sind und nicht viele Zutaten ben\u00f6tigen. Und wenn diese Mittagsmahlzeit dann noch f\u00fcr leuchtende Kinderaugen sorgt, umso besser. Genau so eins in diese leckere Paprika So\u00dfe, die im Ofen zubereitet wird: Dank P\u00fcrierstab keine sichtbaren St\u00fcckchen, herrlich cremig und ein richtiges Kinderlieblingsessen \ud83d\ude09&#8230; <a href=\"https:\/\/www.sabine-seyffert.de\/blog\/rezept-idee-pasta-mit-cremiger-paprika-sosse-aus-dem-backofen-vegan-kochen-leicht-gemacht\/\" class=\"more-link\">Read more: Rezept Idee: Pasta mit cremiger Paprika So\u00dfe aus dem Backofen \u2013 vegan Kochen leicht gemacht<\/a><\/p>\n","protected":false},"author":2,"featured_media":0,"comment_status":"open","ping_status":"open","sticky":false,"template":"","format":"standard","meta":{"_metis_text_type":"","_metis_text_length":1945,"_post_count":0,"footnotes":""},"categories":[44],"tags":[],"class_list":["post-13364","post","type-post","status-publish","format-standard","hentry","category-rezepte-vegan"],"_links":{"self":[{"href":"https:\/\/www.sabine-seyffert.de\/blog\/wp-json\/wp\/v2\/posts\/13364","targetHints":{"allow":["GET"]}}],"collection":[{"href":"https:\/\/www.sabine-seyffert.de\/blog\/wp-json\/wp\/v2\/posts"}],"about":[{"href":"https:\/\/www.sabine-seyffert.de\/blog\/wp-json\/wp\/v2\/types\/post"}],"author":[{"embeddable":true,"href":"https:\/\/www.sabine-seyffert.de\/blog\/wp-json\/wp\/v2\/users\/2"}],"replies":[{"embeddable":true,"href":"https:\/\/www.sabine-seyffert.de\/blog\/wp-json\/wp\/v2\/comments?post=13364"}],"version-history":[{"count":4,"href":"https:\/\/www.sabine-seyffert.de\/blog\/wp-json\/wp\/v2\/posts\/13364\/revisions"}],"predecessor-version":[{"id":13375,"href":"https:\/\/www.sabine-seyffert.de\/blog\/wp-json\/wp\/v2\/posts\/13364\/revisions\/13375"}],"wp:attachment":[{"href":"https:\/\/www.sabine-seyffert.de\/blog\/wp-json\/wp\/v2\/media?parent=13364"}],"wp:term":[{"taxonomy":"category","embeddable":true,"href":"https:\/\/www.sabine-seyffert.de\/blog\/wp-json\/wp\/v2\/categories?post=13364"},{"taxonomy":"post_tag","embeddable":true,"href":"https:\/\/www.sabine-seyffert.de\/blog\/wp-json\/wp\/v2\/tags?post=13364"}],"curies":[{"name":"wp","href":"https:\/\/api.w.org\/{rel}","templated":true}]}}