{"id":13322,"date":"2018-09-17T16:05:50","date_gmt":"2018-09-17T14:05:50","guid":{"rendered":"https:\/\/www.sabine-seyffert.de\/blog\/?p=13322"},"modified":"2022-09-14T14:29:53","modified_gmt":"2022-09-14T12:29:53","slug":"diy-bastel-deko-idee-fuer-den-herbst-kranz-mit-fliegenpilzen-aus-naturmaterial-basteln","status":"publish","type":"post","link":"https:\/\/www.sabine-seyffert.de\/blog\/diy-bastel-deko-idee-fuer-den-herbst-kranz-mit-fliegenpilzen-aus-naturmaterial-basteln\/","title":{"rendered":"DIY Bastel- &#038; Deko Idee f\u00fcr den Herbst: Kranz mit Fliegenpilzen aus Naturmaterial basteln"},"content":{"rendered":"<p style=\"text-align: justify;\"><img loading=\"lazy\" decoding=\"async\" src=\"http:\/\/vg01.met.vgwort.de\/na\/328a83e2c2d946f1965d61d510dffd26\" alt=\"\" width=\"1\" height=\"1\" \/><\/p>\n<p>Erinnert ihr euch noch an die <a href=\"https:\/\/www.sabine-seyffert.de\/blog\/?p=11151\" target=\"_blank\" rel=\"noopener\">selbst gemachten Gl\u00fcckspilze<\/a>, die ich im letzten Herbst aus Eicheln gebastelt habe? Die finde ich nach wie vor einfach toll. Nicht nur, weil sie schnell gebastelt und aus kostenlosem Material sind.<br \/>\nVon unserem Spaziergang und dem <a href=\"https:\/\/www.sabine-seyffert.de\/blog\/?p=13252\" target=\"_blank\" rel=\"noopener\">herbstlichen Windlicht<\/a> hatte ich noch ein paar der Mini Eicheln \u00fcbrig. Diese sind jedoch inzwischen nicht mehr so gr\u00fcn. Daher habe ich einige davon f\u00fcr eine neue Dekoidee verwendet und habe eine neue Pilzproduktion in Gang gesetzt.<\/p>\n<p style=\"text-align: center;\"><a href=\"https:\/\/www.sabine-seyffert.de\/blog\/wp-content\/uploads\/2018\/09\/Kranz-Fliegenpilz-Eicheln-7.jpg\"><img loading=\"lazy\" decoding=\"async\" class=\"alignnone size-full wp-image-13323\" src=\"https:\/\/www.sabine-seyffert.de\/blog\/wp-content\/uploads\/2018\/09\/Kranz-Fliegenpilz-Eicheln-7.jpg\" alt=\"\" width=\"600\" height=\"800\" srcset=\"https:\/\/www.sabine-seyffert.de\/blog\/wp-content\/uploads\/2018\/09\/Kranz-Fliegenpilz-Eicheln-7.jpg 600w, https:\/\/www.sabine-seyffert.de\/blog\/wp-content\/uploads\/2018\/09\/Kranz-Fliegenpilz-Eicheln-7-225x300.jpg 225w\" sizes=\"auto, (max-width: 600px) 100vw, 600px\" \/><\/a><\/p>\n<p style=\"text-align: justify;\"><strong>Das wird gebraucht:<\/strong><br \/>\nEinen kleinen d\u00fcnnen Ast (bsp. von einer L\u00e4rche), etwas getrocknetes Moos, Eicheln mit H\u00fctchen, wei\u00dfen und roten Acryllack auf Wasserbasis oder Bastelfarbe, einen wei\u00dfen Lackstift, kleine Zapfen, d\u00fcnnen Basteldraht, Nylongarn, eine Hei\u00dfklebepistole samt Klebepatrone<\/p>\n<p style=\"text-align: center;\"><a href=\"https:\/\/www.sabine-seyffert.de\/blog\/wp-content\/uploads\/2018\/09\/Kranz-Fliegenpilz-Eicheln-6.jpg\"><img loading=\"lazy\" decoding=\"async\" class=\"alignnone size-full wp-image-13324\" src=\"https:\/\/www.sabine-seyffert.de\/blog\/wp-content\/uploads\/2018\/09\/Kranz-Fliegenpilz-Eicheln-6.jpg\" alt=\"\" width=\"800\" height=\"600\" srcset=\"https:\/\/www.sabine-seyffert.de\/blog\/wp-content\/uploads\/2018\/09\/Kranz-Fliegenpilz-Eicheln-6.jpg 800w, https:\/\/www.sabine-seyffert.de\/blog\/wp-content\/uploads\/2018\/09\/Kranz-Fliegenpilz-Eicheln-6-300x225.jpg 300w, https:\/\/www.sabine-seyffert.de\/blog\/wp-content\/uploads\/2018\/09\/Kranz-Fliegenpilz-Eicheln-6-768x576.jpg 768w\" sizes=\"auto, (max-width: 800px) 100vw, 800px\" \/><\/a><\/p>\n<p style=\"text-align: justify;\"><strong>So wird\u2019s gemacht:<\/strong><br \/>\nZuerst habe ich einen L\u00e4rchenast zu einer Art \u201eTropfen\u201c gebunden und die oberen Enden mit einem St\u00fcck Basteldraht aneinander fixiert. Eigentlich sollte es ein runder Kranz werden, aber die gesammelten \u00c4ste waren bereits zu trocken und sind beim Biegen sofort zerbrochen.<\/p>\n<p style=\"text-align: center;\"><a href=\"https:\/\/www.sabine-seyffert.de\/blog\/wp-content\/uploads\/2018\/09\/Kranz-Fliegenpilz-Eicheln-5.jpg\"><img loading=\"lazy\" decoding=\"async\" class=\"alignnone size-full wp-image-13325\" src=\"https:\/\/www.sabine-seyffert.de\/blog\/wp-content\/uploads\/2018\/09\/Kranz-Fliegenpilz-Eicheln-5.jpg\" alt=\"\" width=\"800\" height=\"600\" srcset=\"https:\/\/www.sabine-seyffert.de\/blog\/wp-content\/uploads\/2018\/09\/Kranz-Fliegenpilz-Eicheln-5.jpg 800w, https:\/\/www.sabine-seyffert.de\/blog\/wp-content\/uploads\/2018\/09\/Kranz-Fliegenpilz-Eicheln-5-300x225.jpg 300w, https:\/\/www.sabine-seyffert.de\/blog\/wp-content\/uploads\/2018\/09\/Kranz-Fliegenpilz-Eicheln-5-768x576.jpg 768w\" sizes=\"auto, (max-width: 800px) 100vw, 800px\" \/><\/a><\/p>\n<p style=\"text-align: justify;\">An dem unteren Rand habe ich mit ein paar Tropfen Hei\u00dfkleber ein bisschen gr\u00fcnes Moos um den Ast geklebt, damit noch ein bisschen Farbe ins Spiel kommt. Die Mini Fliegenpilze habe ich nach <a href=\"https:\/\/www.sabine-seyffert.de\/blog\/?p=11151\" target=\"_blank\" rel=\"noopener\">dieser detaillierten Bastelanleitung<\/a> angefertigt und nach dem Trocknen dann ebenfalls mit Hei\u00dfkleber auf dem Moos platziert.<\/p>\n<p style=\"text-align: center;\"><a href=\"https:\/\/www.sabine-seyffert.de\/blog\/wp-content\/uploads\/2018\/09\/Kranz-Fliegenpilz-Eicheln-4.jpg\"><img loading=\"lazy\" decoding=\"async\" class=\"alignnone size-full wp-image-13326\" src=\"https:\/\/www.sabine-seyffert.de\/blog\/wp-content\/uploads\/2018\/09\/Kranz-Fliegenpilz-Eicheln-4.jpg\" alt=\"\" width=\"800\" height=\"600\" srcset=\"https:\/\/www.sabine-seyffert.de\/blog\/wp-content\/uploads\/2018\/09\/Kranz-Fliegenpilz-Eicheln-4.jpg 800w, https:\/\/www.sabine-seyffert.de\/blog\/wp-content\/uploads\/2018\/09\/Kranz-Fliegenpilz-Eicheln-4-300x225.jpg 300w, https:\/\/www.sabine-seyffert.de\/blog\/wp-content\/uploads\/2018\/09\/Kranz-Fliegenpilz-Eicheln-4-768x576.jpg 768w\" sizes=\"auto, (max-width: 800px) 100vw, 800px\" \/><\/a><\/p>\n<p style=\"text-align: justify;\">Dazwischen klebt nun noch ein kleines Zapfenduo, weil es einfach so sch\u00f6n passte. Herbstliches Naturmaterial findet man derzeit ja bereits genug drau\u00dfen im Wald.<\/p>\n<p style=\"text-align: center;\"><a href=\"https:\/\/www.sabine-seyffert.de\/blog\/wp-content\/uploads\/2018\/09\/Fliegenpilz-Duo-Eicheln.jpg\"><img loading=\"lazy\" decoding=\"async\" class=\"alignnone size-full wp-image-13327\" src=\"https:\/\/www.sabine-seyffert.de\/blog\/wp-content\/uploads\/2018\/09\/Fliegenpilz-Duo-Eicheln.jpg\" alt=\"\" width=\"800\" height=\"600\" srcset=\"https:\/\/www.sabine-seyffert.de\/blog\/wp-content\/uploads\/2018\/09\/Fliegenpilz-Duo-Eicheln.jpg 800w, https:\/\/www.sabine-seyffert.de\/blog\/wp-content\/uploads\/2018\/09\/Fliegenpilz-Duo-Eicheln-300x225.jpg 300w, https:\/\/www.sabine-seyffert.de\/blog\/wp-content\/uploads\/2018\/09\/Fliegenpilz-Duo-Eicheln-768x576.jpg 768w\" sizes=\"auto, (max-width: 800px) 100vw, 800px\" \/><\/a><\/p>\n<p style=\"text-align: justify;\">Ganz zum Schluss bindet man noch ein St\u00fcck Nylongarn am oberen Ende um den zarten Naturkranz und kann ihn damit am Fenster, der T\u00fcr oder der Zimmerwand aufh\u00e4ngen.<\/p>\n<p style=\"text-align: center;\"><a href=\"https:\/\/www.sabine-seyffert.de\/blog\/wp-content\/uploads\/2018\/09\/Kranz-Fliegenpilz-Eicheln-3.jpg\"><img loading=\"lazy\" decoding=\"async\" class=\"alignnone size-full wp-image-13328\" src=\"https:\/\/www.sabine-seyffert.de\/blog\/wp-content\/uploads\/2018\/09\/Kranz-Fliegenpilz-Eicheln-3.jpg\" alt=\"\" width=\"800\" height=\"600\" srcset=\"https:\/\/www.sabine-seyffert.de\/blog\/wp-content\/uploads\/2018\/09\/Kranz-Fliegenpilz-Eicheln-3.jpg 800w, https:\/\/www.sabine-seyffert.de\/blog\/wp-content\/uploads\/2018\/09\/Kranz-Fliegenpilz-Eicheln-3-300x225.jpg 300w, https:\/\/www.sabine-seyffert.de\/blog\/wp-content\/uploads\/2018\/09\/Kranz-Fliegenpilz-Eicheln-3-768x576.jpg 768w\" sizes=\"auto, (max-width: 800px) 100vw, 800px\" \/><\/a><\/p>\n<p style=\"text-align: justify;\">Eine wirklich ganz schnelle Bastelei mit einigen kostenlosen Sch\u00e4tzen der Natur, die der Herbst f\u00fcr uns bereit h\u00e4lt \ud83d\ude42<\/p>\n<p style=\"text-align: center;\"><a href=\"https:\/\/www.sabine-seyffert.de\/blog\/wp-content\/uploads\/2018\/09\/Kranz-Fliegenpilz-Eicheln-1.jpg\"><img loading=\"lazy\" decoding=\"async\" class=\"alignnone size-full wp-image-13329\" src=\"https:\/\/www.sabine-seyffert.de\/blog\/wp-content\/uploads\/2018\/09\/Kranz-Fliegenpilz-Eicheln-1.jpg\" alt=\"\" width=\"800\" height=\"600\" srcset=\"https:\/\/www.sabine-seyffert.de\/blog\/wp-content\/uploads\/2018\/09\/Kranz-Fliegenpilz-Eicheln-1.jpg 800w, https:\/\/www.sabine-seyffert.de\/blog\/wp-content\/uploads\/2018\/09\/Kranz-Fliegenpilz-Eicheln-1-300x225.jpg 300w, https:\/\/www.sabine-seyffert.de\/blog\/wp-content\/uploads\/2018\/09\/Kranz-Fliegenpilz-Eicheln-1-768x576.jpg 768w\" sizes=\"auto, (max-width: 800px) 100vw, 800px\" \/><\/a><\/p>\n<p style=\"text-align: justify;\">Weitere Deko Ideen zu unterschiedlichen Anl\u00e4ssen findet ihr \u00fcbrigens in <a href=\"https:\/\/www.sabine-seyffert.de\/blog\/?cat=12\" target=\"_blank\" rel=\"noopener\">dieser Blog Kategorie<\/a>, alles rund um den Herbst gibt es in <a href=\"https:\/\/www.sabine-seyffert.de\/blog\/?cat=25\" target=\"_blank\" rel=\"noopener\">diesem Ordner<\/a>, mehr Gr\u00fcnes <a href=\"http:\/\/naturkinder.typepad.com\/naturkinder\/2018\/09\/gruenzeug-we-love-green-stuff-2.html\" target=\"_blank\" rel=\"noopener nofollow\">da<\/a> und andere kreative Sachen gibt es an <a href=\"https:\/\/www.creadienstag.de\/2018\/09\/linkparty-349.html\" target=\"_blank\" rel=\"noopener nofollow\">dieser<\/a> Stelle.<\/p>\n<p style=\"text-align: center;\"><a href=\"https:\/\/www.sabine-seyffert.de\/blog\/wp-content\/uploads\/2018\/09\/Kranz-Fliegenpilz-Eicheln-2.jpg\"><img loading=\"lazy\" decoding=\"async\" class=\"alignnone size-full wp-image-13330\" src=\"https:\/\/www.sabine-seyffert.de\/blog\/wp-content\/uploads\/2018\/09\/Kranz-Fliegenpilz-Eicheln-2.jpg\" alt=\"\" width=\"800\" height=\"600\" srcset=\"https:\/\/www.sabine-seyffert.de\/blog\/wp-content\/uploads\/2018\/09\/Kranz-Fliegenpilz-Eicheln-2.jpg 800w, https:\/\/www.sabine-seyffert.de\/blog\/wp-content\/uploads\/2018\/09\/Kranz-Fliegenpilz-Eicheln-2-300x225.jpg 300w, https:\/\/www.sabine-seyffert.de\/blog\/wp-content\/uploads\/2018\/09\/Kranz-Fliegenpilz-Eicheln-2-768x576.jpg 768w\" sizes=\"auto, (max-width: 800px) 100vw, 800px\" \/><\/a><\/p>\n<p style=\"text-align: justify;\"><a href=\"https:\/\/www.sabine-seyffert.de\/blog\/?page_id=32#urheberrecht\">urheberrechtlich gesch\u00fctzt<\/a>, \u00a9 Sabine Seyffert<\/p>\n","protected":false},"excerpt":{"rendered":"<p>Erinnert ihr euch noch an die selbst gemachten Gl\u00fcckspilze, die ich im letzten Herbst aus Eicheln gebastelt habe? Die finde ich nach wie vor einfach toll. Nicht nur, weil sie schnell gebastelt und aus kostenlosem Material sind. Von unserem Spaziergang und dem herbstlichen Windlicht hatte ich noch ein paar der Mini Eicheln \u00fcbrig. Diese sind&#8230; <a href=\"https:\/\/www.sabine-seyffert.de\/blog\/diy-bastel-deko-idee-fuer-den-herbst-kranz-mit-fliegenpilzen-aus-naturmaterial-basteln\/\" class=\"more-link\">Read more: DIY Bastel- &#038; Deko Idee f\u00fcr den Herbst: Kranz mit Fliegenpilzen aus Naturmaterial basteln<\/a><\/p>\n","protected":false},"author":2,"featured_media":0,"comment_status":"open","ping_status":"open","sticky":false,"template":"","format":"standard","meta":{"_metis_text_type":"","_metis_text_length":2085,"_post_count":0,"footnotes":""},"categories":[12,25],"tags":[],"class_list":["post-13322","post","type-post","status-publish","format-standard","hentry","category-deko-ideen","category-herbst"],"_links":{"self":[{"href":"https:\/\/www.sabine-seyffert.de\/blog\/wp-json\/wp\/v2\/posts\/13322","targetHints":{"allow":["GET"]}}],"collection":[{"href":"https:\/\/www.sabine-seyffert.de\/blog\/wp-json\/wp\/v2\/posts"}],"about":[{"href":"https:\/\/www.sabine-seyffert.de\/blog\/wp-json\/wp\/v2\/types\/post"}],"author":[{"embeddable":true,"href":"https:\/\/www.sabine-seyffert.de\/blog\/wp-json\/wp\/v2\/users\/2"}],"replies":[{"embeddable":true,"href":"https:\/\/www.sabine-seyffert.de\/blog\/wp-json\/wp\/v2\/comments?post=13322"}],"version-history":[{"count":4,"href":"https:\/\/www.sabine-seyffert.de\/blog\/wp-json\/wp\/v2\/posts\/13322\/revisions"}],"predecessor-version":[{"id":13333,"href":"https:\/\/www.sabine-seyffert.de\/blog\/wp-json\/wp\/v2\/posts\/13322\/revisions\/13333"}],"wp:attachment":[{"href":"https:\/\/www.sabine-seyffert.de\/blog\/wp-json\/wp\/v2\/media?parent=13322"}],"wp:term":[{"taxonomy":"category","embeddable":true,"href":"https:\/\/www.sabine-seyffert.de\/blog\/wp-json\/wp\/v2\/categories?post=13322"},{"taxonomy":"post_tag","embeddable":true,"href":"https:\/\/www.sabine-seyffert.de\/blog\/wp-json\/wp\/v2\/tags?post=13322"}],"curies":[{"name":"wp","href":"https:\/\/api.w.org\/{rel}","templated":true}]}}