{"id":1331,"date":"2013-04-20T07:43:01","date_gmt":"2013-04-20T05:43:01","guid":{"rendered":"http:\/\/www.sabine-seyffert.de\/blog\/?p=1331"},"modified":"2015-09-21T18:37:56","modified_gmt":"2015-09-21T16:37:56","slug":"mein-12-blick-im-april","status":"publish","type":"post","link":"https:\/\/www.sabine-seyffert.de\/blog\/mein-12-blick-im-april\/","title":{"rendered":"Mein 12. Blick im April"},"content":{"rendered":"<p style=\"text-align: justify;\"><img loading=\"lazy\" decoding=\"async\" src=\"https:\/\/ssl-vg03.met.vgwort.de\/na\/0d4e32742eb641c1b8f3184e12811781\" alt=\"\" width=\"1\" height=\"1\" \/>Und wieder ein ganzer Monat um und somit an der Zeit f\u00fcr meinen <a href=\"http:\/\/www.tabea-heinicker.blogspot.de\/\" target=\"_blank\">12. Blick<\/a>. Am besagten Morgen zeigte sich die Sonne von ihrer besten Seite. Und diese sorgte in der letzten Woche ja nicht oft f\u00fcr Sonnenschein und gutes Wetter\u2026<\/p>\n<p style=\"text-align: center;\"><a href=\"http:\/\/www.sabine-seyffert.de\/blog\/wp-content\/uploads\/2013\/04\/12-Blick-1-April.jpg\"><img loading=\"lazy\" decoding=\"async\" class=\"alignnone size-full wp-image-1332\" src=\"http:\/\/www.sabine-seyffert.de\/blog\/wp-content\/uploads\/2013\/04\/12-Blick-1-April.jpg\" alt=\"12 Blick 1 April\" width=\"600\" height=\"918\" srcset=\"https:\/\/www.sabine-seyffert.de\/blog\/wp-content\/uploads\/2013\/04\/12-Blick-1-April.jpg 600w, https:\/\/www.sabine-seyffert.de\/blog\/wp-content\/uploads\/2013\/04\/12-Blick-1-April-196x300.jpg 196w\" sizes=\"auto, (max-width: 600px) 100vw, 600px\" \/><\/a><\/p>\n<p style=\"text-align: justify;\">Wie praktisch, dass genau an diesem Tag der Kindergarten ausfiel. Meine j\u00fcngste Tochter geht gl\u00fccklicherweise recht gerne spazieren und als ich sie beim Fr\u00fchst\u00fcck fragte, ob sie Lust hat mit raus zu gehen, nickte sie gleich begeistert mit dem Kopf, wunderbar! Nach dem Motto \u201eMorgenstund hat Gold im Mund\u201c haben wir uns in aller Fr\u00fche auf den Weg gemacht. Und das bei herrlich blauem Himmel und wirklich sattem Sonnenschein, wie es ihn seit Wochen (gef\u00fchlt waren es eher Monate!) nicht gegeben hat. Vor allem haben wir uns \u00fcber die milden Temperaturen gefreut, mit denen sich der Fr\u00fchling hier langsam bemerkbar macht. Denn so konnten wir die Winterjacken getrost zu Hause lassen und den Fr\u00fchjahrspaziergang am Morgen in lang\u00e4rmligem T-Shirt und Weste genie\u00dfen.<\/p>\n<p style=\"text-align: center;\"><a href=\"http:\/\/www.sabine-seyffert.de\/blog\/wp-content\/uploads\/2013\/04\/12-Blick-1-Gesamt.jpg\"><img loading=\"lazy\" decoding=\"async\" class=\"alignnone size-full wp-image-1336\" src=\"http:\/\/www.sabine-seyffert.de\/blog\/wp-content\/uploads\/2013\/04\/12-Blick-1-Gesamt.jpg\" alt=\"12 Blick 1 Gesamt\" width=\"600\" height=\"800\" srcset=\"https:\/\/www.sabine-seyffert.de\/blog\/wp-content\/uploads\/2013\/04\/12-Blick-1-Gesamt.jpg 600w, https:\/\/www.sabine-seyffert.de\/blog\/wp-content\/uploads\/2013\/04\/12-Blick-1-Gesamt-225x300.jpg 225w\" sizes=\"auto, (max-width: 600px) 100vw, 600px\" \/><\/a><\/p>\n<p style=\"text-align: justify;\">Bei meinem 12. Blick, der ja eigentlich erst mein 4. Blick in diesem Jahr ist, war die gesuchte Stelle schnell gefunden. Trotz wunderbar blauem Himmel ist so richtig viel Fr\u00fchlingshaftes \u201eGr\u00fcn\u201c noch nicht zu erkennen. Vor allem im Vergleich zum Vormonatsfoto im M\u00e4rz. Ich hatte schon gef\u00fcrchtet das falsche Bildmaterial ausgesucht zu habe, da es dem M\u00e4rz Blick zum Verwechseln \u00e4hnlich sieht\u2026<\/p>\n<p style=\"text-align: center;\"><a href=\"http:\/\/www.sabine-seyffert.de\/blog\/wp-content\/uploads\/2013\/04\/12-Blick-2-April.jpg\"><img loading=\"lazy\" decoding=\"async\" class=\"alignnone size-full wp-image-1334\" src=\"http:\/\/www.sabine-seyffert.de\/blog\/wp-content\/uploads\/2013\/04\/12-Blick-2-April.jpg\" alt=\"12 Blick 2 April\" width=\"600\" height=\"800\" srcset=\"https:\/\/www.sabine-seyffert.de\/blog\/wp-content\/uploads\/2013\/04\/12-Blick-2-April.jpg 600w, https:\/\/www.sabine-seyffert.de\/blog\/wp-content\/uploads\/2013\/04\/12-Blick-2-April-225x300.jpg 225w\" sizes=\"auto, (max-width: 600px) 100vw, 600px\" \/><\/a><\/p>\n<p style=\"text-align: justify;\">Auch auf dem weiteren von mir gew\u00e4hlten 12. Blick ist lediglich der \u201eSchnee\u201c verschwunden. So wunderbar der geheimnisvolle Blick durch das Guckloch auch ist \u2013 die fr\u00fche Morgenstund\u00b4 taugt hier nichts, da es dort um diese Tageszeit einfach viel zu dunkel ist und der so herrlich blaue Himmel hier einfach keine Chance hat. Au\u00dferdem ist mir dann zu Hause aufgefallen, dass ich mir versehentlich den Blickwinkel von M\u00e4rz gemerkt hatte und somit wieder nicht richtig stand um das Foto zu machen\u2026<\/p>\n<p style=\"text-align: center;\"><a href=\"http:\/\/www.sabine-seyffert.de\/blog\/wp-content\/uploads\/2013\/04\/12-Blick-2-Gesamt.jpg\"><img loading=\"lazy\" decoding=\"async\" class=\"alignnone size-full wp-image-1335\" src=\"http:\/\/www.sabine-seyffert.de\/blog\/wp-content\/uploads\/2013\/04\/12-Blick-2-Gesamt.jpg\" alt=\"12 Blick 2 Gesamt\" width=\"600\" height=\"800\" srcset=\"https:\/\/www.sabine-seyffert.de\/blog\/wp-content\/uploads\/2013\/04\/12-Blick-2-Gesamt.jpg 600w, https:\/\/www.sabine-seyffert.de\/blog\/wp-content\/uploads\/2013\/04\/12-Blick-2-Gesamt-225x300.jpg 225w\" sizes=\"auto, (max-width: 600px) 100vw, 600px\" \/><\/a><\/p>\n<p style=\"text-align: justify;\">Unterwegs habe ich sogar ein paar Fotos f\u00fcr die liebe <a href=\"http:\/\/dieraumfee.blogspot.de\/2013\/04\/in-heaven-no-62-moments-that-take-your.html\" target=\"_blank\">Raumfee Katja<\/a> eingefangen, die so sch\u00f6ne Himmelsbilder im Moment sicher sehr gut brauchen kann!<\/p>\n<p style=\"text-align: center;\"><a href=\"http:\/\/www.sabine-seyffert.de\/blog\/wp-content\/uploads\/2013\/04\/Himmel-April-2.jpg\"><img loading=\"lazy\" decoding=\"async\" class=\"alignnone size-full wp-image-1337\" src=\"http:\/\/www.sabine-seyffert.de\/blog\/wp-content\/uploads\/2013\/04\/Himmel-April-2.jpg\" alt=\"Himmel April 2\" width=\"600\" height=\"800\" srcset=\"https:\/\/www.sabine-seyffert.de\/blog\/wp-content\/uploads\/2013\/04\/Himmel-April-2.jpg 600w, https:\/\/www.sabine-seyffert.de\/blog\/wp-content\/uploads\/2013\/04\/Himmel-April-2-225x300.jpg 225w\" sizes=\"auto, (max-width: 600px) 100vw, 600px\" \/><\/a><\/p>\n<p style=\"text-align: justify;\">In jedem Fall haben wir den morgendlichen Ausflug genossen, weil man den Fr\u00fchling richtig riechen, h\u00f6ren und an einigen Stellen auch endlich sehen konnte!<\/p>\n<p style=\"text-align: center;\"><a href=\"http:\/\/www.sabine-seyffert.de\/blog\/wp-content\/uploads\/2013\/04\/Himmel-April-1.jpg\"><img loading=\"lazy\" decoding=\"async\" class=\"alignnone size-full wp-image-1338\" src=\"http:\/\/www.sabine-seyffert.de\/blog\/wp-content\/uploads\/2013\/04\/Himmel-April-1.jpg\" alt=\"Himmel April 1\" width=\"779\" height=\"531\" srcset=\"https:\/\/www.sabine-seyffert.de\/blog\/wp-content\/uploads\/2013\/04\/Himmel-April-1.jpg 779w, https:\/\/www.sabine-seyffert.de\/blog\/wp-content\/uploads\/2013\/04\/Himmel-April-1-300x204.jpg 300w\" sizes=\"auto, (max-width: 779px) 100vw, 779px\" \/><\/a><\/p>\n<p style=\"text-align: justify;\"><a href=\"http:\/\/www.sabine-seyffert.de\/blog\/?page_id=32#urheberrecht\">urherrechtlich gesch\u00fctzt<\/a>, \u00a9 Sabine Seyffert<\/p>\n","protected":false},"excerpt":{"rendered":"<p>Und wieder ein ganzer Monat um und somit an der Zeit f\u00fcr meinen 12. Blick. Am besagten Morgen zeigte sich die Sonne von ihrer besten Seite. Und diese sorgte in der letzten Woche ja nicht oft f\u00fcr Sonnenschein und gutes Wetter\u2026 Wie praktisch, dass genau an diesem Tag der Kindergarten ausfiel. Meine j\u00fcngste Tochter geht&#8230; <a href=\"https:\/\/www.sabine-seyffert.de\/blog\/mein-12-blick-im-april\/\" class=\"more-link\">Read more: Mein 12. Blick im April<\/a><\/p>\n","protected":false},"author":2,"featured_media":0,"comment_status":"open","ping_status":"open","sticky":false,"template":"","format":"standard","meta":{"_metis_text_type":"","_metis_text_length":2220,"_post_count":0,"footnotes":""},"categories":[23],"tags":[],"class_list":["post-1331","post","type-post","status-publish","format-standard","hentry","category-fruhling"],"_links":{"self":[{"href":"https:\/\/www.sabine-seyffert.de\/blog\/wp-json\/wp\/v2\/posts\/1331","targetHints":{"allow":["GET"]}}],"collection":[{"href":"https:\/\/www.sabine-seyffert.de\/blog\/wp-json\/wp\/v2\/posts"}],"about":[{"href":"https:\/\/www.sabine-seyffert.de\/blog\/wp-json\/wp\/v2\/types\/post"}],"author":[{"embeddable":true,"href":"https:\/\/www.sabine-seyffert.de\/blog\/wp-json\/wp\/v2\/users\/2"}],"replies":[{"embeddable":true,"href":"https:\/\/www.sabine-seyffert.de\/blog\/wp-json\/wp\/v2\/comments?post=1331"}],"version-history":[{"count":14,"href":"https:\/\/www.sabine-seyffert.de\/blog\/wp-json\/wp\/v2\/posts\/1331\/revisions"}],"predecessor-version":[{"id":6143,"href":"https:\/\/www.sabine-seyffert.de\/blog\/wp-json\/wp\/v2\/posts\/1331\/revisions\/6143"}],"wp:attachment":[{"href":"https:\/\/www.sabine-seyffert.de\/blog\/wp-json\/wp\/v2\/media?parent=1331"}],"wp:term":[{"taxonomy":"category","embeddable":true,"href":"https:\/\/www.sabine-seyffert.de\/blog\/wp-json\/wp\/v2\/categories?post=1331"},{"taxonomy":"post_tag","embeddable":true,"href":"https:\/\/www.sabine-seyffert.de\/blog\/wp-json\/wp\/v2\/tags?post=1331"}],"curies":[{"name":"wp","href":"https:\/\/api.w.org\/{rel}","templated":true}]}}