{"id":13293,"date":"2018-09-13T07:49:10","date_gmt":"2018-09-13T05:49:10","guid":{"rendered":"https:\/\/www.sabine-seyffert.de\/blog\/?p=13293"},"modified":"2018-09-17T16:05:41","modified_gmt":"2018-09-17T14:05:41","slug":"diy-selbst-gemachte-geschenkverpackung-fuer-den-kindergeburtstag-bunte-geburtstagsblume-am-stiel","status":"publish","type":"post","link":"https:\/\/www.sabine-seyffert.de\/blog\/diy-selbst-gemachte-geschenkverpackung-fuer-den-kindergeburtstag-bunte-geburtstagsblume-am-stiel\/","title":{"rendered":"DIY Selbst gemachte Geschenkverpackung f\u00fcr den Kindergeburtstag: Bunte Geburtstagsblume am Stiel"},"content":{"rendered":"<p style=\"text-align: justify;\"><img loading=\"lazy\" decoding=\"async\" src=\"https:\/\/vg01.met.vgwort.de\/na\/4365b4acb3cf4ef7887ccaa190e11da1\" alt=\"\" width=\"1\" height=\"1\" \/>F\u00fcr einen Kindergeburtstag hatte ich einen Gutschein als Geschenk vorbereitet. Aber diesen \u201esolo\u201c zu \u00fcberreichen, fand ich f\u00fcr diesen Anlass nicht ganz angemessen. Etwas bunter und feierlicher durfte es schon sein. Nach dem <a href=\"https:\/\/www.sabine-seyffert.de\/blog\/?p=10436\" target=\"_blank\" rel=\"noopener\">Schmetterlingskuchen \u2013 Gutschein<\/a> aus dem letzten Jahr, gab es nun eine sch\u00f6ne Verpackung. Wie ich diese gemacht habe, verrate ich euch nun in der folgenden Bastelanleitung.<\/p>\n<p style=\"text-align: center;\"><a href=\"https:\/\/www.sabine-seyffert.de\/blog\/wp-content\/uploads\/2018\/09\/Blume-als-Geschenkverpackung-1.jpg\"><img loading=\"lazy\" decoding=\"async\" class=\"alignnone size-full wp-image-13294\" src=\"https:\/\/www.sabine-seyffert.de\/blog\/wp-content\/uploads\/2018\/09\/Blume-als-Geschenkverpackung-1.jpg\" alt=\"\" width=\"600\" height=\"800\" srcset=\"https:\/\/www.sabine-seyffert.de\/blog\/wp-content\/uploads\/2018\/09\/Blume-als-Geschenkverpackung-1.jpg 600w, https:\/\/www.sabine-seyffert.de\/blog\/wp-content\/uploads\/2018\/09\/Blume-als-Geschenkverpackung-1-225x300.jpg 225w\" sizes=\"auto, (max-width: 600px) 100vw, 600px\" \/><\/a><\/p>\n<p style=\"text-align: justify;\"><strong>Das wird gebraucht:<\/strong><br \/>\nNaturbraunes Packpapier oder unifarbenes Geschenkpapier, einen breiten Holzspatel (ggf. in farbig), Bastelkleber, einen Holzknopf, eine Bastelschere, Buchstabenstempel, ein Stempelkissen, farbiges Tonpapier \/ Bastelpapier, etwas Geschenkband<\/p>\n<p style=\"text-align: center;\"><a href=\"https:\/\/www.sabine-seyffert.de\/blog\/wp-content\/uploads\/2018\/09\/Blume-als-Geschenkverpackung-8.jpg\"><img loading=\"lazy\" decoding=\"async\" class=\"alignnone size-full wp-image-13295\" src=\"https:\/\/www.sabine-seyffert.de\/blog\/wp-content\/uploads\/2018\/09\/Blume-als-Geschenkverpackung-8.jpg\" alt=\"\" width=\"800\" height=\"600\" srcset=\"https:\/\/www.sabine-seyffert.de\/blog\/wp-content\/uploads\/2018\/09\/Blume-als-Geschenkverpackung-8.jpg 800w, https:\/\/www.sabine-seyffert.de\/blog\/wp-content\/uploads\/2018\/09\/Blume-als-Geschenkverpackung-8-300x225.jpg 300w, https:\/\/www.sabine-seyffert.de\/blog\/wp-content\/uploads\/2018\/09\/Blume-als-Geschenkverpackung-8-768x576.jpg 768w\" sizes=\"auto, (max-width: 800px) 100vw, 800px\" \/><\/a><\/p>\n<p style=\"text-align: justify;\"><strong>So wird\u2019s gemacht:<\/strong><br \/>\nZuerst habe ich den Gutschein in etwas Packpapier gesteckt, damit man ihn nicht gleich erkennt. F\u00fcr die Vorderseite habe ich noch eine gro\u00dfe Geburtstagsblume gebastelt. Als Stiel habe ich einen farbigen Holzspatel verwendet. Diese habe ich mal im Set in einem Bastelladen entdeckt.<\/p>\n<p style=\"text-align: center;\"><a href=\"https:\/\/www.sabine-seyffert.de\/blog\/wp-content\/uploads\/2018\/09\/Blume-als-Geschenkverpackung-7.jpg\"><img loading=\"lazy\" decoding=\"async\" class=\"alignnone size-full wp-image-13296\" src=\"https:\/\/www.sabine-seyffert.de\/blog\/wp-content\/uploads\/2018\/09\/Blume-als-Geschenkverpackung-7.jpg\" alt=\"\" width=\"800\" height=\"600\" srcset=\"https:\/\/www.sabine-seyffert.de\/blog\/wp-content\/uploads\/2018\/09\/Blume-als-Geschenkverpackung-7.jpg 800w, https:\/\/www.sabine-seyffert.de\/blog\/wp-content\/uploads\/2018\/09\/Blume-als-Geschenkverpackung-7-300x225.jpg 300w, https:\/\/www.sabine-seyffert.de\/blog\/wp-content\/uploads\/2018\/09\/Blume-als-Geschenkverpackung-7-768x576.jpg 768w\" sizes=\"auto, (max-width: 800px) 100vw, 800px\" \/><\/a><\/p>\n<p style=\"text-align: justify;\">Aus farbigen Papierresten habe ich unterschiedlich gro\u00dfe Bl\u00fcten ausgeschnitten und die kleinste der Einfachheit halber ausgestanzt. Diese klebt man der Gr\u00f6\u00dfe nach \u00fcbereinander zu einer sch\u00f6nen Papierbl\u00fcte. In die Mitte habe ich einen bunten Holzknopf als kleinen Augenfang geklebt. So wird die Bl\u00fcte auch etwas plastischer!<\/p>\n<p style=\"text-align: center;\"><a href=\"https:\/\/www.sabine-seyffert.de\/blog\/wp-content\/uploads\/2018\/09\/Blume-als-Geschenkverpackung-6.jpg\"><img loading=\"lazy\" decoding=\"async\" class=\"alignnone size-full wp-image-13297\" src=\"https:\/\/www.sabine-seyffert.de\/blog\/wp-content\/uploads\/2018\/09\/Blume-als-Geschenkverpackung-6.jpg\" alt=\"\" width=\"800\" height=\"600\" srcset=\"https:\/\/www.sabine-seyffert.de\/blog\/wp-content\/uploads\/2018\/09\/Blume-als-Geschenkverpackung-6.jpg 800w, https:\/\/www.sabine-seyffert.de\/blog\/wp-content\/uploads\/2018\/09\/Blume-als-Geschenkverpackung-6-300x225.jpg 300w, https:\/\/www.sabine-seyffert.de\/blog\/wp-content\/uploads\/2018\/09\/Blume-als-Geschenkverpackung-6-768x576.jpg 768w\" sizes=\"auto, (max-width: 800px) 100vw, 800px\" \/><\/a><\/p>\n<p style=\"text-align: justify;\">Ist die Bl\u00fcte fertig, klebt man diese an den oberen Rand des Holzstiels. Auf den unteren, noch sichtbaren Holzteil habe ich mit Buchstabenstempeln den Namen des Geburtstagskindes gestempelt.<\/p>\n<p style=\"text-align: center;\"><a href=\"https:\/\/www.sabine-seyffert.de\/blog\/wp-content\/uploads\/2018\/09\/Blume-als-Geschenkverpackung-5.jpg\"><img loading=\"lazy\" decoding=\"async\" class=\"alignnone size-full wp-image-13298\" src=\"https:\/\/www.sabine-seyffert.de\/blog\/wp-content\/uploads\/2018\/09\/Blume-als-Geschenkverpackung-5.jpg\" alt=\"\" width=\"800\" height=\"600\" srcset=\"https:\/\/www.sabine-seyffert.de\/blog\/wp-content\/uploads\/2018\/09\/Blume-als-Geschenkverpackung-5.jpg 800w, https:\/\/www.sabine-seyffert.de\/blog\/wp-content\/uploads\/2018\/09\/Blume-als-Geschenkverpackung-5-300x225.jpg 300w, https:\/\/www.sabine-seyffert.de\/blog\/wp-content\/uploads\/2018\/09\/Blume-als-Geschenkverpackung-5-768x576.jpg 768w\" sizes=\"auto, (max-width: 800px) 100vw, 800px\" \/><\/a><\/p>\n<p style=\"text-align: justify;\">Weil ich bei solchen Basteleien immer gerne verschiedene Materialien mische, habe ich mir spontan noch ein gr\u00fcnes Bl\u00fctenblatt f\u00fcr den St\u00e4ngel aus d\u00fcnnem Geschenkband geschnitten und angeklebt.<\/p>\n<p style=\"text-align: center;\"><a href=\"https:\/\/www.sabine-seyffert.de\/blog\/wp-content\/uploads\/2018\/09\/Blume-als-Geschenkverpackung-4.jpg\"><img loading=\"lazy\" decoding=\"async\" class=\"alignnone size-full wp-image-13299\" src=\"https:\/\/www.sabine-seyffert.de\/blog\/wp-content\/uploads\/2018\/09\/Blume-als-Geschenkverpackung-4.jpg\" alt=\"\" width=\"800\" height=\"600\" srcset=\"https:\/\/www.sabine-seyffert.de\/blog\/wp-content\/uploads\/2018\/09\/Blume-als-Geschenkverpackung-4.jpg 800w, https:\/\/www.sabine-seyffert.de\/blog\/wp-content\/uploads\/2018\/09\/Blume-als-Geschenkverpackung-4-300x225.jpg 300w, https:\/\/www.sabine-seyffert.de\/blog\/wp-content\/uploads\/2018\/09\/Blume-als-Geschenkverpackung-4-768x576.jpg 768w\" sizes=\"auto, (max-width: 800px) 100vw, 800px\" \/><\/a><\/p>\n<p style=\"text-align: justify;\"><strong>Ein kleiner Tipp:<\/strong> Der Holzknopf und das Geschenkband lassen sich deutlich schneller und stabiler an der Blume fixieren, wenn man diese mit einem Tropfen Hei\u00dfkleber anbringt.<\/p>\n<p style=\"text-align: center;\"><a href=\"https:\/\/www.sabine-seyffert.de\/blog\/wp-content\/uploads\/2018\/09\/Blume-als-Geschenkverpackung-2.jpg\"><img loading=\"lazy\" decoding=\"async\" class=\"alignnone size-full wp-image-13300\" src=\"https:\/\/www.sabine-seyffert.de\/blog\/wp-content\/uploads\/2018\/09\/Blume-als-Geschenkverpackung-2.jpg\" alt=\"\" width=\"800\" height=\"600\" srcset=\"https:\/\/www.sabine-seyffert.de\/blog\/wp-content\/uploads\/2018\/09\/Blume-als-Geschenkverpackung-2.jpg 800w, https:\/\/www.sabine-seyffert.de\/blog\/wp-content\/uploads\/2018\/09\/Blume-als-Geschenkverpackung-2-300x225.jpg 300w, https:\/\/www.sabine-seyffert.de\/blog\/wp-content\/uploads\/2018\/09\/Blume-als-Geschenkverpackung-2-768x576.jpg 768w\" sizes=\"auto, (max-width: 800px) 100vw, 800px\" \/><\/a><\/p>\n<p style=\"text-align: justify;\">Weitere Ideen f\u00fcr Kinderfeste &amp; Geburtstagsfeiern findet ihr \u00fcbrigens in <a href=\"https:\/\/www.sabine-seyffert.de\/blog\/?cat=21\" target=\"_blank\" rel=\"noopener\">dieser Blog Kategorie<\/a>, Inspirationen f\u00fcr selbst gemachte Geschenkverpackungen gibt es in <a href=\"https:\/\/www.sabine-seyffert.de\/blog\/?cat=49\" target=\"_blank\" rel=\"noopener\">diesem Ordner<\/a> und andere kreative Dinge gibt es an <a href=\"http:\/\/www.lunaju.de\/2018\/09\/kiddikram-september-2018.html\" target=\"_blank\" rel=\"noopener nofollow\">da<\/a> und auch an <a href=\"https:\/\/www.creadienstag.de\/2018\/09\/linkparty-349.html\" target=\"_blank\" rel=\"noopener nofollow\">dieser<\/a> Stelle.<\/p>\n<p style=\"text-align: center;\"><a href=\"https:\/\/www.sabine-seyffert.de\/blog\/wp-content\/uploads\/2018\/09\/Blume-als-Geschenkverpackung-3.jpg\"><img loading=\"lazy\" decoding=\"async\" class=\"alignnone size-full wp-image-13301\" src=\"https:\/\/www.sabine-seyffert.de\/blog\/wp-content\/uploads\/2018\/09\/Blume-als-Geschenkverpackung-3.jpg\" alt=\"\" width=\"800\" height=\"600\" srcset=\"https:\/\/www.sabine-seyffert.de\/blog\/wp-content\/uploads\/2018\/09\/Blume-als-Geschenkverpackung-3.jpg 800w, https:\/\/www.sabine-seyffert.de\/blog\/wp-content\/uploads\/2018\/09\/Blume-als-Geschenkverpackung-3-300x225.jpg 300w, https:\/\/www.sabine-seyffert.de\/blog\/wp-content\/uploads\/2018\/09\/Blume-als-Geschenkverpackung-3-768x576.jpg 768w\" sizes=\"auto, (max-width: 800px) 100vw, 800px\" \/><\/a><\/p>\n<p style=\"text-align: justify;\"><a href=\"https:\/\/www.sabine-seyffert.de\/blog\/?page_id=32#urheberrecht\">urheberrechtlich gesch\u00fctzt<\/a>, \u00a9 Sabine Seyffert<\/p>\n","protected":false},"excerpt":{"rendered":"<p>F\u00fcr einen Kindergeburtstag hatte ich einen Gutschein als Geschenk vorbereitet. Aber diesen \u201esolo\u201c zu \u00fcberreichen, fand ich f\u00fcr diesen Anlass nicht ganz angemessen. Etwas bunter und feierlicher durfte es schon sein. Nach dem Schmetterlingskuchen \u2013 Gutschein aus dem letzten Jahr, gab es nun eine sch\u00f6ne Verpackung. Wie ich diese gemacht habe, verrate ich euch nun&#8230; <a href=\"https:\/\/www.sabine-seyffert.de\/blog\/diy-selbst-gemachte-geschenkverpackung-fuer-den-kindergeburtstag-bunte-geburtstagsblume-am-stiel\/\" class=\"more-link\">Read more: DIY Selbst gemachte Geschenkverpackung f\u00fcr den Kindergeburtstag: Bunte Geburtstagsblume am Stiel<\/a><\/p>\n","protected":false},"author":2,"featured_media":0,"comment_status":"open","ping_status":"open","sticky":false,"template":"","format":"standard","meta":{"_metis_text_type":"","_metis_text_length":2134,"_post_count":0,"footnotes":""},"categories":[49,21],"tags":[],"class_list":["post-13293","post","type-post","status-publish","format-standard","hentry","category-verpackungsideen","category-kinderfeste-partys"],"_links":{"self":[{"href":"https:\/\/www.sabine-seyffert.de\/blog\/wp-json\/wp\/v2\/posts\/13293","targetHints":{"allow":["GET"]}}],"collection":[{"href":"https:\/\/www.sabine-seyffert.de\/blog\/wp-json\/wp\/v2\/posts"}],"about":[{"href":"https:\/\/www.sabine-seyffert.de\/blog\/wp-json\/wp\/v2\/types\/post"}],"author":[{"embeddable":true,"href":"https:\/\/www.sabine-seyffert.de\/blog\/wp-json\/wp\/v2\/users\/2"}],"replies":[{"embeddable":true,"href":"https:\/\/www.sabine-seyffert.de\/blog\/wp-json\/wp\/v2\/comments?post=13293"}],"version-history":[{"count":6,"href":"https:\/\/www.sabine-seyffert.de\/blog\/wp-json\/wp\/v2\/posts\/13293\/revisions"}],"predecessor-version":[{"id":13332,"href":"https:\/\/www.sabine-seyffert.de\/blog\/wp-json\/wp\/v2\/posts\/13293\/revisions\/13332"}],"wp:attachment":[{"href":"https:\/\/www.sabine-seyffert.de\/blog\/wp-json\/wp\/v2\/media?parent=13293"}],"wp:term":[{"taxonomy":"category","embeddable":true,"href":"https:\/\/www.sabine-seyffert.de\/blog\/wp-json\/wp\/v2\/categories?post=13293"},{"taxonomy":"post_tag","embeddable":true,"href":"https:\/\/www.sabine-seyffert.de\/blog\/wp-json\/wp\/v2\/tags?post=13293"}],"curies":[{"name":"wp","href":"https:\/\/api.w.org\/{rel}","templated":true}]}}