{"id":13279,"date":"2018-09-11T05:38:22","date_gmt":"2018-09-11T03:38:22","guid":{"rendered":"https:\/\/www.sabine-seyffert.de\/blog\/?p=13279"},"modified":"2018-09-11T05:38:22","modified_gmt":"2018-09-11T03:38:22","slug":"diy-bunte-party-girlande-am-ast-bastelanleitung-fuer-eine-geburtstagsgirlande","status":"publish","type":"post","link":"https:\/\/www.sabine-seyffert.de\/blog\/diy-bunte-party-girlande-am-ast-bastelanleitung-fuer-eine-geburtstagsgirlande\/","title":{"rendered":"DIY Bunte Party Girlande am Ast &#8211; Bastelanleitung f\u00fcr eine Geburtstagsgirlande"},"content":{"rendered":"<p style=\"text-align: justify;\"><img loading=\"lazy\" decoding=\"async\" src=\"https:\/\/vg01.met.vgwort.de\/na\/425bc3efc22242b98dd31b3525c980a4\" alt=\"\" width=\"1\" height=\"1\" \/>Geburtstage gibt es in unserer gro\u00dfen Familie sowie in unserem Bekanntenkreis regelm\u00e4\u00dfig. Und f\u00fcr diesen festlichen Anlass habe ich eine fr\u00f6hliche Geburtstagsdeko gebastelt, die nicht nur ein sch\u00f6ner Hingucker, sondern auch ein lustiges Geburtstagsgeschenk ist. Das Basteln ist ganz einfach, so dass auch Kinder tatkr\u00e4ftig mithelfen k\u00f6nnen.<\/p>\n<p style=\"text-align: center;\"><a href=\"https:\/\/www.sabine-seyffert.de\/blog\/wp-content\/uploads\/2018\/09\/Ast-mit-Girlande-bunt-5.jpg\"><img loading=\"lazy\" decoding=\"async\" class=\"alignnone size-full wp-image-13283\" src=\"https:\/\/www.sabine-seyffert.de\/blog\/wp-content\/uploads\/2018\/09\/Ast-mit-Girlande-bunt-5.jpg\" alt=\"\" width=\"800\" height=\"600\" srcset=\"https:\/\/www.sabine-seyffert.de\/blog\/wp-content\/uploads\/2018\/09\/Ast-mit-Girlande-bunt-5.jpg 800w, https:\/\/www.sabine-seyffert.de\/blog\/wp-content\/uploads\/2018\/09\/Ast-mit-Girlande-bunt-5-300x225.jpg 300w, https:\/\/www.sabine-seyffert.de\/blog\/wp-content\/uploads\/2018\/09\/Ast-mit-Girlande-bunt-5-768x576.jpg 768w\" sizes=\"auto, (max-width: 800px) 100vw, 800px\" \/><\/a><\/p>\n<p style=\"text-align: justify;\"><strong>Das wird gebraucht:<\/strong><br \/>\nEin l\u00e4ngerer Ast, Nylongarn, wei\u00dfe Kreide, schwarzer Tonkarton, bunte Tonpapierreste, Motivlocher Kreis mit dem Durchmesser 2.5 sowie 5 cm, Klebstoff, eine Schere und etwas Kordel<\/p>\n<p style=\"text-align: center;\"><a href=\"https:\/\/www.sabine-seyffert.de\/blog\/wp-content\/uploads\/2018\/09\/Ast-mit-Girlande-bunt-9.jpg\"><img loading=\"lazy\" decoding=\"async\" class=\"alignnone size-full wp-image-13284\" src=\"https:\/\/www.sabine-seyffert.de\/blog\/wp-content\/uploads\/2018\/09\/Ast-mit-Girlande-bunt-9.jpg\" alt=\"\" width=\"800\" height=\"600\" srcset=\"https:\/\/www.sabine-seyffert.de\/blog\/wp-content\/uploads\/2018\/09\/Ast-mit-Girlande-bunt-9.jpg 800w, https:\/\/www.sabine-seyffert.de\/blog\/wp-content\/uploads\/2018\/09\/Ast-mit-Girlande-bunt-9-300x225.jpg 300w, https:\/\/www.sabine-seyffert.de\/blog\/wp-content\/uploads\/2018\/09\/Ast-mit-Girlande-bunt-9-768x576.jpg 768w\" sizes=\"auto, (max-width: 800px) 100vw, 800px\" \/><\/a><\/p>\n<p style=\"text-align: justify;\"><strong>So wird\u2019s gemacht:<\/strong><br \/>\nAuf einem Spaziergang haben wir einen langen, sch\u00f6nen Ast gesucht und zu Hause trocknen lassen. Denn diesen braucht man als Aufh\u00e4ngung f\u00fcr Partydeko. Aus einem ganzen Schwung bunter Papierreste, die bei uns grunds\u00e4tzlich in einem alten Schuhkarton gesammelt werden, haben wir munter kleine Kreise gestanzt. Au\u00dferdem werden hierf\u00fcr auch ein paar gro\u00dfe Kreise in schwarz ben\u00f6tigt, die man f\u00fcr diesen Zweck aus schwarzem Tonkarton stanzen kann.<\/p>\n<p style=\"text-align: center;\"><a href=\"https:\/\/www.sabine-seyffert.de\/blog\/wp-content\/uploads\/2018\/09\/Ast-mit-Girlande-bunt-8.jpg\"><img loading=\"lazy\" decoding=\"async\" class=\"alignnone size-full wp-image-13285\" src=\"https:\/\/www.sabine-seyffert.de\/blog\/wp-content\/uploads\/2018\/09\/Ast-mit-Girlande-bunt-8.jpg\" alt=\"\" width=\"800\" height=\"600\" srcset=\"https:\/\/www.sabine-seyffert.de\/blog\/wp-content\/uploads\/2018\/09\/Ast-mit-Girlande-bunt-8.jpg 800w, https:\/\/www.sabine-seyffert.de\/blog\/wp-content\/uploads\/2018\/09\/Ast-mit-Girlande-bunt-8-300x225.jpg 300w, https:\/\/www.sabine-seyffert.de\/blog\/wp-content\/uploads\/2018\/09\/Ast-mit-Girlande-bunt-8-768x576.jpg 768w\" sizes=\"auto, (max-width: 800px) 100vw, 800px\" \/><\/a><\/p>\n<p style=\"text-align: justify;\">Wer keinen runden Motivlocher besitzt schneidet die Kreise einfach mit der Schere aus oder verwendet einen Kreisschneider. Nun haben wir an den Zweig in regelm\u00e4\u00dfigen Abst\u00e4nden Nylongarn gebunden und dieses mit reichlich bunten Kreisen best\u00fcckt. Immer zwei farbgleiche Kreise haben wir mit Kleber betrichen und beidseitig an das Garn gedr\u00fcckt. In jeder Fadenreihe bringt man je nach Bedarf auch 1-2 von den schwarzen, gr\u00f6\u00dferen Kreisen an. Denn diese sind f\u00fcr die Nachricht, Info oder Botschaft wichtig, die man an dieser h\u00e4ngenden Tafel als kleinen Gru\u00df hinterlassen m\u00f6chte.<\/p>\n<p style=\"text-align: center;\"><a href=\"https:\/\/www.sabine-seyffert.de\/blog\/wp-content\/uploads\/2018\/09\/Ast-mit-Girlande-bunt-6.jpg\"><img loading=\"lazy\" decoding=\"async\" class=\"alignnone size-full wp-image-13286\" src=\"https:\/\/www.sabine-seyffert.de\/blog\/wp-content\/uploads\/2018\/09\/Ast-mit-Girlande-bunt-6.jpg\" alt=\"\" width=\"800\" height=\"600\" srcset=\"https:\/\/www.sabine-seyffert.de\/blog\/wp-content\/uploads\/2018\/09\/Ast-mit-Girlande-bunt-6.jpg 800w, https:\/\/www.sabine-seyffert.de\/blog\/wp-content\/uploads\/2018\/09\/Ast-mit-Girlande-bunt-6-300x225.jpg 300w, https:\/\/www.sabine-seyffert.de\/blog\/wp-content\/uploads\/2018\/09\/Ast-mit-Girlande-bunt-6-768x576.jpg 768w\" sizes=\"auto, (max-width: 800px) 100vw, 800px\" \/><\/a><\/p>\n<p style=\"text-align: justify;\"><strong>Wichtiger Hinweis<\/strong>: Daher sollte man vor dem Werkeln darauf achten ausreichend schwarze Kreise zur Hand zu haben<\/p>\n<p style=\"text-align: center;\"><a href=\"https:\/\/www.sabine-seyffert.de\/blog\/wp-content\/uploads\/2018\/09\/Ast-mit-Girlande-bunt-1.jpg\"><img loading=\"lazy\" decoding=\"async\" class=\"alignnone size-full wp-image-13287\" src=\"https:\/\/www.sabine-seyffert.de\/blog\/wp-content\/uploads\/2018\/09\/Ast-mit-Girlande-bunt-1.jpg\" alt=\"\" width=\"600\" height=\"800\" srcset=\"https:\/\/www.sabine-seyffert.de\/blog\/wp-content\/uploads\/2018\/09\/Ast-mit-Girlande-bunt-1.jpg 600w, https:\/\/www.sabine-seyffert.de\/blog\/wp-content\/uploads\/2018\/09\/Ast-mit-Girlande-bunt-1-225x300.jpg 225w\" sizes=\"auto, (max-width: 600px) 100vw, 600px\" \/><\/a><\/p>\n<p style=\"text-align: justify;\">Sind alle Garnreihen mit Kreisen versehen, bindet man am linken und rechten Ende des Astes ein St\u00fcck Kordel an und hat auf diese Weise eine tolle Aufh\u00e4ngung. Ist das \u201eBunt am Ast\u201c an der gew\u00fcnschten Stelle platziert notiert man mit einem St\u00fcck wei\u00dfer Kreide den gew\u00fcnschten Text auf den schwarzen Kreisen. Dieser l\u00e4sst sich bei Bedarf immer wieder trocken abwischen und durch eine neue Aufschrift ver\u00e4ndern. So sehen die schwarzen Kreis mit der Zeit wie eine richtige \u201eTafel\u201c aus, weil immer ein paar Kreidereste zur\u00fcck bleiben!<\/p>\n<p style=\"text-align: center;\"><a href=\"https:\/\/www.sabine-seyffert.de\/blog\/wp-content\/uploads\/2018\/09\/Ast-mit-Girlande-bunt-3.jpg\"><img loading=\"lazy\" decoding=\"async\" class=\"alignnone size-full wp-image-13288\" src=\"https:\/\/www.sabine-seyffert.de\/blog\/wp-content\/uploads\/2018\/09\/Ast-mit-Girlande-bunt-3.jpg\" alt=\"\" width=\"600\" height=\"800\" srcset=\"https:\/\/www.sabine-seyffert.de\/blog\/wp-content\/uploads\/2018\/09\/Ast-mit-Girlande-bunt-3.jpg 600w, https:\/\/www.sabine-seyffert.de\/blog\/wp-content\/uploads\/2018\/09\/Ast-mit-Girlande-bunt-3-225x300.jpg 225w\" sizes=\"auto, (max-width: 600px) 100vw, 600px\" \/><\/a><\/p>\n<p style=\"text-align: justify;\">Weitere selbst gemachte Geschenkidee findet ihr in <a href=\"https:\/\/www.sabine-seyffert.de\/blog\/?cat=36\" target=\"_blank\" rel=\"noopener\">dieser Rubrik<\/a>, kreative Deko in <a href=\"https:\/\/www.sabine-seyffert.de\/blog\/?cat=12\" target=\"_blank\" rel=\"noopener\">diesem Ordner<\/a>, Geburtstagsideen <a href=\"https:\/\/www.sabine-seyffert.de\/blog\/?cat=21\" target=\"_blank\" rel=\"noopener\">dort<\/a> und andere kreative Sachen <a href=\"http:\/\/www.lunaju.de\/2018\/09\/kiddikram-september-2018.html\" target=\"_blank\" rel=\"noopener nofollow\">da<\/a> und an <a href=\"https:\/\/www.creadienstag.de\/2018\/09\/linkparty-347.html\" target=\"_blank\" rel=\"noopener nofollow\">dieser Stelle<\/a>.<\/p>\n<p style=\"text-align: center;\"><a href=\"https:\/\/www.sabine-seyffert.de\/blog\/wp-content\/uploads\/2018\/09\/Ast-mit-Girlande-bunt-2.jpg\"><img loading=\"lazy\" decoding=\"async\" class=\"alignnone size-full wp-image-13289\" src=\"https:\/\/www.sabine-seyffert.de\/blog\/wp-content\/uploads\/2018\/09\/Ast-mit-Girlande-bunt-2.jpg\" alt=\"\" width=\"600\" height=\"800\" srcset=\"https:\/\/www.sabine-seyffert.de\/blog\/wp-content\/uploads\/2018\/09\/Ast-mit-Girlande-bunt-2.jpg 600w, https:\/\/www.sabine-seyffert.de\/blog\/wp-content\/uploads\/2018\/09\/Ast-mit-Girlande-bunt-2-225x300.jpg 225w\" sizes=\"auto, (max-width: 600px) 100vw, 600px\" \/><\/a><\/p>\n<p style=\"text-align: justify;\"><a href=\"https:\/\/www.sabine-seyffert.de\/blog\/?page_id=32#urheberrecht\">urheberrechtlich gesch\u00fctzt<\/a>, \u00a9 Sabine Seyffert<\/p>\n","protected":false},"excerpt":{"rendered":"<p>Geburtstage gibt es in unserer gro\u00dfen Familie sowie in unserem Bekanntenkreis regelm\u00e4\u00dfig. Und f\u00fcr diesen festlichen Anlass habe ich eine fr\u00f6hliche Geburtstagsdeko gebastelt, die nicht nur ein sch\u00f6ner Hingucker, sondern auch ein lustiges Geburtstagsgeschenk ist. Das Basteln ist ganz einfach, so dass auch Kinder tatkr\u00e4ftig mithelfen k\u00f6nnen. Das wird gebraucht: Ein l\u00e4ngerer Ast, Nylongarn, wei\u00dfe&#8230; <a href=\"https:\/\/www.sabine-seyffert.de\/blog\/diy-bunte-party-girlande-am-ast-bastelanleitung-fuer-eine-geburtstagsgirlande\/\" class=\"more-link\">Read more: DIY Bunte Party Girlande am Ast &#8211; Bastelanleitung f\u00fcr eine Geburtstagsgirlande<\/a><\/p>\n","protected":false},"author":2,"featured_media":0,"comment_status":"open","ping_status":"open","sticky":false,"template":"","format":"standard","meta":{"_metis_text_type":"","_metis_text_length":2434,"_post_count":0,"footnotes":""},"categories":[12,21],"tags":[],"class_list":["post-13279","post","type-post","status-publish","format-standard","hentry","category-deko-ideen","category-kinderfeste-partys"],"_links":{"self":[{"href":"https:\/\/www.sabine-seyffert.de\/blog\/wp-json\/wp\/v2\/posts\/13279","targetHints":{"allow":["GET"]}}],"collection":[{"href":"https:\/\/www.sabine-seyffert.de\/blog\/wp-json\/wp\/v2\/posts"}],"about":[{"href":"https:\/\/www.sabine-seyffert.de\/blog\/wp-json\/wp\/v2\/types\/post"}],"author":[{"embeddable":true,"href":"https:\/\/www.sabine-seyffert.de\/blog\/wp-json\/wp\/v2\/users\/2"}],"replies":[{"embeddable":true,"href":"https:\/\/www.sabine-seyffert.de\/blog\/wp-json\/wp\/v2\/comments?post=13279"}],"version-history":[{"count":2,"href":"https:\/\/www.sabine-seyffert.de\/blog\/wp-json\/wp\/v2\/posts\/13279\/revisions"}],"predecessor-version":[{"id":13291,"href":"https:\/\/www.sabine-seyffert.de\/blog\/wp-json\/wp\/v2\/posts\/13279\/revisions\/13291"}],"wp:attachment":[{"href":"https:\/\/www.sabine-seyffert.de\/blog\/wp-json\/wp\/v2\/media?parent=13279"}],"wp:term":[{"taxonomy":"category","embeddable":true,"href":"https:\/\/www.sabine-seyffert.de\/blog\/wp-json\/wp\/v2\/categories?post=13279"},{"taxonomy":"post_tag","embeddable":true,"href":"https:\/\/www.sabine-seyffert.de\/blog\/wp-json\/wp\/v2\/tags?post=13279"}],"curies":[{"name":"wp","href":"https:\/\/api.w.org\/{rel}","templated":true}]}}