{"id":13252,"date":"2018-09-06T13:05:31","date_gmt":"2018-09-06T11:05:31","guid":{"rendered":"https:\/\/www.sabine-seyffert.de\/blog\/?p=13252"},"modified":"2018-09-10T19:53:30","modified_gmt":"2018-09-10T17:53:30","slug":"diy-deko-idee-fuer-den-herbst-selbst-gemachtes-windlicht-als-tischdeko-mit-frischen-eicheln","status":"publish","type":"post","link":"https:\/\/www.sabine-seyffert.de\/blog\/diy-deko-idee-fuer-den-herbst-selbst-gemachtes-windlicht-als-tischdeko-mit-frischen-eicheln\/","title":{"rendered":"DIY Deko Idee f\u00fcr den Herbst: Selbst gemachtes Windlicht als Tischdeko \u2013 mit frischen Eicheln"},"content":{"rendered":"<p style=\"text-align: justify;\"><img loading=\"lazy\" decoding=\"async\" src=\"https:\/\/vg01.met.vgwort.de\/na\/0360b2a2a83c4cad8ce8513223eb8667\" alt=\"\" width=\"1\" height=\"1\" \/>Man mag es nach dem langen und so sch\u00f6nen Sommer kaum glauben, aber der Herbst naht mit schnellem Schritt. Bei einem gem\u00fctlichen Familienausflug, haben wir im Wald bereits eine gro\u00dfe T\u00fcte frischer Eicheln gesammelt. Durch das lang anhaltende, hei\u00dfe Wetter ging es Drau\u00dfen schon sehr herbstlich zu. Unter den F\u00fc\u00dfen raschelte das Laub und \u00fcberall am Boden lagen kleine, gr\u00fcne Eicheln mit H\u00fctchen herum. Da geht es mir wie bei Kastanien, ich komme einfach nicht an ihnen vorbei und muss mich stets danach b\u00fccken. Geht es euch auch so? Daher haben wir kurzerhand einen Zwischenstopp auf dem Spaziergang eingelegt und einen gro\u00dfen Schwung der Herbstsch\u00e4tze aufgesammelt. Schlie\u00dflich kann man daraus so sch\u00f6ne Sachen machen. Wie beispielsweise die <a href=\"https:\/\/www.sabine-seyffert.de\/blog\/?p=11151\" target=\"_blank\" rel=\"noopener\">s\u00fc\u00dfen Fliegenpilze<\/a>, die ich euch im letzten Jahr hier auf dem Blog gezeigt habe. Diesmal habe ich die Fr\u00fcchte f\u00fcr eine Tischdeko genutzt und bin gespannt, wie sie euch gef\u00e4llt.<\/p>\n<p style=\"text-align: center;\"><a href=\"https:\/\/www.sabine-seyffert.de\/blog\/wp-content\/uploads\/2018\/09\/Eicheln-im-Glas-als-Windlicht-2.jpg\"><img loading=\"lazy\" decoding=\"async\" class=\"alignnone size-full wp-image-13253\" src=\"https:\/\/www.sabine-seyffert.de\/blog\/wp-content\/uploads\/2018\/09\/Eicheln-im-Glas-als-Windlicht-2.jpg\" alt=\"\" width=\"600\" height=\"800\" srcset=\"https:\/\/www.sabine-seyffert.de\/blog\/wp-content\/uploads\/2018\/09\/Eicheln-im-Glas-als-Windlicht-2.jpg 600w, https:\/\/www.sabine-seyffert.de\/blog\/wp-content\/uploads\/2018\/09\/Eicheln-im-Glas-als-Windlicht-2-225x300.jpg 225w\" sizes=\"auto, (max-width: 600px) 100vw, 600px\" \/><\/a><\/p>\n<p style=\"text-align: justify;\"><strong>Das wird gebraucht:<\/strong><br \/>\nFrisch gesammelte Eicheln mit H\u00fctchen, evtl. noch kleine Zapfen oder ein paar Bl\u00e4tter, ein gro\u00dfes Windlicht sowie ein kleineres, die von der Gr\u00f6\u00dfe her ineinander gestellt werden k\u00f6nnen sowie eine Kerze oder ein Teelicht<\/p>\n<p style=\"text-align: center;\"><a href=\"https:\/\/www.sabine-seyffert.de\/blog\/wp-content\/uploads\/2018\/09\/Eicheln-im-Glas-als-Windlicht-6.jpg\"><img loading=\"lazy\" decoding=\"async\" class=\"alignnone size-full wp-image-13254\" src=\"https:\/\/www.sabine-seyffert.de\/blog\/wp-content\/uploads\/2018\/09\/Eicheln-im-Glas-als-Windlicht-6.jpg\" alt=\"\" width=\"600\" height=\"800\" srcset=\"https:\/\/www.sabine-seyffert.de\/blog\/wp-content\/uploads\/2018\/09\/Eicheln-im-Glas-als-Windlicht-6.jpg 600w, https:\/\/www.sabine-seyffert.de\/blog\/wp-content\/uploads\/2018\/09\/Eicheln-im-Glas-als-Windlicht-6-225x300.jpg 225w\" sizes=\"auto, (max-width: 600px) 100vw, 600px\" \/><\/a><\/p>\n<p style=\"text-align: justify;\"><strong>So wird\u2019s gemacht:<\/strong><br \/>\nZuerst habe ich mich auf die Suche nach zwei Windlichtern aus Glas gemacht, die von der Gr\u00f6\u00dfe und Form her \u00e4hnlich sind und gut ineinander passen. In das kleinere Glas stellt man eine Kerze. Dann f\u00fcllt man den Zwischenraum der beiden Gl\u00e4ser mit den gesammelten Eicheln. F\u00fcllt die Eicheln nur so hoch, dass die Kerze und das Licht noch gut zu sehen sind.<\/p>\n<p style=\"text-align: center;\"><a href=\"https:\/\/www.sabine-seyffert.de\/blog\/wp-content\/uploads\/2018\/09\/Eicheln-im-Glas-als-Windlicht-5.jpg\"><img loading=\"lazy\" decoding=\"async\" class=\"alignnone size-full wp-image-13255\" src=\"https:\/\/www.sabine-seyffert.de\/blog\/wp-content\/uploads\/2018\/09\/Eicheln-im-Glas-als-Windlicht-5.jpg\" alt=\"\" width=\"600\" height=\"800\" srcset=\"https:\/\/www.sabine-seyffert.de\/blog\/wp-content\/uploads\/2018\/09\/Eicheln-im-Glas-als-Windlicht-5.jpg 600w, https:\/\/www.sabine-seyffert.de\/blog\/wp-content\/uploads\/2018\/09\/Eicheln-im-Glas-als-Windlicht-5-225x300.jpg 225w\" sizes=\"auto, (max-width: 600px) 100vw, 600px\" \/><\/a><\/p>\n<p style=\"text-align: justify;\">Platziert das herbstliche Licht auf dem Tisch, der Fensterbank oder einer anderen Stelle, so es auch am Abend warmes Herbstleuchten schenkt \ud83d\ude42<\/p>\n<p style=\"text-align: center;\"><a href=\"https:\/\/www.sabine-seyffert.de\/blog\/wp-content\/uploads\/2018\/09\/Eicheln-im-Glas-als-Windlicht-4.jpg\"><img loading=\"lazy\" decoding=\"async\" class=\"alignnone size-full wp-image-13256\" src=\"https:\/\/www.sabine-seyffert.de\/blog\/wp-content\/uploads\/2018\/09\/Eicheln-im-Glas-als-Windlicht-4.jpg\" alt=\"\" width=\"600\" height=\"800\" srcset=\"https:\/\/www.sabine-seyffert.de\/blog\/wp-content\/uploads\/2018\/09\/Eicheln-im-Glas-als-Windlicht-4.jpg 600w, https:\/\/www.sabine-seyffert.de\/blog\/wp-content\/uploads\/2018\/09\/Eicheln-im-Glas-als-Windlicht-4-225x300.jpg 225w\" sizes=\"auto, (max-width: 600px) 100vw, 600px\" \/><\/a><\/p>\n<p style=\"text-align: justify;\">Wie ihr seht, ganz kinderleicht und blitzschnell gemacht. Selbst unge\u00fcbte Bastler unter euch, d\u00fcrften diese Idee problemlos umsetzen und nachmachen k\u00f6nnen.<\/p>\n<p style=\"text-align: center;\"><a href=\"https:\/\/www.sabine-seyffert.de\/blog\/wp-content\/uploads\/2018\/09\/Eicheln-im-Glas-als-Windlicht-1.jpg\"><img loading=\"lazy\" decoding=\"async\" class=\"alignnone size-full wp-image-13257\" src=\"https:\/\/www.sabine-seyffert.de\/blog\/wp-content\/uploads\/2018\/09\/Eicheln-im-Glas-als-Windlicht-1.jpg\" alt=\"\" width=\"600\" height=\"800\" srcset=\"https:\/\/www.sabine-seyffert.de\/blog\/wp-content\/uploads\/2018\/09\/Eicheln-im-Glas-als-Windlicht-1.jpg 600w, https:\/\/www.sabine-seyffert.de\/blog\/wp-content\/uploads\/2018\/09\/Eicheln-im-Glas-als-Windlicht-1-225x300.jpg 225w\" sizes=\"auto, (max-width: 600px) 100vw, 600px\" \/><\/a><\/p>\n<p style=\"text-align: justify;\">Weitere Deko Ideen findet ihr \u00fcbrigens in <a href=\"https:\/\/www.sabine-seyffert.de\/blog\/?cat=12\" target=\"_blank\" rel=\"noopener\">dieser Blog Kategorie<\/a>, alles rund um den Herbst gibt es in <a href=\"https:\/\/www.sabine-seyffert.de\/blog\/?cat=25\" target=\"_blank\" rel=\"noopener\">diesem Ordner<\/a>, mehr Gr\u00fcn <a href=\"http:\/\/naturkinder.typepad.com\/naturkinder\/2018\/09\/gruenzeug-we-love-green-stuff.html\" target=\"_blank\" rel=\"noopener nofollow\">dort<\/a> und andere kreative Sachen warten an <a href=\"https:\/\/www.creadienstag.de\/2018\/09\/linkparty-348.html\" target=\"_blank\" rel=\"noopener nofollow\">dieser Stelle<\/a>.<\/p>\n<p style=\"text-align: center;\"><a href=\"https:\/\/www.sabine-seyffert.de\/blog\/wp-content\/uploads\/2018\/09\/Eicheln-im-Glas-als-Windlicht-3.jpg\"><img loading=\"lazy\" decoding=\"async\" class=\"alignnone size-full wp-image-13258\" src=\"https:\/\/www.sabine-seyffert.de\/blog\/wp-content\/uploads\/2018\/09\/Eicheln-im-Glas-als-Windlicht-3.jpg\" alt=\"\" width=\"600\" height=\"800\" srcset=\"https:\/\/www.sabine-seyffert.de\/blog\/wp-content\/uploads\/2018\/09\/Eicheln-im-Glas-als-Windlicht-3.jpg 600w, https:\/\/www.sabine-seyffert.de\/blog\/wp-content\/uploads\/2018\/09\/Eicheln-im-Glas-als-Windlicht-3-225x300.jpg 225w\" sizes=\"auto, (max-width: 600px) 100vw, 600px\" \/><\/a><\/p>\n<p style=\"text-align: justify;\"><a href=\"https:\/\/www.sabine-seyffert.de\/blog\/?page_id=32#urheberrecht\">urheberrechtlich gesch\u00fctzt<\/a>, \u00a9 Sabine Seyffert<\/p>\n","protected":false},"excerpt":{"rendered":"<p>Man mag es nach dem langen und so sch\u00f6nen Sommer kaum glauben, aber der Herbst naht mit schnellem Schritt. Bei einem gem\u00fctlichen Familienausflug, haben wir im Wald bereits eine gro\u00dfe T\u00fcte frischer Eicheln gesammelt. Durch das lang anhaltende, hei\u00dfe Wetter ging es Drau\u00dfen schon sehr herbstlich zu. Unter den F\u00fc\u00dfen raschelte das Laub und \u00fcberall&#8230; <a href=\"https:\/\/www.sabine-seyffert.de\/blog\/diy-deko-idee-fuer-den-herbst-selbst-gemachtes-windlicht-als-tischdeko-mit-frischen-eicheln\/\" class=\"more-link\">Read more: DIY Deko Idee f\u00fcr den Herbst: Selbst gemachtes Windlicht als Tischdeko \u2013 mit frischen Eicheln<\/a><\/p>\n","protected":false},"author":2,"featured_media":0,"comment_status":"open","ping_status":"open","sticky":false,"template":"","format":"standard","meta":{"_metis_text_type":"","_metis_text_length":2058,"_post_count":0,"footnotes":""},"categories":[12,25],"tags":[],"class_list":["post-13252","post","type-post","status-publish","format-standard","hentry","category-deko-ideen","category-herbst"],"_links":{"self":[{"href":"https:\/\/www.sabine-seyffert.de\/blog\/wp-json\/wp\/v2\/posts\/13252","targetHints":{"allow":["GET"]}}],"collection":[{"href":"https:\/\/www.sabine-seyffert.de\/blog\/wp-json\/wp\/v2\/posts"}],"about":[{"href":"https:\/\/www.sabine-seyffert.de\/blog\/wp-json\/wp\/v2\/types\/post"}],"author":[{"embeddable":true,"href":"https:\/\/www.sabine-seyffert.de\/blog\/wp-json\/wp\/v2\/users\/2"}],"replies":[{"embeddable":true,"href":"https:\/\/www.sabine-seyffert.de\/blog\/wp-json\/wp\/v2\/comments?post=13252"}],"version-history":[{"count":5,"href":"https:\/\/www.sabine-seyffert.de\/blog\/wp-json\/wp\/v2\/posts\/13252\/revisions"}],"predecessor-version":[{"id":13280,"href":"https:\/\/www.sabine-seyffert.de\/blog\/wp-json\/wp\/v2\/posts\/13252\/revisions\/13280"}],"wp:attachment":[{"href":"https:\/\/www.sabine-seyffert.de\/blog\/wp-json\/wp\/v2\/media?parent=13252"}],"wp:term":[{"taxonomy":"category","embeddable":true,"href":"https:\/\/www.sabine-seyffert.de\/blog\/wp-json\/wp\/v2\/categories?post=13252"},{"taxonomy":"post_tag","embeddable":true,"href":"https:\/\/www.sabine-seyffert.de\/blog\/wp-json\/wp\/v2\/tags?post=13252"}],"curies":[{"name":"wp","href":"https:\/\/api.w.org\/{rel}","templated":true}]}}