{"id":13211,"date":"2018-08-27T11:47:54","date_gmt":"2018-08-27T09:47:54","guid":{"rendered":"https:\/\/www.sabine-seyffert.de\/blog\/?p=13211"},"modified":"2018-08-27T11:47:54","modified_gmt":"2018-08-27T09:47:54","slug":"entspannung-fuer-kinder-traeume-voller-sonnenschein-eine-tolle-verlosung","status":"publish","type":"post","link":"https:\/\/www.sabine-seyffert.de\/blog\/entspannung-fuer-kinder-traeume-voller-sonnenschein-eine-tolle-verlosung\/","title":{"rendered":"Entspannung f\u00fcr Kinder: Tr\u00e4ume voller Sonnenschein \u2013 eine tolle Verlosung"},"content":{"rendered":"<p style=\"text-align: justify;\"><img loading=\"lazy\" decoding=\"async\" src=\"https:\/\/vg01.met.vgwort.de\/na\/86ea6205ae9a4ef1965bd3828c8c3c16\" alt=\"\" width=\"1\" height=\"1\" \/>Fast sieben Wochen Sommerferien liegen nun bald hinter uns. Und dieses Jahr konnte man diese Zeit wirklich bei traumhaftem Sommerwetter genie\u00dfen und all die sch\u00f6nen Dinge tun, die an sonnigen Tagen einfach riesig Spa\u00df machen: Urlaub, Picknick im Garten, Nachmittage am Bach, gesellige Schwimmbadbesuche, tolle Ausfl\u00fcge, Radtouren ins Gr\u00fcne und nat\u00fcrlich jede Menge k\u00fchles Eis und saftiges Obst als Erfrischung um sich bei der diesj\u00e4hrigen Hitze etwas abzuk\u00fchlen.<\/p>\n<p style=\"text-align: justify;\">Doch nun hat uns in K\u00fcrze der Alltag mit all seinen Verpflichtungen und Terminen wieder. Gerade nach den Ferien geht es dann gleich rund mit Elternabenden &amp; Co. sowie den vielen Dingen, die bei dem Traumwetter und der Ferienzeit einfach liegen geblieben sind.<\/p>\n<p style=\"text-align: justify;\">Damit der Start in den Alltag nicht allzu schwer f\u00e4llt und die Entspannung aus den Ferien noch ein wenig erhalten bleibt, m\u00f6chte ich unter euch Lesern gerne eines meiner B\u00fccher \u201e<strong><span style=\"color: #ff9900;\">Tr\u00e4ume voller Sonnenschein<\/span><\/strong> \u2013 Entspannungsgeschichten &amp; Spiele f\u00fcr Kinder ab 3\u201c und eine CD mit demselben Titel verlosen.<br \/>\nDie Geschichten richten sich vor allem an j\u00fcngere Kinder ab drei Jahren, die die ersten Erfahrungen mit dem Thema Entspannung machen. Diese Entspannungsgeschichten helfen beim Ruhigwerden und Kraftsch\u00f6pfen. Im Buch befinden sich au\u00dferdem Stillespiele zur Anregung der Kreativit\u00e4t, zur F\u00f6rderung des K\u00f6rperbewusstseins sowie Bewegungsspiele f\u00fcr mehr Ausgeglichenheit. Auf der CD sind Geschichten aus dem Buch enthalten.<\/p>\n<p style=\"text-align: center;\"><a href=\"https:\/\/www.sabine-seyffert.de\/blog\/wp-content\/uploads\/2018\/08\/Buch-CD-Tr\u00e4ume-voller-Sonnenschein.jpg\"><img loading=\"lazy\" decoding=\"async\" class=\"alignnone size-full wp-image-13212\" src=\"https:\/\/www.sabine-seyffert.de\/blog\/wp-content\/uploads\/2018\/08\/Buch-CD-Tr\u00e4ume-voller-Sonnenschein.jpg\" alt=\"\" width=\"800\" height=\"600\" srcset=\"https:\/\/www.sabine-seyffert.de\/blog\/wp-content\/uploads\/2018\/08\/Buch-CD-Tr\u00e4ume-voller-Sonnenschein.jpg 800w, https:\/\/www.sabine-seyffert.de\/blog\/wp-content\/uploads\/2018\/08\/Buch-CD-Tr\u00e4ume-voller-Sonnenschein-300x225.jpg 300w, https:\/\/www.sabine-seyffert.de\/blog\/wp-content\/uploads\/2018\/08\/Buch-CD-Tr\u00e4ume-voller-Sonnenschein-768x576.jpg 768w\" sizes=\"auto, (max-width: 800px) 100vw, 800px\" \/><\/a><\/p>\n<p><strong>Die Teilnahmebedingungen daf\u00fcr sind folgende<\/strong>:<\/p>\n<p style=\"text-align: justify;\">* Teilnehmen d\u00fcrfen alle Leser ab 18 Jahre, die ihren Wohnsitz mit g\u00fcltiger Postanschrift in Deutschland haben.<\/p>\n<p style=\"text-align: justify;\">* Wer an diesem Gewinnspiel teilnehmen m\u00f6chte, hinterl\u00e4sst mir einen Kommentar unter diesem Post und teilt mir auf diesem Wege bitte mit ob er im Falle eines Gewinns das Buch oder lieber die CD haben m\u00f6chte!<\/p>\n<p style=\"text-align: justify;\">* Ihr folgt meinem Blog<\/p>\n<p style=\"text-align: justify;\">* Das Gewinnspiel beginnt mit Erscheinen dieses Artikels und endet am Sonntag, den 9.September 2018 um Mitternacht<\/p>\n<p style=\"text-align: justify;\">* Veranstalter ist <a href=\"https:\/\/www.sabine-seyffert.de\/blog\/?page_id=12538\" target=\"_blank\" rel=\"noopener\">www.sabine-seyffert.de<\/a><\/p>\n<p style=\"text-align: justify;\">* Der Rechtsweg ist ausgeschlossen ebenso wie eine Barauszahlung des Gewinns<\/p>\n<p style=\"text-align: justify;\">* Der Gewinner wird per Los ermittelt, auf dem Blog \u00f6ffentlich bekannt gegeben und \u00fcber die hinterlegte Mailadresse von mir bezgl. der Postanschrift kontaktiert. Diese Daten werden nur f\u00fcr den Versand des Buchs bzw. der CD ben\u00f6tigt, nicht an Dritte weitergereicht und im Anschluss gel\u00f6scht!<\/p>\n<p><a href=\"https:\/\/www.sabine-seyffert.de\/blog\/?page_id=32#urheberrecht\">urheberrechtlich gesch\u00fctzt<\/a>, \u00a9 Sabine Seyffert<\/p>\n","protected":false},"excerpt":{"rendered":"<p>Fast sieben Wochen Sommerferien liegen nun bald hinter uns. Und dieses Jahr konnte man diese Zeit wirklich bei traumhaftem Sommerwetter genie\u00dfen und all die sch\u00f6nen Dinge tun, die an sonnigen Tagen einfach riesig Spa\u00df machen: Urlaub, Picknick im Garten, Nachmittage am Bach, gesellige Schwimmbadbesuche, tolle Ausfl\u00fcge, Radtouren ins Gr\u00fcne und nat\u00fcrlich jede Menge k\u00fchles Eis&#8230; <a href=\"https:\/\/www.sabine-seyffert.de\/blog\/entspannung-fuer-kinder-traeume-voller-sonnenschein-eine-tolle-verlosung\/\" class=\"more-link\">Read more: Entspannung f\u00fcr Kinder: Tr\u00e4ume voller Sonnenschein \u2013 eine tolle Verlosung<\/a><\/p>\n","protected":false},"author":2,"featured_media":0,"comment_status":"open","ping_status":"open","sticky":false,"template":"","format":"standard","meta":{"_metis_text_type":"","_metis_text_length":2409,"_post_count":0,"footnotes":""},"categories":[20],"tags":[],"class_list":["post-13211","post","type-post","status-publish","format-standard","hentry","category-bucher"],"_links":{"self":[{"href":"https:\/\/www.sabine-seyffert.de\/blog\/wp-json\/wp\/v2\/posts\/13211","targetHints":{"allow":["GET"]}}],"collection":[{"href":"https:\/\/www.sabine-seyffert.de\/blog\/wp-json\/wp\/v2\/posts"}],"about":[{"href":"https:\/\/www.sabine-seyffert.de\/blog\/wp-json\/wp\/v2\/types\/post"}],"author":[{"embeddable":true,"href":"https:\/\/www.sabine-seyffert.de\/blog\/wp-json\/wp\/v2\/users\/2"}],"replies":[{"embeddable":true,"href":"https:\/\/www.sabine-seyffert.de\/blog\/wp-json\/wp\/v2\/comments?post=13211"}],"version-history":[{"count":4,"href":"https:\/\/www.sabine-seyffert.de\/blog\/wp-json\/wp\/v2\/posts\/13211\/revisions"}],"predecessor-version":[{"id":13292,"href":"https:\/\/www.sabine-seyffert.de\/blog\/wp-json\/wp\/v2\/posts\/13211\/revisions\/13292"}],"wp:attachment":[{"href":"https:\/\/www.sabine-seyffert.de\/blog\/wp-json\/wp\/v2\/media?parent=13211"}],"wp:term":[{"taxonomy":"category","embeddable":true,"href":"https:\/\/www.sabine-seyffert.de\/blog\/wp-json\/wp\/v2\/categories?post=13211"},{"taxonomy":"post_tag","embeddable":true,"href":"https:\/\/www.sabine-seyffert.de\/blog\/wp-json\/wp\/v2\/tags?post=13211"}],"curies":[{"name":"wp","href":"https:\/\/api.w.org\/{rel}","templated":true}]}}