{"id":13196,"date":"2018-08-23T07:48:14","date_gmt":"2018-08-23T05:48:14","guid":{"rendered":"https:\/\/www.sabine-seyffert.de\/blog\/?p=13196"},"modified":"2018-08-28T05:56:20","modified_gmt":"2018-08-28T03:56:20","slug":"diy-idee-zum-schulstart-ein-ueberraschungs-kalender-fuer-das-neue-schuljahr-oder-zur-einschulung","status":"publish","type":"post","link":"https:\/\/www.sabine-seyffert.de\/blog\/diy-idee-zum-schulstart-ein-ueberraschungs-kalender-fuer-das-neue-schuljahr-oder-zur-einschulung\/","title":{"rendered":"DIY Idee zum Schulstart: Ein \u00dcberraschungs-Kalender f\u00fcr das neue Schuljahr oder zur Einschulung"},"content":{"rendered":"<p style=\"text-align: justify;\"><img loading=\"lazy\" decoding=\"async\" src=\"https:\/\/vg01.met.vgwort.de\/na\/640f591c14654042932a1bf703537f54\" alt=\"\" width=\"1\" height=\"1\" \/>Erinnert ihr euch noch an diesen <a href=\"https:\/\/www.sabine-seyffert.de\/blog\/?p=8121\" target=\"_blank\" rel=\"noopener\">knusprig s\u00fc\u00dfen Schulstartkalender<\/a>? Dieser hat dem Schulneuling seinerzeit sehr viel Freude bereitet. Und w\u00e4hrend hier die Schulferien sich in K\u00fcrze dem Ende n\u00e4hern, kam mir spontan eine neue Idee, die sich nicht nur f\u00fcr Erstkl\u00e4ssler gut eignet, sondern alle Schulkinder erfreut. Und zwar habe ich einen Schulkalender angefertigt, der das betreffende Schulkind nun das gesamte neue Schuljahr begleiten wird und bei Laune h\u00e4lt. So ein Schuljahr ist schlie\u00dflich lang und nicht ausschlie\u00dflich mit Spa\u00df verbunden. Da schafft dieser Kalender etwas Abhilfe und h\u00e4lt f\u00fcr das Schulkind f\u00fcr jeden der 12 Monate eine kleine \u00dcberraschung als Motivation bereit.<\/p>\n<p style=\"text-align: center;\"><a href=\"https:\/\/www.sabine-seyffert.de\/blog\/wp-content\/uploads\/2018\/08\/Schuljahreskalender-4.jpg\"><img loading=\"lazy\" decoding=\"async\" class=\"alignnone size-full wp-image-13197\" src=\"https:\/\/www.sabine-seyffert.de\/blog\/wp-content\/uploads\/2018\/08\/Schuljahreskalender-4.jpg\" alt=\"\" width=\"600\" height=\"800\" srcset=\"https:\/\/www.sabine-seyffert.de\/blog\/wp-content\/uploads\/2018\/08\/Schuljahreskalender-4.jpg 600w, https:\/\/www.sabine-seyffert.de\/blog\/wp-content\/uploads\/2018\/08\/Schuljahreskalender-4-225x300.jpg 225w\" sizes=\"auto, (max-width: 600px) 100vw, 600px\" \/><\/a><\/p>\n<p style=\"text-align: justify;\"><strong>Das wird gebraucht:<\/strong><br \/>\nPackpapier oder unifarbenes Geschenkpapier, farbige Papierreste, Kordel, Buchstabenstempel, ein Stempelkissen, eine Schere, Bastelkleber \/ Klebstift, 12 kleine \u00dcberraschungen oder Gutscheine sowie optional einen Kleiderb\u00fcgel oder Ast als Aufh\u00e4ngung<\/p>\n<p style=\"text-align: center;\"><a href=\"https:\/\/www.sabine-seyffert.de\/blog\/wp-content\/uploads\/2018\/08\/Schuljahreskalender-12.jpg\"><img loading=\"lazy\" decoding=\"async\" class=\"alignnone size-full wp-image-13198\" src=\"https:\/\/www.sabine-seyffert.de\/blog\/wp-content\/uploads\/2018\/08\/Schuljahreskalender-12.jpg\" alt=\"\" width=\"800\" height=\"600\" srcset=\"https:\/\/www.sabine-seyffert.de\/blog\/wp-content\/uploads\/2018\/08\/Schuljahreskalender-12.jpg 800w, https:\/\/www.sabine-seyffert.de\/blog\/wp-content\/uploads\/2018\/08\/Schuljahreskalender-12-300x225.jpg 300w, https:\/\/www.sabine-seyffert.de\/blog\/wp-content\/uploads\/2018\/08\/Schuljahreskalender-12-768x576.jpg 768w\" sizes=\"auto, (max-width: 800px) 100vw, 800px\" \/><\/a><\/p>\n<p><strong><span style=\"color: #ff6600;\">Hinweis:<\/span><\/strong> Solltet ihr S\u00fc\u00dfigkeiten oder andere verderbliche Dinge im Kalender verstecken, denkt unbedingt an das Haltbarkeitsdatum!<\/p>\n<p style=\"text-align: center;\"><a href=\"https:\/\/www.sabine-seyffert.de\/blog\/wp-content\/uploads\/2018\/08\/Schuljahreskalender-11.jpg\"><img loading=\"lazy\" decoding=\"async\" class=\"alignnone size-full wp-image-13199\" src=\"https:\/\/www.sabine-seyffert.de\/blog\/wp-content\/uploads\/2018\/08\/Schuljahreskalender-11.jpg\" alt=\"\" width=\"800\" height=\"600\" srcset=\"https:\/\/www.sabine-seyffert.de\/blog\/wp-content\/uploads\/2018\/08\/Schuljahreskalender-11.jpg 800w, https:\/\/www.sabine-seyffert.de\/blog\/wp-content\/uploads\/2018\/08\/Schuljahreskalender-11-300x225.jpg 300w, https:\/\/www.sabine-seyffert.de\/blog\/wp-content\/uploads\/2018\/08\/Schuljahreskalender-11-768x576.jpg 768w\" sizes=\"auto, (max-width: 800px) 100vw, 800px\" \/><\/a><\/p>\n<p style=\"text-align: justify;\"><strong>So wird\u2019s gemacht:<\/strong><br \/>\nAls erstes besorgt man 12 kleine \u00dcberraschungen, die dem Kind eine kleine Freude machen sollen. Ob es sich dabei um kleine Dinge handelt, die f\u00fcr die n\u00f6tige Entspannung sorgen wie bsp. ein Beutel mit Badeperlen, einen Entspannungstee, ein Geduldspiel o.\u00e4. oder lieber in Form von kleinen Gutscheinen wie einen gem\u00fctlichen Vorlesenachmittag, einem Spieleabend, einem Kinobesuch zum \u201eBergfest\u201c, einem gemeinsamen Besuch in der Lieblingseisdiele etc. ist reine Geschmacksache.<\/p>\n<p style=\"text-align: center;\"><a href=\"https:\/\/www.sabine-seyffert.de\/blog\/wp-content\/uploads\/2018\/08\/Schuljahreskalender-9.jpg\"><img loading=\"lazy\" decoding=\"async\" class=\"alignnone size-full wp-image-13200\" src=\"https:\/\/www.sabine-seyffert.de\/blog\/wp-content\/uploads\/2018\/08\/Schuljahreskalender-9.jpg\" alt=\"\" width=\"800\" height=\"600\" srcset=\"https:\/\/www.sabine-seyffert.de\/blog\/wp-content\/uploads\/2018\/08\/Schuljahreskalender-9.jpg 800w, https:\/\/www.sabine-seyffert.de\/blog\/wp-content\/uploads\/2018\/08\/Schuljahreskalender-9-300x225.jpg 300w, https:\/\/www.sabine-seyffert.de\/blog\/wp-content\/uploads\/2018\/08\/Schuljahreskalender-9-768x576.jpg 768w\" sizes=\"auto, (max-width: 800px) 100vw, 800px\" \/><\/a><\/p>\n<p style=\"text-align: justify;\">In jedem Fall sollen die Gutscheine oder \u00dcberraschungen dann verpackt werden. Ich habe diese in Packpapier versteckt und jedes der P\u00e4ckchen mit bunten Papierresten (aus der Restekiste) versch\u00f6nert.<\/p>\n<p style=\"text-align: center;\"><a href=\"https:\/\/www.sabine-seyffert.de\/blog\/wp-content\/uploads\/2018\/08\/Schuljahreskalender-6.jpg\"><img loading=\"lazy\" decoding=\"async\" class=\"alignnone size-full wp-image-13201\" src=\"https:\/\/www.sabine-seyffert.de\/blog\/wp-content\/uploads\/2018\/08\/Schuljahreskalender-6.jpg\" alt=\"\" width=\"600\" height=\"800\" srcset=\"https:\/\/www.sabine-seyffert.de\/blog\/wp-content\/uploads\/2018\/08\/Schuljahreskalender-6.jpg 600w, https:\/\/www.sabine-seyffert.de\/blog\/wp-content\/uploads\/2018\/08\/Schuljahreskalender-6-225x300.jpg 225w\" sizes=\"auto, (max-width: 600px) 100vw, 600px\" \/><\/a><\/p>\n<p style=\"text-align: justify;\">Au\u00dferdem habe ich auf d\u00fcnner Pappe mit Buchstabenstempel kleine Wimpel f\u00fcr jeden der 12 Monate gedruckt und ausgeschnitten.<\/p>\n<p style=\"text-align: center;\"><a href=\"https:\/\/www.sabine-seyffert.de\/blog\/wp-content\/uploads\/2018\/08\/Schuljahreskalender-8.jpg\"><img loading=\"lazy\" decoding=\"async\" class=\"alignnone size-full wp-image-13202\" src=\"https:\/\/www.sabine-seyffert.de\/blog\/wp-content\/uploads\/2018\/08\/Schuljahreskalender-8.jpg\" alt=\"\" width=\"800\" height=\"600\" srcset=\"https:\/\/www.sabine-seyffert.de\/blog\/wp-content\/uploads\/2018\/08\/Schuljahreskalender-8.jpg 800w, https:\/\/www.sabine-seyffert.de\/blog\/wp-content\/uploads\/2018\/08\/Schuljahreskalender-8-300x225.jpg 300w, https:\/\/www.sabine-seyffert.de\/blog\/wp-content\/uploads\/2018\/08\/Schuljahreskalender-8-768x576.jpg 768w\" sizes=\"auto, (max-width: 800px) 100vw, 800px\" \/><\/a><\/p>\n<p style=\"text-align: justify;\">Mit Hilfe von Kordel kann man die kleinen P\u00e4ckchen, \u00e4hnlich wie bei einem Adventskalender, an einem sch\u00f6nen Kleiderb\u00fcgel oder einem Ast befestigen.<\/p>\n<p style=\"text-align: center;\"><a href=\"https:\/\/www.sabine-seyffert.de\/blog\/wp-content\/uploads\/2018\/08\/Schuljahreskalender-2.jpg\"><img loading=\"lazy\" decoding=\"async\" class=\"alignnone size-full wp-image-13203\" src=\"https:\/\/www.sabine-seyffert.de\/blog\/wp-content\/uploads\/2018\/08\/Schuljahreskalender-2.jpg\" alt=\"\" width=\"600\" height=\"800\" srcset=\"https:\/\/www.sabine-seyffert.de\/blog\/wp-content\/uploads\/2018\/08\/Schuljahreskalender-2.jpg 600w, https:\/\/www.sabine-seyffert.de\/blog\/wp-content\/uploads\/2018\/08\/Schuljahreskalender-2-225x300.jpg 225w\" sizes=\"auto, (max-width: 600px) 100vw, 600px\" \/><\/a><\/p>\n<p style=\"text-align: justify;\"><strong>Ein kleiner Tipp:<\/strong> Pers\u00f6nlicher wird dieser Schuljahreskalender noch, wenn man noch einen Brief mit ein paar handgeschriebenen Zeilen und guten W\u00fcnschen f\u00fcr das bevorstehende Schuljahr mit dem gebastelten Kalender an das Schulkind \u00fcberreicht!<\/p>\n<p style=\"text-align: center;\"><a href=\"https:\/\/www.sabine-seyffert.de\/blog\/wp-content\/uploads\/2018\/08\/Schuljahreskalender-1.jpg\"><img loading=\"lazy\" decoding=\"async\" class=\"alignnone size-full wp-image-13205\" src=\"https:\/\/www.sabine-seyffert.de\/blog\/wp-content\/uploads\/2018\/08\/Schuljahreskalender-1.jpg\" alt=\"\" width=\"600\" height=\"800\" srcset=\"https:\/\/www.sabine-seyffert.de\/blog\/wp-content\/uploads\/2018\/08\/Schuljahreskalender-1.jpg 600w, https:\/\/www.sabine-seyffert.de\/blog\/wp-content\/uploads\/2018\/08\/Schuljahreskalender-1-225x300.jpg 225w\" sizes=\"auto, (max-width: 600px) 100vw, 600px\" \/><\/a><\/p>\n<p style=\"text-align: justify;\">Weitere Ideen rund um den Schulstart findet ihr \u00fcbrigens in <a href=\"https:\/\/www.sabine-seyffert.de\/blog\/?cat=40\" target=\"_blank\" rel=\"noopener\">dieser Blog Kategorie<\/a>, klitzekleine Geschenkideen gibt es in <a href=\"https:\/\/www.sabine-seyffert.de\/blog\/?cat=36\" target=\"_blank\" rel=\"noopener\">diesem Ordner<\/a> und andere kreative Sachen <a href=\"http:\/\/www.lunaju.de\/2018\/08\/kiddikram-august-2018-verlinkt-eure.html\" target=\"_blank\" rel=\"noopener nofollow\">dort<\/a> und auch an <a href=\"https:\/\/www.creadienstag.de\/2018\/08\/linkparty-346.html\" target=\"_blank\" rel=\"noopener nofollow\">dieser<\/a> Stelle.<\/p>\n<p style=\"text-align: justify;\"><a href=\"https:\/\/www.sabine-seyffert.de\/blog\/?page_id=32#urheberrecht\">urheberrechtlich gesch\u00fctzt<\/a>, \u00a9 Sabine Seyffert<\/p>\n","protected":false},"excerpt":{"rendered":"<p>Erinnert ihr euch noch an diesen knusprig s\u00fc\u00dfen Schulstartkalender? Dieser hat dem Schulneuling seinerzeit sehr viel Freude bereitet. Und w\u00e4hrend hier die Schulferien sich in K\u00fcrze dem Ende n\u00e4hern, kam mir spontan eine neue Idee, die sich nicht nur f\u00fcr Erstkl\u00e4ssler gut eignet, sondern alle Schulkinder erfreut. Und zwar habe ich einen Schulkalender angefertigt, der&#8230; <a href=\"https:\/\/www.sabine-seyffert.de\/blog\/diy-idee-zum-schulstart-ein-ueberraschungs-kalender-fuer-das-neue-schuljahr-oder-zur-einschulung\/\" class=\"more-link\">Read more: DIY Idee zum Schulstart: Ein \u00dcberraschungs-Kalender f\u00fcr das neue Schuljahr oder zur Einschulung<\/a><\/p>\n","protected":false},"author":2,"featured_media":0,"comment_status":"open","ping_status":"open","sticky":false,"template":"","format":"standard","meta":{"_metis_text_type":"","_metis_text_length":2525,"_post_count":0,"footnotes":""},"categories":[36,40],"tags":[],"class_list":["post-13196","post","type-post","status-publish","format-standard","hentry","category-klitzekleine-geschenkideen","category-schulstart"],"_links":{"self":[{"href":"https:\/\/www.sabine-seyffert.de\/blog\/wp-json\/wp\/v2\/posts\/13196","targetHints":{"allow":["GET"]}}],"collection":[{"href":"https:\/\/www.sabine-seyffert.de\/blog\/wp-json\/wp\/v2\/posts"}],"about":[{"href":"https:\/\/www.sabine-seyffert.de\/blog\/wp-json\/wp\/v2\/types\/post"}],"author":[{"embeddable":true,"href":"https:\/\/www.sabine-seyffert.de\/blog\/wp-json\/wp\/v2\/users\/2"}],"replies":[{"embeddable":true,"href":"https:\/\/www.sabine-seyffert.de\/blog\/wp-json\/wp\/v2\/comments?post=13196"}],"version-history":[{"count":6,"href":"https:\/\/www.sabine-seyffert.de\/blog\/wp-json\/wp\/v2\/posts\/13196\/revisions"}],"predecessor-version":[{"id":13229,"href":"https:\/\/www.sabine-seyffert.de\/blog\/wp-json\/wp\/v2\/posts\/13196\/revisions\/13229"}],"wp:attachment":[{"href":"https:\/\/www.sabine-seyffert.de\/blog\/wp-json\/wp\/v2\/media?parent=13196"}],"wp:term":[{"taxonomy":"category","embeddable":true,"href":"https:\/\/www.sabine-seyffert.de\/blog\/wp-json\/wp\/v2\/categories?post=13196"},{"taxonomy":"post_tag","embeddable":true,"href":"https:\/\/www.sabine-seyffert.de\/blog\/wp-json\/wp\/v2\/tags?post=13196"}],"curies":[{"name":"wp","href":"https:\/\/api.w.org\/{rel}","templated":true}]}}