{"id":13183,"date":"2018-08-21T09:03:54","date_gmt":"2018-08-21T07:03:54","guid":{"rendered":"https:\/\/www.sabine-seyffert.de\/blog\/?p=13183"},"modified":"2018-08-21T09:03:54","modified_gmt":"2018-08-21T07:03:54","slug":"selbst-gemachte-geschenkverpackung-fuer-den-kindergeburtstag-ein-himmel-voller-luftballons","status":"publish","type":"post","link":"https:\/\/www.sabine-seyffert.de\/blog\/selbst-gemachte-geschenkverpackung-fuer-den-kindergeburtstag-ein-himmel-voller-luftballons\/","title":{"rendered":"Selbst gemachte Geschenkverpackung f\u00fcr den Kindergeburtstag: Ein Himmel voller Luftballons"},"content":{"rendered":"<p style=\"text-align: justify;\"><img loading=\"lazy\" decoding=\"async\" src=\"https:\/\/vg01.met.vgwort.de\/na\/0b278ae5d80f4854a81bc0370b41337e\" alt=\"\" width=\"1\" height=\"1\" \/>Geschenke f\u00fcr einen Kindergeburtstag werden bei mir mit besonders viel Liebe verpackt. Schlie\u00dflich erinnere ich mich noch sehr gut an meine eigene Kindheit und wie aufregend so ein Geburtstag damals war. Also darf es f\u00fcr die Verpackung entsprechend bunt und fr\u00f6hlich sein.<br \/>\nDieses Mal konnte ich unseren Vorrat an bunten Papierschnipseln und Bastelpapierresten wieder einmal reduzieren, der hier in einem alten Schuhkarton gesammelt wird.<\/p>\n<p style=\"text-align: center;\"><a href=\"https:\/\/www.sabine-seyffert.de\/blog\/wp-content\/uploads\/2018\/08\/Geschenkverpackung-Luftballon-1.jpg\"><img loading=\"lazy\" decoding=\"async\" class=\"alignnone size-full wp-image-13185\" src=\"https:\/\/www.sabine-seyffert.de\/blog\/wp-content\/uploads\/2018\/08\/Geschenkverpackung-Luftballon-1.jpg\" alt=\"\" width=\"800\" height=\"600\" srcset=\"https:\/\/www.sabine-seyffert.de\/blog\/wp-content\/uploads\/2018\/08\/Geschenkverpackung-Luftballon-1.jpg 800w, https:\/\/www.sabine-seyffert.de\/blog\/wp-content\/uploads\/2018\/08\/Geschenkverpackung-Luftballon-1-300x225.jpg 300w, https:\/\/www.sabine-seyffert.de\/blog\/wp-content\/uploads\/2018\/08\/Geschenkverpackung-Luftballon-1-768x576.jpg 768w\" sizes=\"auto, (max-width: 800px) 100vw, 800px\" \/><\/a><\/p>\n<p style=\"text-align: justify;\"><strong>Das wird gebraucht:<\/strong><br \/>\nEtwas naturbraunes Packpapier, eine Bastelschere, d\u00fcnne Kordel, einen Bleistift, bunte Tonpapierreste, Bastelkleber, Dymoger\u00e4t samt farbigem Pr\u00e4geband<\/p>\n<p style=\"text-align: center;\"><a href=\"https:\/\/www.sabine-seyffert.de\/blog\/wp-content\/uploads\/2018\/08\/Geschenkverpackung-Luftballon-8.jpg\"><img loading=\"lazy\" decoding=\"async\" class=\"alignnone size-full wp-image-13186\" src=\"https:\/\/www.sabine-seyffert.de\/blog\/wp-content\/uploads\/2018\/08\/Geschenkverpackung-Luftballon-8.jpg\" alt=\"\" width=\"800\" height=\"600\" srcset=\"https:\/\/www.sabine-seyffert.de\/blog\/wp-content\/uploads\/2018\/08\/Geschenkverpackung-Luftballon-8.jpg 800w, https:\/\/www.sabine-seyffert.de\/blog\/wp-content\/uploads\/2018\/08\/Geschenkverpackung-Luftballon-8-300x225.jpg 300w, https:\/\/www.sabine-seyffert.de\/blog\/wp-content\/uploads\/2018\/08\/Geschenkverpackung-Luftballon-8-768x576.jpg 768w\" sizes=\"auto, (max-width: 800px) 100vw, 800px\" \/><\/a><\/p>\n<p style=\"text-align: justify;\"><strong>So wird\u2019s gemacht:<\/strong><br \/>\nNachdem man das Geburtstagsgeschenk in Packpapier gesteckt hat, darf man seiner Fantasie freien Lauf lassen. F\u00fcr mich gab es als Kind nichts Sch\u00f6neres an einem Geburtstag als einen Schwung bunter Luftballons. Daher habe ich f\u00fcr die Geschenkverpackung aus Papierresten einen bunten Strau\u00df an Ballons gebastelt. Wer sich das Schneiden der Luftballons nicht zutraut, kann sich mit Hilfe eines Bleistifts die Umrisse auf dem Papier vorzeichnen.<\/p>\n<p style=\"text-align: center;\"><a href=\"https:\/\/www.sabine-seyffert.de\/blog\/wp-content\/uploads\/2018\/08\/Geschenkverpackung-Luftballon-7.jpg\"><img loading=\"lazy\" decoding=\"async\" class=\"alignnone size-full wp-image-13187\" src=\"https:\/\/www.sabine-seyffert.de\/blog\/wp-content\/uploads\/2018\/08\/Geschenkverpackung-Luftballon-7.jpg\" alt=\"\" width=\"800\" height=\"600\" srcset=\"https:\/\/www.sabine-seyffert.de\/blog\/wp-content\/uploads\/2018\/08\/Geschenkverpackung-Luftballon-7.jpg 800w, https:\/\/www.sabine-seyffert.de\/blog\/wp-content\/uploads\/2018\/08\/Geschenkverpackung-Luftballon-7-300x225.jpg 300w, https:\/\/www.sabine-seyffert.de\/blog\/wp-content\/uploads\/2018\/08\/Geschenkverpackung-Luftballon-7-768x576.jpg 768w\" sizes=\"auto, (max-width: 800px) 100vw, 800px\" \/><\/a><\/p>\n<p style=\"text-align: justify;\">Wem es lieber ist, der kann den Geburtstagsballons auch ganz unterschiedliche Formen geben oder diese mit Mustern verziehen, wie beispielsweise bei dieser Bastelanleitung der <a href=\"https:\/\/www.sabine-seyffert.de\/blog\/?p=9503\" target=\"_blank\" rel=\"noopener\">bunten Pop-up Geburtstagskarte<\/a>.<\/p>\n<p style=\"text-align: center;\"><a href=\"https:\/\/www.sabine-seyffert.de\/blog\/wp-content\/uploads\/2018\/08\/Geschenkverpackung-Luftballon-6.jpg\"><img loading=\"lazy\" decoding=\"async\" class=\"alignnone size-full wp-image-13188\" src=\"https:\/\/www.sabine-seyffert.de\/blog\/wp-content\/uploads\/2018\/08\/Geschenkverpackung-Luftballon-6.jpg\" alt=\"\" width=\"800\" height=\"600\" srcset=\"https:\/\/www.sabine-seyffert.de\/blog\/wp-content\/uploads\/2018\/08\/Geschenkverpackung-Luftballon-6.jpg 800w, https:\/\/www.sabine-seyffert.de\/blog\/wp-content\/uploads\/2018\/08\/Geschenkverpackung-Luftballon-6-300x225.jpg 300w, https:\/\/www.sabine-seyffert.de\/blog\/wp-content\/uploads\/2018\/08\/Geschenkverpackung-Luftballon-6-768x576.jpg 768w\" sizes=\"auto, (max-width: 800px) 100vw, 800px\" \/><\/a><\/p>\n<p style=\"text-align: justify;\">Hat man gen\u00fcgend Luftballons beisammen, braucht man noch einen gr\u00f6\u00dferen Anh\u00e4nger, den man mit dem Namen des Geburtstagskindes schm\u00fccken kann. Dazu kann man sich einfach einen breiten Streifen aus dem Tonpapier schneiden und den Namen aus Pr\u00e4geband aufkleben. Wer kein Dymoger\u00e4t besitzt, kann den Namen auch einfach schreiben oder mit Stempeln aufdrucken.<\/p>\n<p style=\"text-align: center;\"><a href=\"https:\/\/www.sabine-seyffert.de\/blog\/wp-content\/uploads\/2018\/08\/Geschenkverpackung-Luftballon-5.jpg\"><img loading=\"lazy\" decoding=\"async\" class=\"alignnone size-full wp-image-13189\" src=\"https:\/\/www.sabine-seyffert.de\/blog\/wp-content\/uploads\/2018\/08\/Geschenkverpackung-Luftballon-5.jpg\" alt=\"\" width=\"800\" height=\"600\" srcset=\"https:\/\/www.sabine-seyffert.de\/blog\/wp-content\/uploads\/2018\/08\/Geschenkverpackung-Luftballon-5.jpg 800w, https:\/\/www.sabine-seyffert.de\/blog\/wp-content\/uploads\/2018\/08\/Geschenkverpackung-Luftballon-5-300x225.jpg 300w, https:\/\/www.sabine-seyffert.de\/blog\/wp-content\/uploads\/2018\/08\/Geschenkverpackung-Luftballon-5-768x576.jpg 768w\" sizes=\"auto, (max-width: 800px) 100vw, 800px\" \/><\/a><\/p>\n<p style=\"text-align: justify;\">Nun ben\u00f6tigt man noch in der Anzahl der Ballons lange B\u00e4nder, die man aus Kordelst\u00fccken herstellt. Am einfachsten geht das, wenn man von der Kordel etwa 15 cm lange St\u00fcck schneiden. Anschlie\u00dfend klebt man die Papierballons auf das Geschenk, so dass das eine Kordelende unter dem Ballon steckt. Hat man auf diese Weise alle Ballons befestigt, knotet man die unteren Kordelenden zu einem Knoten und kann die \u00fcberstehenden Enden ggf. mit einer Schere k\u00fcrzen.<\/p>\n<p style=\"text-align: center;\"><a href=\"https:\/\/www.sabine-seyffert.de\/blog\/wp-content\/uploads\/2018\/08\/Geschenkverpackung-Luftballon-4.jpg\"><img loading=\"lazy\" decoding=\"async\" class=\"alignnone size-full wp-image-13190\" src=\"https:\/\/www.sabine-seyffert.de\/blog\/wp-content\/uploads\/2018\/08\/Geschenkverpackung-Luftballon-4.jpg\" alt=\"\" width=\"800\" height=\"600\" srcset=\"https:\/\/www.sabine-seyffert.de\/blog\/wp-content\/uploads\/2018\/08\/Geschenkverpackung-Luftballon-4.jpg 800w, https:\/\/www.sabine-seyffert.de\/blog\/wp-content\/uploads\/2018\/08\/Geschenkverpackung-Luftballon-4-300x225.jpg 300w, https:\/\/www.sabine-seyffert.de\/blog\/wp-content\/uploads\/2018\/08\/Geschenkverpackung-Luftballon-4-768x576.jpg 768w\" sizes=\"auto, (max-width: 800px) 100vw, 800px\" \/><\/a><\/p>\n<p style=\"text-align: justify;\">Das Namensschild klebt man nun im eine der vielen Kordeln und fertig ist die Geburtstagsverpackung!<\/p>\n<p style=\"text-align: center;\"><a href=\"https:\/\/www.sabine-seyffert.de\/blog\/wp-content\/uploads\/2018\/08\/Geschenkverpackung-Luftballon-3.jpg\"><img loading=\"lazy\" decoding=\"async\" class=\"alignnone size-full wp-image-13191\" src=\"https:\/\/www.sabine-seyffert.de\/blog\/wp-content\/uploads\/2018\/08\/Geschenkverpackung-Luftballon-3.jpg\" alt=\"\" width=\"800\" height=\"600\" srcset=\"https:\/\/www.sabine-seyffert.de\/blog\/wp-content\/uploads\/2018\/08\/Geschenkverpackung-Luftballon-3.jpg 800w, https:\/\/www.sabine-seyffert.de\/blog\/wp-content\/uploads\/2018\/08\/Geschenkverpackung-Luftballon-3-300x225.jpg 300w, https:\/\/www.sabine-seyffert.de\/blog\/wp-content\/uploads\/2018\/08\/Geschenkverpackung-Luftballon-3-768x576.jpg 768w\" sizes=\"auto, (max-width: 800px) 100vw, 800px\" \/><\/a><\/p>\n<p style=\"text-align: justify;\">Weitere Bastelanleitungen f\u00fcr selbst gemachte Geschenkverpackungen findet ihr in <a href=\"https:\/\/www.sabine-seyffert.de\/blog\/?cat=49\" target=\"_blank\" rel=\"noopener\">diesem Ordner<\/a>, alles zum Thema Kindergeburtstag <a href=\"https:\/\/www.sabine-seyffert.de\/blog\/?cat=21\" target=\"_blank\" rel=\"noopener\">hier<\/a> und andere kreative Sachen <a href=\"http:\/\/www.lunaju.de\/2018\/08\/kiddikram-august-2018-verlinkt-eure.html\" target=\"_blank\" rel=\"noopener nofollow\">da<\/a> und <a href=\"https:\/\/www.creadienstag.de\/2018\/08\/linkparty-345.html\" target=\"_blank\" rel=\"noopener nofollow\">dort<\/a>.<\/p>\n<p style=\"text-align: center;\"><a href=\"https:\/\/www.sabine-seyffert.de\/blog\/wp-content\/uploads\/2018\/08\/Geschenkverpackung-Luftballon-2.jpg\"><img loading=\"lazy\" decoding=\"async\" class=\"alignnone size-full wp-image-13192\" src=\"https:\/\/www.sabine-seyffert.de\/blog\/wp-content\/uploads\/2018\/08\/Geschenkverpackung-Luftballon-2.jpg\" alt=\"\" width=\"800\" height=\"600\" srcset=\"https:\/\/www.sabine-seyffert.de\/blog\/wp-content\/uploads\/2018\/08\/Geschenkverpackung-Luftballon-2.jpg 800w, https:\/\/www.sabine-seyffert.de\/blog\/wp-content\/uploads\/2018\/08\/Geschenkverpackung-Luftballon-2-300x225.jpg 300w, https:\/\/www.sabine-seyffert.de\/blog\/wp-content\/uploads\/2018\/08\/Geschenkverpackung-Luftballon-2-768x576.jpg 768w\" sizes=\"auto, (max-width: 800px) 100vw, 800px\" \/><\/a><\/p>\n<p style=\"text-align: justify;\"><a href=\"https:\/\/www.sabine-seyffert.de\/blog\/?page_id=32#urheberrecht\">urheberrechtlich gesch\u00fctzt<\/a>, \u00a9 Sabine Seyffert<\/p>\n","protected":false},"excerpt":{"rendered":"<p>Geschenke f\u00fcr einen Kindergeburtstag werden bei mir mit besonders viel Liebe verpackt. Schlie\u00dflich erinnere ich mich noch sehr gut an meine eigene Kindheit und wie aufregend so ein Geburtstag damals war. Also darf es f\u00fcr die Verpackung entsprechend bunt und fr\u00f6hlich sein. Dieses Mal konnte ich unseren Vorrat an bunten Papierschnipseln und Bastelpapierresten wieder einmal&#8230; <a href=\"https:\/\/www.sabine-seyffert.de\/blog\/selbst-gemachte-geschenkverpackung-fuer-den-kindergeburtstag-ein-himmel-voller-luftballons\/\" class=\"more-link\">Read more: Selbst gemachte Geschenkverpackung f\u00fcr den Kindergeburtstag: Ein Himmel voller Luftballons<\/a><\/p>\n","protected":false},"author":2,"featured_media":0,"comment_status":"open","ping_status":"open","sticky":false,"template":"","format":"standard","meta":{"_metis_text_type":"","_metis_text_length":2406,"_post_count":0,"footnotes":""},"categories":[49,21],"tags":[],"class_list":["post-13183","post","type-post","status-publish","format-standard","hentry","category-verpackungsideen","category-kinderfeste-partys"],"_links":{"self":[{"href":"https:\/\/www.sabine-seyffert.de\/blog\/wp-json\/wp\/v2\/posts\/13183","targetHints":{"allow":["GET"]}}],"collection":[{"href":"https:\/\/www.sabine-seyffert.de\/blog\/wp-json\/wp\/v2\/posts"}],"about":[{"href":"https:\/\/www.sabine-seyffert.de\/blog\/wp-json\/wp\/v2\/types\/post"}],"author":[{"embeddable":true,"href":"https:\/\/www.sabine-seyffert.de\/blog\/wp-json\/wp\/v2\/users\/2"}],"replies":[{"embeddable":true,"href":"https:\/\/www.sabine-seyffert.de\/blog\/wp-json\/wp\/v2\/comments?post=13183"}],"version-history":[{"count":3,"href":"https:\/\/www.sabine-seyffert.de\/blog\/wp-json\/wp\/v2\/posts\/13183\/revisions"}],"predecessor-version":[{"id":13195,"href":"https:\/\/www.sabine-seyffert.de\/blog\/wp-json\/wp\/v2\/posts\/13183\/revisions\/13195"}],"wp:attachment":[{"href":"https:\/\/www.sabine-seyffert.de\/blog\/wp-json\/wp\/v2\/media?parent=13183"}],"wp:term":[{"taxonomy":"category","embeddable":true,"href":"https:\/\/www.sabine-seyffert.de\/blog\/wp-json\/wp\/v2\/categories?post=13183"},{"taxonomy":"post_tag","embeddable":true,"href":"https:\/\/www.sabine-seyffert.de\/blog\/wp-json\/wp\/v2\/tags?post=13183"}],"curies":[{"name":"wp","href":"https:\/\/api.w.org\/{rel}","templated":true}]}}