{"id":13170,"date":"2018-08-18T09:55:07","date_gmt":"2018-08-18T07:55:07","guid":{"rendered":"https:\/\/www.sabine-seyffert.de\/blog\/?p=13170"},"modified":"2018-08-20T18:55:58","modified_gmt":"2018-08-20T16:55:58","slug":"rezept-idee-backen-fuer-kinder-strandkrabben-knusprig-suess-kuchenhits-fuer-kids","status":"publish","type":"post","link":"https:\/\/www.sabine-seyffert.de\/blog\/rezept-idee-backen-fuer-kinder-strandkrabben-knusprig-suess-kuchenhits-fuer-kids\/","title":{"rendered":"Rezept Idee Backen f\u00fcr Kinder: Strandkrabben knusprig s\u00fc\u00df \u2013 Kuchenhits f\u00fcr Kids"},"content":{"rendered":"<p style=\"text-align: justify;\"><img loading=\"lazy\" decoding=\"async\" src=\"https:\/\/vg01.met.vgwort.de\/na\/f76ef5a0ad124048bcbfa19279a12d93\" alt=\"\" width=\"1\" height=\"1\" \/>Sommerzeit und wir tr\u00e4umen von Urlaub am Meer. Doch sehr muss noch ein klitzekleines bisschen warten. Bis daher vers\u00fc\u00dfen wir und die Schulferien mit knusprig s\u00fc\u00dfen Strandkrabben, frisch gebacken und nat\u00fcrlich ganz vegetarisch versteht sich \ud83d\ude09<br \/>\nDiese s\u00fc\u00dfen Teilchen kommen mit recht wenigen Zutaten aus und sind der perfekte Nachmittagssnack. Damit tr\u00e4umen wir uns direkt ans Meer\u2026<br \/>\nWer auch Lust hat ein paar Strandkrabben zum gem\u00fctlichen Kaffeeklatsch oder ein sommerliches Picknick im Garten zu backen, bekommt hier das Rezept mit detaillierter Anleitung zum Nachbacken.<\/p>\n<p style=\"text-align: center;\"><a href=\"https:\/\/www.sabine-seyffert.de\/blog\/wp-content\/uploads\/2018\/08\/Strandkrabbe-6.jpg\"><img loading=\"lazy\" decoding=\"async\" class=\"alignnone size-full wp-image-13172\" src=\"https:\/\/www.sabine-seyffert.de\/blog\/wp-content\/uploads\/2018\/08\/Strandkrabbe-6.jpg\" alt=\"\" width=\"800\" height=\"600\" srcset=\"https:\/\/www.sabine-seyffert.de\/blog\/wp-content\/uploads\/2018\/08\/Strandkrabbe-6.jpg 800w, https:\/\/www.sabine-seyffert.de\/blog\/wp-content\/uploads\/2018\/08\/Strandkrabbe-6-300x225.jpg 300w, https:\/\/www.sabine-seyffert.de\/blog\/wp-content\/uploads\/2018\/08\/Strandkrabbe-6-768x576.jpg 768w\" sizes=\"auto, (max-width: 800px) 100vw, 800px\" \/><\/a><\/p>\n<p style=\"text-align: justify;\"><strong>Das wird gebraucht:<\/strong><br \/>\n250 g Quark 40% Fett i. Tr., 250 g Butter, 250-300 g Mehl, 1 gestrichener Teel\u00f6ffel Backpulver, 200 g Marzipan, Puderzucker, backstabile Schokotropfen<\/p>\n<p style=\"text-align: center;\"><a href=\"https:\/\/www.sabine-seyffert.de\/blog\/wp-content\/uploads\/2018\/08\/Strandkrabbe-2.jpg\"><img loading=\"lazy\" decoding=\"async\" class=\"alignnone size-full wp-image-13173\" src=\"https:\/\/www.sabine-seyffert.de\/blog\/wp-content\/uploads\/2018\/08\/Strandkrabbe-2.jpg\" alt=\"\" width=\"600\" height=\"800\" srcset=\"https:\/\/www.sabine-seyffert.de\/blog\/wp-content\/uploads\/2018\/08\/Strandkrabbe-2.jpg 600w, https:\/\/www.sabine-seyffert.de\/blog\/wp-content\/uploads\/2018\/08\/Strandkrabbe-2-225x300.jpg 225w\" sizes=\"auto, (max-width: 600px) 100vw, 600px\" \/><\/a><\/p>\n<p style=\"text-align: justify;\"><strong>So wird\u2019s gemacht:<\/strong><br \/>\nDer Teig ist schnell gemacht und kommt mit nur 4 Zutaten aus. Den Quark, die gew\u00fcrfelte Butter (am besten eine Stunde vor dem Backen aus dem K\u00fchlschrank nehmen, damit sich diese gut verarbeiten l\u00e4sst!), Mehl und Backpulver gibt man in eine R\u00fchrsch\u00fcssel und verknetet das Ganze zu einem Teig. Diesen rollt man auf etwas Mehl d\u00fcnn aus. Mit Hilfe einer Schablone oder einer kleinen rechteckigen Dose sticht man daraus gleichgro\u00dfe Teile aus. Die H\u00e4lfte davon platziert man auf einem gefetteten oder mit Backpapier ausgelegten Blech.<\/p>\n<p style=\"text-align: center;\"><a href=\"https:\/\/www.sabine-seyffert.de\/blog\/wp-content\/uploads\/2018\/08\/Strandkrabbe-7.jpg\"><img loading=\"lazy\" decoding=\"async\" class=\"alignnone size-full wp-image-13174\" src=\"https:\/\/www.sabine-seyffert.de\/blog\/wp-content\/uploads\/2018\/08\/Strandkrabbe-7.jpg\" alt=\"\" width=\"800\" height=\"600\" srcset=\"https:\/\/www.sabine-seyffert.de\/blog\/wp-content\/uploads\/2018\/08\/Strandkrabbe-7.jpg 800w, https:\/\/www.sabine-seyffert.de\/blog\/wp-content\/uploads\/2018\/08\/Strandkrabbe-7-300x225.jpg 300w, https:\/\/www.sabine-seyffert.de\/blog\/wp-content\/uploads\/2018\/08\/Strandkrabbe-7-768x576.jpg 768w\" sizes=\"auto, (max-width: 800px) 100vw, 800px\" \/><\/a><\/p>\n<p style=\"text-align: justify;\">F\u00fcr die F\u00fcllung verknetet man die Marzipan Rohmasse mit etwas Puderzucker und rollt diese d\u00fcnn aus. Das klappt prima zwischen zwei Lagen Frischhaltefolie oder Backpapier. Hieraus ben\u00f6tigt man 7 Rechtecke, die man passgenau \u00fcber den auf dem Backblech liegenden Teigst\u00fccken legt.<\/p>\n<p style=\"text-align: center;\"><a href=\"https:\/\/www.sabine-seyffert.de\/blog\/wp-content\/uploads\/2018\/08\/Strandkrabbe-9.jpg\"><img loading=\"lazy\" decoding=\"async\" class=\"alignnone size-full wp-image-13175\" src=\"https:\/\/www.sabine-seyffert.de\/blog\/wp-content\/uploads\/2018\/08\/Strandkrabbe-9.jpg\" alt=\"\" width=\"800\" height=\"600\" srcset=\"https:\/\/www.sabine-seyffert.de\/blog\/wp-content\/uploads\/2018\/08\/Strandkrabbe-9.jpg 800w, https:\/\/www.sabine-seyffert.de\/blog\/wp-content\/uploads\/2018\/08\/Strandkrabbe-9-300x225.jpg 300w, https:\/\/www.sabine-seyffert.de\/blog\/wp-content\/uploads\/2018\/08\/Strandkrabbe-9-768x576.jpg 768w\" sizes=\"auto, (max-width: 800px) 100vw, 800px\" \/><\/a><\/p>\n<p style=\"text-align: justify;\">Die restlichen Teigplatten nimmt man f\u00fcr die oberste Lage. Falls die Gr\u00f6\u00dfe nicht genau passt, kann man den Teig mit den Fingern am Rand noch angleichen. Mit einem scharfen Messer schneidet man die kurzen Seiten gleichm\u00e4\u00dfig ein und f\u00e4chert die \u201eKrabbenf\u00fcsse\u201c ein wenig auseinander. F\u00fcr die Augen habe ich Schokotropfen verwendet. Alternativ kann man nach dem Backen mit Zuckerguss oder Kuvert\u00fcre Schokolinsen aufkleben.<\/p>\n<p style=\"text-align: center;\"><a href=\"https:\/\/www.sabine-seyffert.de\/blog\/wp-content\/uploads\/2018\/08\/Strandkrabbe-5.jpg\"><img loading=\"lazy\" decoding=\"async\" class=\"alignnone size-full wp-image-13176\" src=\"https:\/\/www.sabine-seyffert.de\/blog\/wp-content\/uploads\/2018\/08\/Strandkrabbe-5.jpg\" alt=\"\" width=\"800\" height=\"600\" srcset=\"https:\/\/www.sabine-seyffert.de\/blog\/wp-content\/uploads\/2018\/08\/Strandkrabbe-5.jpg 800w, https:\/\/www.sabine-seyffert.de\/blog\/wp-content\/uploads\/2018\/08\/Strandkrabbe-5-300x225.jpg 300w, https:\/\/www.sabine-seyffert.de\/blog\/wp-content\/uploads\/2018\/08\/Strandkrabbe-5-768x576.jpg 768w\" sizes=\"auto, (max-width: 800px) 100vw, 800px\" \/><\/a><\/p>\n<p style=\"text-align: justify;\">Wer mag, bestreicht die Strandtiere noch d\u00fcnn mit pflanzlicher Sahne (oder Eigelb). Die Backzeit betr\u00e4gt rund 25 Minuten bei 170\u00b0 Grad.<\/p>\n<p style=\"text-align: center;\"><a href=\"https:\/\/www.sabine-seyffert.de\/blog\/wp-content\/uploads\/2018\/08\/Strandkrabbe-10.jpg\"><img loading=\"lazy\" decoding=\"async\" class=\"alignnone size-full wp-image-13177\" src=\"https:\/\/www.sabine-seyffert.de\/blog\/wp-content\/uploads\/2018\/08\/Strandkrabbe-10.jpg\" alt=\"\" width=\"800\" height=\"600\" srcset=\"https:\/\/www.sabine-seyffert.de\/blog\/wp-content\/uploads\/2018\/08\/Strandkrabbe-10.jpg 800w, https:\/\/www.sabine-seyffert.de\/blog\/wp-content\/uploads\/2018\/08\/Strandkrabbe-10-300x225.jpg 300w, https:\/\/www.sabine-seyffert.de\/blog\/wp-content\/uploads\/2018\/08\/Strandkrabbe-10-768x576.jpg 768w\" sizes=\"auto, (max-width: 800px) 100vw, 800px\" \/><\/a><\/p>\n<p style=\"text-align: justify;\"><strong><span style=\"color: #ff6600;\">Hinweis<\/span><\/strong>: Die oben angegebenen Zutaten Menge hat bei uns f\u00fcr genau 7 Krabben gereicht \ud83d\ude42<\/p>\n<p style=\"text-align: center;\"><a href=\"https:\/\/www.sabine-seyffert.de\/blog\/wp-content\/uploads\/2018\/08\/Strandkrabbe-1.jpg\"><img loading=\"lazy\" decoding=\"async\" class=\"alignnone size-full wp-image-13178\" src=\"https:\/\/www.sabine-seyffert.de\/blog\/wp-content\/uploads\/2018\/08\/Strandkrabbe-1.jpg\" alt=\"\" width=\"600\" height=\"800\" srcset=\"https:\/\/www.sabine-seyffert.de\/blog\/wp-content\/uploads\/2018\/08\/Strandkrabbe-1.jpg 600w, https:\/\/www.sabine-seyffert.de\/blog\/wp-content\/uploads\/2018\/08\/Strandkrabbe-1-225x300.jpg 225w\" sizes=\"auto, (max-width: 600px) 100vw, 600px\" \/><\/a><\/p>\n<p style=\"text-align: justify;\"><strong>Ein kleiner Tipp:<\/strong><br \/>\nF\u00fcr die kleinen Krabben kann man auch Pl\u00e4tzchenteig, M\u00fcrbe- oder Hefeteig nehmen und die F\u00fcllung Innen nach eigenem Geschmack ver\u00e4ndern. Gut schmeckt auch eine Nussf\u00fcllung, wie aus <a href=\"https:\/\/www.sabine-seyffert.de\/blog\/?p=8869\" target=\"_blank\" rel=\"noopener\">diesem Rezept<\/a>.<\/p>\n<p style=\"text-align: center;\"><a href=\"https:\/\/www.sabine-seyffert.de\/blog\/wp-content\/uploads\/2018\/08\/Strandkrabbe-3.jpg\"><img loading=\"lazy\" decoding=\"async\" class=\"alignnone size-full wp-image-13179\" src=\"https:\/\/www.sabine-seyffert.de\/blog\/wp-content\/uploads\/2018\/08\/Strandkrabbe-3.jpg\" alt=\"\" width=\"800\" height=\"600\" srcset=\"https:\/\/www.sabine-seyffert.de\/blog\/wp-content\/uploads\/2018\/08\/Strandkrabbe-3.jpg 800w, https:\/\/www.sabine-seyffert.de\/blog\/wp-content\/uploads\/2018\/08\/Strandkrabbe-3-300x225.jpg 300w, https:\/\/www.sabine-seyffert.de\/blog\/wp-content\/uploads\/2018\/08\/Strandkrabbe-3-768x576.jpg 768w\" sizes=\"auto, (max-width: 800px) 100vw, 800px\" \/><\/a><\/p>\n<p style=\"text-align: justify;\">Weitere s\u00fc\u00dfe Rezepte findet ihr \u00fcbrigens in <a href=\"https:\/\/www.sabine-seyffert.de\/blog\/?cat=31\" target=\"_blank\" rel=\"noopener\">dieser Blog Kategorie<\/a>, alles zum Thema Kindergeburtstag gibt es in <a href=\"https:\/\/www.sabine-seyffert.de\/blog\/?cat=21\" target=\"_blank\" rel=\"noopener\">diesem Ordner<\/a>, weitere Ideen zum &#8220;Unterwasserfest&#8221; an <a href=\"https:\/\/www.sabine-seyffert.de\/blog\/?cat=50\" target=\"_blank\" rel=\"noopener\">dieser Stelle<\/a> und andere kreative Sachen <a href=\"http:\/\/www.lunaju.de\/2018\/08\/kiddikram-august-2018-verlinkt-eure.html\" target=\"_blank\" rel=\"noopener nofollow\">da<\/a> und <a href=\"https:\/\/www.creadienstag.de\/2018\/08\/linkparty-345.html\" target=\"_blank\" rel=\"noopener nofollow\">dort<\/a>.<\/p>\n<p style=\"text-align: justify;\"><a href=\"https:\/\/www.sabine-seyffert.de\/blog\/?page_id=32#urheberrecht\">urheberrechtlich gesch\u00fctzt<\/a>, \u00a9 Sabine Seyffert<\/p>\n","protected":false},"excerpt":{"rendered":"<p>Sommerzeit und wir tr\u00e4umen von Urlaub am Meer. Doch sehr muss noch ein klitzekleines bisschen warten. Bis daher vers\u00fc\u00dfen wir und die Schulferien mit knusprig s\u00fc\u00dfen Strandkrabben, frisch gebacken und nat\u00fcrlich ganz vegetarisch versteht sich \ud83d\ude09 Diese s\u00fc\u00dfen Teilchen kommen mit recht wenigen Zutaten aus und sind der perfekte Nachmittagssnack. Damit tr\u00e4umen wir uns direkt&#8230; <a href=\"https:\/\/www.sabine-seyffert.de\/blog\/rezept-idee-backen-fuer-kinder-strandkrabben-knusprig-suess-kuchenhits-fuer-kids\/\" class=\"more-link\">Read more: Rezept Idee Backen f\u00fcr Kinder: Strandkrabben knusprig s\u00fc\u00df \u2013 Kuchenhits f\u00fcr Kids<\/a><\/p>\n","protected":false},"author":2,"featured_media":0,"comment_status":"open","ping_status":"open","sticky":false,"template":"","format":"standard","meta":{"_metis_text_type":"","_metis_text_length":2699,"_post_count":0,"footnotes":""},"categories":[21,31,24,50],"tags":[],"class_list":["post-13170","post","type-post","status-publish","format-standard","hentry","category-kinderfeste-partys","category-rezepte-suse-kuchen-co","category-sommer","category-unterwasserfest"],"_links":{"self":[{"href":"https:\/\/www.sabine-seyffert.de\/blog\/wp-json\/wp\/v2\/posts\/13170","targetHints":{"allow":["GET"]}}],"collection":[{"href":"https:\/\/www.sabine-seyffert.de\/blog\/wp-json\/wp\/v2\/posts"}],"about":[{"href":"https:\/\/www.sabine-seyffert.de\/blog\/wp-json\/wp\/v2\/types\/post"}],"author":[{"embeddable":true,"href":"https:\/\/www.sabine-seyffert.de\/blog\/wp-json\/wp\/v2\/users\/2"}],"replies":[{"embeddable":true,"href":"https:\/\/www.sabine-seyffert.de\/blog\/wp-json\/wp\/v2\/comments?post=13170"}],"version-history":[{"count":4,"href":"https:\/\/www.sabine-seyffert.de\/blog\/wp-json\/wp\/v2\/posts\/13170\/revisions"}],"predecessor-version":[{"id":13184,"href":"https:\/\/www.sabine-seyffert.de\/blog\/wp-json\/wp\/v2\/posts\/13170\/revisions\/13184"}],"wp:attachment":[{"href":"https:\/\/www.sabine-seyffert.de\/blog\/wp-json\/wp\/v2\/media?parent=13170"}],"wp:term":[{"taxonomy":"category","embeddable":true,"href":"https:\/\/www.sabine-seyffert.de\/blog\/wp-json\/wp\/v2\/categories?post=13170"},{"taxonomy":"post_tag","embeddable":true,"href":"https:\/\/www.sabine-seyffert.de\/blog\/wp-json\/wp\/v2\/tags?post=13170"}],"curies":[{"name":"wp","href":"https:\/\/api.w.org\/{rel}","templated":true}]}}