{"id":1315,"date":"2013-04-18T10:41:31","date_gmt":"2013-04-18T08:41:31","guid":{"rendered":"http:\/\/www.sabine-seyffert.de\/blog\/?p=1315"},"modified":"2017-03-06T18:02:50","modified_gmt":"2017-03-06T16:02:50","slug":"ich-habe-den-fruhling-getroffen","status":"publish","type":"post","link":"https:\/\/www.sabine-seyffert.de\/blog\/ich-habe-den-fruhling-getroffen\/","title":{"rendered":"Ich habe den Fr\u00fchling getroffen\u2026"},"content":{"rendered":"<p style=\"text-align: justify;\"><img loading=\"lazy\" decoding=\"async\" src=\"https:\/\/ssl-vg03.met.vgwort.de\/na\/bfeb90c739474064847bf31165186c23\" alt=\"\" width=\"1\" height=\"1\" \/>Was f\u00fcr ein herrlicher Morgen, ganz so wie ein Fr\u00fchlingsmorgen sein sollte: Der Himmel ist strahlend blau und die Sonne scheint &#8211; Allerdings erst jetzt, wo ich meinen morgendlichen Spaziergang mit meiner Freundin beendet habe. Ich freu mich trotzdem und kann verraten \u2013 ich habe den Fr\u00fchling getroffen. Die milden Temperaturen (oder war es der viele Regen in der letzten Zeit?) lassen hier den Fr\u00fchling regelrecht aus dem Boden sprie\u00dfen. So schnell wie die gr\u00fcnen Knospen an den Hecken zu saftig, zartgr\u00fcnen Bl\u00e4ttern werden und sich auch die Bl\u00fcten an den B\u00e4umen entfalten, kann man gar schauen. Alles da drau\u00dfen ist von einem Tag auf den anderen aus dem Winterschlaf erwacht und hat den Fr\u00fchling mitgebracht \u2013 endlich! Allein das Sonnenlicht tut einfach nur gut und schenkt neue Kraft.<\/p>\n<p style=\"text-align: center;\"><a href=\"http:\/\/www.sabine-seyffert.de\/blog\/wp-content\/uploads\/2013\/04\/Blume-im-Wald-wei\u00df.jpg\"><img loading=\"lazy\" decoding=\"async\" class=\"alignnone size-full wp-image-1316\" src=\"http:\/\/www.sabine-seyffert.de\/blog\/wp-content\/uploads\/2013\/04\/Blume-im-Wald-wei\u00df.jpg\" alt=\"Blume im Wald wei\u00df\" width=\"800\" height=\"600\" srcset=\"https:\/\/www.sabine-seyffert.de\/blog\/wp-content\/uploads\/2013\/04\/Blume-im-Wald-wei\u00df.jpg 800w, https:\/\/www.sabine-seyffert.de\/blog\/wp-content\/uploads\/2013\/04\/Blume-im-Wald-wei\u00df-300x225.jpg 300w\" sizes=\"auto, (max-width: 800px) 100vw, 800px\" \/><\/a><\/p>\n<p style=\"text-align: justify;\">Als <strong>klitzekleine Fr\u00fchlingsentspannung<\/strong> f\u00fcr Zwischendurch von mir heute die folgende Idee:<\/p>\n<p style=\"text-align: justify;\"><em>Sucht Euch drau\u00dfen an der frischen Luft ein gem\u00fctliches Pl\u00e4tzchen und macht es euch dort ganz bequem. Ob im Gartenstuhl, der Liege, einer H\u00e4ngematte, einer ausgebreiteten Decke oder einfach mitten in der Natur auf einer Bank oder einem liegenden Baumstamm spielt hierbei keine Rolle. Dann die Augen schlie\u00dfen und einfach einen Moment lang ganz intensiv den Fr\u00fchling in sich \u201esp\u00fcren\u201c: Die frische Fr\u00fchlingsluft, die man einatmet, die fr\u00fchlingshaften Sonnenstrahlen, die wohltuende W\u00e4rme schenken und unsere Seele streicheln, das zarte Zwitschern der V\u00f6gel. Vor dem inneren Auge den Fr\u00fchling lebendig werden lassen, nicht nur durch seinen Duft und die Ger\u00e4usche sondern auch mit all seinen Farben, den zarten Knospen, Bl\u00fcten, Bl\u00e4ttern und den blauen Himmel nicht zu vergessen.<\/em><\/p>\n<p style=\"text-align: center;\"><a href=\"http:\/\/www.sabine-seyffert.de\/blog\/wp-content\/uploads\/2013\/04\/Forsythie.jpg\"><img loading=\"lazy\" decoding=\"async\" class=\"alignnone size-full wp-image-1317\" src=\"http:\/\/www.sabine-seyffert.de\/blog\/wp-content\/uploads\/2013\/04\/Forsythie.jpg\" alt=\"Forsythie\" width=\"800\" height=\"600\" srcset=\"https:\/\/www.sabine-seyffert.de\/blog\/wp-content\/uploads\/2013\/04\/Forsythie.jpg 800w, https:\/\/www.sabine-seyffert.de\/blog\/wp-content\/uploads\/2013\/04\/Forsythie-300x225.jpg 300w\" sizes=\"auto, (max-width: 800px) 100vw, 800px\" \/><\/a><\/p>\n<p style=\"text-align: justify;\">So eine kurze Auszeit sollte sich jeder in seinem (Fr\u00fchlings)Alltag schaffen, denn diese sorgt f\u00fcr eine gesunde Portion Ruhe und Gelassenheit!<\/p>\n<p style=\"text-align: justify;\">Mehr Fr\u00fchlingsboten gibt es heute bei <a href=\"http:\/\/www.luziapimpinella.blogspot.de\/2013\/04\/foto-projekt-beauty-is-where-you-find_18.html\" target=\"_blank\">Luzia Pimpinella<\/a>!<br \/>\n<a href=\"http:\/\/www.sabine-seyffert.de\/blog\/?page_id=32#urheberrecht\">urherrechtlich gesch\u00fctzt<\/a>, \u00a9 Sabine Seyffert<\/p>\n","protected":false},"excerpt":{"rendered":"<p>Was f\u00fcr ein herrlicher Morgen, ganz so wie ein Fr\u00fchlingsmorgen sein sollte: Der Himmel ist strahlend blau und die Sonne scheint &#8211; Allerdings erst jetzt, wo ich meinen morgendlichen Spaziergang mit meiner Freundin beendet habe. Ich freu mich trotzdem und kann verraten \u2013 ich habe den Fr\u00fchling getroffen. Die milden Temperaturen (oder war es der&#8230; <a href=\"https:\/\/www.sabine-seyffert.de\/blog\/ich-habe-den-fruhling-getroffen\/\" class=\"more-link\">Read more: Ich habe den Fr\u00fchling getroffen\u2026<\/a><\/p>\n","protected":false},"author":2,"featured_media":0,"comment_status":"open","ping_status":"open","sticky":false,"template":"","format":"standard","meta":{"_metis_text_type":"","_metis_text_length":1899,"_post_count":0,"footnotes":""},"categories":[23],"tags":[],"class_list":["post-1315","post","type-post","status-publish","format-standard","hentry","category-fruhling"],"_links":{"self":[{"href":"https:\/\/www.sabine-seyffert.de\/blog\/wp-json\/wp\/v2\/posts\/1315","targetHints":{"allow":["GET"]}}],"collection":[{"href":"https:\/\/www.sabine-seyffert.de\/blog\/wp-json\/wp\/v2\/posts"}],"about":[{"href":"https:\/\/www.sabine-seyffert.de\/blog\/wp-json\/wp\/v2\/types\/post"}],"author":[{"embeddable":true,"href":"https:\/\/www.sabine-seyffert.de\/blog\/wp-json\/wp\/v2\/users\/2"}],"replies":[{"embeddable":true,"href":"https:\/\/www.sabine-seyffert.de\/blog\/wp-json\/wp\/v2\/comments?post=1315"}],"version-history":[{"count":13,"href":"https:\/\/www.sabine-seyffert.de\/blog\/wp-json\/wp\/v2\/posts\/1315\/revisions"}],"predecessor-version":[{"id":9874,"href":"https:\/\/www.sabine-seyffert.de\/blog\/wp-json\/wp\/v2\/posts\/1315\/revisions\/9874"}],"wp:attachment":[{"href":"https:\/\/www.sabine-seyffert.de\/blog\/wp-json\/wp\/v2\/media?parent=1315"}],"wp:term":[{"taxonomy":"category","embeddable":true,"href":"https:\/\/www.sabine-seyffert.de\/blog\/wp-json\/wp\/v2\/categories?post=1315"},{"taxonomy":"post_tag","embeddable":true,"href":"https:\/\/www.sabine-seyffert.de\/blog\/wp-json\/wp\/v2\/tags?post=1315"}],"curies":[{"name":"wp","href":"https:\/\/api.w.org\/{rel}","templated":true}]}}