{"id":13148,"date":"2018-08-14T07:13:43","date_gmt":"2018-08-14T05:13:43","guid":{"rendered":"https:\/\/www.sabine-seyffert.de\/blog\/?p=13148"},"modified":"2018-08-14T07:13:43","modified_gmt":"2018-08-14T05:13:43","slug":"diy-geschenke-zum-schulstart-pfiffig-verpackt-genaehter-buntstift-mit-bastelanleitung","status":"publish","type":"post","link":"https:\/\/www.sabine-seyffert.de\/blog\/diy-geschenke-zum-schulstart-pfiffig-verpackt-genaehter-buntstift-mit-bastelanleitung\/","title":{"rendered":"DIY Geschenke zum Schulstart pfiffig verpackt, gen\u00e4hter \u201eBuntstift\u201c mit Bastelanleitung!"},"content":{"rendered":"<p style=\"text-align: justify;\"><img loading=\"lazy\" decoding=\"async\" src=\"https:\/\/vg01.met.vgwort.de\/na\/e25f49a4ece44b14a0fb84f88ec86a7e\" alt=\"\" width=\"1\" height=\"1\" \/>So ein Start ins Schulleben ist immer wieder etwas ganz Besonders. Daher gab es f\u00fcr einen Schulneuling ein kleines Geschenk zum Anlass, f\u00fcr das ich mir eine stimmungsvolle Geschenkverpackung ausgedacht und entworfen habe. Diese ist recht schnell gemacht und viel Material ist f\u00fcr diese Bastelei auch nicht notwendig. Also ran an das Geschenkpapier und losgebastelt!<\/p>\n<p style=\"text-align: center;\"><a href=\"https:\/\/www.sabine-seyffert.de\/blog\/wp-content\/uploads\/2018\/08\/Buntstift-Verpackung-2.jpg\"><img loading=\"lazy\" decoding=\"async\" class=\"alignnone size-full wp-image-13149\" src=\"https:\/\/www.sabine-seyffert.de\/blog\/wp-content\/uploads\/2018\/08\/Buntstift-Verpackung-2.jpg\" alt=\"\" width=\"800\" height=\"600\" srcset=\"https:\/\/www.sabine-seyffert.de\/blog\/wp-content\/uploads\/2018\/08\/Buntstift-Verpackung-2.jpg 800w, https:\/\/www.sabine-seyffert.de\/blog\/wp-content\/uploads\/2018\/08\/Buntstift-Verpackung-2-300x225.jpg 300w, https:\/\/www.sabine-seyffert.de\/blog\/wp-content\/uploads\/2018\/08\/Buntstift-Verpackung-2-768x576.jpg 768w\" sizes=\"auto, (max-width: 800px) 100vw, 800px\" \/><\/a><\/p>\n<p style=\"text-align: justify;\"><strong>Das wird gebraucht:<\/strong><br \/>\nNaturbraunes Packpapier, gemustertes Geschenkpapier (in meinem Fall rot-wei\u00df gestreift), Kleber, ein Restst\u00fcck Tonpapier (farblich passend zum Geschenkpapier), eine Bastelschere, N\u00e4hgarn, eine N\u00e4hmaschine sowie das Geschenk, eine S\u00fc\u00dfigkeit oder kleine \u00dcberraschung als Inhalt<\/p>\n<p style=\"text-align: center;\"><a href=\"https:\/\/www.sabine-seyffert.de\/blog\/wp-content\/uploads\/2018\/08\/Buntstift-Verpackung-10.jpg\"><img loading=\"lazy\" decoding=\"async\" class=\"alignnone size-full wp-image-13150\" src=\"https:\/\/www.sabine-seyffert.de\/blog\/wp-content\/uploads\/2018\/08\/Buntstift-Verpackung-10.jpg\" alt=\"\" width=\"800\" height=\"600\" srcset=\"https:\/\/www.sabine-seyffert.de\/blog\/wp-content\/uploads\/2018\/08\/Buntstift-Verpackung-10.jpg 800w, https:\/\/www.sabine-seyffert.de\/blog\/wp-content\/uploads\/2018\/08\/Buntstift-Verpackung-10-300x225.jpg 300w, https:\/\/www.sabine-seyffert.de\/blog\/wp-content\/uploads\/2018\/08\/Buntstift-Verpackung-10-768x576.jpg 768w\" sizes=\"auto, (max-width: 800px) 100vw, 800px\" \/><\/a><\/p>\n<p style=\"text-align: justify;\"><strong>So wird\u2019s gemacht:<\/strong><br \/>\nZuerst habe ich mir eine Bastelschablone in Form eines Stiftes angefertigt. Mit dieser habe ich aus Packpapier zwei Stifth\u00e4lften mit Nahtzugabe ausgeschnitten. Die Stifth\u00e4lften legt man \u00fcbereinander und n\u00e4ht diese am Rand zusammen, so dass nur noch die untere, gerade H\u00e4lfte offen bleibt.<\/p>\n<p style=\"text-align: center;\"><a href=\"https:\/\/www.sabine-seyffert.de\/blog\/wp-content\/uploads\/2018\/08\/Buntstift-Verpackung-8.jpg\"><img loading=\"lazy\" decoding=\"async\" class=\"alignnone size-full wp-image-13152\" src=\"https:\/\/www.sabine-seyffert.de\/blog\/wp-content\/uploads\/2018\/08\/Buntstift-Verpackung-8.jpg\" alt=\"\" width=\"800\" height=\"600\" srcset=\"https:\/\/www.sabine-seyffert.de\/blog\/wp-content\/uploads\/2018\/08\/Buntstift-Verpackung-8.jpg 800w, https:\/\/www.sabine-seyffert.de\/blog\/wp-content\/uploads\/2018\/08\/Buntstift-Verpackung-8-300x225.jpg 300w, https:\/\/www.sabine-seyffert.de\/blog\/wp-content\/uploads\/2018\/08\/Buntstift-Verpackung-8-768x576.jpg 768w\" sizes=\"auto, (max-width: 800px) 100vw, 800px\" \/><\/a><\/p>\n<p style=\"text-align: justify;\">Auf gemustertem Geschenkpapier habe ich zwei weitere Stifte ausgeschnitten, jedoch ohne \u201eSpitze\u201c und die oberen R\u00e4nder wellenf\u00f6rmig zugeschnitten. Diese klebt man nun so auf den gen\u00e4hten Packpapierstift, dass nur das Dreieck oben frei bleibt.<\/p>\n<p style=\"text-align: center;\"><a href=\"https:\/\/www.sabine-seyffert.de\/blog\/wp-content\/uploads\/2018\/08\/Buntstift-Verpackung-7.jpg\"><img loading=\"lazy\" decoding=\"async\" class=\"alignnone size-full wp-image-13153\" src=\"https:\/\/www.sabine-seyffert.de\/blog\/wp-content\/uploads\/2018\/08\/Buntstift-Verpackung-7.jpg\" alt=\"\" width=\"800\" height=\"600\" srcset=\"https:\/\/www.sabine-seyffert.de\/blog\/wp-content\/uploads\/2018\/08\/Buntstift-Verpackung-7.jpg 800w, https:\/\/www.sabine-seyffert.de\/blog\/wp-content\/uploads\/2018\/08\/Buntstift-Verpackung-7-300x225.jpg 300w, https:\/\/www.sabine-seyffert.de\/blog\/wp-content\/uploads\/2018\/08\/Buntstift-Verpackung-7-768x576.jpg 768w\" sizes=\"auto, (max-width: 800px) 100vw, 800px\" \/><\/a><\/p>\n<p style=\"text-align: justify;\">F\u00fcr die Buntstift-Spitze habe ich ein Rest rotes Tonpapier genommen, mittig geknickt und eine abgerundete Spitze ausgeschnitten. Die befestigt man mit etwas Kleber \u00fcber der bereits vern\u00e4hten Stiftspitze. \u00dcberstehende R\u00e4nder kann man bei Bedarf noch mit der Schere k\u00fcrzen.<\/p>\n<p style=\"text-align: center;\"><a href=\"https:\/\/www.sabine-seyffert.de\/blog\/wp-content\/uploads\/2018\/08\/Buntstift-Verpackung-6.jpg\"><img loading=\"lazy\" decoding=\"async\" class=\"alignnone size-full wp-image-13154\" src=\"https:\/\/www.sabine-seyffert.de\/blog\/wp-content\/uploads\/2018\/08\/Buntstift-Verpackung-6.jpg\" alt=\"\" width=\"800\" height=\"600\" srcset=\"https:\/\/www.sabine-seyffert.de\/blog\/wp-content\/uploads\/2018\/08\/Buntstift-Verpackung-6.jpg 800w, https:\/\/www.sabine-seyffert.de\/blog\/wp-content\/uploads\/2018\/08\/Buntstift-Verpackung-6-300x225.jpg 300w, https:\/\/www.sabine-seyffert.de\/blog\/wp-content\/uploads\/2018\/08\/Buntstift-Verpackung-6-768x576.jpg 768w\" sizes=\"auto, (max-width: 800px) 100vw, 800px\" \/><\/a><\/p>\n<p style=\"text-align: justify;\">Jetzt bef\u00fcllt man den Papierstift mit einer kleinen \u00dcberraschung, schiebt diese m\u00f6glich weit in Richtung Spitze und n\u00e4ht den unteren, noch offenen Rand, zusammen.<\/p>\n<p style=\"text-align: center;\"><a href=\"https:\/\/www.sabine-seyffert.de\/blog\/wp-content\/uploads\/2018\/08\/Buntstift-Verpackung-4.jpg\"><img loading=\"lazy\" decoding=\"async\" class=\"alignnone size-full wp-image-13155\" src=\"https:\/\/www.sabine-seyffert.de\/blog\/wp-content\/uploads\/2018\/08\/Buntstift-Verpackung-4.jpg\" alt=\"\" width=\"800\" height=\"600\" srcset=\"https:\/\/www.sabine-seyffert.de\/blog\/wp-content\/uploads\/2018\/08\/Buntstift-Verpackung-4.jpg 800w, https:\/\/www.sabine-seyffert.de\/blog\/wp-content\/uploads\/2018\/08\/Buntstift-Verpackung-4-300x225.jpg 300w, https:\/\/www.sabine-seyffert.de\/blog\/wp-content\/uploads\/2018\/08\/Buntstift-Verpackung-4-768x576.jpg 768w\" sizes=\"auto, (max-width: 800px) 100vw, 800px\" \/><\/a><\/p>\n<p style=\"text-align: justify;\"><strong>Ein kleiner Tipp<\/strong>: Um dieser lustigen Verpackungsidee noch etwas mehr \u201ePfiff\u201c zu verleihen und dem Anlass entsprechend zu beschriften, habe ich mit am PC auf Tonkarton noch \u201eAlles Gute zum Schulstart\u201c ausgedruckt. Diesen Schriftzug habe ich als Wimpel zugeschnitten und an der unteren Naht einfach mit vern\u00e4ht \ud83d\ude42<\/p>\n<p style=\"text-align: center;\"><a href=\"https:\/\/www.sabine-seyffert.de\/blog\/wp-content\/uploads\/2018\/08\/Buntstift-Verpackung-3.jpg\"><img loading=\"lazy\" decoding=\"async\" class=\"alignnone size-full wp-image-13156\" src=\"https:\/\/www.sabine-seyffert.de\/blog\/wp-content\/uploads\/2018\/08\/Buntstift-Verpackung-3.jpg\" alt=\"\" width=\"800\" height=\"600\" srcset=\"https:\/\/www.sabine-seyffert.de\/blog\/wp-content\/uploads\/2018\/08\/Buntstift-Verpackung-3.jpg 800w, https:\/\/www.sabine-seyffert.de\/blog\/wp-content\/uploads\/2018\/08\/Buntstift-Verpackung-3-300x225.jpg 300w, https:\/\/www.sabine-seyffert.de\/blog\/wp-content\/uploads\/2018\/08\/Buntstift-Verpackung-3-768x576.jpg 768w\" sizes=\"auto, (max-width: 800px) 100vw, 800px\" \/><\/a><\/p>\n<p style=\"text-align: justify;\">Weitere tolle Ideen rund um die Einschulung findet ihr in <a href=\"https:\/\/www.sabine-seyffert.de\/blog\/?cat=40\" target=\"_blank\" rel=\"noopener\">dieser Rubrik<\/a>, ausgefallene und selbst gemachte Geschenkverpackungen <a href=\"https:\/\/www.sabine-seyffert.de\/blog\/?cat=49\" target=\"_blank\" rel=\"noopener\">dort<\/a>, klitzekleine Geschenkideen an <a href=\"https:\/\/www.sabine-seyffert.de\/blog\/?cat=36\" target=\"_blank\" rel=\"noopener\">dieser Stelle<\/a> und andere kreative Sachen <a href=\"http:\/\/www.lunaju.de\/2018\/08\/kiddikram-august-2018-verlinkt-eure.html\" target=\"_blank\" rel=\"noopener nofollow\">da<\/a> und <a href=\"https:\/\/www.creadienstag.de\/2018\/08\/linkparty-344.html\" target=\"_blank\" rel=\"noopener nofollow\">dort<\/a>.<\/p>\n<p style=\"text-align: center;\"><a href=\"https:\/\/www.sabine-seyffert.de\/blog\/wp-content\/uploads\/2018\/08\/Buntstift-Verpackung-1.jpg\"><img loading=\"lazy\" decoding=\"async\" class=\"alignnone size-full wp-image-13151\" src=\"https:\/\/www.sabine-seyffert.de\/blog\/wp-content\/uploads\/2018\/08\/Buntstift-Verpackung-1.jpg\" alt=\"\" width=\"800\" height=\"600\" srcset=\"https:\/\/www.sabine-seyffert.de\/blog\/wp-content\/uploads\/2018\/08\/Buntstift-Verpackung-1.jpg 800w, https:\/\/www.sabine-seyffert.de\/blog\/wp-content\/uploads\/2018\/08\/Buntstift-Verpackung-1-300x225.jpg 300w, https:\/\/www.sabine-seyffert.de\/blog\/wp-content\/uploads\/2018\/08\/Buntstift-Verpackung-1-768x576.jpg 768w\" sizes=\"auto, (max-width: 800px) 100vw, 800px\" \/><\/a><\/p>\n<p style=\"text-align: justify;\"><a href=\"https:\/\/www.sabine-seyffert.de\/blog\/?page_id=32#urheberrecht\">urheberrechtlich gesch\u00fctzt<\/a>, \u00a9 Sabine Seyffert<\/p>\n","protected":false},"excerpt":{"rendered":"<p>So ein Start ins Schulleben ist immer wieder etwas ganz Besonders. Daher gab es f\u00fcr einen Schulneuling ein kleines Geschenk zum Anlass, f\u00fcr das ich mir eine stimmungsvolle Geschenkverpackung ausgedacht und entworfen habe. Diese ist recht schnell gemacht und viel Material ist f\u00fcr diese Bastelei auch nicht notwendig. Also ran an das Geschenkpapier und losgebastelt!&#8230; <a href=\"https:\/\/www.sabine-seyffert.de\/blog\/diy-geschenke-zum-schulstart-pfiffig-verpackt-genaehter-buntstift-mit-bastelanleitung\/\" class=\"more-link\">Read more: DIY Geschenke zum Schulstart pfiffig verpackt, gen\u00e4hter \u201eBuntstift\u201c mit Bastelanleitung!<\/a><\/p>\n","protected":false},"author":2,"featured_media":0,"comment_status":"open","ping_status":"open","sticky":false,"template":"","format":"standard","meta":{"_metis_text_type":"","_metis_text_length":2221,"_post_count":0,"footnotes":""},"categories":[49,33,40],"tags":[],"class_list":["post-13148","post","type-post","status-publish","format-standard","hentry","category-verpackungsideen","category-kreative-naherein","category-schulstart"],"_links":{"self":[{"href":"https:\/\/www.sabine-seyffert.de\/blog\/wp-json\/wp\/v2\/posts\/13148","targetHints":{"allow":["GET"]}}],"collection":[{"href":"https:\/\/www.sabine-seyffert.de\/blog\/wp-json\/wp\/v2\/posts"}],"about":[{"href":"https:\/\/www.sabine-seyffert.de\/blog\/wp-json\/wp\/v2\/types\/post"}],"author":[{"embeddable":true,"href":"https:\/\/www.sabine-seyffert.de\/blog\/wp-json\/wp\/v2\/users\/2"}],"replies":[{"embeddable":true,"href":"https:\/\/www.sabine-seyffert.de\/blog\/wp-json\/wp\/v2\/comments?post=13148"}],"version-history":[{"count":1,"href":"https:\/\/www.sabine-seyffert.de\/blog\/wp-json\/wp\/v2\/posts\/13148\/revisions"}],"predecessor-version":[{"id":13157,"href":"https:\/\/www.sabine-seyffert.de\/blog\/wp-json\/wp\/v2\/posts\/13148\/revisions\/13157"}],"wp:attachment":[{"href":"https:\/\/www.sabine-seyffert.de\/blog\/wp-json\/wp\/v2\/media?parent=13148"}],"wp:term":[{"taxonomy":"category","embeddable":true,"href":"https:\/\/www.sabine-seyffert.de\/blog\/wp-json\/wp\/v2\/categories?post=13148"},{"taxonomy":"post_tag","embeddable":true,"href":"https:\/\/www.sabine-seyffert.de\/blog\/wp-json\/wp\/v2\/tags?post=13148"}],"curies":[{"name":"wp","href":"https:\/\/api.w.org\/{rel}","templated":true}]}}