{"id":13113,"date":"2018-08-03T10:39:14","date_gmt":"2018-08-03T08:39:14","guid":{"rendered":"https:\/\/www.sabine-seyffert.de\/blog\/?p=13113"},"modified":"2018-08-03T10:39:14","modified_gmt":"2018-08-03T08:39:14","slug":"kochen-mit-kindern-beeren-power-selbst-gemachter-himbeer-quark","status":"publish","type":"post","link":"https:\/\/www.sabine-seyffert.de\/blog\/kochen-mit-kindern-beeren-power-selbst-gemachter-himbeer-quark\/","title":{"rendered":"Kochen mit Kindern: Beeren Power  &#8211; selbst gemachter Himbeer-Quark"},"content":{"rendered":"<p style=\"text-align: justify;\"><img loading=\"lazy\" decoding=\"async\" src=\"https:\/\/vg01.met.vgwort.de\/na\/e0ad30f338564707891ed10a1ae98557\" alt=\"\" width=\"1\" height=\"1\" \/>Die Sommerferien sind in vollem Gange und die Sonne verw\u00f6hnt uns derzeit mit wirklich au\u00dfergew\u00f6hnlichen Temperaturen. Da braucht man t\u00e4glich die eine oder andere Erfrischung. Wie w\u00e4re es mit einem erfrischenden Obstquark zur St\u00e4rkung. Der ist nicht nur schnell gemacht, sondern so einfach, dass Kinder ihn fast ohne Hilfe selber zubereiten k\u00f6nnen. Also eine prima Besch\u00e4ftigungsidee f\u00fcr die Ferienzeit!<\/p>\n<p style=\"text-align: center;\"><a href=\"https:\/\/www.sabine-seyffert.de\/blog\/wp-content\/uploads\/2018\/08\/Himbeerquark-kinderleicht-1.jpg\"><img loading=\"lazy\" decoding=\"async\" class=\"alignnone size-full wp-image-13114\" src=\"https:\/\/www.sabine-seyffert.de\/blog\/wp-content\/uploads\/2018\/08\/Himbeerquark-kinderleicht-1.jpg\" alt=\"\" width=\"800\" height=\"600\" srcset=\"https:\/\/www.sabine-seyffert.de\/blog\/wp-content\/uploads\/2018\/08\/Himbeerquark-kinderleicht-1.jpg 800w, https:\/\/www.sabine-seyffert.de\/blog\/wp-content\/uploads\/2018\/08\/Himbeerquark-kinderleicht-1-300x225.jpg 300w, https:\/\/www.sabine-seyffert.de\/blog\/wp-content\/uploads\/2018\/08\/Himbeerquark-kinderleicht-1-768x576.jpg 768w\" sizes=\"auto, (max-width: 800px) 100vw, 800px\" \/><\/a><\/p>\n<p style=\"text-align: justify;\">Da die Beerenzeit bereits begonnen hat, bieten sich diese als Zutat prima an. Denn man kann die s\u00fc\u00dfen Fr\u00fcchtchen nicht nur pur genie\u00dfen, als gesunden Obstsnack zwischendurch, auf einem Spaziergang sammeln, leckere Marmelade daraus kochen sondern auch k\u00f6stliche Erfrischungsgetr\u00e4nke wie Limo, Eis Tee, Smoothie etc. daraus machen.<br \/>\nWir haben die roten Fr\u00fcchte f\u00fcr eine Quarkspeise verwendet, die perfekt zu hei\u00dfen Sommerferientagen passt, wenn niemand Lust hat lange in der K\u00fcche zu stehen!<\/p>\n<p style=\"text-align: center;\"><a href=\"https:\/\/www.sabine-seyffert.de\/blog\/wp-content\/uploads\/2018\/08\/Himbeerquark-kinderleicht-7.jpg\"><img loading=\"lazy\" decoding=\"async\" class=\"alignnone size-full wp-image-13115\" src=\"https:\/\/www.sabine-seyffert.de\/blog\/wp-content\/uploads\/2018\/08\/Himbeerquark-kinderleicht-7.jpg\" alt=\"\" width=\"800\" height=\"600\" srcset=\"https:\/\/www.sabine-seyffert.de\/blog\/wp-content\/uploads\/2018\/08\/Himbeerquark-kinderleicht-7.jpg 800w, https:\/\/www.sabine-seyffert.de\/blog\/wp-content\/uploads\/2018\/08\/Himbeerquark-kinderleicht-7-300x225.jpg 300w, https:\/\/www.sabine-seyffert.de\/blog\/wp-content\/uploads\/2018\/08\/Himbeerquark-kinderleicht-7-768x576.jpg 768w\" sizes=\"auto, (max-width: 800px) 100vw, 800px\" \/><\/a><\/p>\n<p style=\"text-align: justify;\"><strong>Das wird gebraucht:<\/strong><br \/>\n500 g Magerquark, 1 Becher s\u00fc\u00dfe Sahne, 100 g Zucker, 1 kleiner Becher unges\u00fc\u00dften Naturjoghurt (150 g), rund 300 g Himbeeren<\/p>\n<p style=\"text-align: center;\"><a href=\"https:\/\/www.sabine-seyffert.de\/blog\/wp-content\/uploads\/2018\/08\/Himbeerquark-kinderleicht-6.jpg\"><img loading=\"lazy\" decoding=\"async\" class=\"alignnone size-full wp-image-13116\" src=\"https:\/\/www.sabine-seyffert.de\/blog\/wp-content\/uploads\/2018\/08\/Himbeerquark-kinderleicht-6.jpg\" alt=\"\" width=\"800\" height=\"600\" srcset=\"https:\/\/www.sabine-seyffert.de\/blog\/wp-content\/uploads\/2018\/08\/Himbeerquark-kinderleicht-6.jpg 800w, https:\/\/www.sabine-seyffert.de\/blog\/wp-content\/uploads\/2018\/08\/Himbeerquark-kinderleicht-6-300x225.jpg 300w, https:\/\/www.sabine-seyffert.de\/blog\/wp-content\/uploads\/2018\/08\/Himbeerquark-kinderleicht-6-768x576.jpg 768w\" sizes=\"auto, (max-width: 800px) 100vw, 800px\" \/><\/a><\/p>\n<p style=\"text-align: justify;\"><strong>So wird\u2019s gemacht:<\/strong><br \/>\nZuerst schl\u00e4gt man den Becher mit Schlagsahne mit dem Mixer auf, bis diese fest ist. Anschlie\u00dfend f\u00fcllt man die steif geschlagene Sahne, den Quark, Zucker, Naturjoghurt und auch die Himbeeren in eine gro\u00dfe Sch\u00fcssel und r\u00fchrt die Zutaten mit einem Schneebesen (oder dem Mixer) gleichm\u00e4\u00dfig durch.<\/p>\n<p style=\"text-align: center;\"><a href=\"https:\/\/www.sabine-seyffert.de\/blog\/wp-content\/uploads\/2018\/08\/Himbeerquark-kinderleicht-9.jpg\"><img loading=\"lazy\" decoding=\"async\" class=\"alignnone size-full wp-image-13117\" src=\"https:\/\/www.sabine-seyffert.de\/blog\/wp-content\/uploads\/2018\/08\/Himbeerquark-kinderleicht-9.jpg\" alt=\"\" width=\"600\" height=\"800\" srcset=\"https:\/\/www.sabine-seyffert.de\/blog\/wp-content\/uploads\/2018\/08\/Himbeerquark-kinderleicht-9.jpg 600w, https:\/\/www.sabine-seyffert.de\/blog\/wp-content\/uploads\/2018\/08\/Himbeerquark-kinderleicht-9-225x300.jpg 225w\" sizes=\"auto, (max-width: 600px) 100vw, 600px\" \/><\/a><\/p>\n<p style=\"text-align: justify;\">Dann schmeckt man die Quarkspeise ab. Wenn man diese cremiger haben m\u00f6chte, mischt einfach noch ein bisschen Milch unter den Quark.<\/p>\n<p style=\"text-align: center;\"><a href=\"https:\/\/www.sabine-seyffert.de\/blog\/wp-content\/uploads\/2018\/08\/Himbeerquark-kinderleicht-5.jpg\"><img loading=\"lazy\" decoding=\"async\" class=\"alignnone size-full wp-image-13118\" src=\"https:\/\/www.sabine-seyffert.de\/blog\/wp-content\/uploads\/2018\/08\/Himbeerquark-kinderleicht-5.jpg\" alt=\"\" width=\"800\" height=\"600\" srcset=\"https:\/\/www.sabine-seyffert.de\/blog\/wp-content\/uploads\/2018\/08\/Himbeerquark-kinderleicht-5.jpg 800w, https:\/\/www.sabine-seyffert.de\/blog\/wp-content\/uploads\/2018\/08\/Himbeerquark-kinderleicht-5-300x225.jpg 300w, https:\/\/www.sabine-seyffert.de\/blog\/wp-content\/uploads\/2018\/08\/Himbeerquark-kinderleicht-5-768x576.jpg 768w\" sizes=\"auto, (max-width: 800px) 100vw, 800px\" \/><\/a><\/p>\n<p style=\"text-align: justify;\">Danach f\u00fcllt man den beerigen Nachtisch in kleine Gl\u00e4ser und kann diese mit der restlichen Sahne und \u00fcbrig gebliebenen Himbeeren sch\u00f6n garnieren.<\/p>\n<p style=\"text-align: center;\"><a href=\"https:\/\/www.sabine-seyffert.de\/blog\/wp-content\/uploads\/2018\/08\/Himbeerquark-kinderleicht-4.jpg\"><img loading=\"lazy\" decoding=\"async\" class=\"alignnone size-full wp-image-13119\" src=\"https:\/\/www.sabine-seyffert.de\/blog\/wp-content\/uploads\/2018\/08\/Himbeerquark-kinderleicht-4.jpg\" alt=\"\" width=\"800\" height=\"600\" srcset=\"https:\/\/www.sabine-seyffert.de\/blog\/wp-content\/uploads\/2018\/08\/Himbeerquark-kinderleicht-4.jpg 800w, https:\/\/www.sabine-seyffert.de\/blog\/wp-content\/uploads\/2018\/08\/Himbeerquark-kinderleicht-4-300x225.jpg 300w, https:\/\/www.sabine-seyffert.de\/blog\/wp-content\/uploads\/2018\/08\/Himbeerquark-kinderleicht-4-768x576.jpg 768w\" sizes=\"auto, (max-width: 800px) 100vw, 800px\" \/><\/a><\/p>\n<p style=\"text-align: justify;\"><strong>Ein kleiner Tipp:<\/strong><br \/>\nMan kann die Beerensorte nat\u00fcrlich auch gegen eine andere Sorte wie beispielsweise Heidelbeeren, Erdbeeren, Brombeeren o.\u00e4. austauschen, wenn man diese lieber mag.<\/p>\n<p style=\"text-align: center;\"><a href=\"https:\/\/www.sabine-seyffert.de\/blog\/wp-content\/uploads\/2018\/08\/Himbeerquark-kinderleicht-2.jpg\"><img loading=\"lazy\" decoding=\"async\" class=\"alignnone size-full wp-image-13120\" src=\"https:\/\/www.sabine-seyffert.de\/blog\/wp-content\/uploads\/2018\/08\/Himbeerquark-kinderleicht-2.jpg\" alt=\"\" width=\"800\" height=\"600\" srcset=\"https:\/\/www.sabine-seyffert.de\/blog\/wp-content\/uploads\/2018\/08\/Himbeerquark-kinderleicht-2.jpg 800w, https:\/\/www.sabine-seyffert.de\/blog\/wp-content\/uploads\/2018\/08\/Himbeerquark-kinderleicht-2-300x225.jpg 300w, https:\/\/www.sabine-seyffert.de\/blog\/wp-content\/uploads\/2018\/08\/Himbeerquark-kinderleicht-2-768x576.jpg 768w\" sizes=\"auto, (max-width: 800px) 100vw, 800px\" \/><\/a><\/p>\n<p style=\"text-align: justify;\">Weitere s\u00fc\u00dfe Rezeptideen f\u00fcr kleine Leckerm\u00e4uler findet ihr \u00fcbrigens in <a href=\"https:\/\/www.sabine-seyffert.de\/blog\/?cat=31\" target=\"_blank\" rel=\"noopener\">dieser Rubrik<\/a>, alle herzhaften, vegetarischen Rezepte gibt es in <a href=\"https:\/\/www.sabine-seyffert.de\/blog\/?cat=30\" target=\"_blank\" rel=\"noopener\">diesem Ordner<\/a>, alle veganen Rezepte zum Nachkochen <a href=\"https:\/\/www.sabine-seyffert.de\/blog\/?cat=44\" target=\"_blank\" rel=\"noopener\">hier<\/a> und alles rund um den Sommer an <a href=\"https:\/\/www.sabine-seyffert.de\/blog\/?cat=24\" target=\"_blank\" rel=\"noopener\">dieser Stelle<\/a>.<\/p>\n<p style=\"text-align: center;\"><a href=\"https:\/\/www.sabine-seyffert.de\/blog\/wp-content\/uploads\/2018\/08\/Himbeerquark-kinderleicht-10.jpg\"><img loading=\"lazy\" decoding=\"async\" class=\"alignnone size-full wp-image-13121\" src=\"https:\/\/www.sabine-seyffert.de\/blog\/wp-content\/uploads\/2018\/08\/Himbeerquark-kinderleicht-10.jpg\" alt=\"\" width=\"600\" height=\"800\" srcset=\"https:\/\/www.sabine-seyffert.de\/blog\/wp-content\/uploads\/2018\/08\/Himbeerquark-kinderleicht-10.jpg 600w, https:\/\/www.sabine-seyffert.de\/blog\/wp-content\/uploads\/2018\/08\/Himbeerquark-kinderleicht-10-225x300.jpg 225w\" sizes=\"auto, (max-width: 600px) 100vw, 600px\" \/><\/a><\/p>\n<p style=\"text-align: justify;\"><a href=\"https:\/\/www.sabine-seyffert.de\/blog\/?page_id=32#urheberrecht\">urheberrechtlich gesch\u00fctzt<\/a>, \u00a9 Sabine Seyffert<\/p>\n","protected":false},"excerpt":{"rendered":"<p>Die Sommerferien sind in vollem Gange und die Sonne verw\u00f6hnt uns derzeit mit wirklich au\u00dfergew\u00f6hnlichen Temperaturen. Da braucht man t\u00e4glich die eine oder andere Erfrischung. Wie w\u00e4re es mit einem erfrischenden Obstquark zur St\u00e4rkung. Der ist nicht nur schnell gemacht, sondern so einfach, dass Kinder ihn fast ohne Hilfe selber zubereiten k\u00f6nnen. Also eine prima&#8230; <a href=\"https:\/\/www.sabine-seyffert.de\/blog\/kochen-mit-kindern-beeren-power-selbst-gemachter-himbeer-quark\/\" class=\"more-link\">Read more: Kochen mit Kindern: Beeren Power  &#8211; selbst gemachter Himbeer-Quark<\/a><\/p>\n","protected":false},"author":2,"featured_media":0,"comment_status":"open","ping_status":"open","sticky":false,"template":"","format":"standard","meta":{"_metis_text_type":"","_metis_text_length":2095,"_post_count":0,"footnotes":""},"categories":[31,24],"tags":[],"class_list":["post-13113","post","type-post","status-publish","format-standard","hentry","category-rezepte-suse-kuchen-co","category-sommer"],"_links":{"self":[{"href":"https:\/\/www.sabine-seyffert.de\/blog\/wp-json\/wp\/v2\/posts\/13113","targetHints":{"allow":["GET"]}}],"collection":[{"href":"https:\/\/www.sabine-seyffert.de\/blog\/wp-json\/wp\/v2\/posts"}],"about":[{"href":"https:\/\/www.sabine-seyffert.de\/blog\/wp-json\/wp\/v2\/types\/post"}],"author":[{"embeddable":true,"href":"https:\/\/www.sabine-seyffert.de\/blog\/wp-json\/wp\/v2\/users\/2"}],"replies":[{"embeddable":true,"href":"https:\/\/www.sabine-seyffert.de\/blog\/wp-json\/wp\/v2\/comments?post=13113"}],"version-history":[{"count":2,"href":"https:\/\/www.sabine-seyffert.de\/blog\/wp-json\/wp\/v2\/posts\/13113\/revisions"}],"predecessor-version":[{"id":13123,"href":"https:\/\/www.sabine-seyffert.de\/blog\/wp-json\/wp\/v2\/posts\/13113\/revisions\/13123"}],"wp:attachment":[{"href":"https:\/\/www.sabine-seyffert.de\/blog\/wp-json\/wp\/v2\/media?parent=13113"}],"wp:term":[{"taxonomy":"category","embeddable":true,"href":"https:\/\/www.sabine-seyffert.de\/blog\/wp-json\/wp\/v2\/categories?post=13113"},{"taxonomy":"post_tag","embeddable":true,"href":"https:\/\/www.sabine-seyffert.de\/blog\/wp-json\/wp\/v2\/tags?post=13113"}],"curies":[{"name":"wp","href":"https:\/\/api.w.org\/{rel}","templated":true}]}}