{"id":13060,"date":"2018-07-20T17:29:52","date_gmt":"2018-07-20T15:29:52","guid":{"rendered":"https:\/\/www.sabine-seyffert.de\/blog\/?p=13060"},"modified":"2018-07-20T17:29:52","modified_gmt":"2018-07-20T15:29:52","slug":"ausflugstipp-fuer-familien-im-rheinland-ausflug-zur-burg-drachenfels-im-siebengebirge","status":"publish","type":"post","link":"https:\/\/www.sabine-seyffert.de\/blog\/ausflugstipp-fuer-familien-im-rheinland-ausflug-zur-burg-drachenfels-im-siebengebirge\/","title":{"rendered":"Ausflugstipp f\u00fcr Familien im Rheinland: Ausflug zur Burg Drachenfels im Siebengebirge"},"content":{"rendered":"<p style=\"text-align: justify;\"><img loading=\"lazy\" decoding=\"async\" src=\"https:\/\/vg01.met.vgwort.de\/na\/a10bfb8556f3412ea88e4efab8638ebf\" alt=\"\" width=\"1\" height=\"1\" \/>Am Wochenende unternehmen wir immer gerne Ausfl\u00fcge. Dieses Mal f\u00fchrte uns der Weg ins Rheinland. Besser gesagt nach K\u00f6nigswinter. Von dort aus wollten wir zum <a href=\"https:\/\/de.wikipedia.org\/wiki\/Drachenfels_(Siebengebirge)\" target=\"_blank\" rel=\"noopener\">Drachenfels<\/a> hinauf wandern.<\/p>\n<p style=\"text-align: center;\"><a href=\"https:\/\/www.sabine-seyffert.de\/blog\/wp-content\/uploads\/2018\/07\/Ausflug-Drachenfels-5.jpg\"><img loading=\"lazy\" decoding=\"async\" class=\"alignnone size-full wp-image-13061\" src=\"https:\/\/www.sabine-seyffert.de\/blog\/wp-content\/uploads\/2018\/07\/Ausflug-Drachenfels-5.jpg\" alt=\"\" width=\"766\" height=\"600\" srcset=\"https:\/\/www.sabine-seyffert.de\/blog\/wp-content\/uploads\/2018\/07\/Ausflug-Drachenfels-5.jpg 766w, https:\/\/www.sabine-seyffert.de\/blog\/wp-content\/uploads\/2018\/07\/Ausflug-Drachenfels-5-300x235.jpg 300w\" sizes=\"auto, (max-width: 766px) 100vw, 766px\" \/><\/a><\/p>\n<p style=\"text-align: justify;\">Am Fu\u00df des Berges findet man den Bahnhof der <a href=\"https:\/\/de.wikipedia.org\/wiki\/Drachenfelsbahn\" target=\"_blank\" rel=\"noopener\">Drachenfelsbahn<\/a>. Dies ist eine der \u00e4ltesten Zahnradbahnen, die noch in Betrieb sind. Ein St\u00fcck dar\u00fcber findet man in der Hauptsaison allerhand Esel. Auf diesen k\u00f6nnen Kinder, gegen eine Geb\u00fchr, m\u00fchelos den steilen Weg auf den Berg erklimmen. Allerdings sind wir zum einen zu fr\u00fch unterwegs und unsere Kinder f\u00fcr die Esel mittlerweile auch schon zu gro\u00df \ud83d\ude09<\/p>\n<p style=\"text-align: center;\"><a href=\"https:\/\/www.sabine-seyffert.de\/blog\/wp-content\/uploads\/2018\/07\/Ausflug-Drachenfels-3.jpg\"><img loading=\"lazy\" decoding=\"async\" class=\"alignnone size-full wp-image-13062\" src=\"https:\/\/www.sabine-seyffert.de\/blog\/wp-content\/uploads\/2018\/07\/Ausflug-Drachenfels-3.jpg\" alt=\"\" width=\"800\" height=\"600\" srcset=\"https:\/\/www.sabine-seyffert.de\/blog\/wp-content\/uploads\/2018\/07\/Ausflug-Drachenfels-3.jpg 800w, https:\/\/www.sabine-seyffert.de\/blog\/wp-content\/uploads\/2018\/07\/Ausflug-Drachenfels-3-300x225.jpg 300w, https:\/\/www.sabine-seyffert.de\/blog\/wp-content\/uploads\/2018\/07\/Ausflug-Drachenfels-3-768x576.jpg 768w\" sizes=\"auto, (max-width: 800px) 100vw, 800px\" \/><\/a><\/p>\n<p style=\"text-align: justify;\">Somit hei\u00dft es f\u00fcr uns, zu Fu\u00df marschiert. Hier ist der Weg noch asphaltiert und f\u00fchrt zwischen allerhand alten H\u00e4usern den steilen Berg hinauf. Hier und da hat man eine wunderbare Aussicht auf den Rhein und die Landschaft.<\/p>\n<p style=\"text-align: center;\"><a href=\"https:\/\/www.sabine-seyffert.de\/blog\/wp-content\/uploads\/2018\/07\/Ausflug-Drachenfels-8.jpg\"><img loading=\"lazy\" decoding=\"async\" class=\"alignnone size-full wp-image-13063\" src=\"https:\/\/www.sabine-seyffert.de\/blog\/wp-content\/uploads\/2018\/07\/Ausflug-Drachenfels-8.jpg\" alt=\"\" width=\"800\" height=\"600\" srcset=\"https:\/\/www.sabine-seyffert.de\/blog\/wp-content\/uploads\/2018\/07\/Ausflug-Drachenfels-8.jpg 800w, https:\/\/www.sabine-seyffert.de\/blog\/wp-content\/uploads\/2018\/07\/Ausflug-Drachenfels-8-300x225.jpg 300w, https:\/\/www.sabine-seyffert.de\/blog\/wp-content\/uploads\/2018\/07\/Ausflug-Drachenfels-8-768x576.jpg 768w\" sizes=\"auto, (max-width: 800px) 100vw, 800px\" \/><\/a><\/p>\n<p style=\"text-align: justify;\">Ein St\u00fcck weiter beginnt ein schmaler Fu\u00dfpfad, der so genannte Eselsweg. Doch der ist leider gesperrt, so dass wir dem Hauptweg weiter folgen m\u00fcssen. Rechts und links des Weges gibt es kleine Gesch\u00e4fte und Gastronomie. Nachdem man etwa das erste Drittel des Anstiegs geschafft hat, erreicht man die <a href=\"https:\/\/de.wikipedia.org\/wiki\/Nibelungenhalle_(K%C3%B6nigswinter)\" target=\"_blank\" rel=\"noopener\">Nibelungenhalle<\/a>. Allerdings kann man diese nur gegen Eintrittsgeld besichtigen.<\/p>\n<p style=\"text-align: center;\"><a href=\"https:\/\/www.sabine-seyffert.de\/blog\/wp-content\/uploads\/2018\/07\/Ausflug-Drachenfels-4.jpg\"><img loading=\"lazy\" decoding=\"async\" class=\"alignnone size-full wp-image-13064\" src=\"https:\/\/www.sabine-seyffert.de\/blog\/wp-content\/uploads\/2018\/07\/Ausflug-Drachenfels-4.jpg\" alt=\"\" width=\"800\" height=\"600\" srcset=\"https:\/\/www.sabine-seyffert.de\/blog\/wp-content\/uploads\/2018\/07\/Ausflug-Drachenfels-4.jpg 800w, https:\/\/www.sabine-seyffert.de\/blog\/wp-content\/uploads\/2018\/07\/Ausflug-Drachenfels-4-300x225.jpg 300w, https:\/\/www.sabine-seyffert.de\/blog\/wp-content\/uploads\/2018\/07\/Ausflug-Drachenfels-4-768x576.jpg 768w\" sizes=\"auto, (max-width: 800px) 100vw, 800px\" \/><\/a><\/p>\n<p style=\"text-align: justify;\">Als n\u00e4chstes kommen wir an dem pr\u00e4chtigen <a href=\"https:\/\/de.wikipedia.org\/wiki\/Schloss_Drachenburg\" target=\"_blank\" rel=\"noopener\">Schloss Drachenburg<\/a> vorbei. Jedoch ist auch dieses Bauwerk, samt Schlossgarten umz\u00e4unt, so dass man es ohne Geb\u00fchr nicht n\u00e4her anschauen kann.<\/p>\n<p style=\"text-align: center;\"><a href=\"https:\/\/www.sabine-seyffert.de\/blog\/wp-content\/uploads\/2018\/07\/Ausflug-Drachenfels-12.jpg\"><img loading=\"lazy\" decoding=\"async\" class=\"alignnone size-full wp-image-13065\" src=\"https:\/\/www.sabine-seyffert.de\/blog\/wp-content\/uploads\/2018\/07\/Ausflug-Drachenfels-12.jpg\" alt=\"\" width=\"600\" height=\"800\" srcset=\"https:\/\/www.sabine-seyffert.de\/blog\/wp-content\/uploads\/2018\/07\/Ausflug-Drachenfels-12.jpg 600w, https:\/\/www.sabine-seyffert.de\/blog\/wp-content\/uploads\/2018\/07\/Ausflug-Drachenfels-12-225x300.jpg 225w\" sizes=\"auto, (max-width: 600px) 100vw, 600px\" \/><\/a><\/p>\n<p style=\"text-align: justify;\">Ein St\u00fcck weiter endet der asphaltierte Weg. Hier wird es mit dem Kinderwagen eher schwierig. Denn der unebene, steinige Trampelpfad f\u00fchrt \u00fcber eine Wiese. Hier ger\u00e4t man ganz sch\u00f6n ins Schwitzen.<\/p>\n<p style=\"text-align: center;\"><a href=\"https:\/\/www.sabine-seyffert.de\/blog\/wp-content\/uploads\/2018\/07\/Ausflug-Drachenfels-6.jpg\"><img loading=\"lazy\" decoding=\"async\" class=\"alignnone size-full wp-image-13066\" src=\"https:\/\/www.sabine-seyffert.de\/blog\/wp-content\/uploads\/2018\/07\/Ausflug-Drachenfels-6.jpg\" alt=\"\" width=\"800\" height=\"600\" srcset=\"https:\/\/www.sabine-seyffert.de\/blog\/wp-content\/uploads\/2018\/07\/Ausflug-Drachenfels-6.jpg 800w, https:\/\/www.sabine-seyffert.de\/blog\/wp-content\/uploads\/2018\/07\/Ausflug-Drachenfels-6-300x225.jpg 300w, https:\/\/www.sabine-seyffert.de\/blog\/wp-content\/uploads\/2018\/07\/Ausflug-Drachenfels-6-768x576.jpg 768w\" sizes=\"auto, (max-width: 800px) 100vw, 800px\" \/><\/a><\/p>\n<p style=\"text-align: justify;\">Aber von hier aus ist es nicht mehr weit. Nach knapp 15 Minuten hat man auch das letzte St\u00fcck des Weges gemeistert und wird auf dem Drachenfels Plateau mit einer fantastischen Aussicht belohnt. Hier befindet sich ein gro\u00dfes Restaurant mit Au\u00dfenterrasse. Es ist aber auch au\u00dferhalb davon ausreichend Platz f\u00fcr eine Rast und ein Picknick zur St\u00e4rkung.<\/p>\n<p style=\"text-align: center;\"><a href=\"https:\/\/www.sabine-seyffert.de\/blog\/wp-content\/uploads\/2018\/07\/Ausflug-Drachenfels-2.jpg\"><img loading=\"lazy\" decoding=\"async\" class=\"alignnone size-full wp-image-13067\" src=\"https:\/\/www.sabine-seyffert.de\/blog\/wp-content\/uploads\/2018\/07\/Ausflug-Drachenfels-2.jpg\" alt=\"\" width=\"800\" height=\"600\" srcset=\"https:\/\/www.sabine-seyffert.de\/blog\/wp-content\/uploads\/2018\/07\/Ausflug-Drachenfels-2.jpg 800w, https:\/\/www.sabine-seyffert.de\/blog\/wp-content\/uploads\/2018\/07\/Ausflug-Drachenfels-2-300x225.jpg 300w, https:\/\/www.sabine-seyffert.de\/blog\/wp-content\/uploads\/2018\/07\/Ausflug-Drachenfels-2-768x576.jpg 768w\" sizes=\"auto, (max-width: 800px) 100vw, 800px\" \/><\/a><\/p>\n<p style=\"text-align: justify;\">Im Anschluss erklimmen wir noch das allerletzte St\u00fcck des Berges, um nat\u00fcrlich noch die Ruine des Drachenfels aus n\u00e4chster N\u00e4he zu betrachten. Von hier hat man noch mal einen fantastischen Blick auf den Rhein und nahe gelegenen St\u00e4dt. Allein daf\u00fcr hat sich der Fu\u00dfmarsch bis hier oben gelohnt!<\/p>\n<p style=\"text-align: center;\"><a href=\"https:\/\/www.sabine-seyffert.de\/blog\/wp-content\/uploads\/2018\/07\/Ausflug-Drachenfels-19.jpg\"><img loading=\"lazy\" decoding=\"async\" class=\"alignnone size-full wp-image-13068\" src=\"https:\/\/www.sabine-seyffert.de\/blog\/wp-content\/uploads\/2018\/07\/Ausflug-Drachenfels-19.jpg\" alt=\"\" width=\"600\" height=\"800\" srcset=\"https:\/\/www.sabine-seyffert.de\/blog\/wp-content\/uploads\/2018\/07\/Ausflug-Drachenfels-19.jpg 600w, https:\/\/www.sabine-seyffert.de\/blog\/wp-content\/uploads\/2018\/07\/Ausflug-Drachenfels-19-225x300.jpg 225w\" sizes=\"auto, (max-width: 600px) 100vw, 600px\" \/><\/a><\/p>\n<p style=\"text-align: justify;\">Weitere Ausflugsziele und Unternehmungen f\u00fcr Familien mit Kindern findet ihr \u00fcbrigens in <a href=\"https:\/\/www.sabine-seyffert.de\/blog\/?cat=39\" target=\"_blank\" rel=\"noopener\">dieser Blog Kategorie<\/a>, alles zum Thema Familienurlaub &amp; Reisen gibt es in <a href=\"https:\/\/www.sabine-seyffert.de\/blog\/?cat=38\" target=\"_blank\" rel=\"noopener\">diesem Ordner<\/a>, alles rund um den Sommer gibt es an <a href=\"https:\/\/www.sabine-seyffert.de\/blog\/?cat=24\" target=\"_blank\" rel=\"noopener\">dieser Stelle<\/a> und mehr Gr\u00fcn <a href=\"http:\/\/naturkinder.typepad.com\/naturkinder\/2018\/07\/gruenzeug-we-love-green-stuff-2.html\" target=\"_blank\" rel=\"noopener nofollow\">da<\/a>.<\/p>\n<p style=\"text-align: center;\"><a href=\"https:\/\/www.sabine-seyffert.de\/blog\/wp-content\/uploads\/2018\/07\/Ausflug-Drachenfels-14.jpg\"><img loading=\"lazy\" decoding=\"async\" class=\"alignnone size-full wp-image-13069\" src=\"https:\/\/www.sabine-seyffert.de\/blog\/wp-content\/uploads\/2018\/07\/Ausflug-Drachenfels-14.jpg\" alt=\"\" width=\"600\" height=\"800\" srcset=\"https:\/\/www.sabine-seyffert.de\/blog\/wp-content\/uploads\/2018\/07\/Ausflug-Drachenfels-14.jpg 600w, https:\/\/www.sabine-seyffert.de\/blog\/wp-content\/uploads\/2018\/07\/Ausflug-Drachenfels-14-225x300.jpg 225w\" sizes=\"auto, (max-width: 600px) 100vw, 600px\" \/><\/a><\/p>\n<p style=\"text-align: justify;\"><a href=\"https:\/\/www.sabine-seyffert.de\/blog\/?page_id=32#urheberrecht\">urheberrechtlich gesch\u00fctzt<\/a>, \u00a9 Sabine Seyffert<\/p>\n","protected":false},"excerpt":{"rendered":"<p>Am Wochenende unternehmen wir immer gerne Ausfl\u00fcge. Dieses Mal f\u00fchrte uns der Weg ins Rheinland. Besser gesagt nach K\u00f6nigswinter. Von dort aus wollten wir zum Drachenfels hinauf wandern. Am Fu\u00df des Berges findet man den Bahnhof der Drachenfelsbahn. Dies ist eine der \u00e4ltesten Zahnradbahnen, die noch in Betrieb sind. Ein St\u00fcck dar\u00fcber findet man in&#8230; <a href=\"https:\/\/www.sabine-seyffert.de\/blog\/ausflugstipp-fuer-familien-im-rheinland-ausflug-zur-burg-drachenfels-im-siebengebirge\/\" class=\"more-link\">Read more: Ausflugstipp f\u00fcr Familien im Rheinland: Ausflug zur Burg Drachenfels im Siebengebirge<\/a><\/p>\n","protected":false},"author":2,"featured_media":0,"comment_status":"open","ping_status":"open","sticky":false,"template":"","format":"standard","meta":{"_metis_text_type":"","_metis_text_length":2511,"_post_count":0,"footnotes":""},"categories":[39],"tags":[],"class_list":["post-13060","post","type-post","status-publish","format-standard","hentry","category-ausfluge-co"],"_links":{"self":[{"href":"https:\/\/www.sabine-seyffert.de\/blog\/wp-json\/wp\/v2\/posts\/13060","targetHints":{"allow":["GET"]}}],"collection":[{"href":"https:\/\/www.sabine-seyffert.de\/blog\/wp-json\/wp\/v2\/posts"}],"about":[{"href":"https:\/\/www.sabine-seyffert.de\/blog\/wp-json\/wp\/v2\/types\/post"}],"author":[{"embeddable":true,"href":"https:\/\/www.sabine-seyffert.de\/blog\/wp-json\/wp\/v2\/users\/2"}],"replies":[{"embeddable":true,"href":"https:\/\/www.sabine-seyffert.de\/blog\/wp-json\/wp\/v2\/comments?post=13060"}],"version-history":[{"count":7,"href":"https:\/\/www.sabine-seyffert.de\/blog\/wp-json\/wp\/v2\/posts\/13060\/revisions"}],"predecessor-version":[{"id":13076,"href":"https:\/\/www.sabine-seyffert.de\/blog\/wp-json\/wp\/v2\/posts\/13060\/revisions\/13076"}],"wp:attachment":[{"href":"https:\/\/www.sabine-seyffert.de\/blog\/wp-json\/wp\/v2\/media?parent=13060"}],"wp:term":[{"taxonomy":"category","embeddable":true,"href":"https:\/\/www.sabine-seyffert.de\/blog\/wp-json\/wp\/v2\/categories?post=13060"},{"taxonomy":"post_tag","embeddable":true,"href":"https:\/\/www.sabine-seyffert.de\/blog\/wp-json\/wp\/v2\/tags?post=13060"}],"curies":[{"name":"wp","href":"https:\/\/api.w.org\/{rel}","templated":true}]}}