{"id":13049,"date":"2018-07-19T09:49:51","date_gmt":"2018-07-19T07:49:51","guid":{"rendered":"https:\/\/www.sabine-seyffert.de\/blog\/?p=13049"},"modified":"2018-07-24T06:25:17","modified_gmt":"2018-07-24T04:25:17","slug":"verpackungsliebe-upcycling-geburtstagsgeschenke-fuer-kinder-lustig-bunt-verpackt-seeloewe","status":"publish","type":"post","link":"https:\/\/www.sabine-seyffert.de\/blog\/verpackungsliebe-upcycling-geburtstagsgeschenke-fuer-kinder-lustig-bunt-verpackt-seeloewe\/","title":{"rendered":"Verpackungsliebe &#038; Upcycling: Geburtstagsgeschenke f\u00fcr Kinder lustig &#038; bunt verpackt \u201eSeel\u00f6we\u201c"},"content":{"rendered":"<p style=\"text-align: justify;\"><img loading=\"lazy\" decoding=\"async\" src=\"https:\/\/vg01.met.vgwort.de\/na\/4002b47a7d8a411997f5f15b8eb82f31\" alt=\"\" width=\"1\" height=\"1\" \/>Das Verpacken ist meine neue Leidenschaft geworden. Es macht so viel Spa\u00df die in Papier versteckten Geschenke ganz liebevoll und dem Anlass entsprechend zu gestalten. Vor kurzem gab es mal wieder eine Einladung zum <a href=\"https:\/\/www.sabine-seyffert.de\/blog\/?cat=21\" target=\"_blank\" rel=\"noopener\">Kindergeburtstag<\/a>. Also f\u00fcr mich wieder ein Grund in meiner Kiste mit farbigen Papierresten zu st\u00f6bern und daraus eine schmuckvolle, fr\u00f6hliche Geburtstagsverpackung zu gestalten.<\/p>\n<p style=\"text-align: center;\"><a href=\"https:\/\/www.sabine-seyffert.de\/blog\/wp-content\/uploads\/2018\/07\/Geschenk-Seel\u00f6we-blau.jpg\"><img loading=\"lazy\" decoding=\"async\" class=\"alignnone size-full wp-image-13050\" src=\"https:\/\/www.sabine-seyffert.de\/blog\/wp-content\/uploads\/2018\/07\/Geschenk-Seel\u00f6we-blau.jpg\" alt=\"\" width=\"800\" height=\"600\" srcset=\"https:\/\/www.sabine-seyffert.de\/blog\/wp-content\/uploads\/2018\/07\/Geschenk-Seel\u00f6we-blau.jpg 800w, https:\/\/www.sabine-seyffert.de\/blog\/wp-content\/uploads\/2018\/07\/Geschenk-Seel\u00f6we-blau-300x225.jpg 300w, https:\/\/www.sabine-seyffert.de\/blog\/wp-content\/uploads\/2018\/07\/Geschenk-Seel\u00f6we-blau-768x576.jpg 768w\" sizes=\"auto, (max-width: 800px) 100vw, 800px\" \/><\/a><\/p>\n<p style=\"text-align: justify;\"><strong>Das wird gebraucht:<\/strong><br \/>\nFarbige Papierreste aus d\u00fcnnem Tonpapier, eine alte Zeitung, blaue Wasserfarbe, einen Pinsel, ein kleines St\u00fcck Kartonage von einer alten Verpackung, einen Bleistift, etwas graues Papier, eine Bastelschere, N\u00e4hgarn, eine N\u00e4hmaschine, eine kleine Perle, einen Motivlocker Kreis (Durchmesser 1 cm), eine Hei\u00dfklebepistole incl. Klebepatrone, Buchstabenstempel und ein kleines Stempelkissen.<\/p>\n<p style=\"text-align: center;\"><a href=\"https:\/\/www.sabine-seyffert.de\/blog\/wp-content\/uploads\/2018\/07\/Geschenk-Seel\u00f6we-rosa-5.jpg\"><img loading=\"lazy\" decoding=\"async\" class=\"alignnone size-full wp-image-13051\" src=\"https:\/\/www.sabine-seyffert.de\/blog\/wp-content\/uploads\/2018\/07\/Geschenk-Seel\u00f6we-rosa-5.jpg\" alt=\"\" width=\"800\" height=\"600\" srcset=\"https:\/\/www.sabine-seyffert.de\/blog\/wp-content\/uploads\/2018\/07\/Geschenk-Seel\u00f6we-rosa-5.jpg 800w, https:\/\/www.sabine-seyffert.de\/blog\/wp-content\/uploads\/2018\/07\/Geschenk-Seel\u00f6we-rosa-5-300x225.jpg 300w, https:\/\/www.sabine-seyffert.de\/blog\/wp-content\/uploads\/2018\/07\/Geschenk-Seel\u00f6we-rosa-5-768x576.jpg 768w\" sizes=\"auto, (max-width: 800px) 100vw, 800px\" \/><\/a><\/p>\n<p style=\"text-align: justify;\"><strong>So wird\u2019s gemacht:<\/strong><br \/>\nZuerst habe ich das Geschenk unter einem \u201eKleid\u201c aus braunem Packpapier verschwinden lassen. Das Packpapier ist f\u00fcr mich wirklich das ideale Material, weil man es einfach nach Herzenslust gestalten, schm\u00fccken und mit eigentlich allen Farben prima kombinieren kann.<\/p>\n<p style=\"text-align: center;\"><a href=\"https:\/\/www.sabine-seyffert.de\/blog\/wp-content\/uploads\/2018\/07\/Geschenk-Seel\u00f6we-rosa-2.jpg\"><img loading=\"lazy\" decoding=\"async\" class=\"alignnone size-full wp-image-13052\" src=\"https:\/\/www.sabine-seyffert.de\/blog\/wp-content\/uploads\/2018\/07\/Geschenk-Seel\u00f6we-rosa-2.jpg\" alt=\"\" width=\"800\" height=\"600\" srcset=\"https:\/\/www.sabine-seyffert.de\/blog\/wp-content\/uploads\/2018\/07\/Geschenk-Seel\u00f6we-rosa-2.jpg 800w, https:\/\/www.sabine-seyffert.de\/blog\/wp-content\/uploads\/2018\/07\/Geschenk-Seel\u00f6we-rosa-2-300x225.jpg 300w, https:\/\/www.sabine-seyffert.de\/blog\/wp-content\/uploads\/2018\/07\/Geschenk-Seel\u00f6we-rosa-2-768x576.jpg 768w\" sizes=\"auto, (max-width: 800px) 100vw, 800px\" \/><\/a><\/p>\n<p style=\"text-align: justify;\">Dann habe ich ein altes Blatt Tageszeitung ganz grob und l\u00fcckenhaft mit blauer Wasserfarbe angemalt. Ein fl\u00fcchtiger \u201eAnstrich\u201c reicht aus, da das Zeitungspapier samt Schrift noch sichtbar sein sollte.<\/p>\n<p style=\"text-align: center;\"><a href=\"https:\/\/www.sabine-seyffert.de\/blog\/wp-content\/uploads\/2018\/07\/Geschenk-Seel\u00f6we-rosa-6.jpg\"><img loading=\"lazy\" decoding=\"async\" class=\"alignnone size-full wp-image-13053\" src=\"https:\/\/www.sabine-seyffert.de\/blog\/wp-content\/uploads\/2018\/07\/Geschenk-Seel\u00f6we-rosa-6.jpg\" alt=\"\" width=\"800\" height=\"600\" srcset=\"https:\/\/www.sabine-seyffert.de\/blog\/wp-content\/uploads\/2018\/07\/Geschenk-Seel\u00f6we-rosa-6.jpg 800w, https:\/\/www.sabine-seyffert.de\/blog\/wp-content\/uploads\/2018\/07\/Geschenk-Seel\u00f6we-rosa-6-300x225.jpg 300w, https:\/\/www.sabine-seyffert.de\/blog\/wp-content\/uploads\/2018\/07\/Geschenk-Seel\u00f6we-rosa-6-768x576.jpg 768w\" sizes=\"auto, (max-width: 800px) 100vw, 800px\" \/><\/a><\/p>\n<p style=\"text-align: justify;\">W\u00e4hrend die Farbe trocknet, kann man mit Hilfe des Kreisstanzers aus den kleinen Papierresten eine handvoll Kreise stanzen.<\/p>\n<p style=\"text-align: center;\"><a href=\"https:\/\/www.sabine-seyffert.de\/blog\/wp-content\/uploads\/2018\/07\/Geschenk-Seel\u00f6we-rosa-7.jpg\"><img loading=\"lazy\" decoding=\"async\" class=\"alignnone size-full wp-image-13054\" src=\"https:\/\/www.sabine-seyffert.de\/blog\/wp-content\/uploads\/2018\/07\/Geschenk-Seel\u00f6we-rosa-7.jpg\" alt=\"\" width=\"800\" height=\"600\" srcset=\"https:\/\/www.sabine-seyffert.de\/blog\/wp-content\/uploads\/2018\/07\/Geschenk-Seel\u00f6we-rosa-7.jpg 800w, https:\/\/www.sabine-seyffert.de\/blog\/wp-content\/uploads\/2018\/07\/Geschenk-Seel\u00f6we-rosa-7-300x225.jpg 300w, https:\/\/www.sabine-seyffert.de\/blog\/wp-content\/uploads\/2018\/07\/Geschenk-Seel\u00f6we-rosa-7-768x576.jpg 768w\" sizes=\"auto, (max-width: 800px) 100vw, 800px\" \/><\/a><\/p>\n<p style=\"text-align: justify;\">Immer drei Kreise legt man aufeinander und n\u00e4ht mit der Maschine und einer einfachen Naht genau mittig dar\u00fcber, so dass die Kreise aufeinander sitzen. Dann habe ich mir auf einem St\u00fcck alter Kartonage eine Schablone vorgezeichnet. Kurzerhand habe ich mich f\u00fcr einen Seel\u00f6wen entschieden. Anschlie\u00dfend habe ich den auf graues Papier \u00fcbertragen und ausgeschnitten.<\/p>\n<p style=\"text-align: center;\"><a href=\"https:\/\/www.sabine-seyffert.de\/blog\/wp-content\/uploads\/2018\/07\/Geschenk-Seel\u00f6we-rosa-3.jpg\"><img loading=\"lazy\" decoding=\"async\" class=\"alignnone size-full wp-image-13055\" src=\"https:\/\/www.sabine-seyffert.de\/blog\/wp-content\/uploads\/2018\/07\/Geschenk-Seel\u00f6we-rosa-3.jpg\" alt=\"\" width=\"800\" height=\"600\" srcset=\"https:\/\/www.sabine-seyffert.de\/blog\/wp-content\/uploads\/2018\/07\/Geschenk-Seel\u00f6we-rosa-3.jpg 800w, https:\/\/www.sabine-seyffert.de\/blog\/wp-content\/uploads\/2018\/07\/Geschenk-Seel\u00f6we-rosa-3-300x225.jpg 300w, https:\/\/www.sabine-seyffert.de\/blog\/wp-content\/uploads\/2018\/07\/Geschenk-Seel\u00f6we-rosa-3-768x576.jpg 768w\" sizes=\"auto, (max-width: 800px) 100vw, 800px\" \/><\/a><\/p>\n<p style=\"text-align: justify;\">Auf das verpackte Geschenk kamen nun ein paar \u201eWellen\u201c, die ich aus dem bemalten Zeitungspapier ausgeschnitten und am unteren Rand aufgeklebt habe. Dann habe ich den Seel\u00f6wen positioniert und eine kleine Perle als Auge aufgeklebt. Mit dem Feinliner gab es noch ein paar Schnurrbarthaare dazu.<\/p>\n<p style=\"text-align: center;\"><a href=\"https:\/\/www.sabine-seyffert.de\/blog\/wp-content\/uploads\/2018\/07\/Geschenk-Seel\u00f6we-rosa-1.jpg\"><img loading=\"lazy\" decoding=\"async\" class=\"alignnone size-full wp-image-13056\" src=\"https:\/\/www.sabine-seyffert.de\/blog\/wp-content\/uploads\/2018\/07\/Geschenk-Seel\u00f6we-rosa-1.jpg\" alt=\"\" width=\"800\" height=\"600\" srcset=\"https:\/\/www.sabine-seyffert.de\/blog\/wp-content\/uploads\/2018\/07\/Geschenk-Seel\u00f6we-rosa-1.jpg 800w, https:\/\/www.sabine-seyffert.de\/blog\/wp-content\/uploads\/2018\/07\/Geschenk-Seel\u00f6we-rosa-1-300x225.jpg 300w, https:\/\/www.sabine-seyffert.de\/blog\/wp-content\/uploads\/2018\/07\/Geschenk-Seel\u00f6we-rosa-1-768x576.jpg 768w\" sizes=\"auto, (max-width: 800px) 100vw, 800px\" \/><\/a><\/p>\n<p style=\"text-align: justify;\">Die gen\u00e4hten Kreise sollen Spielb\u00e4lle darstellen. Dazu habe ich diese im Halbkreis \u00fcber dem Seel\u00f6wenkopf aufgeklebt. Und zu guter Letzt den Namen des Geburtstagskindes dazwischengestempelt.<\/p>\n<p style=\"text-align: center;\"><a href=\"https:\/\/www.sabine-seyffert.de\/blog\/wp-content\/uploads\/2018\/07\/Geschenk-Seel\u00f6we-rosa.jpg\"><img loading=\"lazy\" decoding=\"async\" class=\"alignnone size-full wp-image-13057\" src=\"https:\/\/www.sabine-seyffert.de\/blog\/wp-content\/uploads\/2018\/07\/Geschenk-Seel\u00f6we-rosa.jpg\" alt=\"\" width=\"800\" height=\"600\" srcset=\"https:\/\/www.sabine-seyffert.de\/blog\/wp-content\/uploads\/2018\/07\/Geschenk-Seel\u00f6we-rosa.jpg 800w, https:\/\/www.sabine-seyffert.de\/blog\/wp-content\/uploads\/2018\/07\/Geschenk-Seel\u00f6we-rosa-300x225.jpg 300w, https:\/\/www.sabine-seyffert.de\/blog\/wp-content\/uploads\/2018\/07\/Geschenk-Seel\u00f6we-rosa-768x576.jpg 768w\" sizes=\"auto, (max-width: 800px) 100vw, 800px\" \/><\/a><\/p>\n<p style=\"text-align: justify;\">Weitere pfiffige Verpackungsideen findet Ihr in <a href=\"https:\/\/www.sabine-seyffert.de\/blog\/?cat=49\" target=\"_blank\" rel=\"noopener\">dieser Rubrik<\/a>, alles rund um den Sommer <a href=\"https:\/\/www.sabine-seyffert.de\/blog\/?cat=24\" target=\"_blank\" rel=\"noopener\">dort<\/a> und andere kreative Sachen <a href=\"http:\/\/www.lunaju.de\/2018\/07\/kiddikram-juli-2018.html\" target=\"_blank\" rel=\"noopener nofollow\">hier<\/a> und auch an <a href=\"https:\/\/www.creadienstag.de\/2018\/07\/linkparty341.html\" target=\"_blank\" rel=\"noopener\">dieser<\/a> Stelle!<\/p>\n<p style=\"text-align: justify;\"><a href=\"https:\/\/www.sabine-seyffert.de\/blog\/?page_id=32#urheberrecht\">urheberrechtlich gesch\u00fctzt<\/a>, \u00a9 Sabine Seyffert<\/p>\n","protected":false},"excerpt":{"rendered":"<p>Das Verpacken ist meine neue Leidenschaft geworden. Es macht so viel Spa\u00df die in Papier versteckten Geschenke ganz liebevoll und dem Anlass entsprechend zu gestalten. Vor kurzem gab es mal wieder eine Einladung zum Kindergeburtstag. Also f\u00fcr mich wieder ein Grund in meiner Kiste mit farbigen Papierresten zu st\u00f6bern und daraus eine schmuckvolle, fr\u00f6hliche Geburtstagsverpackung&#8230; <a href=\"https:\/\/www.sabine-seyffert.de\/blog\/verpackungsliebe-upcycling-geburtstagsgeschenke-fuer-kinder-lustig-bunt-verpackt-seeloewe\/\" class=\"more-link\">Read more: Verpackungsliebe &#038; Upcycling: Geburtstagsgeschenke f\u00fcr Kinder lustig &#038; bunt verpackt \u201eSeel\u00f6we\u201c<\/a><\/p>\n","protected":false},"author":2,"featured_media":0,"comment_status":"open","ping_status":"open","sticky":false,"template":"","format":"standard","meta":{"_metis_text_type":"","_metis_text_length":2453,"_post_count":0,"footnotes":""},"categories":[49,24,47],"tags":[],"class_list":["post-13049","post","type-post","status-publish","format-standard","hentry","category-verpackungsideen","category-sommer","category-upcyceltes"],"_links":{"self":[{"href":"https:\/\/www.sabine-seyffert.de\/blog\/wp-json\/wp\/v2\/posts\/13049","targetHints":{"allow":["GET"]}}],"collection":[{"href":"https:\/\/www.sabine-seyffert.de\/blog\/wp-json\/wp\/v2\/posts"}],"about":[{"href":"https:\/\/www.sabine-seyffert.de\/blog\/wp-json\/wp\/v2\/types\/post"}],"author":[{"embeddable":true,"href":"https:\/\/www.sabine-seyffert.de\/blog\/wp-json\/wp\/v2\/users\/2"}],"replies":[{"embeddable":true,"href":"https:\/\/www.sabine-seyffert.de\/blog\/wp-json\/wp\/v2\/comments?post=13049"}],"version-history":[{"count":3,"href":"https:\/\/www.sabine-seyffert.de\/blog\/wp-json\/wp\/v2\/posts\/13049\/revisions"}],"predecessor-version":[{"id":13088,"href":"https:\/\/www.sabine-seyffert.de\/blog\/wp-json\/wp\/v2\/posts\/13049\/revisions\/13088"}],"wp:attachment":[{"href":"https:\/\/www.sabine-seyffert.de\/blog\/wp-json\/wp\/v2\/media?parent=13049"}],"wp:term":[{"taxonomy":"category","embeddable":true,"href":"https:\/\/www.sabine-seyffert.de\/blog\/wp-json\/wp\/v2\/categories?post=13049"},{"taxonomy":"post_tag","embeddable":true,"href":"https:\/\/www.sabine-seyffert.de\/blog\/wp-json\/wp\/v2\/tags?post=13049"}],"curies":[{"name":"wp","href":"https:\/\/api.w.org\/{rel}","templated":true}]}}