{"id":13035,"date":"2018-07-17T11:29:41","date_gmt":"2018-07-17T09:29:41","guid":{"rendered":"https:\/\/www.sabine-seyffert.de\/blog\/?p=13035"},"modified":"2018-07-17T11:29:41","modified_gmt":"2018-07-17T09:29:41","slug":"diy-geschenkidee-zum-schulstart-selbst-genaehte-schultuete-zur-einschulung-mit-naehanleitung-ahoi","status":"publish","type":"post","link":"https:\/\/www.sabine-seyffert.de\/blog\/diy-geschenkidee-zum-schulstart-selbst-genaehte-schultuete-zur-einschulung-mit-naehanleitung-ahoi\/","title":{"rendered":"DIY &#038; Geschenkidee zum Schulstart: Selbst gen\u00e4hte Schult\u00fcte zur Einschulung mit N\u00e4hanleitung \u2013 Ahoi!"},"content":{"rendered":"<p style=\"text-align: justify;\"><img loading=\"lazy\" decoding=\"async\" src=\"https:\/\/vg01.met.vgwort.de\/na\/02683943d3c5470c9452fcd0977f133e\" alt=\"\" width=\"1\" height=\"1\" \/>Es dauert gar nicht mehr lange bis f\u00fcr die Vorschulkinder nun endlich die Schulzeit startet. Der allererste Schultag ist etwas ganz besonderes. Und genau f\u00fcr diesen Anlass brauchte ich ein passendes Geschenk. Was w\u00fcrde sich da besser eignen als eine selbst gebastelte Zuckert\u00fcte, die sich mit ein paar \u00dcberraschungen und s\u00fc\u00dfen Leckereien f\u00fcllen l\u00e4sst?<\/p>\n<p style=\"text-align: center;\"><a href=\"https:\/\/www.sabine-seyffert.de\/blog\/wp-content\/uploads\/2018\/07\/Gen\u00e4hte-Schult\u00fcte-Boot-9.jpg\"><img loading=\"lazy\" decoding=\"async\" class=\"alignnone size-full wp-image-13037\" src=\"https:\/\/www.sabine-seyffert.de\/blog\/wp-content\/uploads\/2018\/07\/Gen\u00e4hte-Schult\u00fcte-Boot-9.jpg\" alt=\"\" width=\"600\" height=\"800\" srcset=\"https:\/\/www.sabine-seyffert.de\/blog\/wp-content\/uploads\/2018\/07\/Gen\u00e4hte-Schult\u00fcte-Boot-9.jpg 600w, https:\/\/www.sabine-seyffert.de\/blog\/wp-content\/uploads\/2018\/07\/Gen\u00e4hte-Schult\u00fcte-Boot-9-225x300.jpg 225w\" sizes=\"auto, (max-width: 600px) 100vw, 600px\" \/><\/a><\/p>\n<p style=\"text-align: justify;\"><strong>Das wird gebraucht:<\/strong><br \/>\n1 Schult\u00fcten Rohling (klein), N\u00e4hgarn, Stecknadeln, eine alte Jeanshose, Stoffreste, etwas Schr\u00e4gband, Vliesofix, eine Stoffschere, B\u00fcgeleisen, ein St\u00fcck Zackenlitze und eine N\u00e4hmaschine sowie etwas Geschenkband \/ Kordel zum Zusammenbinden und Kleinigkeiten zum Bef\u00fcllen der T\u00fcte.<\/p>\n<p style=\"text-align: center;\"><a href=\"https:\/\/www.sabine-seyffert.de\/blog\/wp-content\/uploads\/2018\/07\/Gen\u00e4hte-Schult\u00fcte-Boot-1.jpg\"><img loading=\"lazy\" decoding=\"async\" class=\"alignnone size-full wp-image-13038\" src=\"https:\/\/www.sabine-seyffert.de\/blog\/wp-content\/uploads\/2018\/07\/Gen\u00e4hte-Schult\u00fcte-Boot-1.jpg\" alt=\"\" width=\"600\" height=\"800\" srcset=\"https:\/\/www.sabine-seyffert.de\/blog\/wp-content\/uploads\/2018\/07\/Gen\u00e4hte-Schult\u00fcte-Boot-1.jpg 600w, https:\/\/www.sabine-seyffert.de\/blog\/wp-content\/uploads\/2018\/07\/Gen\u00e4hte-Schult\u00fcte-Boot-1-225x300.jpg 225w\" sizes=\"auto, (max-width: 600px) 100vw, 600px\" \/><\/a><\/p>\n<p style=\"text-align: justify;\"><strong>So wird\u2019s gemacht:<\/strong><br \/>\nWie gut, dass der Berg an kaputten Jeans wieder einmal kleiner geworden ist. Denn f\u00fcr diese Bastelidee habe ich das Hosenbein einer alten Lieblingsjeans zerschnitten, die sich nicht mehr flicken lie\u00df.<\/p>\n<p style=\"text-align: center;\"><a href=\"https:\/\/www.sabine-seyffert.de\/blog\/wp-content\/uploads\/2018\/07\/Gen\u00e4hte-Schult\u00fcte-Boot-5.jpg\"><img loading=\"lazy\" decoding=\"async\" class=\"alignnone size-full wp-image-13039\" src=\"https:\/\/www.sabine-seyffert.de\/blog\/wp-content\/uploads\/2018\/07\/Gen\u00e4hte-Schult\u00fcte-Boot-5.jpg\" alt=\"\" width=\"800\" height=\"600\" srcset=\"https:\/\/www.sabine-seyffert.de\/blog\/wp-content\/uploads\/2018\/07\/Gen\u00e4hte-Schult\u00fcte-Boot-5.jpg 800w, https:\/\/www.sabine-seyffert.de\/blog\/wp-content\/uploads\/2018\/07\/Gen\u00e4hte-Schult\u00fcte-Boot-5-300x225.jpg 300w, https:\/\/www.sabine-seyffert.de\/blog\/wp-content\/uploads\/2018\/07\/Gen\u00e4hte-Schult\u00fcte-Boot-5-768x576.jpg 768w\" sizes=\"auto, (max-width: 800px) 100vw, 800px\" \/><\/a><\/p>\n<p style=\"text-align: justify;\">An dieses St\u00fcck Jeans habe ich unten einen Streifen blauen Stoff gen\u00e4ht (f\u00fcr das Meer) und anschlie\u00dfend auf die Naht ein St\u00fcck Zackenlitze gen\u00e4ht. Die kleine Ausf\u00fchrung der Schult\u00fcte lie\u00df mir nicht viel Platz und somit musste ich etwas improvisieren. Die gewellte Litze soll die Wellen darstellen.<\/p>\n<p style=\"text-align: center;\"><a href=\"https:\/\/www.sabine-seyffert.de\/blog\/wp-content\/uploads\/2018\/07\/Gen\u00e4hte-Schult\u00fcte-Boot-4.jpg\"><img loading=\"lazy\" decoding=\"async\" class=\"alignnone size-full wp-image-13040\" src=\"https:\/\/www.sabine-seyffert.de\/blog\/wp-content\/uploads\/2018\/07\/Gen\u00e4hte-Schult\u00fcte-Boot-4.jpg\" alt=\"\" width=\"800\" height=\"600\" srcset=\"https:\/\/www.sabine-seyffert.de\/blog\/wp-content\/uploads\/2018\/07\/Gen\u00e4hte-Schult\u00fcte-Boot-4.jpg 800w, https:\/\/www.sabine-seyffert.de\/blog\/wp-content\/uploads\/2018\/07\/Gen\u00e4hte-Schult\u00fcte-Boot-4-300x225.jpg 300w, https:\/\/www.sabine-seyffert.de\/blog\/wp-content\/uploads\/2018\/07\/Gen\u00e4hte-Schult\u00fcte-Boot-4-768x576.jpg 768w\" sizes=\"auto, (max-width: 800px) 100vw, 800px\" \/><\/a><\/p>\n<p style=\"text-align: justify;\">Aus einem Restst\u00fcck kariertem Webstoff habe ich ein kleines Boot geschnitten und auf der R\u00fcckseite mit Vliesofix versehen. Das sollte man bei Applikationen dieser Art immer machen, damit diese auch gut auf dem Untergrund halten.<\/p>\n<p style=\"text-align: center;\"><a href=\"https:\/\/www.sabine-seyffert.de\/blog\/wp-content\/uploads\/2018\/07\/Gen\u00e4hte-Schult\u00fcte-Boot-3.jpg\"><img loading=\"lazy\" decoding=\"async\" class=\"alignnone size-full wp-image-13041\" src=\"https:\/\/www.sabine-seyffert.de\/blog\/wp-content\/uploads\/2018\/07\/Gen\u00e4hte-Schult\u00fcte-Boot-3.jpg\" alt=\"\" width=\"800\" height=\"600\" srcset=\"https:\/\/www.sabine-seyffert.de\/blog\/wp-content\/uploads\/2018\/07\/Gen\u00e4hte-Schult\u00fcte-Boot-3.jpg 800w, https:\/\/www.sabine-seyffert.de\/blog\/wp-content\/uploads\/2018\/07\/Gen\u00e4hte-Schult\u00fcte-Boot-3-300x225.jpg 300w, https:\/\/www.sabine-seyffert.de\/blog\/wp-content\/uploads\/2018\/07\/Gen\u00e4hte-Schult\u00fcte-Boot-3-768x576.jpg 768w\" sizes=\"auto, (max-width: 800px) 100vw, 800px\" \/><\/a><\/p>\n<p style=\"text-align: justify;\">Oben am Boot habe ich mit einer Zickzacknaht noch einen kleinen Wimpel angebracht sowie auf dem Jeansstoff dar\u00fcber eine kleine Wolke mit zwei \u201eM\u00f6wen\u201c. Alle Motive habe ich m\u00f6glicht mittig auf dem Stoff platziert, damit diese nach dem Zusammenn\u00e4hen Vorne auch sichtbar sind.<\/p>\n<p style=\"text-align: center;\"><a href=\"https:\/\/www.sabine-seyffert.de\/blog\/wp-content\/uploads\/2018\/07\/Gen\u00e4hte-Schult\u00fcte-Boot-2.jpg\"><img loading=\"lazy\" decoding=\"async\" class=\"alignnone size-full wp-image-13042\" src=\"https:\/\/www.sabine-seyffert.de\/blog\/wp-content\/uploads\/2018\/07\/Gen\u00e4hte-Schult\u00fcte-Boot-2.jpg\" alt=\"\" width=\"800\" height=\"600\" srcset=\"https:\/\/www.sabine-seyffert.de\/blog\/wp-content\/uploads\/2018\/07\/Gen\u00e4hte-Schult\u00fcte-Boot-2.jpg 800w, https:\/\/www.sabine-seyffert.de\/blog\/wp-content\/uploads\/2018\/07\/Gen\u00e4hte-Schult\u00fcte-Boot-2-300x225.jpg 300w, https:\/\/www.sabine-seyffert.de\/blog\/wp-content\/uploads\/2018\/07\/Gen\u00e4hte-Schult\u00fcte-Boot-2-768x576.jpg 768w\" sizes=\"auto, (max-width: 800px) 100vw, 800px\" \/><\/a><\/p>\n<p style=\"text-align: justify;\">Nun habe ich den Stoff mit der verzierten Seite nach Innen um den Schult\u00fctenrohling gelegt und hinten mit Stecknadeln zusammengesteckt. An dieser Kante n\u00e4ht man die T\u00fcte nun zusammen und dreht die H\u00fclle wieder auf rechts.<\/p>\n<p style=\"text-align: center;\"><a href=\"https:\/\/www.sabine-seyffert.de\/blog\/wp-content\/uploads\/2018\/07\/Gen\u00e4hte-Schult\u00fcte-Boot-6.jpg\"><img loading=\"lazy\" decoding=\"async\" class=\"alignnone size-full wp-image-13043\" src=\"https:\/\/www.sabine-seyffert.de\/blog\/wp-content\/uploads\/2018\/07\/Gen\u00e4hte-Schult\u00fcte-Boot-6.jpg\" alt=\"\" width=\"800\" height=\"600\" srcset=\"https:\/\/www.sabine-seyffert.de\/blog\/wp-content\/uploads\/2018\/07\/Gen\u00e4hte-Schult\u00fcte-Boot-6.jpg 800w, https:\/\/www.sabine-seyffert.de\/blog\/wp-content\/uploads\/2018\/07\/Gen\u00e4hte-Schult\u00fcte-Boot-6-300x225.jpg 300w, https:\/\/www.sabine-seyffert.de\/blog\/wp-content\/uploads\/2018\/07\/Gen\u00e4hte-Schult\u00fcte-Boot-6-768x576.jpg 768w\" sizes=\"auto, (max-width: 800px) 100vw, 800px\" \/><\/a><\/p>\n<p style=\"text-align: justify;\">F\u00fcr den oberen Teil habe ich eine breite Stoffbahn verwendet und die oberen Kante vers\u00e4ubert. Den unteren Rand habe ich nun an den Jeansteil gesteckt und beides mit einem St\u00fcck Schr\u00e4gband sauber aneinander gen\u00e4ht.<\/p>\n<p style=\"text-align: center;\"><a href=\"https:\/\/www.sabine-seyffert.de\/blog\/wp-content\/uploads\/2018\/07\/Gen\u00e4hte-Schult\u00fcte-Boot-8.jpg\"><img loading=\"lazy\" decoding=\"async\" class=\"alignnone size-full wp-image-13044\" src=\"https:\/\/www.sabine-seyffert.de\/blog\/wp-content\/uploads\/2018\/07\/Gen\u00e4hte-Schult\u00fcte-Boot-8.jpg\" alt=\"\" width=\"800\" height=\"600\" srcset=\"https:\/\/www.sabine-seyffert.de\/blog\/wp-content\/uploads\/2018\/07\/Gen\u00e4hte-Schult\u00fcte-Boot-8.jpg 800w, https:\/\/www.sabine-seyffert.de\/blog\/wp-content\/uploads\/2018\/07\/Gen\u00e4hte-Schult\u00fcte-Boot-8-300x225.jpg 300w, https:\/\/www.sabine-seyffert.de\/blog\/wp-content\/uploads\/2018\/07\/Gen\u00e4hte-Schult\u00fcte-Boot-8-768x576.jpg 768w\" sizes=\"auto, (max-width: 800px) 100vw, 800px\" \/><\/a><\/p>\n<p style=\"text-align: justify;\">Den Schult\u00fctenrohling kann man nun in die H\u00fclle schieben, diese mit Inhalt bef\u00fcllen und zum Schluss mit etwas Kordel verschlie\u00dfen. Fertig ist das Einschulungsgeschenk!<\/p>\n<p style=\"text-align: center;\"><a href=\"https:\/\/www.sabine-seyffert.de\/blog\/wp-content\/uploads\/2018\/07\/Gen\u00e4hte-Schult\u00fcte-Boot-7.jpg\"><img loading=\"lazy\" decoding=\"async\" class=\"alignnone size-full wp-image-13045\" src=\"https:\/\/www.sabine-seyffert.de\/blog\/wp-content\/uploads\/2018\/07\/Gen\u00e4hte-Schult\u00fcte-Boot-7.jpg\" alt=\"\" width=\"800\" height=\"600\" srcset=\"https:\/\/www.sabine-seyffert.de\/blog\/wp-content\/uploads\/2018\/07\/Gen\u00e4hte-Schult\u00fcte-Boot-7.jpg 800w, https:\/\/www.sabine-seyffert.de\/blog\/wp-content\/uploads\/2018\/07\/Gen\u00e4hte-Schult\u00fcte-Boot-7-300x225.jpg 300w, https:\/\/www.sabine-seyffert.de\/blog\/wp-content\/uploads\/2018\/07\/Gen\u00e4hte-Schult\u00fcte-Boot-7-768x576.jpg 768w\" sizes=\"auto, (max-width: 800px) 100vw, 800px\" \/><\/a><\/p>\n<p style=\"text-align: justify;\">Eine coole Schult\u00fcte f\u00fcr Rennfahrer samt Bastelanleitung findet ihr \u00fcbrigens <a href=\"https:\/\/www.sabine-seyffert.de\/blog\/?p=8059\" target=\"_blank\" rel=\"noopener\">hier<\/a>, eine gro\u00dfe, personalisierte Schult\u00fcte <a href=\"https:\/\/www.sabine-seyffert.de\/blog\/?p=2570\" target=\"_blank\" rel=\"noopener\">dort<\/a>, zahlreiche Ideen zum Thema Einschulungsfeier in <a href=\"https:\/\/www.sabine-seyffert.de\/blog\/?cat=40\" target=\"_blank\" rel=\"noopener\">dieser Rubrik<\/a> und andere kreative Sachen <a href=\"http:\/\/www.lunaju.de\/2018\/07\/kiddikram-juli-2018.html\" target=\"_blank\" rel=\"noopener nofollow\">da<\/a> und <a href=\"https:\/\/www.creadienstag.de\/2018\/07\/linkparty-340.html\" target=\"_blank\" rel=\"noopener nofollow\">dort<\/a>.<\/p>\n<p style=\"text-align: center;\"><a href=\"https:\/\/www.sabine-seyffert.de\/blog\/wp-content\/uploads\/2018\/07\/Gen\u00e4hte-Schult\u00fcte-Boot-10.jpg\"><img loading=\"lazy\" decoding=\"async\" class=\"alignnone size-full wp-image-13046\" src=\"https:\/\/www.sabine-seyffert.de\/blog\/wp-content\/uploads\/2018\/07\/Gen\u00e4hte-Schult\u00fcte-Boot-10.jpg\" alt=\"\" width=\"600\" height=\"800\" srcset=\"https:\/\/www.sabine-seyffert.de\/blog\/wp-content\/uploads\/2018\/07\/Gen\u00e4hte-Schult\u00fcte-Boot-10.jpg 600w, https:\/\/www.sabine-seyffert.de\/blog\/wp-content\/uploads\/2018\/07\/Gen\u00e4hte-Schult\u00fcte-Boot-10-225x300.jpg 225w\" sizes=\"auto, (max-width: 600px) 100vw, 600px\" \/><\/a><\/p>\n<p style=\"text-align: justify;\"><a href=\"https:\/\/www.sabine-seyffert.de\/blog\/?page_id=32#urheberrecht\">urheberrechtlich gesch\u00fctzt<\/a>, \u00a9 Sabine Seyffert<\/p>\n","protected":false},"excerpt":{"rendered":"<p>Es dauert gar nicht mehr lange bis f\u00fcr die Vorschulkinder nun endlich die Schulzeit startet. Der allererste Schultag ist etwas ganz besonderes. Und genau f\u00fcr diesen Anlass brauchte ich ein passendes Geschenk. Was w\u00fcrde sich da besser eignen als eine selbst gebastelte Zuckert\u00fcte, die sich mit ein paar \u00dcberraschungen und s\u00fc\u00dfen Leckereien f\u00fcllen l\u00e4sst? Das&#8230; <a href=\"https:\/\/www.sabine-seyffert.de\/blog\/diy-geschenkidee-zum-schulstart-selbst-genaehte-schultuete-zur-einschulung-mit-naehanleitung-ahoi\/\" class=\"more-link\">Read more: DIY &#038; Geschenkidee zum Schulstart: Selbst gen\u00e4hte Schult\u00fcte zur Einschulung mit N\u00e4hanleitung \u2013 Ahoi!<\/a><\/p>\n","protected":false},"author":2,"featured_media":0,"comment_status":"open","ping_status":"open","sticky":false,"template":"","format":"standard","meta":{"_metis_text_type":"","_metis_text_length":2552,"_post_count":0,"footnotes":""},"categories":[36,33,40,24,47],"tags":[],"class_list":["post-13035","post","type-post","status-publish","format-standard","hentry","category-klitzekleine-geschenkideen","category-kreative-naherein","category-schulstart","category-sommer","category-upcyceltes"],"_links":{"self":[{"href":"https:\/\/www.sabine-seyffert.de\/blog\/wp-json\/wp\/v2\/posts\/13035","targetHints":{"allow":["GET"]}}],"collection":[{"href":"https:\/\/www.sabine-seyffert.de\/blog\/wp-json\/wp\/v2\/posts"}],"about":[{"href":"https:\/\/www.sabine-seyffert.de\/blog\/wp-json\/wp\/v2\/types\/post"}],"author":[{"embeddable":true,"href":"https:\/\/www.sabine-seyffert.de\/blog\/wp-json\/wp\/v2\/users\/2"}],"replies":[{"embeddable":true,"href":"https:\/\/www.sabine-seyffert.de\/blog\/wp-json\/wp\/v2\/comments?post=13035"}],"version-history":[{"count":1,"href":"https:\/\/www.sabine-seyffert.de\/blog\/wp-json\/wp\/v2\/posts\/13035\/revisions"}],"predecessor-version":[{"id":13047,"href":"https:\/\/www.sabine-seyffert.de\/blog\/wp-json\/wp\/v2\/posts\/13035\/revisions\/13047"}],"wp:attachment":[{"href":"https:\/\/www.sabine-seyffert.de\/blog\/wp-json\/wp\/v2\/media?parent=13035"}],"wp:term":[{"taxonomy":"category","embeddable":true,"href":"https:\/\/www.sabine-seyffert.de\/blog\/wp-json\/wp\/v2\/categories?post=13035"},{"taxonomy":"post_tag","embeddable":true,"href":"https:\/\/www.sabine-seyffert.de\/blog\/wp-json\/wp\/v2\/tags?post=13035"}],"curies":[{"name":"wp","href":"https:\/\/api.w.org\/{rel}","templated":true}]}}