{"id":13023,"date":"2018-07-15T11:45:50","date_gmt":"2018-07-15T09:45:50","guid":{"rendered":"https:\/\/www.sabine-seyffert.de\/blog\/?p=13023"},"modified":"2018-07-15T11:45:50","modified_gmt":"2018-07-15T09:45:50","slug":"rezept-idee-fuer-selbst-gemachten-nudelsalat-pasta-mit-broccoli-limette-und-pistazien-pesto","status":"publish","type":"post","link":"https:\/\/www.sabine-seyffert.de\/blog\/rezept-idee-fuer-selbst-gemachten-nudelsalat-pasta-mit-broccoli-limette-und-pistazien-pesto\/","title":{"rendered":"Rezept Idee f\u00fcr selbst gemachten Nudelsalat: Pasta mit Broccoli, Limette und Pistazien Pesto"},"content":{"rendered":"<p style=\"text-align: justify;\"><img loading=\"lazy\" decoding=\"async\" src=\"https:\/\/vg01.met.vgwort.de\/na\/9dd39ea8fb3d4a6d8a2f3d9cc04ee24a\" alt=\"\" width=\"1\" height=\"1\" \/>Heute habe ich mal wieder eine ganz leckere Nudelsalat Variante f\u00fcr euch. Diesen Salat habe ich bereits mehrfach zubereitet, weil er mal etwas anderes ist. Wer nicht so gerne kalt oder Salat ist, kann diese Mahlzeit nat\u00fcrlich auch als warmes Mittagessen kochen und dann direkt verzehren. In dem Fall kann die Menge Pesto auch gern etwas gr\u00f6\u00dfer ausfallen.<\/p>\n<p style=\"text-align: center;\"><a href=\"https:\/\/www.sabine-seyffert.de\/blog\/wp-content\/uploads\/2018\/07\/Broccoli-Pesto-5.jpg\"><img loading=\"lazy\" decoding=\"async\" class=\"alignnone size-full wp-image-13024\" src=\"https:\/\/www.sabine-seyffert.de\/blog\/wp-content\/uploads\/2018\/07\/Broccoli-Pesto-5.jpg\" alt=\"\" width=\"800\" height=\"600\" srcset=\"https:\/\/www.sabine-seyffert.de\/blog\/wp-content\/uploads\/2018\/07\/Broccoli-Pesto-5.jpg 800w, https:\/\/www.sabine-seyffert.de\/blog\/wp-content\/uploads\/2018\/07\/Broccoli-Pesto-5-300x225.jpg 300w, https:\/\/www.sabine-seyffert.de\/blog\/wp-content\/uploads\/2018\/07\/Broccoli-Pesto-5-768x576.jpg 768w\" sizes=\"auto, (max-width: 800px) 100vw, 800px\" \/><\/a><\/p>\n<p style=\"text-align: justify;\"><strong>Das wird gebraucht:<\/strong><br \/>\n500 g frischen Broccoli, 450 g Pasta, 200-300 g Erbsen (tiefgek\u00fchlt), 1 Teel\u00f6ffel frisch gepresster Limettensaft, 1 Essl\u00f6ffel Sojaso\u00dfe, Salz, Pfeffer, eine handvoll gesalzene Pistazien, 1 Bund Fr\u00fchlingszwiebeln, 2 Knoblauchzehen, 1 Zwiebel, 2-3 rote Spitzpaprika, 4-6 Salatl\u00f6ffel Sonnenblumen\u00f6l<\/p>\n<p style=\"text-align: center;\"><a href=\"https:\/\/www.sabine-seyffert.de\/blog\/wp-content\/uploads\/2018\/07\/Broccoli-Pesto-9.jpg\"><img loading=\"lazy\" decoding=\"async\" class=\"alignnone size-full wp-image-13025\" src=\"https:\/\/www.sabine-seyffert.de\/blog\/wp-content\/uploads\/2018\/07\/Broccoli-Pesto-9.jpg\" alt=\"\" width=\"600\" height=\"800\" srcset=\"https:\/\/www.sabine-seyffert.de\/blog\/wp-content\/uploads\/2018\/07\/Broccoli-Pesto-9.jpg 600w, https:\/\/www.sabine-seyffert.de\/blog\/wp-content\/uploads\/2018\/07\/Broccoli-Pesto-9-225x300.jpg 225w\" sizes=\"auto, (max-width: 600px) 100vw, 600px\" \/><\/a><\/p>\n<p style=\"text-align: justify;\"><strong>So wird\u2019s gemacht:<\/strong><br \/>\nAls erstes habe ich in einem gro\u00dfen Topf reichlich Wasser erhitzt und den Broccoli im Ganzen darin bissfest gegart. Diese kann man mit der Sch\u00f6pfkelle herausfischen und in dem noch hei\u00dfen Wasser die ben\u00f6tigte Menge Nudeln kochen.<\/p>\n<p style=\"text-align: center;\"><a href=\"https:\/\/www.sabine-seyffert.de\/blog\/wp-content\/uploads\/2018\/07\/Broccoli-Pesto.jpg\"><img loading=\"lazy\" decoding=\"async\" class=\"alignnone size-full wp-image-13026\" src=\"https:\/\/www.sabine-seyffert.de\/blog\/wp-content\/uploads\/2018\/07\/Broccoli-Pesto.jpg\" alt=\"\" width=\"600\" height=\"800\" srcset=\"https:\/\/www.sabine-seyffert.de\/blog\/wp-content\/uploads\/2018\/07\/Broccoli-Pesto.jpg 600w, https:\/\/www.sabine-seyffert.de\/blog\/wp-content\/uploads\/2018\/07\/Broccoli-Pesto-225x300.jpg 225w\" sizes=\"auto, (max-width: 600px) 100vw, 600px\" \/><\/a><\/p>\n<p style=\"text-align: justify;\">In einem kleinen Topf erhitzt man die tiefgefrorenen Erbsen und kocht diese mit etwas Wasser aus, bis diese gar sind.<\/p>\n<p style=\"text-align: center;\"><a href=\"https:\/\/www.sabine-seyffert.de\/blog\/wp-content\/uploads\/2018\/07\/Broccoli-Pesto-6.jpg\"><img loading=\"lazy\" decoding=\"async\" class=\"alignnone size-full wp-image-13027\" src=\"https:\/\/www.sabine-seyffert.de\/blog\/wp-content\/uploads\/2018\/07\/Broccoli-Pesto-6.jpg\" alt=\"\" width=\"800\" height=\"600\" srcset=\"https:\/\/www.sabine-seyffert.de\/blog\/wp-content\/uploads\/2018\/07\/Broccoli-Pesto-6.jpg 800w, https:\/\/www.sabine-seyffert.de\/blog\/wp-content\/uploads\/2018\/07\/Broccoli-Pesto-6-300x225.jpg 300w, https:\/\/www.sabine-seyffert.de\/blog\/wp-content\/uploads\/2018\/07\/Broccoli-Pesto-6-768x576.jpg 768w\" sizes=\"auto, (max-width: 800px) 100vw, 800px\" \/><\/a><\/p>\n<p style=\"text-align: justify;\">Die Zwiebeln \/ Fr\u00fchlingszwiebeln sch\u00e4lt man und w\u00fcrfelt diese bzw. schneidet diese in d\u00fcnne Ringe. Beides gibt man in eine gro\u00dfe Salatsch\u00fcssel. Ebenso wie die Paprika, die man w\u00e4scht, mittig teilt, aus dem Innern Stiel und Kerne schneidet und diese fein w\u00fcrfelt.<\/p>\n<p style=\"text-align: center;\"><a href=\"https:\/\/www.sabine-seyffert.de\/blog\/wp-content\/uploads\/2018\/07\/Broccoli-Pesto-4.jpg\"><img loading=\"lazy\" decoding=\"async\" class=\"alignnone size-full wp-image-13028\" src=\"https:\/\/www.sabine-seyffert.de\/blog\/wp-content\/uploads\/2018\/07\/Broccoli-Pesto-4.jpg\" alt=\"\" width=\"800\" height=\"600\" srcset=\"https:\/\/www.sabine-seyffert.de\/blog\/wp-content\/uploads\/2018\/07\/Broccoli-Pesto-4.jpg 800w, https:\/\/www.sabine-seyffert.de\/blog\/wp-content\/uploads\/2018\/07\/Broccoli-Pesto-4-300x225.jpg 300w, https:\/\/www.sabine-seyffert.de\/blog\/wp-content\/uploads\/2018\/07\/Broccoli-Pesto-4-768x576.jpg 768w\" sizes=\"auto, (max-width: 800px) 100vw, 800px\" \/><\/a><\/p>\n<p style=\"text-align: justify;\">Vom ausgek\u00fchlten Broccoli gibt man etwa 1\/3 in einen P\u00fcrierbecher und den Rest teilt man in kleine R\u00f6schen, die man zu den Zwiebeln in die Salatsch\u00fcssel f\u00fcllt.<\/p>\n<p style=\"text-align: center;\"><a href=\"https:\/\/www.sabine-seyffert.de\/blog\/wp-content\/uploads\/2018\/07\/Broccoli-Pesto-3.jpg\"><img loading=\"lazy\" decoding=\"async\" class=\"alignnone size-full wp-image-13029\" src=\"https:\/\/www.sabine-seyffert.de\/blog\/wp-content\/uploads\/2018\/07\/Broccoli-Pesto-3.jpg\" alt=\"\" width=\"800\" height=\"600\" srcset=\"https:\/\/www.sabine-seyffert.de\/blog\/wp-content\/uploads\/2018\/07\/Broccoli-Pesto-3.jpg 800w, https:\/\/www.sabine-seyffert.de\/blog\/wp-content\/uploads\/2018\/07\/Broccoli-Pesto-3-300x225.jpg 300w, https:\/\/www.sabine-seyffert.de\/blog\/wp-content\/uploads\/2018\/07\/Broccoli-Pesto-3-768x576.jpg 768w\" sizes=\"auto, (max-width: 800px) 100vw, 800px\" \/><\/a><\/p>\n<p style=\"text-align: justify;\">Mit in den P\u00fcrierbecher kommt der gesch\u00e4lte Knoblauch, eine handvoll gesalzener Pistazienkerne (ohne Schale!), etwas \u00d6l, Sojasahne, Salz und Pfeffer. Den Broccoli p\u00fcriert man anschlie\u00dfend gr\u00fcndlich durch. Dabei kann man nach und nach das \u00d6l hinzugeben, bis das Pesto die gew\u00fcnschte Konsistenz hat. Die genaue Menge an \u00d6l kann daher etwas variieren.<\/p>\n<p style=\"text-align: center;\"><a href=\"https:\/\/www.sabine-seyffert.de\/blog\/wp-content\/uploads\/2018\/07\/Broccoli-Pesto-2.jpg\"><img loading=\"lazy\" decoding=\"async\" class=\"alignnone size-full wp-image-13030\" src=\"https:\/\/www.sabine-seyffert.de\/blog\/wp-content\/uploads\/2018\/07\/Broccoli-Pesto-2.jpg\" alt=\"\" width=\"800\" height=\"600\" srcset=\"https:\/\/www.sabine-seyffert.de\/blog\/wp-content\/uploads\/2018\/07\/Broccoli-Pesto-2.jpg 800w, https:\/\/www.sabine-seyffert.de\/blog\/wp-content\/uploads\/2018\/07\/Broccoli-Pesto-2-300x225.jpg 300w, https:\/\/www.sabine-seyffert.de\/blog\/wp-content\/uploads\/2018\/07\/Broccoli-Pesto-2-768x576.jpg 768w\" sizes=\"auto, (max-width: 800px) 100vw, 800px\" \/><\/a><\/p>\n<p style=\"text-align: justify;\">Nun gibt man auch die ausgek\u00fchlten Erbsen sowie die gegarten Nudeln zum Salat, gibt das Pesto dar\u00fcber und vermengt alles. Dann schmeckt ihr den Salat noch mal ab.<\/p>\n<p style=\"text-align: center;\"><a href=\"https:\/\/www.sabine-seyffert.de\/blog\/wp-content\/uploads\/2018\/07\/Broccoli-Pesto-1.jpg\"><img loading=\"lazy\" decoding=\"async\" class=\"alignnone size-full wp-image-13031\" src=\"https:\/\/www.sabine-seyffert.de\/blog\/wp-content\/uploads\/2018\/07\/Broccoli-Pesto-1.jpg\" alt=\"\" width=\"800\" height=\"600\" srcset=\"https:\/\/www.sabine-seyffert.de\/blog\/wp-content\/uploads\/2018\/07\/Broccoli-Pesto-1.jpg 800w, https:\/\/www.sabine-seyffert.de\/blog\/wp-content\/uploads\/2018\/07\/Broccoli-Pesto-1-300x225.jpg 300w, https:\/\/www.sabine-seyffert.de\/blog\/wp-content\/uploads\/2018\/07\/Broccoli-Pesto-1-768x576.jpg 768w\" sizes=\"auto, (max-width: 800px) 100vw, 800px\" \/><\/a><\/p>\n<p style=\"text-align: justify;\">Da ich noch ein paar Pistazien \u00fcbrig hatte, habe ich noch eine handvoll davon grob gehackt und untergemischt.<\/p>\n<p style=\"text-align: center;\"><a href=\"https:\/\/www.sabine-seyffert.de\/blog\/wp-content\/uploads\/2018\/07\/Broccoli-Pesto-8.jpg\"><img loading=\"lazy\" decoding=\"async\" class=\"alignnone size-full wp-image-13032\" src=\"https:\/\/www.sabine-seyffert.de\/blog\/wp-content\/uploads\/2018\/07\/Broccoli-Pesto-8.jpg\" alt=\"\" width=\"600\" height=\"800\" srcset=\"https:\/\/www.sabine-seyffert.de\/blog\/wp-content\/uploads\/2018\/07\/Broccoli-Pesto-8.jpg 600w, https:\/\/www.sabine-seyffert.de\/blog\/wp-content\/uploads\/2018\/07\/Broccoli-Pesto-8-225x300.jpg 225w\" sizes=\"auto, (max-width: 600px) 100vw, 600px\" \/><\/a><\/p>\n<p style=\"text-align: justify;\">Weitere herzhafte und vegetarische Rezepte findet ihr in <a href=\"https:\/\/www.sabine-seyffert.de\/blog\/?cat=30\" target=\"_blank\" rel=\"noopener\">dieser Rubrik<\/a>, vegane Rezeptidee <a href=\"https:\/\/www.sabine-seyffert.de\/blog\/?cat=44\" target=\"_blank\" rel=\"noopener\">hier<\/a> und s\u00fc\u00dfe Rezepte <a href=\"https:\/\/www.sabine-seyffert.de\/blog\/?cat=31\" target=\"_blank\" rel=\"noopener\">dort<\/a>.<\/p>\n<p style=\"text-align: justify;\"><a href=\"https:\/\/www.sabine-seyffert.de\/blog\/?page_id=32#urheberrecht\">urheberrechtlich gesch\u00fctzt<\/a>, \u00a9 Sabine Seyffert<\/p>\n","protected":false},"excerpt":{"rendered":"<p>Heute habe ich mal wieder eine ganz leckere Nudelsalat Variante f\u00fcr euch. Diesen Salat habe ich bereits mehrfach zubereitet, weil er mal etwas anderes ist. Wer nicht so gerne kalt oder Salat ist, kann diese Mahlzeit nat\u00fcrlich auch als warmes Mittagessen kochen und dann direkt verzehren. In dem Fall kann die Menge Pesto auch gern&#8230; <a href=\"https:\/\/www.sabine-seyffert.de\/blog\/rezept-idee-fuer-selbst-gemachten-nudelsalat-pasta-mit-broccoli-limette-und-pistazien-pesto\/\" class=\"more-link\">Read more: Rezept Idee f\u00fcr selbst gemachten Nudelsalat: Pasta mit Broccoli, Limette und Pistazien Pesto<\/a><\/p>\n","protected":false},"author":2,"featured_media":0,"comment_status":"open","ping_status":"open","sticky":false,"template":"","format":"standard","meta":{"_metis_text_type":"","_metis_text_length":2245,"_post_count":0,"footnotes":""},"categories":[44,24],"tags":[],"class_list":["post-13023","post","type-post","status-publish","format-standard","hentry","category-rezepte-vegan","category-sommer"],"_links":{"self":[{"href":"https:\/\/www.sabine-seyffert.de\/blog\/wp-json\/wp\/v2\/posts\/13023","targetHints":{"allow":["GET"]}}],"collection":[{"href":"https:\/\/www.sabine-seyffert.de\/blog\/wp-json\/wp\/v2\/posts"}],"about":[{"href":"https:\/\/www.sabine-seyffert.de\/blog\/wp-json\/wp\/v2\/types\/post"}],"author":[{"embeddable":true,"href":"https:\/\/www.sabine-seyffert.de\/blog\/wp-json\/wp\/v2\/users\/2"}],"replies":[{"embeddable":true,"href":"https:\/\/www.sabine-seyffert.de\/blog\/wp-json\/wp\/v2\/comments?post=13023"}],"version-history":[{"count":2,"href":"https:\/\/www.sabine-seyffert.de\/blog\/wp-json\/wp\/v2\/posts\/13023\/revisions"}],"predecessor-version":[{"id":13034,"href":"https:\/\/www.sabine-seyffert.de\/blog\/wp-json\/wp\/v2\/posts\/13023\/revisions\/13034"}],"wp:attachment":[{"href":"https:\/\/www.sabine-seyffert.de\/blog\/wp-json\/wp\/v2\/media?parent=13023"}],"wp:term":[{"taxonomy":"category","embeddable":true,"href":"https:\/\/www.sabine-seyffert.de\/blog\/wp-json\/wp\/v2\/categories?post=13023"},{"taxonomy":"post_tag","embeddable":true,"href":"https:\/\/www.sabine-seyffert.de\/blog\/wp-json\/wp\/v2\/tags?post=13023"}],"curies":[{"name":"wp","href":"https:\/\/api.w.org\/{rel}","templated":true}]}}